{"id":131643,"date":"2026-04-26T09:20:54","date_gmt":"2026-04-26T08:20:54","guid":{"rendered":"https:\/\/www.altominho.tv\/site\/?p=131643"},"modified":"2026-04-26T09:21:42","modified_gmt":"2026-04-26T08:21:42","slug":"celio-pinto-conquista-premio-do-publico-nos-ipma-2026","status":"publish","type":"post","link":"https:\/\/www.altominho.tv\/site\/2026\/04\/26\/celio-pinto-conquista-premio-do-publico-nos-ipma-2026\/","title":{"rendered":"C\u00e9lio Pinto conquista pr\u00e9mio do p\u00fablico nos IPMA 2026"},"content":{"rendered":"<p data-start=\"99\" data-end=\"424\">O artista courense <span class=\"hover:entity-accent entity-underline inline cursor-pointer align-baseline\"><span class=\"whitespace-normal\">C\u00e9lio Pinto<\/span><\/span> venceu o <em data-start=\"165\" data-end=\"188\">People\u2019s Choice Award<\/em> na edi\u00e7\u00e3o de 2026 dos <span class=\"hover:entity-accent entity-underline inline cursor-pointer align-baseline\"><span class=\"whitespace-normal\">International Portuguese Music Awards<\/span><\/span>, que decorreram ontem\u00a0 em Providence, nos Estados Unidos da Am\u00e9rica. A distin\u00e7\u00e3o, atribu\u00edda por vota\u00e7\u00e3o do p\u00fablico, destaca o reconhecimento direto dos f\u00e3s ao trabalho do jovem m\u00fasico.<\/p>\n<p data-start=\"426\" data-end=\"978\">Visivelmente emocionado, C\u00e9lio Pinto recorreu \u00e0s redes sociais para agradecer o apoio recebido, sublinhando a import\u00e2ncia do envolvimento do p\u00fablico ao longo do seu percurso. \u201cReceber este trof\u00e9u de <em data-start=\"625\" data-end=\"642\">People\u2019s Choice<\/em> \u00e9 algo muito especial para mim, porque vem de voc\u00eas, do vosso apoio, do vosso carinho e da vossa confian\u00e7a\u201d, afirmou. O artista fez ainda quest\u00e3o de estender o agradecimento \u00e0 fam\u00edlia e \u00e0 equipa criativa que o acompanha, destacando o produtor <span class=\"hover:entity-accent entity-underline inline cursor-pointer align-baseline\"><span class=\"whitespace-normal\">Koopper<\/span><\/span>\u00a0e a realizadora <span class=\"hover:entity-accent entity-underline inline cursor-pointer align-baseline\"><span class=\"whitespace-normal\">Sara Fontoura, de Ponte de Lima.<\/span><\/span><\/p>\n<p data-start=\"980\" data-end=\"1397\">A m\u00fasica \u201cLibert\u00e9\u201d, tema instrumental de sua autoria, esteve nomeada na respetiva categoria. O projeto resulta de uma colabora\u00e7\u00e3o entre composi\u00e7\u00e3o, produ\u00e7\u00e3o musical e componente visual, com produ\u00e7\u00e3o de Koopper e realiza\u00e7\u00e3o de v\u00eddeo assinada por Sara Fontoura, da <span class=\"hover:entity-accent entity-underline inline cursor-pointer align-baseline\"><span class=\"whitespace-normal\">Last Mill<\/span><\/span>. Esta abordagem multidisciplinar contribuiu para refor\u00e7ar a identidade art\u00edstica do trabalho apresentado a concurso.<\/p>\n<p data-start=\"1399\" data-end=\"1739\">Criados em 2013, os International Portuguese Music Awards distinguem anualmente artistas de ascend\u00eancia portuguesa em todo o mundo, abrangendo diversas categorias musicais. Os nomeados s\u00e3o avaliados por um painel de especialistas da ind\u00fastria, sendo o <em data-start=\"1651\" data-end=\"1674\">People\u2019s Choice Award<\/em> uma das poucas distin\u00e7\u00f5es decididas exclusivamente pelo p\u00fablico.<\/p>\n<p data-start=\"1741\" data-end=\"1908\" data-is-last-node=\"\" data-is-only-node=\"\">A conquista de C\u00e9lio Pinto representa n\u00e3o s\u00f3 um marco na sua carreira, como tamb\u00e9m projeta o concelho de Paredes de Coura no panorama internacional da m\u00fasica lus\u00f3fona.<\/p>\n<p data-start=\"1741\" data-end=\"1908\" data-is-last-node=\"\" data-is-only-node=\"\">Foto: IPMA<\/p>\n","protected":false},"excerpt":{"rendered":"<p>O artista courense C\u00e9lio Pinto venceu o People\u2019s Choice Award na edi\u00e7\u00e3o de 2026 dos International Portuguese Music Awards, que decorreram ontem\u00a0 em Providence, nos Estados Unidos da Am\u00e9rica. A distin\u00e7\u00e3o, atribu\u00edda por vota\u00e7\u00e3o do p\u00fablico, destaca o reconhecimento direto dos f\u00e3s ao trabalho do jovem m\u00fasico. Visivelmente emocionado, C\u00e9lio Pinto recorreu \u00e0s redes sociais [&hellip;]<\/p>\n","protected":false},"author":24,"featured_media":131645,"comment_status":"closed","ping_status":"closed","sticky":false,"template":"","format":"standard","meta":{"_exactmetrics_skip_tracking":false,"_exactmetrics_sitenote_active":false,"_exactmetrics_sitenote_note":"","_exactmetrics_sitenote_category":0,"footnotes":""},"categories":[10],"tags":[23],"class_list":["post-131643","post","type-post","status-publish","format-standard","has-post-thumbnail","hentry","category-paredes-de-coura","tag-gente"],"yoast_head":"<!-- This site is optimized with the Yoast SEO Premium plugin v27.4 (Yoast SEO v27.4) - https:\/\/yoast.com\/product\/yoast-seo-premium-wordpress\/ -->\n<title>C\u00e9lio Pinto conquista pr\u00e9mio do p\u00fablico nos IPMA 2026<\/title>\n<meta name=\"description\" content=\"O artista courense C\u00e9lio Pinto venceu o People\u2019s Choice Award na edi\u00e7\u00e3o de 2026 dos International Portuguese Music Awards, que decorreram em Providence, nos Estados Unidos da Am\u00e9rica. A distin\u00e7\u00e3o, atribu\u00edda por vota\u00e7\u00e3o do p\u00fablico, destaca o reconhecimento direto dos f\u00e3s ao trabalho do jovem m\u00fasico.\" \/>\n<meta name=\"robots\" content=\"index, follow, max-snippet:-1, max-image-preview:large, max-video-preview:-1\" \/>\n<link rel=\"canonical\" href=\"https:\/\/www.altominho.tv\/site\/2026\/04\/26\/celio-pinto-conquista-premio-do-publico-nos-ipma-2026\/\" \/>\n<meta property=\"og:locale\" content=\"pt_PT\" \/>\n<meta property=\"og:type\" content=\"article\" \/>\n<meta property=\"og:title\" content=\"C\u00e9lio Pinto conquista pr\u00e9mio do p\u00fablico nos IPMA 2026\" \/>\n<meta property=\"og:description\" content=\"O artista courense C\u00e9lio Pinto venceu o People\u2019s Choice Award na edi\u00e7\u00e3o de 2026 dos International Portuguese Music Awards, que decorreram em Providence, nos Estados Unidos da Am\u00e9rica. A distin\u00e7\u00e3o, atribu\u00edda por vota\u00e7\u00e3o do p\u00fablico, destaca o reconhecimento direto dos f\u00e3s ao trabalho do jovem m\u00fasico.\" \/>\n<meta property=\"og:url\" content=\"https:\/\/www.altominho.tv\/site\/2026\/04\/26\/celio-pinto-conquista-premio-do-publico-nos-ipma-2026\/\" \/>\n<meta property=\"og:site_name\" content=\"Altominho.tv\" \/>\n<meta property=\"article:publisher\" content=\"https:\/\/www.facebook.com\/altominhotv\" \/>\n<meta property=\"article:published_time\" content=\"2026-04-26T08:20:54+00:00\" \/>\n<meta property=\"article:modified_time\" content=\"2026-04-26T08:21:42+00:00\" \/>\n<meta property=\"og:image\" content=\"https:\/\/www.altominho.tv\/site\/wp-content\/uploads\/2026\/04\/celio.png\" \/>\n\t<meta property=\"og:image:width\" content=\"1200\" \/>\n\t<meta property=\"og:image:height\" content=\"630\" \/>\n\t<meta property=\"og:image:type\" content=\"image\/png\" \/>\n<meta name=\"author\" content=\"Cesar Lopes\" \/>\n<meta name=\"twitter:card\" content=\"summary_large_image\" \/>\n<meta name=\"twitter:creator\" content=\"@altominhoTV\" \/>\n<meta name=\"twitter:site\" content=\"@altominhoTV\" \/>\n<meta name=\"twitter:label1\" content=\"Escrito por\" \/>\n\t<meta name=\"twitter:data1\" content=\"Cesar Lopes\" \/>\n\t<meta name=\"twitter:label2\" content=\"Tempo estimado de leitura\" \/>\n\t<meta name=\"twitter:data2\" content=\"2 minutos\" \/>\n<script type=\"application\/ld+json\" class=\"yoast-schema-graph\">{\"@context\":\"https:\\\/\\\/schema.org\",\"@graph\":[{\"@type\":\"Article\",\"@id\":\"https:\\\/\\\/www.altominho.tv\\\/site\\\/2026\\\/04\\\/26\\\/celio-pinto-conquista-premio-do-publico-nos-ipma-2026\\\/#article\",\"isPartOf\":{\"@id\":\"https:\\\/\\\/www.altominho.tv\\\/site\\\/2026\\\/04\\\/26\\\/celio-pinto-conquista-premio-do-publico-nos-ipma-2026\\\/\"},\"author\":{\"name\":\"Cesar Lopes\",\"@id\":\"https:\\\/\\\/www.altominho.tv\\\/site\\\/#\\\/schema\\\/person\\\/c5570e5afb933b8d08c43373326ef1b1\"},\"headline\":\"C\u00e9lio Pinto conquista pr\u00e9mio do p\u00fablico nos IPMA 2026\",\"datePublished\":\"2026-04-26T08:20:54+00:00\",\"dateModified\":\"2026-04-26T08:21:42+00:00\",\"mainEntityOfPage\":{\"@id\":\"https:\\\/\\\/www.altominho.tv\\\/site\\\/2026\\\/04\\\/26\\\/celio-pinto-conquista-premio-do-publico-nos-ipma-2026\\\/\"},\"wordCount\":306,\"image\":{\"@id\":\"https:\\\/\\\/www.altominho.tv\\\/site\\\/2026\\\/04\\\/26\\\/celio-pinto-conquista-premio-do-publico-nos-ipma-2026\\\/#primaryimage\"},\"thumbnailUrl\":\"https:\\\/\\\/www.altominho.tv\\\/site\\\/wp-content\\\/uploads\\\/2026\\\/04\\\/celio.png\",\"keywords\":[\"Gente\"],\"articleSection\":[\"Paredes de Coura\"],\"inLanguage\":\"pt-PT\",\"copyrightYear\":\"2026\",\"copyrightHolder\":{\"@id\":\"https:\\\/\\\/www.altominho.tv\\\/site\\\/#organization\"}},{\"@type\":\"WebPage\",\"@id\":\"https:\\\/\\\/www.altominho.tv\\\/site\\\/2026\\\/04\\\/26\\\/celio-pinto-conquista-premio-do-publico-nos-ipma-2026\\\/\",\"url\":\"https:\\\/\\\/www.altominho.tv\\\/site\\\/2026\\\/04\\\/26\\\/celio-pinto-conquista-premio-do-publico-nos-ipma-2026\\\/\",\"name\":\"C\u00e9lio Pinto conquista pr\u00e9mio do p\u00fablico nos IPMA 2026\",\"isPartOf\":{\"@id\":\"https:\\\/\\\/www.altominho.tv\\\/site\\\/#website\"},\"primaryImageOfPage\":{\"@id\":\"https:\\\/\\\/www.altominho.tv\\\/site\\\/2026\\\/04\\\/26\\\/celio-pinto-conquista-premio-do-publico-nos-ipma-2026\\\/#primaryimage\"},\"image\":{\"@id\":\"https:\\\/\\\/www.altominho.tv\\\/site\\\/2026\\\/04\\\/26\\\/celio-pinto-conquista-premio-do-publico-nos-ipma-2026\\\/#primaryimage\"},\"thumbnailUrl\":\"https:\\\/\\\/www.altominho.tv\\\/site\\\/wp-content\\\/uploads\\\/2026\\\/04\\\/celio.png\",\"datePublished\":\"2026-04-26T08:20:54+00:00\",\"dateModified\":\"2026-04-26T08:21:42+00:00\",\"author\":{\"@id\":\"https:\\\/\\\/www.altominho.tv\\\/site\\\/#\\\/schema\\\/person\\\/c5570e5afb933b8d08c43373326ef1b1\"},\"description\":\"O artista courense C\u00e9lio Pinto venceu o People\u2019s Choice Award na edi\u00e7\u00e3o de 2026 dos International Portuguese Music Awards, que decorreram em Providence, nos Estados Unidos da Am\u00e9rica. A distin\u00e7\u00e3o, atribu\u00edda por vota\u00e7\u00e3o do p\u00fablico, destaca o reconhecimento direto dos f\u00e3s ao trabalho do jovem m\u00fasico.\",\"breadcrumb\":{\"@id\":\"https:\\\/\\\/www.altominho.tv\\\/site\\\/2026\\\/04\\\/26\\\/celio-pinto-conquista-premio-do-publico-nos-ipma-2026\\\/#breadcrumb\"},\"inLanguage\":\"pt-PT\",\"potentialAction\":[{\"@type\":\"ReadAction\",\"target\":[\"https:\\\/\\\/www.altominho.tv\\\/site\\\/2026\\\/04\\\/26\\\/celio-pinto-conquista-premio-do-publico-nos-ipma-2026\\\/\"]}]},{\"@type\":\"ImageObject\",\"inLanguage\":\"pt-PT\",\"@id\":\"https:\\\/\\\/www.altominho.tv\\\/site\\\/2026\\\/04\\\/26\\\/celio-pinto-conquista-premio-do-publico-nos-ipma-2026\\\/#primaryimage\",\"url\":\"https:\\\/\\\/www.altominho.tv\\\/site\\\/wp-content\\\/uploads\\\/2026\\\/04\\\/celio.png\",\"contentUrl\":\"https:\\\/\\\/www.altominho.tv\\\/site\\\/wp-content\\\/uploads\\\/2026\\\/04\\\/celio.png\",\"width\":1200,\"height\":630},{\"@type\":\"BreadcrumbList\",\"@id\":\"https:\\\/\\\/www.altominho.tv\\\/site\\\/2026\\\/04\\\/26\\\/celio-pinto-conquista-premio-do-publico-nos-ipma-2026\\\/#breadcrumb\",\"itemListElement\":[{\"@type\":\"ListItem\",\"position\":1,\"name\":\"In\u00edcio\",\"item\":\"https:\\\/\\\/www.altominho.tv\\\/site\\\/\"},{\"@type\":\"ListItem\",\"position\":2,\"name\":\"C\u00e9lio Pinto conquista pr\u00e9mio do p\u00fablico nos IPMA 2026\"}]},{\"@type\":\"WebSite\",\"@id\":\"https:\\\/\\\/www.altominho.tv\\\/site\\\/#website\",\"url\":\"https:\\\/\\\/www.altominho.tv\\\/site\\\/\",\"name\":\"Altominho.tv\",\"description\":\"A sua regi\u00e3o \u00e0 dist\u00e2ncia de um clique...\",\"potentialAction\":[{\"@type\":\"SearchAction\",\"target\":{\"@type\":\"EntryPoint\",\"urlTemplate\":\"https:\\\/\\\/www.altominho.tv\\\/site\\\/?s={search_term_string}\"},\"query-input\":{\"@type\":\"PropertyValueSpecification\",\"valueRequired\":true,\"valueName\":\"search_term_string\"}}],\"inLanguage\":\"pt-PT\"},{\"@type\":\"Person\",\"@id\":\"https:\\\/\\\/www.altominho.tv\\\/site\\\/#\\\/schema\\\/person\\\/c5570e5afb933b8d08c43373326ef1b1\",\"name\":\"Cesar Lopes\",\"image\":{\"@type\":\"ImageObject\",\"inLanguage\":\"pt-PT\",\"@id\":\"https:\\\/\\\/www.altominho.tv\\\/site\\\/wp-content\\\/uploads\\\/2022\\\/10\\\/Sem-Titulo-150x150.jpg\",\"url\":\"https:\\\/\\\/www.altominho.tv\\\/site\\\/wp-content\\\/uploads\\\/2022\\\/10\\\/Sem-Titulo-150x150.jpg\",\"contentUrl\":\"https:\\\/\\\/www.altominho.tv\\\/site\\\/wp-content\\\/uploads\\\/2022\\\/10\\\/Sem-Titulo-150x150.jpg\",\"caption\":\"Cesar Lopes\"},\"url\":\"https:\\\/\\\/www.altominho.tv\\\/site\\\/author\\\/cesarlopes\\\/\"}]}<\/script>\n<!-- \/ Yoast SEO Premium plugin. -->","yoast_head_json":{"title":"C\u00e9lio Pinto conquista pr\u00e9mio do p\u00fablico nos IPMA 2026","description":"O artista courense C\u00e9lio Pinto venceu o People\u2019s Choice Award na edi\u00e7\u00e3o de 2026 dos International Portuguese Music Awards, que decorreram em Providence, nos Estados Unidos da Am\u00e9rica. A distin\u00e7\u00e3o, atribu\u00edda por vota\u00e7\u00e3o do p\u00fablico, destaca o reconhecimento direto dos f\u00e3s ao trabalho do jovem m\u00fasico.","robots":{"index":"index","follow":"follow","max-snippet":"max-snippet:-1","max-image-preview":"max-image-preview:large","max-video-preview":"max-video-preview:-1"},"canonical":"https:\/\/www.altominho.tv\/site\/2026\/04\/26\/celio-pinto-conquista-premio-do-publico-nos-ipma-2026\/","og_locale":"pt_PT","og_type":"article","og_title":"C\u00e9lio Pinto conquista pr\u00e9mio do p\u00fablico nos IPMA 2026","og_description":"O artista courense C\u00e9lio Pinto venceu o People\u2019s Choice Award na edi\u00e7\u00e3o de 2026 dos International Portuguese Music Awards, que decorreram em Providence, nos Estados Unidos da Am\u00e9rica. A distin\u00e7\u00e3o, atribu\u00edda por vota\u00e7\u00e3o do p\u00fablico, destaca o reconhecimento direto dos f\u00e3s ao trabalho do jovem m\u00fasico.","og_url":"https:\/\/www.altominho.tv\/site\/2026\/04\/26\/celio-pinto-conquista-premio-do-publico-nos-ipma-2026\/","og_site_name":"Altominho.tv","article_publisher":"https:\/\/www.facebook.com\/altominhotv","article_published_time":"2026-04-26T08:20:54+00:00","article_modified_time":"2026-04-26T08:21:42+00:00","og_image":[{"width":1200,"height":630,"url":"https:\/\/www.altominho.tv\/site\/wp-content\/uploads\/2026\/04\/celio.png","type":"image\/png"}],"author":"Cesar Lopes","twitter_card":"summary_large_image","twitter_creator":"@altominhoTV","twitter_site":"@altominhoTV","twitter_misc":{"Escrito por":"Cesar Lopes","Tempo estimado de leitura":"2 minutos"},"schema":{"@context":"https:\/\/schema.org","@graph":[{"@type":"Article","@id":"https:\/\/www.altominho.tv\/site\/2026\/04\/26\/celio-pinto-conquista-premio-do-publico-nos-ipma-2026\/#article","isPartOf":{"@id":"https:\/\/www.altominho.tv\/site\/2026\/04\/26\/celio-pinto-conquista-premio-do-publico-nos-ipma-2026\/"},"author":{"name":"Cesar Lopes","@id":"https:\/\/www.altominho.tv\/site\/#\/schema\/person\/c5570e5afb933b8d08c43373326ef1b1"},"headline":"C\u00e9lio Pinto conquista pr\u00e9mio do p\u00fablico nos IPMA 2026","datePublished":"2026-04-26T08:20:54+00:00","dateModified":"2026-04-26T08:21:42+00:00","mainEntityOfPage":{"@id":"https:\/\/www.altominho.tv\/site\/2026\/04\/26\/celio-pinto-conquista-premio-do-publico-nos-ipma-2026\/"},"wordCount":306,"image":{"@id":"https:\/\/www.altominho.tv\/site\/2026\/04\/26\/celio-pinto-conquista-premio-do-publico-nos-ipma-2026\/#primaryimage"},"thumbnailUrl":"https:\/\/www.altominho.tv\/site\/wp-content\/uploads\/2026\/04\/celio.png","keywords":["Gente"],"articleSection":["Paredes de Coura"],"inLanguage":"pt-PT","copyrightYear":"2026","copyrightHolder":{"@id":"https:\/\/www.altominho.tv\/site\/#organization"}},{"@type":"WebPage","@id":"https:\/\/www.altominho.tv\/site\/2026\/04\/26\/celio-pinto-conquista-premio-do-publico-nos-ipma-2026\/","url":"https:\/\/www.altominho.tv\/site\/2026\/04\/26\/celio-pinto-conquista-premio-do-publico-nos-ipma-2026\/","name":"C\u00e9lio Pinto conquista pr\u00e9mio do p\u00fablico nos IPMA 2026","isPartOf":{"@id":"https:\/\/www.altominho.tv\/site\/#website"},"primaryImageOfPage":{"@id":"https:\/\/www.altominho.tv\/site\/2026\/04\/26\/celio-pinto-conquista-premio-do-publico-nos-ipma-2026\/#primaryimage"},"image":{"@id":"https:\/\/www.altominho.tv\/site\/2026\/04\/26\/celio-pinto-conquista-premio-do-publico-nos-ipma-2026\/#primaryimage"},"thumbnailUrl":"https:\/\/www.altominho.tv\/site\/wp-content\/uploads\/2026\/04\/celio.png","datePublished":"2026-04-26T08:20:54+00:00","dateModified":"2026-04-26T08:21:42+00:00","author":{"@id":"https:\/\/www.altominho.tv\/site\/#\/schema\/person\/c5570e5afb933b8d08c43373326ef1b1"},"description":"O artista courense C\u00e9lio Pinto venceu o People\u2019s Choice Award na edi\u00e7\u00e3o de 2026 dos International Portuguese Music Awards, que decorreram em Providence, nos Estados Unidos da Am\u00e9rica. A distin\u00e7\u00e3o, atribu\u00edda por vota\u00e7\u00e3o do p\u00fablico, destaca o reconhecimento direto dos f\u00e3s ao trabalho do jovem m\u00fasico.","breadcrumb":{"@id":"https:\/\/www.altominho.tv\/site\/2026\/04\/26\/celio-pinto-conquista-premio-do-publico-nos-ipma-2026\/#breadcrumb"},"inLanguage":"pt-PT","potentialAction":[{"@type":"ReadAction","target":["https:\/\/www.altominho.tv\/site\/2026\/04\/26\/celio-pinto-conquista-premio-do-publico-nos-ipma-2026\/"]}]},{"@type":"ImageObject","inLanguage":"pt-PT","@id":"https:\/\/www.altominho.tv\/site\/2026\/04\/26\/celio-pinto-conquista-premio-do-publico-nos-ipma-2026\/#primaryimage","url":"https:\/\/www.altominho.tv\/site\/wp-content\/uploads\/2026\/04\/celio.png","contentUrl":"https:\/\/www.altominho.tv\/site\/wp-content\/uploads\/2026\/04\/celio.png","width":1200,"height":630},{"@type":"BreadcrumbList","@id":"https:\/\/www.altominho.tv\/site\/2026\/04\/26\/celio-pinto-conquista-premio-do-publico-nos-ipma-2026\/#breadcrumb","itemListElement":[{"@type":"ListItem","position":1,"name":"In\u00edcio","item":"https:\/\/www.altominho.tv\/site\/"},{"@type":"ListItem","position":2,"name":"C\u00e9lio Pinto conquista pr\u00e9mio do p\u00fablico nos IPMA 2026"}]},{"@type":"WebSite","@id":"https:\/\/www.altominho.tv\/site\/#website","url":"https:\/\/www.altominho.tv\/site\/","name":"Altominho.tv","description":"A sua regi\u00e3o \u00e0 dist\u00e2ncia de um clique...","potentialAction":[{"@type":"SearchAction","target":{"@type":"EntryPoint","urlTemplate":"https:\/\/www.altominho.tv\/site\/?s={search_term_string}"},"query-input":{"@type":"PropertyValueSpecification","valueRequired":true,"valueName":"search_term_string"}}],"inLanguage":"pt-PT"},{"@type":"Person","@id":"https:\/\/www.altominho.tv\/site\/#\/schema\/person\/c5570e5afb933b8d08c43373326ef1b1","name":"Cesar Lopes","image":{"@type":"ImageObject","inLanguage":"pt-PT","@id":"https:\/\/www.altominho.tv\/site\/wp-content\/uploads\/2022\/10\/Sem-Titulo-150x150.jpg","url":"https:\/\/www.altominho.tv\/site\/wp-content\/uploads\/2022\/10\/Sem-Titulo-150x150.jpg","contentUrl":"https:\/\/www.altominho.tv\/site\/wp-content\/uploads\/2022\/10\/Sem-Titulo-150x150.jpg","caption":"Cesar Lopes"},"url":"https:\/\/www.altominho.tv\/site\/author\/cesarlopes\/"}]}},"_links":{"self":[{"href":"https:\/\/www.altominho.tv\/site\/wp-json\/wp\/v2\/posts\/131643","targetHints":{"allow":["GET"]}}],"collection":[{"href":"https:\/\/www.altominho.tv\/site\/wp-json\/wp\/v2\/posts"}],"about":[{"href":"https:\/\/www.altominho.tv\/site\/wp-json\/wp\/v2\/types\/post"}],"author":[{"embeddable":true,"href":"https:\/\/www.altominho.tv\/site\/wp-json\/wp\/v2\/users\/24"}],"replies":[{"embeddable":true,"href":"https:\/\/www.altominho.tv\/site\/wp-json\/wp\/v2\/comments?post=131643"}],"version-history":[{"count":2,"href":"https:\/\/www.altominho.tv\/site\/wp-json\/wp\/v2\/posts\/131643\/revisions"}],"predecessor-version":[{"id":131647,"href":"https:\/\/www.altominho.tv\/site\/wp-json\/wp\/v2\/posts\/131643\/revisions\/131647"}],"wp:featuredmedia":[{"embeddable":true,"href":"https:\/\/www.altominho.tv\/site\/wp-json\/wp\/v2\/media\/131645"}],"wp:attachment":[{"href":"https:\/\/www.altominho.tv\/site\/wp-json\/wp\/v2\/media?parent=131643"}],"wp:term":[{"taxonomy":"category","embeddable":true,"href":"https:\/\/www.altominho.tv\/site\/wp-json\/wp\/v2\/categories?post=131643"},{"taxonomy":"post_tag","embeddable":true,"href":"https:\/\/www.altominho.tv\/site\/wp-json\/wp\/v2\/tags?post=131643"}],"curies":[{"name":"wp","href":"https:\/\/api.w.org\/{rel}","templated":true}]}}