{"id":131637,"date":"2026-04-26T09:07:39","date_gmt":"2026-04-26T08:07:39","guid":{"rendered":"https:\/\/www.altominho.tv\/site\/?p=131637"},"modified":"2026-04-26T09:10:44","modified_gmt":"2026-04-26T08:10:44","slug":"viana-do-castelo-sob-aviso-amarelo-chuva-intensa-trovoada-e-granizo-previstos-para-esta-tarde","status":"publish","type":"post","link":"https:\/\/www.altominho.tv\/site\/2026\/04\/26\/viana-do-castelo-sob-aviso-amarelo-chuva-intensa-trovoada-e-granizo-previstos-para-esta-tarde\/","title":{"rendered":"Viana do Castelo sob aviso amarelo: chuva intensa, trovoada e granizo previstos para esta tarde"},"content":{"rendered":"<p data-start=\"101\" data-end=\"397\">O distrito de Viana do Castelo est\u00e1 este domingo sob aviso amarelo devido \u00e0 previs\u00e3o de condi\u00e7\u00f5es meteorol\u00f3gicas adversas, segundo o <span class=\"hover:entity-accent entity-underline inline cursor-pointer align-baseline\"><span class=\"whitespace-normal\">Instituto Portugu\u00eas do Mar e da Atmosfera<\/span><\/span>. O alerta, que abrange tamb\u00e9m outros sete distritos do Norte e Centro do pa\u00eds, estar\u00e1 em vigor entre as 12h00 e as 21h00.<\/p>\n<p data-start=\"399\" data-end=\"667\">De acordo com o IPMA, s\u00e3o esperados per\u00edodos de aguaceiros, por vezes fortes, que poder\u00e3o ser acompanhados de trovoada e queda de granizo. As zonas montanhosas do distrito de Viana do Castelo est\u00e3o entre as \u00e1reas com maior probabilidade de ocorr\u00eancia destes fen\u00f3menos.<\/p>\n<p data-start=\"669\" data-end=\"989\">Al\u00e9m de Viana do Castelo, encontram-se igualmente sob aviso amarelo os distritos de Bragan\u00e7a, Viseu, Porto, Guarda, Vila Real, Aveiro e Braga. Este n\u00edvel de alerta, o menos grave de uma escala de tr\u00eas, indica a exist\u00eancia de risco para determinadas atividades, sobretudo aquelas dependentes das condi\u00e7\u00f5es meteorol\u00f3gicas.<\/p>\n<p data-start=\"991\" data-end=\"1291\">Para o restante territ\u00f3rio nacional, a previs\u00e3o aponta para c\u00e9u geralmente pouco nublado, embora com per\u00edodos de maior nebulosidade durante a tarde. Em algumas zonas do litoral Norte e Centro, poder\u00e1 ainda ocorrer neblina ou nevoeiro matinal. Est\u00e1 tamb\u00e9m prevista uma ligeira subida das temperaturas.<\/p>\n<p data-start=\"1293\" data-end=\"1426\" data-is-last-node=\"\" data-is-only-node=\"\">As autoridades recomendam aten\u00e7\u00e3o \u00e0s condi\u00e7\u00f5es atmosf\u00e9ricas, sobretudo durante a tarde, per\u00edodo em que se espera maior instabilidade.<\/p>\n<p data-start=\"1293\" data-end=\"1426\" data-is-last-node=\"\" data-is-only-node=\"\">Foto: DR<\/p>\n","protected":false},"excerpt":{"rendered":"<p>O distrito de Viana do Castelo est\u00e1 este domingo sob aviso amarelo devido \u00e0 previs\u00e3o de condi\u00e7\u00f5es meteorol\u00f3gicas adversas, segundo o Instituto Portugu\u00eas do Mar e da Atmosfera. O alerta, que abrange tamb\u00e9m outros sete distritos do Norte e Centro do pa\u00eds, estar\u00e1 em vigor entre as 12h00 e as 21h00. De acordo com o [&hellip;]<\/p>\n","protected":false},"author":13,"featured_media":131638,"comment_status":"closed","ping_status":"closed","sticky":false,"template":"","format":"standard","meta":{"_exactmetrics_skip_tracking":false,"_exactmetrics_sitenote_active":false,"_exactmetrics_sitenote_note":"","_exactmetrics_sitenote_category":0,"footnotes":""},"categories":[73],"tags":[56332],"class_list":["post-131637","post","type-post","status-publish","format-standard","has-post-thumbnail","hentry","category-alto-minho","tag-meteorologia"],"yoast_head":"<!-- This site is optimized with the Yoast SEO Premium plugin v27.4 (Yoast SEO v27.4) - https:\/\/yoast.com\/product\/yoast-seo-premium-wordpress\/ -->\n<title>Viana do Castelo sob aviso amarelo: chuva intensa, trovoada e granizo previstos para esta tarde<\/title>\n<meta name=\"robots\" content=\"index, follow, max-snippet:-1, max-image-preview:large, max-video-preview:-1\" \/>\n<link rel=\"canonical\" href=\"https:\/\/www.altominho.tv\/site\/2026\/04\/26\/viana-do-castelo-sob-aviso-amarelo-chuva-intensa-trovoada-e-granizo-previstos-para-esta-tarde\/\" \/>\n<meta property=\"og:locale\" content=\"pt_PT\" \/>\n<meta property=\"og:type\" content=\"article\" \/>\n<meta property=\"og:title\" content=\"Viana do Castelo sob aviso amarelo: chuva intensa, trovoada e granizo previstos para esta tarde\" \/>\n<meta property=\"og:description\" content=\"O distrito de Viana do Castelo est\u00e1 este domingo sob aviso amarelo devido \u00e0 previs\u00e3o de condi\u00e7\u00f5es meteorol\u00f3gicas adversas, segundo o Instituto Portugu\u00eas do Mar e da Atmosfera. O alerta, que abrange tamb\u00e9m outros sete distritos do Norte e Centro do pa\u00eds, estar\u00e1 em vigor entre as 12h00 e as 21h00. De acordo com o [&hellip;]\" \/>\n<meta property=\"og:url\" content=\"https:\/\/www.altominho.tv\/site\/2026\/04\/26\/viana-do-castelo-sob-aviso-amarelo-chuva-intensa-trovoada-e-granizo-previstos-para-esta-tarde\/\" \/>\n<meta property=\"og:site_name\" content=\"Altominho.tv\" \/>\n<meta property=\"article:publisher\" content=\"https:\/\/www.facebook.com\/altominhotv\" \/>\n<meta property=\"article:published_time\" content=\"2026-04-26T08:07:39+00:00\" \/>\n<meta property=\"article:modified_time\" content=\"2026-04-26T08:10:44+00:00\" \/>\n<meta property=\"og:image\" content=\"https:\/\/www.altominho.tv\/site\/wp-content\/uploads\/2026\/04\/trovoada.png\" \/>\n\t<meta property=\"og:image:width\" content=\"1200\" \/>\n\t<meta property=\"og:image:height\" content=\"630\" \/>\n\t<meta property=\"og:image:type\" content=\"image\/png\" \/>\n<meta name=\"author\" content=\"Lusa\" \/>\n<meta name=\"twitter:card\" content=\"summary_large_image\" \/>\n<meta name=\"twitter:creator\" content=\"@altominhoTV\" \/>\n<meta name=\"twitter:site\" content=\"@altominhoTV\" \/>\n<meta name=\"twitter:label1\" content=\"Escrito por\" \/>\n\t<meta name=\"twitter:data1\" content=\"Lusa\" \/>\n\t<meta name=\"twitter:label2\" content=\"Tempo estimado de leitura\" \/>\n\t<meta name=\"twitter:data2\" content=\"2 minutos\" \/>\n<script type=\"application\/ld+json\" class=\"yoast-schema-graph\">{\"@context\":\"https:\\\/\\\/schema.org\",\"@graph\":[{\"@type\":\"Article\",\"@id\":\"https:\\\/\\\/www.altominho.tv\\\/site\\\/2026\\\/04\\\/26\\\/viana-do-castelo-sob-aviso-amarelo-chuva-intensa-trovoada-e-granizo-previstos-para-esta-tarde\\\/#article\",\"isPartOf\":{\"@id\":\"https:\\\/\\\/www.altominho.tv\\\/site\\\/2026\\\/04\\\/26\\\/viana-do-castelo-sob-aviso-amarelo-chuva-intensa-trovoada-e-granizo-previstos-para-esta-tarde\\\/\"},\"author\":{\"name\":\"Lusa\",\"@id\":\"https:\\\/\\\/www.altominho.tv\\\/site\\\/#\\\/schema\\\/person\\\/63f693da3e1899361cbe955c46f3232e\"},\"headline\":\"Viana do Castelo sob aviso amarelo: chuva intensa, trovoada e granizo previstos para esta tarde\",\"datePublished\":\"2026-04-26T08:07:39+00:00\",\"dateModified\":\"2026-04-26T08:10:44+00:00\",\"mainEntityOfPage\":{\"@id\":\"https:\\\/\\\/www.altominho.tv\\\/site\\\/2026\\\/04\\\/26\\\/viana-do-castelo-sob-aviso-amarelo-chuva-intensa-trovoada-e-granizo-previstos-para-esta-tarde\\\/\"},\"wordCount\":249,\"image\":{\"@id\":\"https:\\\/\\\/www.altominho.tv\\\/site\\\/2026\\\/04\\\/26\\\/viana-do-castelo-sob-aviso-amarelo-chuva-intensa-trovoada-e-granizo-previstos-para-esta-tarde\\\/#primaryimage\"},\"thumbnailUrl\":\"https:\\\/\\\/www.altominho.tv\\\/site\\\/wp-content\\\/uploads\\\/2026\\\/04\\\/trovoada.png\",\"keywords\":[\"Meteorologia\"],\"articleSection\":[\"Alto Minho\"],\"inLanguage\":\"pt-PT\",\"copyrightYear\":\"2026\",\"copyrightHolder\":{\"@id\":\"https:\\\/\\\/www.altominho.tv\\\/site\\\/#organization\"}},{\"@type\":\"WebPage\",\"@id\":\"https:\\\/\\\/www.altominho.tv\\\/site\\\/2026\\\/04\\\/26\\\/viana-do-castelo-sob-aviso-amarelo-chuva-intensa-trovoada-e-granizo-previstos-para-esta-tarde\\\/\",\"url\":\"https:\\\/\\\/www.altominho.tv\\\/site\\\/2026\\\/04\\\/26\\\/viana-do-castelo-sob-aviso-amarelo-chuva-intensa-trovoada-e-granizo-previstos-para-esta-tarde\\\/\",\"name\":\"Viana do Castelo sob aviso amarelo: chuva intensa, trovoada e granizo previstos para esta tarde\",\"isPartOf\":{\"@id\":\"https:\\\/\\\/www.altominho.tv\\\/site\\\/#website\"},\"primaryImageOfPage\":{\"@id\":\"https:\\\/\\\/www.altominho.tv\\\/site\\\/2026\\\/04\\\/26\\\/viana-do-castelo-sob-aviso-amarelo-chuva-intensa-trovoada-e-granizo-previstos-para-esta-tarde\\\/#primaryimage\"},\"image\":{\"@id\":\"https:\\\/\\\/www.altominho.tv\\\/site\\\/2026\\\/04\\\/26\\\/viana-do-castelo-sob-aviso-amarelo-chuva-intensa-trovoada-e-granizo-previstos-para-esta-tarde\\\/#primaryimage\"},\"thumbnailUrl\":\"https:\\\/\\\/www.altominho.tv\\\/site\\\/wp-content\\\/uploads\\\/2026\\\/04\\\/trovoada.png\",\"datePublished\":\"2026-04-26T08:07:39+00:00\",\"dateModified\":\"2026-04-26T08:10:44+00:00\",\"author\":{\"@id\":\"https:\\\/\\\/www.altominho.tv\\\/site\\\/#\\\/schema\\\/person\\\/63f693da3e1899361cbe955c46f3232e\"},\"breadcrumb\":{\"@id\":\"https:\\\/\\\/www.altominho.tv\\\/site\\\/2026\\\/04\\\/26\\\/viana-do-castelo-sob-aviso-amarelo-chuva-intensa-trovoada-e-granizo-previstos-para-esta-tarde\\\/#breadcrumb\"},\"inLanguage\":\"pt-PT\",\"potentialAction\":[{\"@type\":\"ReadAction\",\"target\":[\"https:\\\/\\\/www.altominho.tv\\\/site\\\/2026\\\/04\\\/26\\\/viana-do-castelo-sob-aviso-amarelo-chuva-intensa-trovoada-e-granizo-previstos-para-esta-tarde\\\/\"]}]},{\"@type\":\"ImageObject\",\"inLanguage\":\"pt-PT\",\"@id\":\"https:\\\/\\\/www.altominho.tv\\\/site\\\/2026\\\/04\\\/26\\\/viana-do-castelo-sob-aviso-amarelo-chuva-intensa-trovoada-e-granizo-previstos-para-esta-tarde\\\/#primaryimage\",\"url\":\"https:\\\/\\\/www.altominho.tv\\\/site\\\/wp-content\\\/uploads\\\/2026\\\/04\\\/trovoada.png\",\"contentUrl\":\"https:\\\/\\\/www.altominho.tv\\\/site\\\/wp-content\\\/uploads\\\/2026\\\/04\\\/trovoada.png\",\"width\":1200,\"height\":630},{\"@type\":\"BreadcrumbList\",\"@id\":\"https:\\\/\\\/www.altominho.tv\\\/site\\\/2026\\\/04\\\/26\\\/viana-do-castelo-sob-aviso-amarelo-chuva-intensa-trovoada-e-granizo-previstos-para-esta-tarde\\\/#breadcrumb\",\"itemListElement\":[{\"@type\":\"ListItem\",\"position\":1,\"name\":\"In\u00edcio\",\"item\":\"https:\\\/\\\/www.altominho.tv\\\/site\\\/\"},{\"@type\":\"ListItem\",\"position\":2,\"name\":\"Viana do Castelo sob aviso amarelo: chuva intensa, trovoada e granizo previstos para esta tarde\"}]},{\"@type\":\"WebSite\",\"@id\":\"https:\\\/\\\/www.altominho.tv\\\/site\\\/#website\",\"url\":\"https:\\\/\\\/www.altominho.tv\\\/site\\\/\",\"name\":\"Altominho.tv\",\"description\":\"A sua regi\u00e3o \u00e0 dist\u00e2ncia de um clique...\",\"potentialAction\":[{\"@type\":\"SearchAction\",\"target\":{\"@type\":\"EntryPoint\",\"urlTemplate\":\"https:\\\/\\\/www.altominho.tv\\\/site\\\/?s={search_term_string}\"},\"query-input\":{\"@type\":\"PropertyValueSpecification\",\"valueRequired\":true,\"valueName\":\"search_term_string\"}}],\"inLanguage\":\"pt-PT\"},{\"@type\":\"Person\",\"@id\":\"https:\\\/\\\/www.altominho.tv\\\/site\\\/#\\\/schema\\\/person\\\/63f693da3e1899361cbe955c46f3232e\",\"name\":\"Lusa\",\"image\":{\"@type\":\"ImageObject\",\"inLanguage\":\"pt-PT\",\"@id\":\"https:\\\/\\\/www.altominho.tv\\\/site\\\/wp-content\\\/uploads\\\/2019\\\/08\\\/LUSA_Logo.gif\",\"url\":\"https:\\\/\\\/www.altominho.tv\\\/site\\\/wp-content\\\/uploads\\\/2019\\\/08\\\/LUSA_Logo.gif\",\"contentUrl\":\"https:\\\/\\\/www.altominho.tv\\\/site\\\/wp-content\\\/uploads\\\/2019\\\/08\\\/LUSA_Logo.gif\",\"caption\":\"Lusa\"},\"sameAs\":[\"http:\\\/\\\/\\\/\\\/www.altominho.tv\\\/site\"],\"url\":\"https:\\\/\\\/www.altominho.tv\\\/site\\\/author\\\/lusa\\\/\"}]}<\/script>\n<!-- \/ Yoast SEO Premium plugin. -->","yoast_head_json":{"title":"Viana do Castelo sob aviso amarelo: chuva intensa, trovoada e granizo previstos para esta tarde","robots":{"index":"index","follow":"follow","max-snippet":"max-snippet:-1","max-image-preview":"max-image-preview:large","max-video-preview":"max-video-preview:-1"},"canonical":"https:\/\/www.altominho.tv\/site\/2026\/04\/26\/viana-do-castelo-sob-aviso-amarelo-chuva-intensa-trovoada-e-granizo-previstos-para-esta-tarde\/","og_locale":"pt_PT","og_type":"article","og_title":"Viana do Castelo sob aviso amarelo: chuva intensa, trovoada e granizo previstos para esta tarde","og_description":"O distrito de Viana do Castelo est\u00e1 este domingo sob aviso amarelo devido \u00e0 previs\u00e3o de condi\u00e7\u00f5es meteorol\u00f3gicas adversas, segundo o Instituto Portugu\u00eas do Mar e da Atmosfera. O alerta, que abrange tamb\u00e9m outros sete distritos do Norte e Centro do pa\u00eds, estar\u00e1 em vigor entre as 12h00 e as 21h00. De acordo com o [&hellip;]","og_url":"https:\/\/www.altominho.tv\/site\/2026\/04\/26\/viana-do-castelo-sob-aviso-amarelo-chuva-intensa-trovoada-e-granizo-previstos-para-esta-tarde\/","og_site_name":"Altominho.tv","article_publisher":"https:\/\/www.facebook.com\/altominhotv","article_published_time":"2026-04-26T08:07:39+00:00","article_modified_time":"2026-04-26T08:10:44+00:00","og_image":[{"width":1200,"height":630,"url":"https:\/\/www.altominho.tv\/site\/wp-content\/uploads\/2026\/04\/trovoada.png","type":"image\/png"}],"author":"Lusa","twitter_card":"summary_large_image","twitter_creator":"@altominhoTV","twitter_site":"@altominhoTV","twitter_misc":{"Escrito por":"Lusa","Tempo estimado de leitura":"2 minutos"},"schema":{"@context":"https:\/\/schema.org","@graph":[{"@type":"Article","@id":"https:\/\/www.altominho.tv\/site\/2026\/04\/26\/viana-do-castelo-sob-aviso-amarelo-chuva-intensa-trovoada-e-granizo-previstos-para-esta-tarde\/#article","isPartOf":{"@id":"https:\/\/www.altominho.tv\/site\/2026\/04\/26\/viana-do-castelo-sob-aviso-amarelo-chuva-intensa-trovoada-e-granizo-previstos-para-esta-tarde\/"},"author":{"name":"Lusa","@id":"https:\/\/www.altominho.tv\/site\/#\/schema\/person\/63f693da3e1899361cbe955c46f3232e"},"headline":"Viana do Castelo sob aviso amarelo: chuva intensa, trovoada e granizo previstos para esta tarde","datePublished":"2026-04-26T08:07:39+00:00","dateModified":"2026-04-26T08:10:44+00:00","mainEntityOfPage":{"@id":"https:\/\/www.altominho.tv\/site\/2026\/04\/26\/viana-do-castelo-sob-aviso-amarelo-chuva-intensa-trovoada-e-granizo-previstos-para-esta-tarde\/"},"wordCount":249,"image":{"@id":"https:\/\/www.altominho.tv\/site\/2026\/04\/26\/viana-do-castelo-sob-aviso-amarelo-chuva-intensa-trovoada-e-granizo-previstos-para-esta-tarde\/#primaryimage"},"thumbnailUrl":"https:\/\/www.altominho.tv\/site\/wp-content\/uploads\/2026\/04\/trovoada.png","keywords":["Meteorologia"],"articleSection":["Alto Minho"],"inLanguage":"pt-PT","copyrightYear":"2026","copyrightHolder":{"@id":"https:\/\/www.altominho.tv\/site\/#organization"}},{"@type":"WebPage","@id":"https:\/\/www.altominho.tv\/site\/2026\/04\/26\/viana-do-castelo-sob-aviso-amarelo-chuva-intensa-trovoada-e-granizo-previstos-para-esta-tarde\/","url":"https:\/\/www.altominho.tv\/site\/2026\/04\/26\/viana-do-castelo-sob-aviso-amarelo-chuva-intensa-trovoada-e-granizo-previstos-para-esta-tarde\/","name":"Viana do Castelo sob aviso amarelo: chuva intensa, trovoada e granizo previstos para esta tarde","isPartOf":{"@id":"https:\/\/www.altominho.tv\/site\/#website"},"primaryImageOfPage":{"@id":"https:\/\/www.altominho.tv\/site\/2026\/04\/26\/viana-do-castelo-sob-aviso-amarelo-chuva-intensa-trovoada-e-granizo-previstos-para-esta-tarde\/#primaryimage"},"image":{"@id":"https:\/\/www.altominho.tv\/site\/2026\/04\/26\/viana-do-castelo-sob-aviso-amarelo-chuva-intensa-trovoada-e-granizo-previstos-para-esta-tarde\/#primaryimage"},"thumbnailUrl":"https:\/\/www.altominho.tv\/site\/wp-content\/uploads\/2026\/04\/trovoada.png","datePublished":"2026-04-26T08:07:39+00:00","dateModified":"2026-04-26T08:10:44+00:00","author":{"@id":"https:\/\/www.altominho.tv\/site\/#\/schema\/person\/63f693da3e1899361cbe955c46f3232e"},"breadcrumb":{"@id":"https:\/\/www.altominho.tv\/site\/2026\/04\/26\/viana-do-castelo-sob-aviso-amarelo-chuva-intensa-trovoada-e-granizo-previstos-para-esta-tarde\/#breadcrumb"},"inLanguage":"pt-PT","potentialAction":[{"@type":"ReadAction","target":["https:\/\/www.altominho.tv\/site\/2026\/04\/26\/viana-do-castelo-sob-aviso-amarelo-chuva-intensa-trovoada-e-granizo-previstos-para-esta-tarde\/"]}]},{"@type":"ImageObject","inLanguage":"pt-PT","@id":"https:\/\/www.altominho.tv\/site\/2026\/04\/26\/viana-do-castelo-sob-aviso-amarelo-chuva-intensa-trovoada-e-granizo-previstos-para-esta-tarde\/#primaryimage","url":"https:\/\/www.altominho.tv\/site\/wp-content\/uploads\/2026\/04\/trovoada.png","contentUrl":"https:\/\/www.altominho.tv\/site\/wp-content\/uploads\/2026\/04\/trovoada.png","width":1200,"height":630},{"@type":"BreadcrumbList","@id":"https:\/\/www.altominho.tv\/site\/2026\/04\/26\/viana-do-castelo-sob-aviso-amarelo-chuva-intensa-trovoada-e-granizo-previstos-para-esta-tarde\/#breadcrumb","itemListElement":[{"@type":"ListItem","position":1,"name":"In\u00edcio","item":"https:\/\/www.altominho.tv\/site\/"},{"@type":"ListItem","position":2,"name":"Viana do Castelo sob aviso amarelo: chuva intensa, trovoada e granizo previstos para esta tarde"}]},{"@type":"WebSite","@id":"https:\/\/www.altominho.tv\/site\/#website","url":"https:\/\/www.altominho.tv\/site\/","name":"Altominho.tv","description":"A sua regi\u00e3o \u00e0 dist\u00e2ncia de um clique...","potentialAction":[{"@type":"SearchAction","target":{"@type":"EntryPoint","urlTemplate":"https:\/\/www.altominho.tv\/site\/?s={search_term_string}"},"query-input":{"@type":"PropertyValueSpecification","valueRequired":true,"valueName":"search_term_string"}}],"inLanguage":"pt-PT"},{"@type":"Person","@id":"https:\/\/www.altominho.tv\/site\/#\/schema\/person\/63f693da3e1899361cbe955c46f3232e","name":"Lusa","image":{"@type":"ImageObject","inLanguage":"pt-PT","@id":"https:\/\/www.altominho.tv\/site\/wp-content\/uploads\/2019\/08\/LUSA_Logo.gif","url":"https:\/\/www.altominho.tv\/site\/wp-content\/uploads\/2019\/08\/LUSA_Logo.gif","contentUrl":"https:\/\/www.altominho.tv\/site\/wp-content\/uploads\/2019\/08\/LUSA_Logo.gif","caption":"Lusa"},"sameAs":["http:\/\/\/\/www.altominho.tv\/site"],"url":"https:\/\/www.altominho.tv\/site\/author\/lusa\/"}]}},"_links":{"self":[{"href":"https:\/\/www.altominho.tv\/site\/wp-json\/wp\/v2\/posts\/131637","targetHints":{"allow":["GET"]}}],"collection":[{"href":"https:\/\/www.altominho.tv\/site\/wp-json\/wp\/v2\/posts"}],"about":[{"href":"https:\/\/www.altominho.tv\/site\/wp-json\/wp\/v2\/types\/post"}],"author":[{"embeddable":true,"href":"https:\/\/www.altominho.tv\/site\/wp-json\/wp\/v2\/users\/13"}],"replies":[{"embeddable":true,"href":"https:\/\/www.altominho.tv\/site\/wp-json\/wp\/v2\/comments?post=131637"}],"version-history":[{"count":3,"href":"https:\/\/www.altominho.tv\/site\/wp-json\/wp\/v2\/posts\/131637\/revisions"}],"predecessor-version":[{"id":131642,"href":"https:\/\/www.altominho.tv\/site\/wp-json\/wp\/v2\/posts\/131637\/revisions\/131642"}],"wp:featuredmedia":[{"embeddable":true,"href":"https:\/\/www.altominho.tv\/site\/wp-json\/wp\/v2\/media\/131638"}],"wp:attachment":[{"href":"https:\/\/www.altominho.tv\/site\/wp-json\/wp\/v2\/media?parent=131637"}],"wp:term":[{"taxonomy":"category","embeddable":true,"href":"https:\/\/www.altominho.tv\/site\/wp-json\/wp\/v2\/categories?post=131637"},{"taxonomy":"post_tag","embeddable":true,"href":"https:\/\/www.altominho.tv\/site\/wp-json\/wp\/v2\/tags?post=131637"}],"curies":[{"name":"wp","href":"https:\/\/api.w.org\/{rel}","templated":true}]}}