{"id":131630,"date":"2026-04-25T18:47:12","date_gmt":"2026-04-25T17:47:12","guid":{"rendered":"https:\/\/www.altominho.tv\/site\/?p=131630"},"modified":"2026-04-25T18:47:14","modified_gmt":"2026-04-25T17:47:14","slug":"autarca-de-cerveira-alerta-para-novos-desafios-a-liberdade-no-25-de-abril","status":"publish","type":"post","link":"https:\/\/www.altominho.tv\/site\/2026\/04\/25\/autarca-de-cerveira-alerta-para-novos-desafios-a-liberdade-no-25-de-abril\/","title":{"rendered":"Autarca de Cerveira alerta para novos desafios \u00e0 liberdade no 25 de Abril"},"content":{"rendered":"<p data-start=\"92\" data-end=\"502\">O presidente da C\u00e2mara Municipal de <span class=\"hover:entity-accent entity-underline inline cursor-pointer align-baseline\"><span class=\"whitespace-normal\">Vila Nova de Cerveira<\/span><\/span>, <span class=\"hover:entity-accent entity-underline inline cursor-pointer align-baseline\"><span class=\"whitespace-normal\">Rui Teixeira<\/span><\/span>, defendeu hoje que a liberdade continua a exigir um \u201ccompromisso permanente\u201d, alertando para os desafios contempor\u00e2neos que se colocam \u00e0s sociedades democr\u00e1ticas. A posi\u00e7\u00e3o foi expressa durante a sess\u00e3o solene evocativa da <span class=\"hover:entity-accent entity-underline inline cursor-pointer align-baseline\"><span class=\"whitespace-normal\">Revolu\u00e7\u00e3o dos Cravos<\/span><\/span>, que assinalou os 52 anos do 25 de Abril.<\/p>\n<p data-start=\"504\" data-end=\"880\">No seu discurso, o autarca destacou que o contexto atual \u00e9 marcado por instabilidade social, pol\u00edtica e econ\u00f3mica, bem como por um cen\u00e1rio internacional de conflitos e crescente globaliza\u00e7\u00e3o. Paralelamente, sublinhou o impacto das redes sociais na forma como as pessoas comunicam, pensam e influenciam, apontando tanto oportunidades como riscos associados a estas plataformas.<\/p>\n<p data-start=\"882\" data-end=\"1385\">Entre os principais desafios identificados, Rui Teixeira referiu a rapidez da dissemina\u00e7\u00e3o da informa\u00e7\u00e3o, a press\u00e3o exercida sobre os jovens por padr\u00f5es considerados irrealistas e a dificuldade em distinguir conte\u00fados fi\u00e1veis num ambiente digital acelerado. \u201cPor vezes, a pr\u00f3pria liberdade corre o risco de se transformar numa ilus\u00e3o de escolha\u201d, afirmou, acrescentando que a precariedade laboral, o acesso \u00e0 habita\u00e7\u00e3o e a incerteza econ\u00f3mica contribuem para um sentimento generalizado de instabilidade.<\/p>\n<p data-start=\"1387\" data-end=\"1718\">Perante este cen\u00e1rio, o presidente da autarquia defendeu que a defesa da liberdade exige mais do que a sua evoca\u00e7\u00e3o simb\u00f3lica, implicando a cria\u00e7\u00e3o de condi\u00e7\u00f5es para que as novas gera\u00e7\u00f5es a possam viver plenamente. Nesse sentido, destacou a import\u00e2ncia da educa\u00e7\u00e3o para a cidadania, do pensamento cr\u00edtico e da autonomia individual.<\/p>\n<p data-start=\"1720\" data-end=\"2189\">Rui Teixeira sublinhou ainda a responsabilidade das institui\u00e7\u00f5es p\u00fablicas em preservar e atualizar os valores associados ao 25 de Abril \u2014 como a liberdade, a igualdade, a solidariedade e a justi\u00e7a \u2014, considerando-os fundamentais para a constru\u00e7\u00e3o de uma sociedade mais equilibrada. Defendeu tamb\u00e9m a necessidade de proporcionar oportunidades concretas aos jovens, permitindo-lhes desenvolver compet\u00eancias, enfrentar desafios e participar ativamente na vida democr\u00e1tica.<\/p>\n<p data-start=\"2191\" data-end=\"2484\" data-is-last-node=\"\" data-is-only-node=\"\">A interven\u00e7\u00e3o terminou com um apelo \u00e0 valoriza\u00e7\u00e3o do papel das novas gera\u00e7\u00f5es, apontando-as como elemento central na consolida\u00e7\u00e3o da democracia. Segundo o autarca, \u201cn\u00e3o h\u00e1 futuro sem jovens, nem jovens sem liberdade\u201d, sublinhando a interdepend\u00eancia entre ambos no desenvolvimento da sociedade.<\/p>\n","protected":false},"excerpt":{"rendered":"<p>O presidente da C\u00e2mara Municipal de Vila Nova de Cerveira, Rui Teixeira, defendeu hoje que a liberdade continua a exigir um \u201ccompromisso permanente\u201d, alertando para os desafios contempor\u00e2neos que se colocam \u00e0s sociedades democr\u00e1ticas. A posi\u00e7\u00e3o foi expressa durante a sess\u00e3o solene evocativa da Revolu\u00e7\u00e3o dos Cravos, que assinalou os 52 anos do 25 de [&hellip;]<\/p>\n","protected":false},"author":24,"featured_media":131631,"comment_status":"closed","ping_status":"closed","sticky":false,"template":"","format":"standard","meta":{"_exactmetrics_skip_tracking":false,"_exactmetrics_sitenote_active":false,"_exactmetrics_sitenote_note":"","_exactmetrics_sitenote_category":0,"footnotes":""},"categories":[15],"tags":[56326],"class_list":["post-131630","post","type-post","status-publish","format-standard","has-post-thumbnail","hentry","category-vila-nova-de-cerveira","tag-politica"],"yoast_head":"<!-- This site is optimized with the Yoast SEO Premium plugin v27.4 (Yoast SEO v27.4) - https:\/\/yoast.com\/product\/yoast-seo-premium-wordpress\/ -->\n<title>Autarca de Cerveira alerta para novos desafios \u00e0 liberdade no 25 de Abril<\/title>\n<meta name=\"description\" content=\"O presidente da C\u00e2mara Municipal de Vila Nova de Cerveira, Rui Teixeira, defendeu hoje que a liberdade continua a exigir um \u201ccompromisso permanente\u201d, alertando para os desafios contempor\u00e2neos que se colocam \u00e0s sociedades democr\u00e1ticas. A posi\u00e7\u00e3o foi expressa durante a sess\u00e3o solene evocativa da Revolu\u00e7\u00e3o dos Cravos, que assinalou os 52 anos do 25 de Abril.\" \/>\n<meta name=\"robots\" content=\"index, follow, max-snippet:-1, max-image-preview:large, max-video-preview:-1\" \/>\n<link rel=\"canonical\" href=\"https:\/\/www.altominho.tv\/site\/2026\/04\/25\/autarca-de-cerveira-alerta-para-novos-desafios-a-liberdade-no-25-de-abril\/\" \/>\n<meta property=\"og:locale\" content=\"pt_PT\" \/>\n<meta property=\"og:type\" content=\"article\" \/>\n<meta property=\"og:title\" content=\"Autarca de Cerveira alerta para novos desafios \u00e0 liberdade no 25 de Abril\" \/>\n<meta property=\"og:description\" content=\"O presidente da C\u00e2mara Municipal de Vila Nova de Cerveira, Rui Teixeira, defendeu hoje que a liberdade continua a exigir um \u201ccompromisso permanente\u201d, alertando para os desafios contempor\u00e2neos que se colocam \u00e0s sociedades democr\u00e1ticas. A posi\u00e7\u00e3o foi expressa durante a sess\u00e3o solene evocativa da Revolu\u00e7\u00e3o dos Cravos, que assinalou os 52 anos do 25 de Abril.\" \/>\n<meta property=\"og:url\" content=\"https:\/\/www.altominho.tv\/site\/2026\/04\/25\/autarca-de-cerveira-alerta-para-novos-desafios-a-liberdade-no-25-de-abril\/\" \/>\n<meta property=\"og:site_name\" content=\"Altominho.tv\" \/>\n<meta property=\"article:publisher\" content=\"https:\/\/www.facebook.com\/altominhotv\" \/>\n<meta property=\"article:published_time\" content=\"2026-04-25T17:47:12+00:00\" \/>\n<meta property=\"article:modified_time\" content=\"2026-04-25T17:47:14+00:00\" \/>\n<meta property=\"og:image\" content=\"https:\/\/www.altominho.tv\/site\/wp-content\/uploads\/2026\/04\/cerveira-25-abril.png\" \/>\n\t<meta property=\"og:image:width\" content=\"1200\" \/>\n\t<meta property=\"og:image:height\" content=\"630\" \/>\n\t<meta property=\"og:image:type\" content=\"image\/png\" \/>\n<meta name=\"author\" content=\"Cesar Lopes\" \/>\n<meta name=\"twitter:card\" content=\"summary_large_image\" \/>\n<meta name=\"twitter:creator\" content=\"@altominhoTV\" \/>\n<meta name=\"twitter:site\" content=\"@altominhoTV\" \/>\n<meta name=\"twitter:label1\" content=\"Escrito por\" \/>\n\t<meta name=\"twitter:data1\" content=\"Cesar Lopes\" \/>\n\t<meta name=\"twitter:label2\" content=\"Tempo estimado de leitura\" \/>\n\t<meta name=\"twitter:data2\" content=\"3 minutos\" \/>\n<script type=\"application\/ld+json\" class=\"yoast-schema-graph\">{\"@context\":\"https:\\\/\\\/schema.org\",\"@graph\":[{\"@type\":\"Article\",\"@id\":\"https:\\\/\\\/www.altominho.tv\\\/site\\\/2026\\\/04\\\/25\\\/autarca-de-cerveira-alerta-para-novos-desafios-a-liberdade-no-25-de-abril\\\/#article\",\"isPartOf\":{\"@id\":\"https:\\\/\\\/www.altominho.tv\\\/site\\\/2026\\\/04\\\/25\\\/autarca-de-cerveira-alerta-para-novos-desafios-a-liberdade-no-25-de-abril\\\/\"},\"author\":{\"name\":\"Cesar Lopes\",\"@id\":\"https:\\\/\\\/www.altominho.tv\\\/site\\\/#\\\/schema\\\/person\\\/c5570e5afb933b8d08c43373326ef1b1\"},\"headline\":\"Autarca de Cerveira alerta para novos desafios \u00e0 liberdade no 25 de Abril\",\"datePublished\":\"2026-04-25T17:47:12+00:00\",\"dateModified\":\"2026-04-25T17:47:14+00:00\",\"mainEntityOfPage\":{\"@id\":\"https:\\\/\\\/www.altominho.tv\\\/site\\\/2026\\\/04\\\/25\\\/autarca-de-cerveira-alerta-para-novos-desafios-a-liberdade-no-25-de-abril\\\/\"},\"wordCount\":383,\"image\":{\"@id\":\"https:\\\/\\\/www.altominho.tv\\\/site\\\/2026\\\/04\\\/25\\\/autarca-de-cerveira-alerta-para-novos-desafios-a-liberdade-no-25-de-abril\\\/#primaryimage\"},\"thumbnailUrl\":\"https:\\\/\\\/www.altominho.tv\\\/site\\\/wp-content\\\/uploads\\\/2026\\\/04\\\/cerveira-25-abril.png\",\"keywords\":[\"Pol\u00edtica\"],\"articleSection\":[\"Vila Nova de Cerveira\"],\"inLanguage\":\"pt-PT\",\"copyrightYear\":\"2026\",\"copyrightHolder\":{\"@id\":\"https:\\\/\\\/www.altominho.tv\\\/site\\\/#organization\"}},{\"@type\":\"WebPage\",\"@id\":\"https:\\\/\\\/www.altominho.tv\\\/site\\\/2026\\\/04\\\/25\\\/autarca-de-cerveira-alerta-para-novos-desafios-a-liberdade-no-25-de-abril\\\/\",\"url\":\"https:\\\/\\\/www.altominho.tv\\\/site\\\/2026\\\/04\\\/25\\\/autarca-de-cerveira-alerta-para-novos-desafios-a-liberdade-no-25-de-abril\\\/\",\"name\":\"Autarca de Cerveira alerta para novos desafios \u00e0 liberdade no 25 de Abril\",\"isPartOf\":{\"@id\":\"https:\\\/\\\/www.altominho.tv\\\/site\\\/#website\"},\"primaryImageOfPage\":{\"@id\":\"https:\\\/\\\/www.altominho.tv\\\/site\\\/2026\\\/04\\\/25\\\/autarca-de-cerveira-alerta-para-novos-desafios-a-liberdade-no-25-de-abril\\\/#primaryimage\"},\"image\":{\"@id\":\"https:\\\/\\\/www.altominho.tv\\\/site\\\/2026\\\/04\\\/25\\\/autarca-de-cerveira-alerta-para-novos-desafios-a-liberdade-no-25-de-abril\\\/#primaryimage\"},\"thumbnailUrl\":\"https:\\\/\\\/www.altominho.tv\\\/site\\\/wp-content\\\/uploads\\\/2026\\\/04\\\/cerveira-25-abril.png\",\"datePublished\":\"2026-04-25T17:47:12+00:00\",\"dateModified\":\"2026-04-25T17:47:14+00:00\",\"author\":{\"@id\":\"https:\\\/\\\/www.altominho.tv\\\/site\\\/#\\\/schema\\\/person\\\/c5570e5afb933b8d08c43373326ef1b1\"},\"description\":\"O presidente da C\u00e2mara Municipal de Vila Nova de Cerveira, Rui Teixeira, defendeu hoje que a liberdade continua a exigir um \u201ccompromisso permanente\u201d, alertando para os desafios contempor\u00e2neos que se colocam \u00e0s sociedades democr\u00e1ticas. A posi\u00e7\u00e3o foi expressa durante a sess\u00e3o solene evocativa da Revolu\u00e7\u00e3o dos Cravos, que assinalou os 52 anos do 25 de Abril.\",\"breadcrumb\":{\"@id\":\"https:\\\/\\\/www.altominho.tv\\\/site\\\/2026\\\/04\\\/25\\\/autarca-de-cerveira-alerta-para-novos-desafios-a-liberdade-no-25-de-abril\\\/#breadcrumb\"},\"inLanguage\":\"pt-PT\",\"potentialAction\":[{\"@type\":\"ReadAction\",\"target\":[\"https:\\\/\\\/www.altominho.tv\\\/site\\\/2026\\\/04\\\/25\\\/autarca-de-cerveira-alerta-para-novos-desafios-a-liberdade-no-25-de-abril\\\/\"]}]},{\"@type\":\"ImageObject\",\"inLanguage\":\"pt-PT\",\"@id\":\"https:\\\/\\\/www.altominho.tv\\\/site\\\/2026\\\/04\\\/25\\\/autarca-de-cerveira-alerta-para-novos-desafios-a-liberdade-no-25-de-abril\\\/#primaryimage\",\"url\":\"https:\\\/\\\/www.altominho.tv\\\/site\\\/wp-content\\\/uploads\\\/2026\\\/04\\\/cerveira-25-abril.png\",\"contentUrl\":\"https:\\\/\\\/www.altominho.tv\\\/site\\\/wp-content\\\/uploads\\\/2026\\\/04\\\/cerveira-25-abril.png\",\"width\":1200,\"height\":630},{\"@type\":\"BreadcrumbList\",\"@id\":\"https:\\\/\\\/www.altominho.tv\\\/site\\\/2026\\\/04\\\/25\\\/autarca-de-cerveira-alerta-para-novos-desafios-a-liberdade-no-25-de-abril\\\/#breadcrumb\",\"itemListElement\":[{\"@type\":\"ListItem\",\"position\":1,\"name\":\"In\u00edcio\",\"item\":\"https:\\\/\\\/www.altominho.tv\\\/site\\\/\"},{\"@type\":\"ListItem\",\"position\":2,\"name\":\"Autarca de Cerveira alerta para novos desafios \u00e0 liberdade no 25 de Abril\"}]},{\"@type\":\"WebSite\",\"@id\":\"https:\\\/\\\/www.altominho.tv\\\/site\\\/#website\",\"url\":\"https:\\\/\\\/www.altominho.tv\\\/site\\\/\",\"name\":\"Altominho.tv\",\"description\":\"A sua regi\u00e3o \u00e0 dist\u00e2ncia de um clique...\",\"potentialAction\":[{\"@type\":\"SearchAction\",\"target\":{\"@type\":\"EntryPoint\",\"urlTemplate\":\"https:\\\/\\\/www.altominho.tv\\\/site\\\/?s={search_term_string}\"},\"query-input\":{\"@type\":\"PropertyValueSpecification\",\"valueRequired\":true,\"valueName\":\"search_term_string\"}}],\"inLanguage\":\"pt-PT\"},{\"@type\":\"Person\",\"@id\":\"https:\\\/\\\/www.altominho.tv\\\/site\\\/#\\\/schema\\\/person\\\/c5570e5afb933b8d08c43373326ef1b1\",\"name\":\"Cesar Lopes\",\"image\":{\"@type\":\"ImageObject\",\"inLanguage\":\"pt-PT\",\"@id\":\"https:\\\/\\\/www.altominho.tv\\\/site\\\/wp-content\\\/uploads\\\/2022\\\/10\\\/Sem-Titulo-150x150.jpg\",\"url\":\"https:\\\/\\\/www.altominho.tv\\\/site\\\/wp-content\\\/uploads\\\/2022\\\/10\\\/Sem-Titulo-150x150.jpg\",\"contentUrl\":\"https:\\\/\\\/www.altominho.tv\\\/site\\\/wp-content\\\/uploads\\\/2022\\\/10\\\/Sem-Titulo-150x150.jpg\",\"caption\":\"Cesar Lopes\"},\"url\":\"https:\\\/\\\/www.altominho.tv\\\/site\\\/author\\\/cesarlopes\\\/\"}]}<\/script>\n<!-- \/ Yoast SEO Premium plugin. -->","yoast_head_json":{"title":"Autarca de Cerveira alerta para novos desafios \u00e0 liberdade no 25 de Abril","description":"O presidente da C\u00e2mara Municipal de Vila Nova de Cerveira, Rui Teixeira, defendeu hoje que a liberdade continua a exigir um \u201ccompromisso permanente\u201d, alertando para os desafios contempor\u00e2neos que se colocam \u00e0s sociedades democr\u00e1ticas. A posi\u00e7\u00e3o foi expressa durante a sess\u00e3o solene evocativa da Revolu\u00e7\u00e3o dos Cravos, que assinalou os 52 anos do 25 de Abril.","robots":{"index":"index","follow":"follow","max-snippet":"max-snippet:-1","max-image-preview":"max-image-preview:large","max-video-preview":"max-video-preview:-1"},"canonical":"https:\/\/www.altominho.tv\/site\/2026\/04\/25\/autarca-de-cerveira-alerta-para-novos-desafios-a-liberdade-no-25-de-abril\/","og_locale":"pt_PT","og_type":"article","og_title":"Autarca de Cerveira alerta para novos desafios \u00e0 liberdade no 25 de Abril","og_description":"O presidente da C\u00e2mara Municipal de Vila Nova de Cerveira, Rui Teixeira, defendeu hoje que a liberdade continua a exigir um \u201ccompromisso permanente\u201d, alertando para os desafios contempor\u00e2neos que se colocam \u00e0s sociedades democr\u00e1ticas. A posi\u00e7\u00e3o foi expressa durante a sess\u00e3o solene evocativa da Revolu\u00e7\u00e3o dos Cravos, que assinalou os 52 anos do 25 de Abril.","og_url":"https:\/\/www.altominho.tv\/site\/2026\/04\/25\/autarca-de-cerveira-alerta-para-novos-desafios-a-liberdade-no-25-de-abril\/","og_site_name":"Altominho.tv","article_publisher":"https:\/\/www.facebook.com\/altominhotv","article_published_time":"2026-04-25T17:47:12+00:00","article_modified_time":"2026-04-25T17:47:14+00:00","og_image":[{"width":1200,"height":630,"url":"https:\/\/www.altominho.tv\/site\/wp-content\/uploads\/2026\/04\/cerveira-25-abril.png","type":"image\/png"}],"author":"Cesar Lopes","twitter_card":"summary_large_image","twitter_creator":"@altominhoTV","twitter_site":"@altominhoTV","twitter_misc":{"Escrito por":"Cesar Lopes","Tempo estimado de leitura":"3 minutos"},"schema":{"@context":"https:\/\/schema.org","@graph":[{"@type":"Article","@id":"https:\/\/www.altominho.tv\/site\/2026\/04\/25\/autarca-de-cerveira-alerta-para-novos-desafios-a-liberdade-no-25-de-abril\/#article","isPartOf":{"@id":"https:\/\/www.altominho.tv\/site\/2026\/04\/25\/autarca-de-cerveira-alerta-para-novos-desafios-a-liberdade-no-25-de-abril\/"},"author":{"name":"Cesar Lopes","@id":"https:\/\/www.altominho.tv\/site\/#\/schema\/person\/c5570e5afb933b8d08c43373326ef1b1"},"headline":"Autarca de Cerveira alerta para novos desafios \u00e0 liberdade no 25 de Abril","datePublished":"2026-04-25T17:47:12+00:00","dateModified":"2026-04-25T17:47:14+00:00","mainEntityOfPage":{"@id":"https:\/\/www.altominho.tv\/site\/2026\/04\/25\/autarca-de-cerveira-alerta-para-novos-desafios-a-liberdade-no-25-de-abril\/"},"wordCount":383,"image":{"@id":"https:\/\/www.altominho.tv\/site\/2026\/04\/25\/autarca-de-cerveira-alerta-para-novos-desafios-a-liberdade-no-25-de-abril\/#primaryimage"},"thumbnailUrl":"https:\/\/www.altominho.tv\/site\/wp-content\/uploads\/2026\/04\/cerveira-25-abril.png","keywords":["Pol\u00edtica"],"articleSection":["Vila Nova de Cerveira"],"inLanguage":"pt-PT","copyrightYear":"2026","copyrightHolder":{"@id":"https:\/\/www.altominho.tv\/site\/#organization"}},{"@type":"WebPage","@id":"https:\/\/www.altominho.tv\/site\/2026\/04\/25\/autarca-de-cerveira-alerta-para-novos-desafios-a-liberdade-no-25-de-abril\/","url":"https:\/\/www.altominho.tv\/site\/2026\/04\/25\/autarca-de-cerveira-alerta-para-novos-desafios-a-liberdade-no-25-de-abril\/","name":"Autarca de Cerveira alerta para novos desafios \u00e0 liberdade no 25 de Abril","isPartOf":{"@id":"https:\/\/www.altominho.tv\/site\/#website"},"primaryImageOfPage":{"@id":"https:\/\/www.altominho.tv\/site\/2026\/04\/25\/autarca-de-cerveira-alerta-para-novos-desafios-a-liberdade-no-25-de-abril\/#primaryimage"},"image":{"@id":"https:\/\/www.altominho.tv\/site\/2026\/04\/25\/autarca-de-cerveira-alerta-para-novos-desafios-a-liberdade-no-25-de-abril\/#primaryimage"},"thumbnailUrl":"https:\/\/www.altominho.tv\/site\/wp-content\/uploads\/2026\/04\/cerveira-25-abril.png","datePublished":"2026-04-25T17:47:12+00:00","dateModified":"2026-04-25T17:47:14+00:00","author":{"@id":"https:\/\/www.altominho.tv\/site\/#\/schema\/person\/c5570e5afb933b8d08c43373326ef1b1"},"description":"O presidente da C\u00e2mara Municipal de Vila Nova de Cerveira, Rui Teixeira, defendeu hoje que a liberdade continua a exigir um \u201ccompromisso permanente\u201d, alertando para os desafios contempor\u00e2neos que se colocam \u00e0s sociedades democr\u00e1ticas. A posi\u00e7\u00e3o foi expressa durante a sess\u00e3o solene evocativa da Revolu\u00e7\u00e3o dos Cravos, que assinalou os 52 anos do 25 de Abril.","breadcrumb":{"@id":"https:\/\/www.altominho.tv\/site\/2026\/04\/25\/autarca-de-cerveira-alerta-para-novos-desafios-a-liberdade-no-25-de-abril\/#breadcrumb"},"inLanguage":"pt-PT","potentialAction":[{"@type":"ReadAction","target":["https:\/\/www.altominho.tv\/site\/2026\/04\/25\/autarca-de-cerveira-alerta-para-novos-desafios-a-liberdade-no-25-de-abril\/"]}]},{"@type":"ImageObject","inLanguage":"pt-PT","@id":"https:\/\/www.altominho.tv\/site\/2026\/04\/25\/autarca-de-cerveira-alerta-para-novos-desafios-a-liberdade-no-25-de-abril\/#primaryimage","url":"https:\/\/www.altominho.tv\/site\/wp-content\/uploads\/2026\/04\/cerveira-25-abril.png","contentUrl":"https:\/\/www.altominho.tv\/site\/wp-content\/uploads\/2026\/04\/cerveira-25-abril.png","width":1200,"height":630},{"@type":"BreadcrumbList","@id":"https:\/\/www.altominho.tv\/site\/2026\/04\/25\/autarca-de-cerveira-alerta-para-novos-desafios-a-liberdade-no-25-de-abril\/#breadcrumb","itemListElement":[{"@type":"ListItem","position":1,"name":"In\u00edcio","item":"https:\/\/www.altominho.tv\/site\/"},{"@type":"ListItem","position":2,"name":"Autarca de Cerveira alerta para novos desafios \u00e0 liberdade no 25 de Abril"}]},{"@type":"WebSite","@id":"https:\/\/www.altominho.tv\/site\/#website","url":"https:\/\/www.altominho.tv\/site\/","name":"Altominho.tv","description":"A sua regi\u00e3o \u00e0 dist\u00e2ncia de um clique...","potentialAction":[{"@type":"SearchAction","target":{"@type":"EntryPoint","urlTemplate":"https:\/\/www.altominho.tv\/site\/?s={search_term_string}"},"query-input":{"@type":"PropertyValueSpecification","valueRequired":true,"valueName":"search_term_string"}}],"inLanguage":"pt-PT"},{"@type":"Person","@id":"https:\/\/www.altominho.tv\/site\/#\/schema\/person\/c5570e5afb933b8d08c43373326ef1b1","name":"Cesar Lopes","image":{"@type":"ImageObject","inLanguage":"pt-PT","@id":"https:\/\/www.altominho.tv\/site\/wp-content\/uploads\/2022\/10\/Sem-Titulo-150x150.jpg","url":"https:\/\/www.altominho.tv\/site\/wp-content\/uploads\/2022\/10\/Sem-Titulo-150x150.jpg","contentUrl":"https:\/\/www.altominho.tv\/site\/wp-content\/uploads\/2022\/10\/Sem-Titulo-150x150.jpg","caption":"Cesar Lopes"},"url":"https:\/\/www.altominho.tv\/site\/author\/cesarlopes\/"}]}},"_links":{"self":[{"href":"https:\/\/www.altominho.tv\/site\/wp-json\/wp\/v2\/posts\/131630","targetHints":{"allow":["GET"]}}],"collection":[{"href":"https:\/\/www.altominho.tv\/site\/wp-json\/wp\/v2\/posts"}],"about":[{"href":"https:\/\/www.altominho.tv\/site\/wp-json\/wp\/v2\/types\/post"}],"author":[{"embeddable":true,"href":"https:\/\/www.altominho.tv\/site\/wp-json\/wp\/v2\/users\/24"}],"replies":[{"embeddable":true,"href":"https:\/\/www.altominho.tv\/site\/wp-json\/wp\/v2\/comments?post=131630"}],"version-history":[{"count":1,"href":"https:\/\/www.altominho.tv\/site\/wp-json\/wp\/v2\/posts\/131630\/revisions"}],"predecessor-version":[{"id":131632,"href":"https:\/\/www.altominho.tv\/site\/wp-json\/wp\/v2\/posts\/131630\/revisions\/131632"}],"wp:featuredmedia":[{"embeddable":true,"href":"https:\/\/www.altominho.tv\/site\/wp-json\/wp\/v2\/media\/131631"}],"wp:attachment":[{"href":"https:\/\/www.altominho.tv\/site\/wp-json\/wp\/v2\/media?parent=131630"}],"wp:term":[{"taxonomy":"category","embeddable":true,"href":"https:\/\/www.altominho.tv\/site\/wp-json\/wp\/v2\/categories?post=131630"},{"taxonomy":"post_tag","embeddable":true,"href":"https:\/\/www.altominho.tv\/site\/wp-json\/wp\/v2\/tags?post=131630"}],"curies":[{"name":"wp","href":"https:\/\/api.w.org\/{rel}","templated":true}]}}