{"id":131627,"date":"2026-04-25T18:18:17","date_gmt":"2026-04-25T17:18:17","guid":{"rendered":"https:\/\/www.altominho.tv\/site\/?p=131627"},"modified":"2026-04-25T18:18:18","modified_gmt":"2026-04-25T17:18:18","slug":"paredes-de-coura-assinala-25-de-abril-com-apelo-a-formacao-de-novos-capitaes-contra-a-indiferenca","status":"publish","type":"post","link":"https:\/\/www.altominho.tv\/site\/2026\/04\/25\/paredes-de-coura-assinala-25-de-abril-com-apelo-a-formacao-de-novos-capitaes-contra-a-indiferenca\/","title":{"rendered":"Paredes de Coura assinala 25 de Abril com apelo \u00e0 forma\u00e7\u00e3o de \u201cnovos Capit\u00e3es\u201d contra a indiferen\u00e7a"},"content":{"rendered":"<p data-start=\"105\" data-end=\"598\">O presidente da C\u00e2mara de Paredes de Coura defendeu hoje a necessidade de formar \u201cnovos Capit\u00e3es de Abril\u201d, adaptados aos desafios contempor\u00e2neos, durante a\u00a0sess\u00e3o solene comemorativa do <span class=\"hover:entity-accent entity-underline inline cursor-pointer align-baseline\"><span class=\"whitespace-normal\">Revolu\u00e7\u00e3o dos Cravos<\/span><\/span>, realizada na Assembleia Municipal. Tiago Cunha sublinhou que, ao contr\u00e1rio do passado, a miss\u00e3o atual n\u00e3o \u00e9 conquistar a liberdade, mas garantir a sua preserva\u00e7\u00e3o face ao que considera ser a crescente indiferen\u00e7a social.<\/p>\n<p data-start=\"600\" data-end=\"1036\">Durante o discurso, o autarca evocou figuras hist\u00f3ricas com liga\u00e7\u00f5es ao concelho para ilustrar a import\u00e2ncia do compromisso c\u00edvico. Referiu o exemplo de um \u201ccapit\u00e3o\u201d courense mobilizado para a guerra colonial, destacando o peso humano e moral dessa experi\u00eancia, e recordou tamb\u00e9m <span class=\"hover:entity-accent entity-underline inline cursor-pointer align-baseline\"><span class=\"whitespace-normal\">Bernardino Machado<\/span><\/span>, antigo Presidente da Rep\u00fablica, a quem atribuiu um papel central na valoriza\u00e7\u00e3o da educa\u00e7\u00e3o como base da liberdade.<\/p>\n<p data-start=\"1038\" data-end=\"1441\">Partindo dessas refer\u00eancias, o autarca destacou que as gera\u00e7\u00f5es atuais, muitas das quais j\u00e1 nasceram ap\u00f3s 1974, enfrentam desafios distintos. Num contexto marcado por abund\u00e2ncia de informa\u00e7\u00e3o, mas nem sempre de conhecimento verificado, Tiago Cunha alertou para os riscos da desinforma\u00e7\u00e3o e da apatia c\u00edvica, defendendo uma maior aposta na educa\u00e7\u00e3o e na transmiss\u00e3o da mem\u00f3ria hist\u00f3rica junto dos jovens.<\/p>\n<p data-start=\"1443\" data-end=\"1794\">\u201cJ\u00e1 n\u00e3o \u00e9 conquistar a liberdade, \u00e9 mant\u00ea-la viva\u201d, afirmou, defendendo que essa responsabilidade deve come\u00e7ar nas escolas e nas comunidades locais. Segundo o presidente da C\u00e2mara, os \u201cCapit\u00e3es de Abril do futuro\u201d n\u00e3o surgir\u00e3o de contextos militares, mas de espa\u00e7os de participa\u00e7\u00e3o c\u00edvica, como associa\u00e7\u00f5es, debates e decis\u00f5es individuais conscientes.<\/p>\n<p data-start=\"1796\" data-end=\"2020\" data-is-last-node=\"\" data-is-only-node=\"\">A sess\u00e3o integrou as celebra\u00e7\u00f5es locais do 25 de Abril, data que marca o fim da ditadura em Portugal e a transi\u00e7\u00e3o para um regime democr\u00e1tico, e contou com a presen\u00e7a de membros da assembleia municipal e da comunidade local.<\/p>\n<p data-start=\"1796\" data-end=\"2020\" data-is-last-node=\"\" data-is-only-node=\"\">Fotos: <strong>Munic\u00edpio de Paredes de Coura<\/strong><\/p>\n","protected":false},"excerpt":{"rendered":"<p>O presidente da C\u00e2mara de Paredes de Coura defendeu hoje a necessidade de formar \u201cnovos Capit\u00e3es de Abril\u201d, adaptados aos desafios contempor\u00e2neos, durante a\u00a0sess\u00e3o solene comemorativa do Revolu\u00e7\u00e3o dos Cravos, realizada na Assembleia Municipal. Tiago Cunha sublinhou que, ao contr\u00e1rio do passado, a miss\u00e3o atual n\u00e3o \u00e9 conquistar a liberdade, mas garantir a sua preserva\u00e7\u00e3o [&hellip;]<\/p>\n","protected":false},"author":24,"featured_media":131628,"comment_status":"closed","ping_status":"closed","sticky":false,"template":"","format":"standard","meta":{"_exactmetrics_skip_tracking":false,"_exactmetrics_sitenote_active":false,"_exactmetrics_sitenote_note":"","_exactmetrics_sitenote_category":0,"footnotes":""},"categories":[10],"tags":[56326],"class_list":["post-131627","post","type-post","status-publish","format-standard","has-post-thumbnail","hentry","category-paredes-de-coura","tag-politica"],"yoast_head":"<!-- This site is optimized with the Yoast SEO Premium plugin v27.4 (Yoast SEO v27.4) - https:\/\/yoast.com\/product\/yoast-seo-premium-wordpress\/ -->\n<title>Paredes de Coura assinala 25 de Abril com apelo \u00e0 forma\u00e7\u00e3o de \u201cnovos Capit\u00e3es\u201d contra a indiferen\u00e7a<\/title>\n<meta name=\"description\" content=\"O presidente da C\u00e2mara de Paredes de Coura defendeu hoje a necessidade de formar \u201cnovos Capit\u00e3es de Abril\u201d, adaptados aos desafios contempor\u00e2neos, durante a\u00a0sess\u00e3o solene comemorativa do Revolu\u00e7\u00e3o dos Cravos, realizada na Assembleia Municipal. Tiago Cunha sublinhou que, ao contr\u00e1rio do passado, a miss\u00e3o atual n\u00e3o \u00e9 conquistar a liberdade, mas garantir a sua preserva\u00e7\u00e3o face ao que considera ser a crescente indiferen\u00e7a social.\" \/>\n<meta name=\"robots\" content=\"index, follow, max-snippet:-1, max-image-preview:large, max-video-preview:-1\" \/>\n<link rel=\"canonical\" href=\"https:\/\/www.altominho.tv\/site\/2026\/04\/25\/paredes-de-coura-assinala-25-de-abril-com-apelo-a-formacao-de-novos-capitaes-contra-a-indiferenca\/\" \/>\n<meta property=\"og:locale\" content=\"pt_PT\" \/>\n<meta property=\"og:type\" content=\"article\" \/>\n<meta property=\"og:title\" content=\"Paredes de Coura assinala 25 de Abril com apelo \u00e0 forma\u00e7\u00e3o de \u201cnovos Capit\u00e3es\u201d contra a indiferen\u00e7a\" \/>\n<meta property=\"og:description\" content=\"O presidente da C\u00e2mara de Paredes de Coura defendeu hoje a necessidade de formar \u201cnovos Capit\u00e3es de Abril\u201d, adaptados aos desafios contempor\u00e2neos, durante a\u00a0sess\u00e3o solene comemorativa do Revolu\u00e7\u00e3o dos Cravos, realizada na Assembleia Municipal. Tiago Cunha sublinhou que, ao contr\u00e1rio do passado, a miss\u00e3o atual n\u00e3o \u00e9 conquistar a liberdade, mas garantir a sua preserva\u00e7\u00e3o face ao que considera ser a crescente indiferen\u00e7a social.\" \/>\n<meta property=\"og:url\" content=\"https:\/\/www.altominho.tv\/site\/2026\/04\/25\/paredes-de-coura-assinala-25-de-abril-com-apelo-a-formacao-de-novos-capitaes-contra-a-indiferenca\/\" \/>\n<meta property=\"og:site_name\" content=\"Altominho.tv\" \/>\n<meta property=\"article:publisher\" content=\"https:\/\/www.facebook.com\/altominhotv\" \/>\n<meta property=\"article:published_time\" content=\"2026-04-25T17:18:17+00:00\" \/>\n<meta property=\"article:modified_time\" content=\"2026-04-25T17:18:18+00:00\" \/>\n<meta property=\"og:image\" content=\"https:\/\/www.altominho.tv\/site\/wp-content\/uploads\/2026\/04\/25-abril-coura.png\" \/>\n\t<meta property=\"og:image:width\" content=\"1200\" \/>\n\t<meta property=\"og:image:height\" content=\"630\" \/>\n\t<meta property=\"og:image:type\" content=\"image\/png\" \/>\n<meta name=\"author\" content=\"Cesar Lopes\" \/>\n<meta name=\"twitter:card\" content=\"summary_large_image\" \/>\n<meta name=\"twitter:creator\" content=\"@altominhoTV\" \/>\n<meta name=\"twitter:site\" content=\"@altominhoTV\" \/>\n<meta name=\"twitter:label1\" content=\"Escrito por\" \/>\n\t<meta name=\"twitter:data1\" content=\"Cesar Lopes\" \/>\n\t<meta name=\"twitter:label2\" content=\"Tempo estimado de leitura\" \/>\n\t<meta name=\"twitter:data2\" content=\"2 minutos\" \/>\n<script type=\"application\/ld+json\" class=\"yoast-schema-graph\">{\"@context\":\"https:\\\/\\\/schema.org\",\"@graph\":[{\"@type\":\"Article\",\"@id\":\"https:\\\/\\\/www.altominho.tv\\\/site\\\/2026\\\/04\\\/25\\\/paredes-de-coura-assinala-25-de-abril-com-apelo-a-formacao-de-novos-capitaes-contra-a-indiferenca\\\/#article\",\"isPartOf\":{\"@id\":\"https:\\\/\\\/www.altominho.tv\\\/site\\\/2026\\\/04\\\/25\\\/paredes-de-coura-assinala-25-de-abril-com-apelo-a-formacao-de-novos-capitaes-contra-a-indiferenca\\\/\"},\"author\":{\"name\":\"Cesar Lopes\",\"@id\":\"https:\\\/\\\/www.altominho.tv\\\/site\\\/#\\\/schema\\\/person\\\/c5570e5afb933b8d08c43373326ef1b1\"},\"headline\":\"Paredes de Coura assinala 25 de Abril com apelo \u00e0 forma\u00e7\u00e3o de \u201cnovos Capit\u00e3es\u201d contra a indiferen\u00e7a\",\"datePublished\":\"2026-04-25T17:18:17+00:00\",\"dateModified\":\"2026-04-25T17:18:18+00:00\",\"mainEntityOfPage\":{\"@id\":\"https:\\\/\\\/www.altominho.tv\\\/site\\\/2026\\\/04\\\/25\\\/paredes-de-coura-assinala-25-de-abril-com-apelo-a-formacao-de-novos-capitaes-contra-a-indiferenca\\\/\"},\"wordCount\":346,\"image\":{\"@id\":\"https:\\\/\\\/www.altominho.tv\\\/site\\\/2026\\\/04\\\/25\\\/paredes-de-coura-assinala-25-de-abril-com-apelo-a-formacao-de-novos-capitaes-contra-a-indiferenca\\\/#primaryimage\"},\"thumbnailUrl\":\"https:\\\/\\\/www.altominho.tv\\\/site\\\/wp-content\\\/uploads\\\/2026\\\/04\\\/25-abril-coura.png\",\"keywords\":[\"Pol\u00edtica\"],\"articleSection\":[\"Paredes de Coura\"],\"inLanguage\":\"pt-PT\",\"copyrightYear\":\"2026\",\"copyrightHolder\":{\"@id\":\"https:\\\/\\\/www.altominho.tv\\\/site\\\/#organization\"}},{\"@type\":\"WebPage\",\"@id\":\"https:\\\/\\\/www.altominho.tv\\\/site\\\/2026\\\/04\\\/25\\\/paredes-de-coura-assinala-25-de-abril-com-apelo-a-formacao-de-novos-capitaes-contra-a-indiferenca\\\/\",\"url\":\"https:\\\/\\\/www.altominho.tv\\\/site\\\/2026\\\/04\\\/25\\\/paredes-de-coura-assinala-25-de-abril-com-apelo-a-formacao-de-novos-capitaes-contra-a-indiferenca\\\/\",\"name\":\"Paredes de Coura assinala 25 de Abril com apelo \u00e0 forma\u00e7\u00e3o de \u201cnovos Capit\u00e3es\u201d contra a indiferen\u00e7a\",\"isPartOf\":{\"@id\":\"https:\\\/\\\/www.altominho.tv\\\/site\\\/#website\"},\"primaryImageOfPage\":{\"@id\":\"https:\\\/\\\/www.altominho.tv\\\/site\\\/2026\\\/04\\\/25\\\/paredes-de-coura-assinala-25-de-abril-com-apelo-a-formacao-de-novos-capitaes-contra-a-indiferenca\\\/#primaryimage\"},\"image\":{\"@id\":\"https:\\\/\\\/www.altominho.tv\\\/site\\\/2026\\\/04\\\/25\\\/paredes-de-coura-assinala-25-de-abril-com-apelo-a-formacao-de-novos-capitaes-contra-a-indiferenca\\\/#primaryimage\"},\"thumbnailUrl\":\"https:\\\/\\\/www.altominho.tv\\\/site\\\/wp-content\\\/uploads\\\/2026\\\/04\\\/25-abril-coura.png\",\"datePublished\":\"2026-04-25T17:18:17+00:00\",\"dateModified\":\"2026-04-25T17:18:18+00:00\",\"author\":{\"@id\":\"https:\\\/\\\/www.altominho.tv\\\/site\\\/#\\\/schema\\\/person\\\/c5570e5afb933b8d08c43373326ef1b1\"},\"description\":\"O presidente da C\u00e2mara de Paredes de Coura defendeu hoje a necessidade de formar \u201cnovos Capit\u00e3es de Abril\u201d, adaptados aos desafios contempor\u00e2neos, durante a\u00a0sess\u00e3o solene comemorativa do Revolu\u00e7\u00e3o dos Cravos, realizada na Assembleia Municipal. Tiago Cunha sublinhou que, ao contr\u00e1rio do passado, a miss\u00e3o atual n\u00e3o \u00e9 conquistar a liberdade, mas garantir a sua preserva\u00e7\u00e3o face ao que considera ser a crescente indiferen\u00e7a social.\",\"breadcrumb\":{\"@id\":\"https:\\\/\\\/www.altominho.tv\\\/site\\\/2026\\\/04\\\/25\\\/paredes-de-coura-assinala-25-de-abril-com-apelo-a-formacao-de-novos-capitaes-contra-a-indiferenca\\\/#breadcrumb\"},\"inLanguage\":\"pt-PT\",\"potentialAction\":[{\"@type\":\"ReadAction\",\"target\":[\"https:\\\/\\\/www.altominho.tv\\\/site\\\/2026\\\/04\\\/25\\\/paredes-de-coura-assinala-25-de-abril-com-apelo-a-formacao-de-novos-capitaes-contra-a-indiferenca\\\/\"]}]},{\"@type\":\"ImageObject\",\"inLanguage\":\"pt-PT\",\"@id\":\"https:\\\/\\\/www.altominho.tv\\\/site\\\/2026\\\/04\\\/25\\\/paredes-de-coura-assinala-25-de-abril-com-apelo-a-formacao-de-novos-capitaes-contra-a-indiferenca\\\/#primaryimage\",\"url\":\"https:\\\/\\\/www.altominho.tv\\\/site\\\/wp-content\\\/uploads\\\/2026\\\/04\\\/25-abril-coura.png\",\"contentUrl\":\"https:\\\/\\\/www.altominho.tv\\\/site\\\/wp-content\\\/uploads\\\/2026\\\/04\\\/25-abril-coura.png\",\"width\":1200,\"height\":630},{\"@type\":\"BreadcrumbList\",\"@id\":\"https:\\\/\\\/www.altominho.tv\\\/site\\\/2026\\\/04\\\/25\\\/paredes-de-coura-assinala-25-de-abril-com-apelo-a-formacao-de-novos-capitaes-contra-a-indiferenca\\\/#breadcrumb\",\"itemListElement\":[{\"@type\":\"ListItem\",\"position\":1,\"name\":\"In\u00edcio\",\"item\":\"https:\\\/\\\/www.altominho.tv\\\/site\\\/\"},{\"@type\":\"ListItem\",\"position\":2,\"name\":\"Paredes de Coura assinala 25 de Abril com apelo \u00e0 forma\u00e7\u00e3o de \u201cnovos Capit\u00e3es\u201d contra a indiferen\u00e7a\"}]},{\"@type\":\"WebSite\",\"@id\":\"https:\\\/\\\/www.altominho.tv\\\/site\\\/#website\",\"url\":\"https:\\\/\\\/www.altominho.tv\\\/site\\\/\",\"name\":\"Altominho.tv\",\"description\":\"A sua regi\u00e3o \u00e0 dist\u00e2ncia de um clique...\",\"potentialAction\":[{\"@type\":\"SearchAction\",\"target\":{\"@type\":\"EntryPoint\",\"urlTemplate\":\"https:\\\/\\\/www.altominho.tv\\\/site\\\/?s={search_term_string}\"},\"query-input\":{\"@type\":\"PropertyValueSpecification\",\"valueRequired\":true,\"valueName\":\"search_term_string\"}}],\"inLanguage\":\"pt-PT\"},{\"@type\":\"Person\",\"@id\":\"https:\\\/\\\/www.altominho.tv\\\/site\\\/#\\\/schema\\\/person\\\/c5570e5afb933b8d08c43373326ef1b1\",\"name\":\"Cesar Lopes\",\"image\":{\"@type\":\"ImageObject\",\"inLanguage\":\"pt-PT\",\"@id\":\"https:\\\/\\\/www.altominho.tv\\\/site\\\/wp-content\\\/uploads\\\/2022\\\/10\\\/Sem-Titulo-150x150.jpg\",\"url\":\"https:\\\/\\\/www.altominho.tv\\\/site\\\/wp-content\\\/uploads\\\/2022\\\/10\\\/Sem-Titulo-150x150.jpg\",\"contentUrl\":\"https:\\\/\\\/www.altominho.tv\\\/site\\\/wp-content\\\/uploads\\\/2022\\\/10\\\/Sem-Titulo-150x150.jpg\",\"caption\":\"Cesar Lopes\"},\"url\":\"https:\\\/\\\/www.altominho.tv\\\/site\\\/author\\\/cesarlopes\\\/\"}]}<\/script>\n<!-- \/ Yoast SEO Premium plugin. -->","yoast_head_json":{"title":"Paredes de Coura assinala 25 de Abril com apelo \u00e0 forma\u00e7\u00e3o de \u201cnovos Capit\u00e3es\u201d contra a indiferen\u00e7a","description":"O presidente da C\u00e2mara de Paredes de Coura defendeu hoje a necessidade de formar \u201cnovos Capit\u00e3es de Abril\u201d, adaptados aos desafios contempor\u00e2neos, durante a\u00a0sess\u00e3o solene comemorativa do Revolu\u00e7\u00e3o dos Cravos, realizada na Assembleia Municipal. Tiago Cunha sublinhou que, ao contr\u00e1rio do passado, a miss\u00e3o atual n\u00e3o \u00e9 conquistar a liberdade, mas garantir a sua preserva\u00e7\u00e3o face ao que considera ser a crescente indiferen\u00e7a social.","robots":{"index":"index","follow":"follow","max-snippet":"max-snippet:-1","max-image-preview":"max-image-preview:large","max-video-preview":"max-video-preview:-1"},"canonical":"https:\/\/www.altominho.tv\/site\/2026\/04\/25\/paredes-de-coura-assinala-25-de-abril-com-apelo-a-formacao-de-novos-capitaes-contra-a-indiferenca\/","og_locale":"pt_PT","og_type":"article","og_title":"Paredes de Coura assinala 25 de Abril com apelo \u00e0 forma\u00e7\u00e3o de \u201cnovos Capit\u00e3es\u201d contra a indiferen\u00e7a","og_description":"O presidente da C\u00e2mara de Paredes de Coura defendeu hoje a necessidade de formar \u201cnovos Capit\u00e3es de Abril\u201d, adaptados aos desafios contempor\u00e2neos, durante a\u00a0sess\u00e3o solene comemorativa do Revolu\u00e7\u00e3o dos Cravos, realizada na Assembleia Municipal. Tiago Cunha sublinhou que, ao contr\u00e1rio do passado, a miss\u00e3o atual n\u00e3o \u00e9 conquistar a liberdade, mas garantir a sua preserva\u00e7\u00e3o face ao que considera ser a crescente indiferen\u00e7a social.","og_url":"https:\/\/www.altominho.tv\/site\/2026\/04\/25\/paredes-de-coura-assinala-25-de-abril-com-apelo-a-formacao-de-novos-capitaes-contra-a-indiferenca\/","og_site_name":"Altominho.tv","article_publisher":"https:\/\/www.facebook.com\/altominhotv","article_published_time":"2026-04-25T17:18:17+00:00","article_modified_time":"2026-04-25T17:18:18+00:00","og_image":[{"width":1200,"height":630,"url":"https:\/\/www.altominho.tv\/site\/wp-content\/uploads\/2026\/04\/25-abril-coura.png","type":"image\/png"}],"author":"Cesar Lopes","twitter_card":"summary_large_image","twitter_creator":"@altominhoTV","twitter_site":"@altominhoTV","twitter_misc":{"Escrito por":"Cesar Lopes","Tempo estimado de leitura":"2 minutos"},"schema":{"@context":"https:\/\/schema.org","@graph":[{"@type":"Article","@id":"https:\/\/www.altominho.tv\/site\/2026\/04\/25\/paredes-de-coura-assinala-25-de-abril-com-apelo-a-formacao-de-novos-capitaes-contra-a-indiferenca\/#article","isPartOf":{"@id":"https:\/\/www.altominho.tv\/site\/2026\/04\/25\/paredes-de-coura-assinala-25-de-abril-com-apelo-a-formacao-de-novos-capitaes-contra-a-indiferenca\/"},"author":{"name":"Cesar Lopes","@id":"https:\/\/www.altominho.tv\/site\/#\/schema\/person\/c5570e5afb933b8d08c43373326ef1b1"},"headline":"Paredes de Coura assinala 25 de Abril com apelo \u00e0 forma\u00e7\u00e3o de \u201cnovos Capit\u00e3es\u201d contra a indiferen\u00e7a","datePublished":"2026-04-25T17:18:17+00:00","dateModified":"2026-04-25T17:18:18+00:00","mainEntityOfPage":{"@id":"https:\/\/www.altominho.tv\/site\/2026\/04\/25\/paredes-de-coura-assinala-25-de-abril-com-apelo-a-formacao-de-novos-capitaes-contra-a-indiferenca\/"},"wordCount":346,"image":{"@id":"https:\/\/www.altominho.tv\/site\/2026\/04\/25\/paredes-de-coura-assinala-25-de-abril-com-apelo-a-formacao-de-novos-capitaes-contra-a-indiferenca\/#primaryimage"},"thumbnailUrl":"https:\/\/www.altominho.tv\/site\/wp-content\/uploads\/2026\/04\/25-abril-coura.png","keywords":["Pol\u00edtica"],"articleSection":["Paredes de Coura"],"inLanguage":"pt-PT","copyrightYear":"2026","copyrightHolder":{"@id":"https:\/\/www.altominho.tv\/site\/#organization"}},{"@type":"WebPage","@id":"https:\/\/www.altominho.tv\/site\/2026\/04\/25\/paredes-de-coura-assinala-25-de-abril-com-apelo-a-formacao-de-novos-capitaes-contra-a-indiferenca\/","url":"https:\/\/www.altominho.tv\/site\/2026\/04\/25\/paredes-de-coura-assinala-25-de-abril-com-apelo-a-formacao-de-novos-capitaes-contra-a-indiferenca\/","name":"Paredes de Coura assinala 25 de Abril com apelo \u00e0 forma\u00e7\u00e3o de \u201cnovos Capit\u00e3es\u201d contra a indiferen\u00e7a","isPartOf":{"@id":"https:\/\/www.altominho.tv\/site\/#website"},"primaryImageOfPage":{"@id":"https:\/\/www.altominho.tv\/site\/2026\/04\/25\/paredes-de-coura-assinala-25-de-abril-com-apelo-a-formacao-de-novos-capitaes-contra-a-indiferenca\/#primaryimage"},"image":{"@id":"https:\/\/www.altominho.tv\/site\/2026\/04\/25\/paredes-de-coura-assinala-25-de-abril-com-apelo-a-formacao-de-novos-capitaes-contra-a-indiferenca\/#primaryimage"},"thumbnailUrl":"https:\/\/www.altominho.tv\/site\/wp-content\/uploads\/2026\/04\/25-abril-coura.png","datePublished":"2026-04-25T17:18:17+00:00","dateModified":"2026-04-25T17:18:18+00:00","author":{"@id":"https:\/\/www.altominho.tv\/site\/#\/schema\/person\/c5570e5afb933b8d08c43373326ef1b1"},"description":"O presidente da C\u00e2mara de Paredes de Coura defendeu hoje a necessidade de formar \u201cnovos Capit\u00e3es de Abril\u201d, adaptados aos desafios contempor\u00e2neos, durante a\u00a0sess\u00e3o solene comemorativa do Revolu\u00e7\u00e3o dos Cravos, realizada na Assembleia Municipal. Tiago Cunha sublinhou que, ao contr\u00e1rio do passado, a miss\u00e3o atual n\u00e3o \u00e9 conquistar a liberdade, mas garantir a sua preserva\u00e7\u00e3o face ao que considera ser a crescente indiferen\u00e7a social.","breadcrumb":{"@id":"https:\/\/www.altominho.tv\/site\/2026\/04\/25\/paredes-de-coura-assinala-25-de-abril-com-apelo-a-formacao-de-novos-capitaes-contra-a-indiferenca\/#breadcrumb"},"inLanguage":"pt-PT","potentialAction":[{"@type":"ReadAction","target":["https:\/\/www.altominho.tv\/site\/2026\/04\/25\/paredes-de-coura-assinala-25-de-abril-com-apelo-a-formacao-de-novos-capitaes-contra-a-indiferenca\/"]}]},{"@type":"ImageObject","inLanguage":"pt-PT","@id":"https:\/\/www.altominho.tv\/site\/2026\/04\/25\/paredes-de-coura-assinala-25-de-abril-com-apelo-a-formacao-de-novos-capitaes-contra-a-indiferenca\/#primaryimage","url":"https:\/\/www.altominho.tv\/site\/wp-content\/uploads\/2026\/04\/25-abril-coura.png","contentUrl":"https:\/\/www.altominho.tv\/site\/wp-content\/uploads\/2026\/04\/25-abril-coura.png","width":1200,"height":630},{"@type":"BreadcrumbList","@id":"https:\/\/www.altominho.tv\/site\/2026\/04\/25\/paredes-de-coura-assinala-25-de-abril-com-apelo-a-formacao-de-novos-capitaes-contra-a-indiferenca\/#breadcrumb","itemListElement":[{"@type":"ListItem","position":1,"name":"In\u00edcio","item":"https:\/\/www.altominho.tv\/site\/"},{"@type":"ListItem","position":2,"name":"Paredes de Coura assinala 25 de Abril com apelo \u00e0 forma\u00e7\u00e3o de \u201cnovos Capit\u00e3es\u201d contra a indiferen\u00e7a"}]},{"@type":"WebSite","@id":"https:\/\/www.altominho.tv\/site\/#website","url":"https:\/\/www.altominho.tv\/site\/","name":"Altominho.tv","description":"A sua regi\u00e3o \u00e0 dist\u00e2ncia de um clique...","potentialAction":[{"@type":"SearchAction","target":{"@type":"EntryPoint","urlTemplate":"https:\/\/www.altominho.tv\/site\/?s={search_term_string}"},"query-input":{"@type":"PropertyValueSpecification","valueRequired":true,"valueName":"search_term_string"}}],"inLanguage":"pt-PT"},{"@type":"Person","@id":"https:\/\/www.altominho.tv\/site\/#\/schema\/person\/c5570e5afb933b8d08c43373326ef1b1","name":"Cesar Lopes","image":{"@type":"ImageObject","inLanguage":"pt-PT","@id":"https:\/\/www.altominho.tv\/site\/wp-content\/uploads\/2022\/10\/Sem-Titulo-150x150.jpg","url":"https:\/\/www.altominho.tv\/site\/wp-content\/uploads\/2022\/10\/Sem-Titulo-150x150.jpg","contentUrl":"https:\/\/www.altominho.tv\/site\/wp-content\/uploads\/2022\/10\/Sem-Titulo-150x150.jpg","caption":"Cesar Lopes"},"url":"https:\/\/www.altominho.tv\/site\/author\/cesarlopes\/"}]}},"_links":{"self":[{"href":"https:\/\/www.altominho.tv\/site\/wp-json\/wp\/v2\/posts\/131627","targetHints":{"allow":["GET"]}}],"collection":[{"href":"https:\/\/www.altominho.tv\/site\/wp-json\/wp\/v2\/posts"}],"about":[{"href":"https:\/\/www.altominho.tv\/site\/wp-json\/wp\/v2\/types\/post"}],"author":[{"embeddable":true,"href":"https:\/\/www.altominho.tv\/site\/wp-json\/wp\/v2\/users\/24"}],"replies":[{"embeddable":true,"href":"https:\/\/www.altominho.tv\/site\/wp-json\/wp\/v2\/comments?post=131627"}],"version-history":[{"count":1,"href":"https:\/\/www.altominho.tv\/site\/wp-json\/wp\/v2\/posts\/131627\/revisions"}],"predecessor-version":[{"id":131629,"href":"https:\/\/www.altominho.tv\/site\/wp-json\/wp\/v2\/posts\/131627\/revisions\/131629"}],"wp:featuredmedia":[{"embeddable":true,"href":"https:\/\/www.altominho.tv\/site\/wp-json\/wp\/v2\/media\/131628"}],"wp:attachment":[{"href":"https:\/\/www.altominho.tv\/site\/wp-json\/wp\/v2\/media?parent=131627"}],"wp:term":[{"taxonomy":"category","embeddable":true,"href":"https:\/\/www.altominho.tv\/site\/wp-json\/wp\/v2\/categories?post=131627"},{"taxonomy":"post_tag","embeddable":true,"href":"https:\/\/www.altominho.tv\/site\/wp-json\/wp\/v2\/tags?post=131627"}],"curies":[{"name":"wp","href":"https:\/\/api.w.org\/{rel}","templated":true}]}}