{"id":131619,"date":"2026-04-25T13:39:48","date_gmt":"2026-04-25T12:39:48","guid":{"rendered":"https:\/\/www.altominho.tv\/site\/?p=131619"},"modified":"2026-04-25T13:40:08","modified_gmt":"2026-04-25T12:40:08","slug":"cerveirense-patricia-martins-destacada-na-forbes-portugal","status":"publish","type":"post","link":"https:\/\/www.altominho.tv\/site\/2026\/04\/25\/cerveirense-patricia-martins-destacada-na-forbes-portugal\/","title":{"rendered":"Cerveirense Patr\u00edcia Martins destacada na Forbes Portugal"},"content":{"rendered":"<p class=\"isSelectedEnd\">A empreendedora portuguesa Patr\u00edcia Martins, natural de Covas,\u00a0 Vila Nova de Cerveira, volta a estar em destaque ap\u00f3s uma recente men\u00e7\u00e3o na revista Forbes Portugal, que sublinha o seu percurso no mundo digital e a constru\u00e7\u00e3o de uma marca pr\u00f3pria com forte presen\u00e7a nas redes sociais.<\/p>\n<p class=\"isSelectedEnd\">Reconhecida como o rosto da marca de cal\u00e7ado Canevi, Patr\u00edcia Martins iniciou o seu percurso empresarial aos 21 anos, numa altura em que o com\u00e9rcio online ainda dava os primeiros passos em Portugal. Sem estrutura inicial nem investimento significativo, apostou num modelo de neg\u00f3cio assente na proximidade com o cliente e na entrega r\u00e1pida, diferenciando-se num mercado ainda pouco explorado.<\/p>\n<p class=\"isSelectedEnd\">O seu crescimento tem sido marcado por uma estrat\u00e9gia baseada na autenticidade e transpar\u00eancia, elementos que contribu\u00edram para consolidar uma rela\u00e7\u00e3o de confian\u00e7a com o p\u00fablico. Atualmente, as suas transmiss\u00f5es em direto nas redes sociais alcan\u00e7am centenas de milhares de visualiza\u00e7\u00f5es, traduzindo-se em resultados comerciais expressivos.<\/p>\n<p class=\"isSelectedEnd\">O percurso da empres\u00e1ria n\u00e3o foi, contudo, linear. Marcado por desafios pessoais e profissionais, foi constru\u00eddo de forma gradual, com aprendizagem cont\u00ednua e adapta\u00e7\u00e3o \u00e0s exig\u00eancias do mercado. Essa experi\u00eancia \u00e9 hoje apontada como um dos pilares da sua vis\u00e3o empresarial, agora mais estruturada e orientada para a sustentabilidade do neg\u00f3cio.<\/p>\n<p class=\"isSelectedEnd\">Paralelamente ao reconhecimento medi\u00e1tico, Patr\u00edcia Martins ser\u00e1 a pr\u00f3xima convidada da <strong>Altominho TV<\/strong> no podcast <em>\u201c\u00c0 Conversa no Alto Minho\u201d<\/em>. O epis\u00f3dio, que aborda o seu trajeto, desafios e perspetivas futuras, ficar\u00e1 dispon\u00edvel este domingo.<\/p>\n<p>A participa\u00e7\u00e3o neste podcast surge como mais um momento de partilha do seu percurso, que continua a inspirar pelo enfoque na resili\u00eancia, inova\u00e7\u00e3o e constru\u00e7\u00e3o de um legado no panorama do empreendedorismo digital em Portugal.<\/p>\n<p>Foto: <strong>Forbes Lab\/Doriana Sousa<\/strong><\/p>\n","protected":false},"excerpt":{"rendered":"<p>A empreendedora portuguesa Patr\u00edcia Martins, natural de Covas,\u00a0 Vila Nova de Cerveira, volta a estar em destaque ap\u00f3s uma recente men\u00e7\u00e3o na revista Forbes Portugal, que sublinha o seu percurso no mundo digital e a constru\u00e7\u00e3o de uma marca pr\u00f3pria com forte presen\u00e7a nas redes sociais. Reconhecida como o rosto da marca de cal\u00e7ado Canevi, [&hellip;]<\/p>\n","protected":false},"author":24,"featured_media":131620,"comment_status":"closed","ping_status":"closed","sticky":false,"template":"","format":"standard","meta":{"_exactmetrics_skip_tracking":false,"_exactmetrics_sitenote_active":false,"_exactmetrics_sitenote_note":"","_exactmetrics_sitenote_category":0,"footnotes":""},"categories":[15],"tags":[21],"class_list":["post-131619","post","type-post","status-publish","format-standard","has-post-thumbnail","hentry","category-vila-nova-de-cerveira","tag-economia"],"yoast_head":"<!-- This site is optimized with the Yoast SEO Premium plugin v27.4 (Yoast SEO v27.4) - https:\/\/yoast.com\/product\/yoast-seo-premium-wordpress\/ -->\n<title>Cerveirense Patr\u00edcia Martins destacada na Forbes Portugal<\/title>\n<meta name=\"description\" content=\"A empreendedora portuguesa Patr\u00edcia Martins, natural de Vila Nova de Cerveira, volta a estar em destaque ap\u00f3s uma recente men\u00e7\u00e3o na revista Forbes Portugal, que sublinha o seu percurso no mundo digital e a constru\u00e7\u00e3o de uma marca pr\u00f3pria com forte presen\u00e7a nas redes sociais.\" \/>\n<meta name=\"robots\" content=\"index, follow, max-snippet:-1, max-image-preview:large, max-video-preview:-1\" \/>\n<link rel=\"canonical\" href=\"https:\/\/www.altominho.tv\/site\/2026\/04\/25\/cerveirense-patricia-martins-destacada-na-forbes-portugal\/\" \/>\n<meta property=\"og:locale\" content=\"pt_PT\" \/>\n<meta property=\"og:type\" content=\"article\" \/>\n<meta property=\"og:title\" content=\"Cerveirense Patr\u00edcia Martins destacada na Forbes Portugal\" \/>\n<meta property=\"og:description\" content=\"A empreendedora portuguesa Patr\u00edcia Martins, natural de Vila Nova de Cerveira, volta a estar em destaque ap\u00f3s uma recente men\u00e7\u00e3o na revista Forbes Portugal, que sublinha o seu percurso no mundo digital e a constru\u00e7\u00e3o de uma marca pr\u00f3pria com forte presen\u00e7a nas redes sociais.\" \/>\n<meta property=\"og:url\" content=\"https:\/\/www.altominho.tv\/site\/2026\/04\/25\/cerveirense-patricia-martins-destacada-na-forbes-portugal\/\" \/>\n<meta property=\"og:site_name\" content=\"Altominho.tv\" \/>\n<meta property=\"article:publisher\" content=\"https:\/\/www.facebook.com\/altominhotv\" \/>\n<meta property=\"article:published_time\" content=\"2026-04-25T12:39:48+00:00\" \/>\n<meta property=\"article:modified_time\" content=\"2026-04-25T12:40:08+00:00\" \/>\n<meta property=\"og:image\" content=\"https:\/\/www.altominho.tv\/site\/wp-content\/uploads\/2026\/04\/patricia-martins.png\" \/>\n\t<meta property=\"og:image:width\" content=\"1200\" \/>\n\t<meta property=\"og:image:height\" content=\"630\" \/>\n\t<meta property=\"og:image:type\" content=\"image\/png\" \/>\n<meta name=\"author\" content=\"Cesar Lopes\" \/>\n<meta name=\"twitter:card\" content=\"summary_large_image\" \/>\n<meta name=\"twitter:creator\" content=\"@altominhoTV\" \/>\n<meta name=\"twitter:site\" content=\"@altominhoTV\" \/>\n<meta name=\"twitter:label1\" content=\"Escrito por\" \/>\n\t<meta name=\"twitter:data1\" content=\"Cesar Lopes\" \/>\n\t<meta name=\"twitter:label2\" content=\"Tempo estimado de leitura\" \/>\n\t<meta name=\"twitter:data2\" content=\"2 minutos\" \/>\n<script type=\"application\/ld+json\" class=\"yoast-schema-graph\">{\"@context\":\"https:\\\/\\\/schema.org\",\"@graph\":[{\"@type\":\"Article\",\"@id\":\"https:\\\/\\\/www.altominho.tv\\\/site\\\/2026\\\/04\\\/25\\\/cerveirense-patricia-martins-destacada-na-forbes-portugal\\\/#article\",\"isPartOf\":{\"@id\":\"https:\\\/\\\/www.altominho.tv\\\/site\\\/2026\\\/04\\\/25\\\/cerveirense-patricia-martins-destacada-na-forbes-portugal\\\/\"},\"author\":{\"name\":\"Cesar Lopes\",\"@id\":\"https:\\\/\\\/www.altominho.tv\\\/site\\\/#\\\/schema\\\/person\\\/c5570e5afb933b8d08c43373326ef1b1\"},\"headline\":\"Cerveirense Patr\u00edcia Martins destacada na Forbes Portugal\",\"datePublished\":\"2026-04-25T12:39:48+00:00\",\"dateModified\":\"2026-04-25T12:40:08+00:00\",\"mainEntityOfPage\":{\"@id\":\"https:\\\/\\\/www.altominho.tv\\\/site\\\/2026\\\/04\\\/25\\\/cerveirense-patricia-martins-destacada-na-forbes-portugal\\\/\"},\"wordCount\":321,\"image\":{\"@id\":\"https:\\\/\\\/www.altominho.tv\\\/site\\\/2026\\\/04\\\/25\\\/cerveirense-patricia-martins-destacada-na-forbes-portugal\\\/#primaryimage\"},\"thumbnailUrl\":\"https:\\\/\\\/www.altominho.tv\\\/site\\\/wp-content\\\/uploads\\\/2026\\\/04\\\/patricia-martins.png\",\"keywords\":[\"Economia\"],\"articleSection\":[\"Vila Nova de Cerveira\"],\"inLanguage\":\"pt-PT\",\"copyrightYear\":\"2026\",\"copyrightHolder\":{\"@id\":\"https:\\\/\\\/www.altominho.tv\\\/site\\\/#organization\"}},{\"@type\":\"WebPage\",\"@id\":\"https:\\\/\\\/www.altominho.tv\\\/site\\\/2026\\\/04\\\/25\\\/cerveirense-patricia-martins-destacada-na-forbes-portugal\\\/\",\"url\":\"https:\\\/\\\/www.altominho.tv\\\/site\\\/2026\\\/04\\\/25\\\/cerveirense-patricia-martins-destacada-na-forbes-portugal\\\/\",\"name\":\"Cerveirense Patr\u00edcia Martins destacada na Forbes Portugal\",\"isPartOf\":{\"@id\":\"https:\\\/\\\/www.altominho.tv\\\/site\\\/#website\"},\"primaryImageOfPage\":{\"@id\":\"https:\\\/\\\/www.altominho.tv\\\/site\\\/2026\\\/04\\\/25\\\/cerveirense-patricia-martins-destacada-na-forbes-portugal\\\/#primaryimage\"},\"image\":{\"@id\":\"https:\\\/\\\/www.altominho.tv\\\/site\\\/2026\\\/04\\\/25\\\/cerveirense-patricia-martins-destacada-na-forbes-portugal\\\/#primaryimage\"},\"thumbnailUrl\":\"https:\\\/\\\/www.altominho.tv\\\/site\\\/wp-content\\\/uploads\\\/2026\\\/04\\\/patricia-martins.png\",\"datePublished\":\"2026-04-25T12:39:48+00:00\",\"dateModified\":\"2026-04-25T12:40:08+00:00\",\"author\":{\"@id\":\"https:\\\/\\\/www.altominho.tv\\\/site\\\/#\\\/schema\\\/person\\\/c5570e5afb933b8d08c43373326ef1b1\"},\"description\":\"A empreendedora portuguesa Patr\u00edcia Martins, natural de Vila Nova de Cerveira, volta a estar em destaque ap\u00f3s uma recente men\u00e7\u00e3o na revista Forbes Portugal, que sublinha o seu percurso no mundo digital e a constru\u00e7\u00e3o de uma marca pr\u00f3pria com forte presen\u00e7a nas redes sociais.\",\"breadcrumb\":{\"@id\":\"https:\\\/\\\/www.altominho.tv\\\/site\\\/2026\\\/04\\\/25\\\/cerveirense-patricia-martins-destacada-na-forbes-portugal\\\/#breadcrumb\"},\"inLanguage\":\"pt-PT\",\"potentialAction\":[{\"@type\":\"ReadAction\",\"target\":[\"https:\\\/\\\/www.altominho.tv\\\/site\\\/2026\\\/04\\\/25\\\/cerveirense-patricia-martins-destacada-na-forbes-portugal\\\/\"]}]},{\"@type\":\"ImageObject\",\"inLanguage\":\"pt-PT\",\"@id\":\"https:\\\/\\\/www.altominho.tv\\\/site\\\/2026\\\/04\\\/25\\\/cerveirense-patricia-martins-destacada-na-forbes-portugal\\\/#primaryimage\",\"url\":\"https:\\\/\\\/www.altominho.tv\\\/site\\\/wp-content\\\/uploads\\\/2026\\\/04\\\/patricia-martins.png\",\"contentUrl\":\"https:\\\/\\\/www.altominho.tv\\\/site\\\/wp-content\\\/uploads\\\/2026\\\/04\\\/patricia-martins.png\",\"width\":1200,\"height\":630},{\"@type\":\"BreadcrumbList\",\"@id\":\"https:\\\/\\\/www.altominho.tv\\\/site\\\/2026\\\/04\\\/25\\\/cerveirense-patricia-martins-destacada-na-forbes-portugal\\\/#breadcrumb\",\"itemListElement\":[{\"@type\":\"ListItem\",\"position\":1,\"name\":\"In\u00edcio\",\"item\":\"https:\\\/\\\/www.altominho.tv\\\/site\\\/\"},{\"@type\":\"ListItem\",\"position\":2,\"name\":\"Cerveirense Patr\u00edcia Martins destacada na Forbes Portugal\"}]},{\"@type\":\"WebSite\",\"@id\":\"https:\\\/\\\/www.altominho.tv\\\/site\\\/#website\",\"url\":\"https:\\\/\\\/www.altominho.tv\\\/site\\\/\",\"name\":\"Altominho.tv\",\"description\":\"A sua regi\u00e3o \u00e0 dist\u00e2ncia de um clique...\",\"potentialAction\":[{\"@type\":\"SearchAction\",\"target\":{\"@type\":\"EntryPoint\",\"urlTemplate\":\"https:\\\/\\\/www.altominho.tv\\\/site\\\/?s={search_term_string}\"},\"query-input\":{\"@type\":\"PropertyValueSpecification\",\"valueRequired\":true,\"valueName\":\"search_term_string\"}}],\"inLanguage\":\"pt-PT\"},{\"@type\":\"Person\",\"@id\":\"https:\\\/\\\/www.altominho.tv\\\/site\\\/#\\\/schema\\\/person\\\/c5570e5afb933b8d08c43373326ef1b1\",\"name\":\"Cesar Lopes\",\"image\":{\"@type\":\"ImageObject\",\"inLanguage\":\"pt-PT\",\"@id\":\"https:\\\/\\\/www.altominho.tv\\\/site\\\/wp-content\\\/uploads\\\/2022\\\/10\\\/Sem-Titulo-150x150.jpg\",\"url\":\"https:\\\/\\\/www.altominho.tv\\\/site\\\/wp-content\\\/uploads\\\/2022\\\/10\\\/Sem-Titulo-150x150.jpg\",\"contentUrl\":\"https:\\\/\\\/www.altominho.tv\\\/site\\\/wp-content\\\/uploads\\\/2022\\\/10\\\/Sem-Titulo-150x150.jpg\",\"caption\":\"Cesar Lopes\"},\"url\":\"https:\\\/\\\/www.altominho.tv\\\/site\\\/author\\\/cesarlopes\\\/\"}]}<\/script>\n<!-- \/ Yoast SEO Premium plugin. -->","yoast_head_json":{"title":"Cerveirense Patr\u00edcia Martins destacada na Forbes Portugal","description":"A empreendedora portuguesa Patr\u00edcia Martins, natural de Vila Nova de Cerveira, volta a estar em destaque ap\u00f3s uma recente men\u00e7\u00e3o na revista Forbes Portugal, que sublinha o seu percurso no mundo digital e a constru\u00e7\u00e3o de uma marca pr\u00f3pria com forte presen\u00e7a nas redes sociais.","robots":{"index":"index","follow":"follow","max-snippet":"max-snippet:-1","max-image-preview":"max-image-preview:large","max-video-preview":"max-video-preview:-1"},"canonical":"https:\/\/www.altominho.tv\/site\/2026\/04\/25\/cerveirense-patricia-martins-destacada-na-forbes-portugal\/","og_locale":"pt_PT","og_type":"article","og_title":"Cerveirense Patr\u00edcia Martins destacada na Forbes Portugal","og_description":"A empreendedora portuguesa Patr\u00edcia Martins, natural de Vila Nova de Cerveira, volta a estar em destaque ap\u00f3s uma recente men\u00e7\u00e3o na revista Forbes Portugal, que sublinha o seu percurso no mundo digital e a constru\u00e7\u00e3o de uma marca pr\u00f3pria com forte presen\u00e7a nas redes sociais.","og_url":"https:\/\/www.altominho.tv\/site\/2026\/04\/25\/cerveirense-patricia-martins-destacada-na-forbes-portugal\/","og_site_name":"Altominho.tv","article_publisher":"https:\/\/www.facebook.com\/altominhotv","article_published_time":"2026-04-25T12:39:48+00:00","article_modified_time":"2026-04-25T12:40:08+00:00","og_image":[{"width":1200,"height":630,"url":"https:\/\/www.altominho.tv\/site\/wp-content\/uploads\/2026\/04\/patricia-martins.png","type":"image\/png"}],"author":"Cesar Lopes","twitter_card":"summary_large_image","twitter_creator":"@altominhoTV","twitter_site":"@altominhoTV","twitter_misc":{"Escrito por":"Cesar Lopes","Tempo estimado de leitura":"2 minutos"},"schema":{"@context":"https:\/\/schema.org","@graph":[{"@type":"Article","@id":"https:\/\/www.altominho.tv\/site\/2026\/04\/25\/cerveirense-patricia-martins-destacada-na-forbes-portugal\/#article","isPartOf":{"@id":"https:\/\/www.altominho.tv\/site\/2026\/04\/25\/cerveirense-patricia-martins-destacada-na-forbes-portugal\/"},"author":{"name":"Cesar Lopes","@id":"https:\/\/www.altominho.tv\/site\/#\/schema\/person\/c5570e5afb933b8d08c43373326ef1b1"},"headline":"Cerveirense Patr\u00edcia Martins destacada na Forbes Portugal","datePublished":"2026-04-25T12:39:48+00:00","dateModified":"2026-04-25T12:40:08+00:00","mainEntityOfPage":{"@id":"https:\/\/www.altominho.tv\/site\/2026\/04\/25\/cerveirense-patricia-martins-destacada-na-forbes-portugal\/"},"wordCount":321,"image":{"@id":"https:\/\/www.altominho.tv\/site\/2026\/04\/25\/cerveirense-patricia-martins-destacada-na-forbes-portugal\/#primaryimage"},"thumbnailUrl":"https:\/\/www.altominho.tv\/site\/wp-content\/uploads\/2026\/04\/patricia-martins.png","keywords":["Economia"],"articleSection":["Vila Nova de Cerveira"],"inLanguage":"pt-PT","copyrightYear":"2026","copyrightHolder":{"@id":"https:\/\/www.altominho.tv\/site\/#organization"}},{"@type":"WebPage","@id":"https:\/\/www.altominho.tv\/site\/2026\/04\/25\/cerveirense-patricia-martins-destacada-na-forbes-portugal\/","url":"https:\/\/www.altominho.tv\/site\/2026\/04\/25\/cerveirense-patricia-martins-destacada-na-forbes-portugal\/","name":"Cerveirense Patr\u00edcia Martins destacada na Forbes Portugal","isPartOf":{"@id":"https:\/\/www.altominho.tv\/site\/#website"},"primaryImageOfPage":{"@id":"https:\/\/www.altominho.tv\/site\/2026\/04\/25\/cerveirense-patricia-martins-destacada-na-forbes-portugal\/#primaryimage"},"image":{"@id":"https:\/\/www.altominho.tv\/site\/2026\/04\/25\/cerveirense-patricia-martins-destacada-na-forbes-portugal\/#primaryimage"},"thumbnailUrl":"https:\/\/www.altominho.tv\/site\/wp-content\/uploads\/2026\/04\/patricia-martins.png","datePublished":"2026-04-25T12:39:48+00:00","dateModified":"2026-04-25T12:40:08+00:00","author":{"@id":"https:\/\/www.altominho.tv\/site\/#\/schema\/person\/c5570e5afb933b8d08c43373326ef1b1"},"description":"A empreendedora portuguesa Patr\u00edcia Martins, natural de Vila Nova de Cerveira, volta a estar em destaque ap\u00f3s uma recente men\u00e7\u00e3o na revista Forbes Portugal, que sublinha o seu percurso no mundo digital e a constru\u00e7\u00e3o de uma marca pr\u00f3pria com forte presen\u00e7a nas redes sociais.","breadcrumb":{"@id":"https:\/\/www.altominho.tv\/site\/2026\/04\/25\/cerveirense-patricia-martins-destacada-na-forbes-portugal\/#breadcrumb"},"inLanguage":"pt-PT","potentialAction":[{"@type":"ReadAction","target":["https:\/\/www.altominho.tv\/site\/2026\/04\/25\/cerveirense-patricia-martins-destacada-na-forbes-portugal\/"]}]},{"@type":"ImageObject","inLanguage":"pt-PT","@id":"https:\/\/www.altominho.tv\/site\/2026\/04\/25\/cerveirense-patricia-martins-destacada-na-forbes-portugal\/#primaryimage","url":"https:\/\/www.altominho.tv\/site\/wp-content\/uploads\/2026\/04\/patricia-martins.png","contentUrl":"https:\/\/www.altominho.tv\/site\/wp-content\/uploads\/2026\/04\/patricia-martins.png","width":1200,"height":630},{"@type":"BreadcrumbList","@id":"https:\/\/www.altominho.tv\/site\/2026\/04\/25\/cerveirense-patricia-martins-destacada-na-forbes-portugal\/#breadcrumb","itemListElement":[{"@type":"ListItem","position":1,"name":"In\u00edcio","item":"https:\/\/www.altominho.tv\/site\/"},{"@type":"ListItem","position":2,"name":"Cerveirense Patr\u00edcia Martins destacada na Forbes Portugal"}]},{"@type":"WebSite","@id":"https:\/\/www.altominho.tv\/site\/#website","url":"https:\/\/www.altominho.tv\/site\/","name":"Altominho.tv","description":"A sua regi\u00e3o \u00e0 dist\u00e2ncia de um clique...","potentialAction":[{"@type":"SearchAction","target":{"@type":"EntryPoint","urlTemplate":"https:\/\/www.altominho.tv\/site\/?s={search_term_string}"},"query-input":{"@type":"PropertyValueSpecification","valueRequired":true,"valueName":"search_term_string"}}],"inLanguage":"pt-PT"},{"@type":"Person","@id":"https:\/\/www.altominho.tv\/site\/#\/schema\/person\/c5570e5afb933b8d08c43373326ef1b1","name":"Cesar Lopes","image":{"@type":"ImageObject","inLanguage":"pt-PT","@id":"https:\/\/www.altominho.tv\/site\/wp-content\/uploads\/2022\/10\/Sem-Titulo-150x150.jpg","url":"https:\/\/www.altominho.tv\/site\/wp-content\/uploads\/2022\/10\/Sem-Titulo-150x150.jpg","contentUrl":"https:\/\/www.altominho.tv\/site\/wp-content\/uploads\/2022\/10\/Sem-Titulo-150x150.jpg","caption":"Cesar Lopes"},"url":"https:\/\/www.altominho.tv\/site\/author\/cesarlopes\/"}]}},"_links":{"self":[{"href":"https:\/\/www.altominho.tv\/site\/wp-json\/wp\/v2\/posts\/131619","targetHints":{"allow":["GET"]}}],"collection":[{"href":"https:\/\/www.altominho.tv\/site\/wp-json\/wp\/v2\/posts"}],"about":[{"href":"https:\/\/www.altominho.tv\/site\/wp-json\/wp\/v2\/types\/post"}],"author":[{"embeddable":true,"href":"https:\/\/www.altominho.tv\/site\/wp-json\/wp\/v2\/users\/24"}],"replies":[{"embeddable":true,"href":"https:\/\/www.altominho.tv\/site\/wp-json\/wp\/v2\/comments?post=131619"}],"version-history":[{"count":2,"href":"https:\/\/www.altominho.tv\/site\/wp-json\/wp\/v2\/posts\/131619\/revisions"}],"predecessor-version":[{"id":131622,"href":"https:\/\/www.altominho.tv\/site\/wp-json\/wp\/v2\/posts\/131619\/revisions\/131622"}],"wp:featuredmedia":[{"embeddable":true,"href":"https:\/\/www.altominho.tv\/site\/wp-json\/wp\/v2\/media\/131620"}],"wp:attachment":[{"href":"https:\/\/www.altominho.tv\/site\/wp-json\/wp\/v2\/media?parent=131619"}],"wp:term":[{"taxonomy":"category","embeddable":true,"href":"https:\/\/www.altominho.tv\/site\/wp-json\/wp\/v2\/categories?post=131619"},{"taxonomy":"post_tag","embeddable":true,"href":"https:\/\/www.altominho.tv\/site\/wp-json\/wp\/v2\/tags?post=131619"}],"curies":[{"name":"wp","href":"https:\/\/api.w.org\/{rel}","templated":true}]}}