{"id":130922,"date":"2026-04-08T14:51:40","date_gmt":"2026-04-08T13:51:40","guid":{"rendered":"https:\/\/www.altominho.tv\/site\/?p=130922"},"modified":"2026-04-08T14:51:42","modified_gmt":"2026-04-08T13:51:42","slug":"arcos-de-valdevez-festas-romarias-senhora-da-lapa","status":"publish","type":"post","link":"https:\/\/www.altominho.tv\/site\/2026\/04\/08\/arcos-de-valdevez-festas-romarias-senhora-da-lapa\/","title":{"rendered":"Festas de Nossa Senhora da Lapa est\u00e3o de regresso de 1 a 9 de agosto"},"content":{"rendered":"\n<p>As Festas em Honra de Nossa Senhora da Lapa, no concelho de Arcos de Valdevez, est\u00e3o de regresso de 1 a 9 de agosto.<\/p>\n\n\n\n<p>A Associa\u00e7\u00e3o Folia, organizadora do evento, em conjunto com a C\u00e2mara Municipal, deu nota na p\u00e1gina Facebook, que as Festas t\u00eam in\u00edcio no dia 1 de agosto.<\/p>\n\n\n\n<p>Estas Festas concelhias t\u00eam um programa variado, que, segundo a organiza\u00e7\u00e3o, ser\u00e1 revelado brevemente. <\/p>\n\n\n\n<figure class=\"wp-block-image size-large\"><img loading=\"lazy\" decoding=\"async\" width=\"1018\" height=\"1024\" src=\"https:\/\/www.altominho.tv\/site\/wp-content\/uploads\/2026\/04\/660481633_1390182429815527_5687617615895733191_n-1018x1024.jpeg\" alt=\"\" class=\"wp-image-130923\" srcset=\"https:\/\/www.altominho.tv\/site\/wp-content\/uploads\/2026\/04\/660481633_1390182429815527_5687617615895733191_n-1018x1024.jpeg 1018w, https:\/\/www.altominho.tv\/site\/wp-content\/uploads\/2026\/04\/660481633_1390182429815527_5687617615895733191_n-430x433.jpeg 430w, https:\/\/www.altominho.tv\/site\/wp-content\/uploads\/2026\/04\/660481633_1390182429815527_5687617615895733191_n-150x150.jpeg 150w, https:\/\/www.altominho.tv\/site\/wp-content\/uploads\/2026\/04\/660481633_1390182429815527_5687617615895733191_n-768x773.jpeg 768w, https:\/\/www.altominho.tv\/site\/wp-content\/uploads\/2026\/04\/660481633_1390182429815527_5687617615895733191_n-370x372.jpeg 370w, https:\/\/www.altominho.tv\/site\/wp-content\/uploads\/2026\/04\/660481633_1390182429815527_5687617615895733191_n-270x272.jpeg 270w, https:\/\/www.altominho.tv\/site\/wp-content\/uploads\/2026\/04\/660481633_1390182429815527_5687617615895733191_n-570x573.jpeg 570w, https:\/\/www.altominho.tv\/site\/wp-content\/uploads\/2026\/04\/660481633_1390182429815527_5687617615895733191_n-740x744.jpeg 740w, https:\/\/www.altominho.tv\/site\/wp-content\/uploads\/2026\/04\/660481633_1390182429815527_5687617615895733191_n.jpeg 1178w\" sizes=\"auto, (max-width: 1018px) 100vw, 1018px\" \/><\/figure>\n\n\n\n<p>Fotografia: <strong>Altominho TV<\/strong><\/p>\n","protected":false},"excerpt":{"rendered":"<p>As Festas em Honra de Nossa Senhora da Lapa, no concelho de Arcos de Valdevez, est\u00e3o de regresso de 1 a 9 de agosto. A Associa\u00e7\u00e3o Folia, organizadora do evento, em conjunto com a C\u00e2mara Municipal, deu nota na p\u00e1gina Facebook, que as Festas t\u00eam in\u00edcio no dia 1 de agosto. Estas Festas concelhias t\u00eam [&hellip;]<\/p>\n","protected":false},"author":7,"featured_media":130924,"comment_status":"closed","ping_status":"closed","sticky":false,"template":"","format":"standard","meta":{"_exactmetrics_skip_tracking":false,"_exactmetrics_sitenote_active":false,"_exactmetrics_sitenote_note":"","_exactmetrics_sitenote_category":0,"footnotes":""},"categories":[2],"tags":[27],"class_list":["post-130922","post","type-post","status-publish","format-standard","has-post-thumbnail","hentry","category-arcos-de-valdevez","tag-sociedade"],"yoast_head":"<!-- This site is optimized with the Yoast SEO Premium plugin v27.5 (Yoast SEO v27.5) - https:\/\/yoast.com\/product\/yoast-seo-premium-wordpress\/ -->\n<title>Festas de Nossa Senhora da Lapa est\u00e3o de regresso de 1 a 9 de agosto<\/title>\n<meta name=\"description\" content=\"Festas de Nossa Senhora da Lapa est\u00e3o de regresso de 1 a 9 de agosto.\" \/>\n<meta name=\"robots\" content=\"index, follow, max-snippet:-1, max-image-preview:large, max-video-preview:-1\" \/>\n<link rel=\"canonical\" href=\"https:\/\/www.altominho.tv\/site\/2026\/04\/08\/arcos-de-valdevez-festas-romarias-senhora-da-lapa\/\" \/>\n<meta property=\"og:locale\" content=\"pt_PT\" \/>\n<meta property=\"og:type\" content=\"article\" \/>\n<meta property=\"og:title\" content=\"Festas de Nossa Senhora da Lapa est\u00e3o de regresso de 1 a 9 de agosto\" \/>\n<meta property=\"og:description\" content=\"Festas de Nossa Senhora da Lapa est\u00e3o de regresso de 1 a 9 de agosto.\" \/>\n<meta property=\"og:url\" content=\"https:\/\/www.altominho.tv\/site\/2026\/04\/08\/arcos-de-valdevez-festas-romarias-senhora-da-lapa\/\" \/>\n<meta property=\"og:site_name\" content=\"Altominho.tv\" \/>\n<meta property=\"article:publisher\" content=\"https:\/\/www.facebook.com\/altominhotv\" \/>\n<meta property=\"article:published_time\" content=\"2026-04-08T13:51:40+00:00\" \/>\n<meta property=\"article:modified_time\" content=\"2026-04-08T13:51:42+00:00\" \/>\n<meta property=\"og:image\" content=\"https:\/\/www.altominho.tv\/site\/wp-content\/uploads\/2026\/04\/festas.png\" \/>\n\t<meta property=\"og:image:width\" content=\"1200\" \/>\n\t<meta property=\"og:image:height\" content=\"630\" \/>\n\t<meta property=\"og:image:type\" content=\"image\/png\" \/>\n<meta name=\"author\" content=\"Andreia Cunha\" \/>\n<meta name=\"twitter:card\" content=\"summary_large_image\" \/>\n<meta name=\"twitter:creator\" content=\"@altominhoTV\" \/>\n<meta name=\"twitter:site\" content=\"@altominhoTV\" \/>\n<meta name=\"twitter:label1\" content=\"Escrito por\" \/>\n\t<meta name=\"twitter:data1\" content=\"Andreia Cunha\" \/>\n\t<meta name=\"twitter:label2\" content=\"Tempo estimado de leitura\" \/>\n\t<meta name=\"twitter:data2\" content=\"1 minuto\" \/>\n<script type=\"application\/ld+json\" class=\"yoast-schema-graph\">{\"@context\":\"https:\\\/\\\/schema.org\",\"@graph\":[{\"@type\":\"Article\",\"@id\":\"https:\\\/\\\/www.altominho.tv\\\/site\\\/2026\\\/04\\\/08\\\/arcos-de-valdevez-festas-romarias-senhora-da-lapa\\\/#article\",\"isPartOf\":{\"@id\":\"https:\\\/\\\/www.altominho.tv\\\/site\\\/2026\\\/04\\\/08\\\/arcos-de-valdevez-festas-romarias-senhora-da-lapa\\\/\"},\"author\":{\"name\":\"Andreia Cunha\",\"@id\":\"https:\\\/\\\/www.altominho.tv\\\/site\\\/#\\\/schema\\\/person\\\/a0e4ef6d041f98ca284393d8f1d97153\"},\"headline\":\"Festas de Nossa Senhora da Lapa est\u00e3o de regresso de 1 a 9 de agosto\",\"datePublished\":\"2026-04-08T13:51:40+00:00\",\"dateModified\":\"2026-04-08T13:51:42+00:00\",\"mainEntityOfPage\":{\"@id\":\"https:\\\/\\\/www.altominho.tv\\\/site\\\/2026\\\/04\\\/08\\\/arcos-de-valdevez-festas-romarias-senhora-da-lapa\\\/\"},\"wordCount\":87,\"image\":{\"@id\":\"https:\\\/\\\/www.altominho.tv\\\/site\\\/2026\\\/04\\\/08\\\/arcos-de-valdevez-festas-romarias-senhora-da-lapa\\\/#primaryimage\"},\"thumbnailUrl\":\"https:\\\/\\\/www.altominho.tv\\\/site\\\/wp-content\\\/uploads\\\/2026\\\/04\\\/festas.png\",\"keywords\":[\"Sociedade\"],\"articleSection\":[\"Arcos de Valdevez\"],\"inLanguage\":\"pt-PT\",\"copyrightYear\":\"2026\",\"copyrightHolder\":{\"@id\":\"https:\\\/\\\/www.altominho.tv\\\/site\\\/#organization\"}},{\"@type\":\"WebPage\",\"@id\":\"https:\\\/\\\/www.altominho.tv\\\/site\\\/2026\\\/04\\\/08\\\/arcos-de-valdevez-festas-romarias-senhora-da-lapa\\\/\",\"url\":\"https:\\\/\\\/www.altominho.tv\\\/site\\\/2026\\\/04\\\/08\\\/arcos-de-valdevez-festas-romarias-senhora-da-lapa\\\/\",\"name\":\"Festas de Nossa Senhora da Lapa est\u00e3o de regresso de 1 a 9 de agosto\",\"isPartOf\":{\"@id\":\"https:\\\/\\\/www.altominho.tv\\\/site\\\/#website\"},\"primaryImageOfPage\":{\"@id\":\"https:\\\/\\\/www.altominho.tv\\\/site\\\/2026\\\/04\\\/08\\\/arcos-de-valdevez-festas-romarias-senhora-da-lapa\\\/#primaryimage\"},\"image\":{\"@id\":\"https:\\\/\\\/www.altominho.tv\\\/site\\\/2026\\\/04\\\/08\\\/arcos-de-valdevez-festas-romarias-senhora-da-lapa\\\/#primaryimage\"},\"thumbnailUrl\":\"https:\\\/\\\/www.altominho.tv\\\/site\\\/wp-content\\\/uploads\\\/2026\\\/04\\\/festas.png\",\"datePublished\":\"2026-04-08T13:51:40+00:00\",\"dateModified\":\"2026-04-08T13:51:42+00:00\",\"author\":{\"@id\":\"https:\\\/\\\/www.altominho.tv\\\/site\\\/#\\\/schema\\\/person\\\/a0e4ef6d041f98ca284393d8f1d97153\"},\"description\":\"Festas de Nossa Senhora da Lapa est\u00e3o de regresso de 1 a 9 de agosto.\",\"breadcrumb\":{\"@id\":\"https:\\\/\\\/www.altominho.tv\\\/site\\\/2026\\\/04\\\/08\\\/arcos-de-valdevez-festas-romarias-senhora-da-lapa\\\/#breadcrumb\"},\"inLanguage\":\"pt-PT\",\"potentialAction\":[{\"@type\":\"ReadAction\",\"target\":[\"https:\\\/\\\/www.altominho.tv\\\/site\\\/2026\\\/04\\\/08\\\/arcos-de-valdevez-festas-romarias-senhora-da-lapa\\\/\"]}]},{\"@type\":\"ImageObject\",\"inLanguage\":\"pt-PT\",\"@id\":\"https:\\\/\\\/www.altominho.tv\\\/site\\\/2026\\\/04\\\/08\\\/arcos-de-valdevez-festas-romarias-senhora-da-lapa\\\/#primaryimage\",\"url\":\"https:\\\/\\\/www.altominho.tv\\\/site\\\/wp-content\\\/uploads\\\/2026\\\/04\\\/festas.png\",\"contentUrl\":\"https:\\\/\\\/www.altominho.tv\\\/site\\\/wp-content\\\/uploads\\\/2026\\\/04\\\/festas.png\",\"width\":1200,\"height\":630},{\"@type\":\"BreadcrumbList\",\"@id\":\"https:\\\/\\\/www.altominho.tv\\\/site\\\/2026\\\/04\\\/08\\\/arcos-de-valdevez-festas-romarias-senhora-da-lapa\\\/#breadcrumb\",\"itemListElement\":[{\"@type\":\"ListItem\",\"position\":1,\"name\":\"In\u00edcio\",\"item\":\"https:\\\/\\\/www.altominho.tv\\\/site\\\/\"},{\"@type\":\"ListItem\",\"position\":2,\"name\":\"Festas de Nossa Senhora da Lapa est\u00e3o de regresso de 1 a 9 de agosto\"}]},{\"@type\":\"WebSite\",\"@id\":\"https:\\\/\\\/www.altominho.tv\\\/site\\\/#website\",\"url\":\"https:\\\/\\\/www.altominho.tv\\\/site\\\/\",\"name\":\"Altominho.tv\",\"description\":\"A sua regi\u00e3o \u00e0 dist\u00e2ncia de um clique...\",\"potentialAction\":[{\"@type\":\"SearchAction\",\"target\":{\"@type\":\"EntryPoint\",\"urlTemplate\":\"https:\\\/\\\/www.altominho.tv\\\/site\\\/?s={search_term_string}\"},\"query-input\":{\"@type\":\"PropertyValueSpecification\",\"valueRequired\":true,\"valueName\":\"search_term_string\"}}],\"inLanguage\":\"pt-PT\"},{\"@type\":\"Person\",\"@id\":\"https:\\\/\\\/www.altominho.tv\\\/site\\\/#\\\/schema\\\/person\\\/a0e4ef6d041f98ca284393d8f1d97153\",\"name\":\"Andreia Cunha\",\"image\":{\"@type\":\"ImageObject\",\"inLanguage\":\"pt-PT\",\"@id\":\"https:\\\/\\\/www.altominho.tv\\\/site\\\/wp-content\\\/uploads\\\/2017\\\/11\\\/Andreia_Cunha-1-150x150.jpg\",\"url\":\"https:\\\/\\\/www.altominho.tv\\\/site\\\/wp-content\\\/uploads\\\/2017\\\/11\\\/Andreia_Cunha-1-150x150.jpg\",\"contentUrl\":\"https:\\\/\\\/www.altominho.tv\\\/site\\\/wp-content\\\/uploads\\\/2017\\\/11\\\/Andreia_Cunha-1-150x150.jpg\",\"caption\":\"Andreia Cunha\"},\"url\":\"https:\\\/\\\/www.altominho.tv\\\/site\\\/author\\\/andreiacunha\\\/\"}]}<\/script>\n<!-- \/ Yoast SEO Premium plugin. -->","yoast_head_json":{"title":"Festas de Nossa Senhora da Lapa est\u00e3o de regresso de 1 a 9 de agosto","description":"Festas de Nossa Senhora da Lapa est\u00e3o de regresso de 1 a 9 de agosto.","robots":{"index":"index","follow":"follow","max-snippet":"max-snippet:-1","max-image-preview":"max-image-preview:large","max-video-preview":"max-video-preview:-1"},"canonical":"https:\/\/www.altominho.tv\/site\/2026\/04\/08\/arcos-de-valdevez-festas-romarias-senhora-da-lapa\/","og_locale":"pt_PT","og_type":"article","og_title":"Festas de Nossa Senhora da Lapa est\u00e3o de regresso de 1 a 9 de agosto","og_description":"Festas de Nossa Senhora da Lapa est\u00e3o de regresso de 1 a 9 de agosto.","og_url":"https:\/\/www.altominho.tv\/site\/2026\/04\/08\/arcos-de-valdevez-festas-romarias-senhora-da-lapa\/","og_site_name":"Altominho.tv","article_publisher":"https:\/\/www.facebook.com\/altominhotv","article_published_time":"2026-04-08T13:51:40+00:00","article_modified_time":"2026-04-08T13:51:42+00:00","og_image":[{"width":1200,"height":630,"url":"https:\/\/www.altominho.tv\/site\/wp-content\/uploads\/2026\/04\/festas.png","type":"image\/png"}],"author":"Andreia Cunha","twitter_card":"summary_large_image","twitter_creator":"@altominhoTV","twitter_site":"@altominhoTV","twitter_misc":{"Escrito por":"Andreia Cunha","Tempo estimado de leitura":"1 minuto"},"schema":{"@context":"https:\/\/schema.org","@graph":[{"@type":"Article","@id":"https:\/\/www.altominho.tv\/site\/2026\/04\/08\/arcos-de-valdevez-festas-romarias-senhora-da-lapa\/#article","isPartOf":{"@id":"https:\/\/www.altominho.tv\/site\/2026\/04\/08\/arcos-de-valdevez-festas-romarias-senhora-da-lapa\/"},"author":{"name":"Andreia Cunha","@id":"https:\/\/www.altominho.tv\/site\/#\/schema\/person\/a0e4ef6d041f98ca284393d8f1d97153"},"headline":"Festas de Nossa Senhora da Lapa est\u00e3o de regresso de 1 a 9 de agosto","datePublished":"2026-04-08T13:51:40+00:00","dateModified":"2026-04-08T13:51:42+00:00","mainEntityOfPage":{"@id":"https:\/\/www.altominho.tv\/site\/2026\/04\/08\/arcos-de-valdevez-festas-romarias-senhora-da-lapa\/"},"wordCount":87,"image":{"@id":"https:\/\/www.altominho.tv\/site\/2026\/04\/08\/arcos-de-valdevez-festas-romarias-senhora-da-lapa\/#primaryimage"},"thumbnailUrl":"https:\/\/www.altominho.tv\/site\/wp-content\/uploads\/2026\/04\/festas.png","keywords":["Sociedade"],"articleSection":["Arcos de Valdevez"],"inLanguage":"pt-PT","copyrightYear":"2026","copyrightHolder":{"@id":"https:\/\/www.altominho.tv\/site\/#organization"}},{"@type":"WebPage","@id":"https:\/\/www.altominho.tv\/site\/2026\/04\/08\/arcos-de-valdevez-festas-romarias-senhora-da-lapa\/","url":"https:\/\/www.altominho.tv\/site\/2026\/04\/08\/arcos-de-valdevez-festas-romarias-senhora-da-lapa\/","name":"Festas de Nossa Senhora da Lapa est\u00e3o de regresso de 1 a 9 de agosto","isPartOf":{"@id":"https:\/\/www.altominho.tv\/site\/#website"},"primaryImageOfPage":{"@id":"https:\/\/www.altominho.tv\/site\/2026\/04\/08\/arcos-de-valdevez-festas-romarias-senhora-da-lapa\/#primaryimage"},"image":{"@id":"https:\/\/www.altominho.tv\/site\/2026\/04\/08\/arcos-de-valdevez-festas-romarias-senhora-da-lapa\/#primaryimage"},"thumbnailUrl":"https:\/\/www.altominho.tv\/site\/wp-content\/uploads\/2026\/04\/festas.png","datePublished":"2026-04-08T13:51:40+00:00","dateModified":"2026-04-08T13:51:42+00:00","author":{"@id":"https:\/\/www.altominho.tv\/site\/#\/schema\/person\/a0e4ef6d041f98ca284393d8f1d97153"},"description":"Festas de Nossa Senhora da Lapa est\u00e3o de regresso de 1 a 9 de agosto.","breadcrumb":{"@id":"https:\/\/www.altominho.tv\/site\/2026\/04\/08\/arcos-de-valdevez-festas-romarias-senhora-da-lapa\/#breadcrumb"},"inLanguage":"pt-PT","potentialAction":[{"@type":"ReadAction","target":["https:\/\/www.altominho.tv\/site\/2026\/04\/08\/arcos-de-valdevez-festas-romarias-senhora-da-lapa\/"]}]},{"@type":"ImageObject","inLanguage":"pt-PT","@id":"https:\/\/www.altominho.tv\/site\/2026\/04\/08\/arcos-de-valdevez-festas-romarias-senhora-da-lapa\/#primaryimage","url":"https:\/\/www.altominho.tv\/site\/wp-content\/uploads\/2026\/04\/festas.png","contentUrl":"https:\/\/www.altominho.tv\/site\/wp-content\/uploads\/2026\/04\/festas.png","width":1200,"height":630},{"@type":"BreadcrumbList","@id":"https:\/\/www.altominho.tv\/site\/2026\/04\/08\/arcos-de-valdevez-festas-romarias-senhora-da-lapa\/#breadcrumb","itemListElement":[{"@type":"ListItem","position":1,"name":"In\u00edcio","item":"https:\/\/www.altominho.tv\/site\/"},{"@type":"ListItem","position":2,"name":"Festas de Nossa Senhora da Lapa est\u00e3o de regresso de 1 a 9 de agosto"}]},{"@type":"WebSite","@id":"https:\/\/www.altominho.tv\/site\/#website","url":"https:\/\/www.altominho.tv\/site\/","name":"Altominho.tv","description":"A sua regi\u00e3o \u00e0 dist\u00e2ncia de um clique...","potentialAction":[{"@type":"SearchAction","target":{"@type":"EntryPoint","urlTemplate":"https:\/\/www.altominho.tv\/site\/?s={search_term_string}"},"query-input":{"@type":"PropertyValueSpecification","valueRequired":true,"valueName":"search_term_string"}}],"inLanguage":"pt-PT"},{"@type":"Person","@id":"https:\/\/www.altominho.tv\/site\/#\/schema\/person\/a0e4ef6d041f98ca284393d8f1d97153","name":"Andreia Cunha","image":{"@type":"ImageObject","inLanguage":"pt-PT","@id":"https:\/\/www.altominho.tv\/site\/wp-content\/uploads\/2017\/11\/Andreia_Cunha-1-150x150.jpg","url":"https:\/\/www.altominho.tv\/site\/wp-content\/uploads\/2017\/11\/Andreia_Cunha-1-150x150.jpg","contentUrl":"https:\/\/www.altominho.tv\/site\/wp-content\/uploads\/2017\/11\/Andreia_Cunha-1-150x150.jpg","caption":"Andreia Cunha"},"url":"https:\/\/www.altominho.tv\/site\/author\/andreiacunha\/"}]}},"_links":{"self":[{"href":"https:\/\/www.altominho.tv\/site\/wp-json\/wp\/v2\/posts\/130922","targetHints":{"allow":["GET"]}}],"collection":[{"href":"https:\/\/www.altominho.tv\/site\/wp-json\/wp\/v2\/posts"}],"about":[{"href":"https:\/\/www.altominho.tv\/site\/wp-json\/wp\/v2\/types\/post"}],"author":[{"embeddable":true,"href":"https:\/\/www.altominho.tv\/site\/wp-json\/wp\/v2\/users\/7"}],"replies":[{"embeddable":true,"href":"https:\/\/www.altominho.tv\/site\/wp-json\/wp\/v2\/comments?post=130922"}],"version-history":[{"count":1,"href":"https:\/\/www.altominho.tv\/site\/wp-json\/wp\/v2\/posts\/130922\/revisions"}],"predecessor-version":[{"id":130925,"href":"https:\/\/www.altominho.tv\/site\/wp-json\/wp\/v2\/posts\/130922\/revisions\/130925"}],"wp:featuredmedia":[{"embeddable":true,"href":"https:\/\/www.altominho.tv\/site\/wp-json\/wp\/v2\/media\/130924"}],"wp:attachment":[{"href":"https:\/\/www.altominho.tv\/site\/wp-json\/wp\/v2\/media?parent=130922"}],"wp:term":[{"taxonomy":"category","embeddable":true,"href":"https:\/\/www.altominho.tv\/site\/wp-json\/wp\/v2\/categories?post=130922"},{"taxonomy":"post_tag","embeddable":true,"href":"https:\/\/www.altominho.tv\/site\/wp-json\/wp\/v2\/tags?post=130922"}],"curies":[{"name":"wp","href":"https:\/\/api.w.org\/{rel}","templated":true}]}}