{"id":130902,"date":"2026-04-08T09:40:13","date_gmt":"2026-04-08T08:40:13","guid":{"rendered":"https:\/\/www.altominho.tv\/site\/?p=130902"},"modified":"2026-04-08T09:40:15","modified_gmt":"2026-04-08T08:40:15","slug":"festa-do-livro-regressa-a-caminha-com-duas-semanas-dedicadas-a-leitura-e-a-cultura","status":"publish","type":"post","link":"https:\/\/www.altominho.tv\/site\/2026\/04\/08\/festa-do-livro-regressa-a-caminha-com-duas-semanas-dedicadas-a-leitura-e-a-cultura\/","title":{"rendered":"Festa do Livro regressa a Caminha com duas semanas dedicadas \u00e0 leitura e \u00e0 cultura"},"content":{"rendered":"<div class=\"text-base my-auto mx-auto [--thread-content-margin:var(--thread-content-margin-xs,calc(var(--spacing)*4))] @w-sm\/main:[--thread-content-margin:var(--thread-content-margin-sm,calc(var(--spacing)*6))] @w-lg\/main:[--thread-content-margin:var(--thread-content-margin-lg,calc(var(--spacing)*16))] px-(--thread-content-margin)\">\n<div class=\"[--thread-content-max-width:40rem] @w-lg\/main:[--thread-content-max-width:48rem] mx-auto max-w-(--thread-content-max-width) flex-1 group\/turn-messages focus-visible:outline-hidden relative flex w-full min-w-0 flex-col agent-turn\">\n<div class=\"flex max-w-full flex-col gap-4 grow\">\n<div class=\"min-h-8 text-message relative flex w-full flex-col items-end gap-2 text-start break-words whitespace-normal outline-none keyboard-focused:focus-ring [.text-message+&amp;]:mt-1\" dir=\"auto\" data-message-author-role=\"assistant\" data-message-id=\"fe83edbf-1035-43ac-b9fc-0f8f1318a94e\" data-message-model-slug=\"gpt-5-3\">\n<div class=\"flex w-full flex-col gap-1 empty:hidden\">\n<div class=\"markdown prose dark:prose-invert w-full wrap-break-word dark markdown-new-styling\">\n<p data-start=\"88\" data-end=\"344\">O concelho de <span class=\"hover:entity-accent entity-underline inline cursor-pointer align-baseline\"><span class=\"whitespace-normal\">Caminha<\/span><\/span> recebe, entre os dias 14 e 24 de abril, mais uma edi\u00e7\u00e3o da Festa do Livro, uma iniciativa que decorre nas bibliotecas locais e que apresenta um programa diversificado dirigido a diferentes faixas et\u00e1rias.<\/p>\n<p data-start=\"346\" data-end=\"714\">Ao longo de duas semanas, espa\u00e7os como a Biblioteca Municipal de Caminha e a Ludoteca\/Biblioteca de <span class=\"hover:entity-accent entity-underline inline cursor-pointer align-baseline\"><span class=\"whitespace-normal\">Vila Praia de \u00c2ncora<\/span><\/span> v\u00e3o acolher venda e exposi\u00e7\u00e3o de livros, apresenta\u00e7\u00f5es liter\u00e1rias e encontros com a escritora <span class=\"hover:entity-accent entity-underline inline cursor-pointer align-baseline\"><span class=\"whitespace-normal\">Sara Rebello da Silva<\/span><\/span>, com sess\u00f5es especialmente orientadas para alunos do pr\u00e9-escolar e dos primeiros ciclos de ensino.<\/p>\n<p data-start=\"716\" data-end=\"1026\">A programa\u00e7\u00e3o inclui ainda a vertente teatral, com a pe\u00e7a \u201cCaminhos Cruzados\u201d, produzida pela <span class=\"hover:entity-accent entity-underline inline cursor-pointer align-baseline\"><span class=\"whitespace-normal\">Kris\u00e1lida \u2013 Associa\u00e7\u00e3o Cultural do Alto Minho<\/span><\/span>, dirigida aos alunos do 3.\u00ba ciclo, e visitas de estudo ao <span class=\"hover:entity-accent entity-underline inline cursor-pointer align-baseline\"><span class=\"whitespace-normal\">Espa\u00e7o Miguel Torga<\/span><\/span>, ao Miradouro Torguiano e \u00e0 aldeia de Provesende, destinadas ao ensino secund\u00e1rio.<\/p>\n<p data-start=\"1028\" data-end=\"1338\" data-is-last-node=\"\" data-is-only-node=\"\">Organizada pela C\u00e2mara Municipal de Caminha em parceria com o Agrupamento de Escolas local, a iniciativa pretende promover o livro e a leitura, valorizar autores portugueses e incentivar o contacto com diferentes express\u00f5es culturais, refor\u00e7ando a liga\u00e7\u00e3o entre a comunidade educativa e o patrim\u00f3nio liter\u00e1rio.<\/p>\n<p data-start=\"1028\" data-end=\"1338\" data-is-last-node=\"\" data-is-only-node=\"\">Foto: <strong>Altominho TV<\/strong><\/p>\n<\/div>\n<\/div>\n<\/div>\n<\/div>\n<div class=\"z-0 flex min-h-[46px] justify-start\"><\/div>\n<\/div>\n<\/div>\n","protected":false},"excerpt":{"rendered":"<p>O concelho de Caminha recebe, entre os dias 14 e 24 de abril, mais uma edi\u00e7\u00e3o da Festa do Livro, uma iniciativa que decorre nas bibliotecas locais e que apresenta um programa diversificado dirigido a diferentes faixas et\u00e1rias. Ao longo de duas semanas, espa\u00e7os como a Biblioteca Municipal de Caminha e a Ludoteca\/Biblioteca de Vila [&hellip;]<\/p>\n","protected":false},"author":24,"featured_media":130903,"comment_status":"closed","ping_status":"closed","sticky":false,"template":"","format":"standard","meta":{"_exactmetrics_skip_tracking":false,"_exactmetrics_sitenote_active":false,"_exactmetrics_sitenote_note":"","_exactmetrics_sitenote_category":0,"footnotes":""},"categories":[7],"tags":[19],"class_list":["post-130902","post","type-post","status-publish","format-standard","has-post-thumbnail","hentry","category-caminha","tag-cultura"],"yoast_head":"<!-- This site is optimized with the Yoast SEO Premium plugin v27.5 (Yoast SEO v27.5) - https:\/\/yoast.com\/product\/yoast-seo-premium-wordpress\/ -->\n<title>Festa do Livro regressa a Caminha com duas semanas dedicadas \u00e0 leitura e \u00e0 cultura<\/title>\n<meta name=\"description\" content=\"O concelho de Caminha recebe, entre os dias 14 e 24 de abril, mais uma edi\u00e7\u00e3o da Festa do Livro, uma iniciativa que decorre nas bibliotecas locais e que apresenta um programa diversificado dirigido a diferentes faixas et\u00e1rias.\" \/>\n<meta name=\"robots\" content=\"index, follow, max-snippet:-1, max-image-preview:large, max-video-preview:-1\" \/>\n<link rel=\"canonical\" href=\"https:\/\/www.altominho.tv\/site\/2026\/04\/08\/festa-do-livro-regressa-a-caminha-com-duas-semanas-dedicadas-a-leitura-e-a-cultura\/\" \/>\n<meta property=\"og:locale\" content=\"pt_PT\" \/>\n<meta property=\"og:type\" content=\"article\" \/>\n<meta property=\"og:title\" content=\"Festa do Livro regressa a Caminha com duas semanas dedicadas \u00e0 leitura e \u00e0 cultura\" \/>\n<meta property=\"og:description\" content=\"O concelho de Caminha recebe, entre os dias 14 e 24 de abril, mais uma edi\u00e7\u00e3o da Festa do Livro, uma iniciativa que decorre nas bibliotecas locais e que apresenta um programa diversificado dirigido a diferentes faixas et\u00e1rias.\" \/>\n<meta property=\"og:url\" content=\"https:\/\/www.altominho.tv\/site\/2026\/04\/08\/festa-do-livro-regressa-a-caminha-com-duas-semanas-dedicadas-a-leitura-e-a-cultura\/\" \/>\n<meta property=\"og:site_name\" content=\"Altominho.tv\" \/>\n<meta property=\"article:publisher\" content=\"https:\/\/www.facebook.com\/altominhotv\" \/>\n<meta property=\"article:published_time\" content=\"2026-04-08T08:40:13+00:00\" \/>\n<meta property=\"article:modified_time\" content=\"2026-04-08T08:40:15+00:00\" \/>\n<meta property=\"og:image\" content=\"https:\/\/www.altominho.tv\/site\/wp-content\/uploads\/2026\/04\/feira-livro-caminha.png\" \/>\n\t<meta property=\"og:image:width\" content=\"1200\" \/>\n\t<meta property=\"og:image:height\" content=\"630\" \/>\n\t<meta property=\"og:image:type\" content=\"image\/png\" \/>\n<meta name=\"author\" content=\"Cesar Lopes\" \/>\n<meta name=\"twitter:card\" content=\"summary_large_image\" \/>\n<meta name=\"twitter:creator\" content=\"@altominhoTV\" \/>\n<meta name=\"twitter:site\" content=\"@altominhoTV\" \/>\n<meta name=\"twitter:label1\" content=\"Escrito por\" \/>\n\t<meta name=\"twitter:data1\" content=\"Cesar Lopes\" \/>\n\t<meta name=\"twitter:label2\" content=\"Tempo estimado de leitura\" \/>\n\t<meta name=\"twitter:data2\" content=\"2 minutos\" \/>\n<script type=\"application\/ld+json\" class=\"yoast-schema-graph\">{\"@context\":\"https:\\\/\\\/schema.org\",\"@graph\":[{\"@type\":\"Article\",\"@id\":\"https:\\\/\\\/www.altominho.tv\\\/site\\\/2026\\\/04\\\/08\\\/festa-do-livro-regressa-a-caminha-com-duas-semanas-dedicadas-a-leitura-e-a-cultura\\\/#article\",\"isPartOf\":{\"@id\":\"https:\\\/\\\/www.altominho.tv\\\/site\\\/2026\\\/04\\\/08\\\/festa-do-livro-regressa-a-caminha-com-duas-semanas-dedicadas-a-leitura-e-a-cultura\\\/\"},\"author\":{\"name\":\"Cesar Lopes\",\"@id\":\"https:\\\/\\\/www.altominho.tv\\\/site\\\/#\\\/schema\\\/person\\\/c5570e5afb933b8d08c43373326ef1b1\"},\"headline\":\"Festa do Livro regressa a Caminha com duas semanas dedicadas \u00e0 leitura e \u00e0 cultura\",\"datePublished\":\"2026-04-08T08:40:13+00:00\",\"dateModified\":\"2026-04-08T08:40:15+00:00\",\"mainEntityOfPage\":{\"@id\":\"https:\\\/\\\/www.altominho.tv\\\/site\\\/2026\\\/04\\\/08\\\/festa-do-livro-regressa-a-caminha-com-duas-semanas-dedicadas-a-leitura-e-a-cultura\\\/\"},\"wordCount\":215,\"image\":{\"@id\":\"https:\\\/\\\/www.altominho.tv\\\/site\\\/2026\\\/04\\\/08\\\/festa-do-livro-regressa-a-caminha-com-duas-semanas-dedicadas-a-leitura-e-a-cultura\\\/#primaryimage\"},\"thumbnailUrl\":\"https:\\\/\\\/www.altominho.tv\\\/site\\\/wp-content\\\/uploads\\\/2026\\\/04\\\/feira-livro-caminha.png\",\"keywords\":[\"Cultura\"],\"articleSection\":[\"Caminha\"],\"inLanguage\":\"pt-PT\",\"copyrightYear\":\"2026\",\"copyrightHolder\":{\"@id\":\"https:\\\/\\\/www.altominho.tv\\\/site\\\/#organization\"}},{\"@type\":\"WebPage\",\"@id\":\"https:\\\/\\\/www.altominho.tv\\\/site\\\/2026\\\/04\\\/08\\\/festa-do-livro-regressa-a-caminha-com-duas-semanas-dedicadas-a-leitura-e-a-cultura\\\/\",\"url\":\"https:\\\/\\\/www.altominho.tv\\\/site\\\/2026\\\/04\\\/08\\\/festa-do-livro-regressa-a-caminha-com-duas-semanas-dedicadas-a-leitura-e-a-cultura\\\/\",\"name\":\"Festa do Livro regressa a Caminha com duas semanas dedicadas \u00e0 leitura e \u00e0 cultura\",\"isPartOf\":{\"@id\":\"https:\\\/\\\/www.altominho.tv\\\/site\\\/#website\"},\"primaryImageOfPage\":{\"@id\":\"https:\\\/\\\/www.altominho.tv\\\/site\\\/2026\\\/04\\\/08\\\/festa-do-livro-regressa-a-caminha-com-duas-semanas-dedicadas-a-leitura-e-a-cultura\\\/#primaryimage\"},\"image\":{\"@id\":\"https:\\\/\\\/www.altominho.tv\\\/site\\\/2026\\\/04\\\/08\\\/festa-do-livro-regressa-a-caminha-com-duas-semanas-dedicadas-a-leitura-e-a-cultura\\\/#primaryimage\"},\"thumbnailUrl\":\"https:\\\/\\\/www.altominho.tv\\\/site\\\/wp-content\\\/uploads\\\/2026\\\/04\\\/feira-livro-caminha.png\",\"datePublished\":\"2026-04-08T08:40:13+00:00\",\"dateModified\":\"2026-04-08T08:40:15+00:00\",\"author\":{\"@id\":\"https:\\\/\\\/www.altominho.tv\\\/site\\\/#\\\/schema\\\/person\\\/c5570e5afb933b8d08c43373326ef1b1\"},\"description\":\"O concelho de Caminha recebe, entre os dias 14 e 24 de abril, mais uma edi\u00e7\u00e3o da Festa do Livro, uma iniciativa que decorre nas bibliotecas locais e que apresenta um programa diversificado dirigido a diferentes faixas et\u00e1rias.\",\"breadcrumb\":{\"@id\":\"https:\\\/\\\/www.altominho.tv\\\/site\\\/2026\\\/04\\\/08\\\/festa-do-livro-regressa-a-caminha-com-duas-semanas-dedicadas-a-leitura-e-a-cultura\\\/#breadcrumb\"},\"inLanguage\":\"pt-PT\",\"potentialAction\":[{\"@type\":\"ReadAction\",\"target\":[\"https:\\\/\\\/www.altominho.tv\\\/site\\\/2026\\\/04\\\/08\\\/festa-do-livro-regressa-a-caminha-com-duas-semanas-dedicadas-a-leitura-e-a-cultura\\\/\"]}]},{\"@type\":\"ImageObject\",\"inLanguage\":\"pt-PT\",\"@id\":\"https:\\\/\\\/www.altominho.tv\\\/site\\\/2026\\\/04\\\/08\\\/festa-do-livro-regressa-a-caminha-com-duas-semanas-dedicadas-a-leitura-e-a-cultura\\\/#primaryimage\",\"url\":\"https:\\\/\\\/www.altominho.tv\\\/site\\\/wp-content\\\/uploads\\\/2026\\\/04\\\/feira-livro-caminha.png\",\"contentUrl\":\"https:\\\/\\\/www.altominho.tv\\\/site\\\/wp-content\\\/uploads\\\/2026\\\/04\\\/feira-livro-caminha.png\",\"width\":1200,\"height\":630},{\"@type\":\"BreadcrumbList\",\"@id\":\"https:\\\/\\\/www.altominho.tv\\\/site\\\/2026\\\/04\\\/08\\\/festa-do-livro-regressa-a-caminha-com-duas-semanas-dedicadas-a-leitura-e-a-cultura\\\/#breadcrumb\",\"itemListElement\":[{\"@type\":\"ListItem\",\"position\":1,\"name\":\"In\u00edcio\",\"item\":\"https:\\\/\\\/www.altominho.tv\\\/site\\\/\"},{\"@type\":\"ListItem\",\"position\":2,\"name\":\"Festa do Livro regressa a Caminha com duas semanas dedicadas \u00e0 leitura e \u00e0 cultura\"}]},{\"@type\":\"WebSite\",\"@id\":\"https:\\\/\\\/www.altominho.tv\\\/site\\\/#website\",\"url\":\"https:\\\/\\\/www.altominho.tv\\\/site\\\/\",\"name\":\"Altominho.tv\",\"description\":\"A sua regi\u00e3o \u00e0 dist\u00e2ncia de um clique...\",\"potentialAction\":[{\"@type\":\"SearchAction\",\"target\":{\"@type\":\"EntryPoint\",\"urlTemplate\":\"https:\\\/\\\/www.altominho.tv\\\/site\\\/?s={search_term_string}\"},\"query-input\":{\"@type\":\"PropertyValueSpecification\",\"valueRequired\":true,\"valueName\":\"search_term_string\"}}],\"inLanguage\":\"pt-PT\"},{\"@type\":\"Person\",\"@id\":\"https:\\\/\\\/www.altominho.tv\\\/site\\\/#\\\/schema\\\/person\\\/c5570e5afb933b8d08c43373326ef1b1\",\"name\":\"Cesar Lopes\",\"image\":{\"@type\":\"ImageObject\",\"inLanguage\":\"pt-PT\",\"@id\":\"https:\\\/\\\/www.altominho.tv\\\/site\\\/wp-content\\\/uploads\\\/2022\\\/10\\\/Sem-Titulo-150x150.jpg\",\"url\":\"https:\\\/\\\/www.altominho.tv\\\/site\\\/wp-content\\\/uploads\\\/2022\\\/10\\\/Sem-Titulo-150x150.jpg\",\"contentUrl\":\"https:\\\/\\\/www.altominho.tv\\\/site\\\/wp-content\\\/uploads\\\/2022\\\/10\\\/Sem-Titulo-150x150.jpg\",\"caption\":\"Cesar Lopes\"},\"url\":\"https:\\\/\\\/www.altominho.tv\\\/site\\\/author\\\/cesarlopes\\\/\"}]}<\/script>\n<!-- \/ Yoast SEO Premium plugin. -->","yoast_head_json":{"title":"Festa do Livro regressa a Caminha com duas semanas dedicadas \u00e0 leitura e \u00e0 cultura","description":"O concelho de Caminha recebe, entre os dias 14 e 24 de abril, mais uma edi\u00e7\u00e3o da Festa do Livro, uma iniciativa que decorre nas bibliotecas locais e que apresenta um programa diversificado dirigido a diferentes faixas et\u00e1rias.","robots":{"index":"index","follow":"follow","max-snippet":"max-snippet:-1","max-image-preview":"max-image-preview:large","max-video-preview":"max-video-preview:-1"},"canonical":"https:\/\/www.altominho.tv\/site\/2026\/04\/08\/festa-do-livro-regressa-a-caminha-com-duas-semanas-dedicadas-a-leitura-e-a-cultura\/","og_locale":"pt_PT","og_type":"article","og_title":"Festa do Livro regressa a Caminha com duas semanas dedicadas \u00e0 leitura e \u00e0 cultura","og_description":"O concelho de Caminha recebe, entre os dias 14 e 24 de abril, mais uma edi\u00e7\u00e3o da Festa do Livro, uma iniciativa que decorre nas bibliotecas locais e que apresenta um programa diversificado dirigido a diferentes faixas et\u00e1rias.","og_url":"https:\/\/www.altominho.tv\/site\/2026\/04\/08\/festa-do-livro-regressa-a-caminha-com-duas-semanas-dedicadas-a-leitura-e-a-cultura\/","og_site_name":"Altominho.tv","article_publisher":"https:\/\/www.facebook.com\/altominhotv","article_published_time":"2026-04-08T08:40:13+00:00","article_modified_time":"2026-04-08T08:40:15+00:00","og_image":[{"width":1200,"height":630,"url":"https:\/\/www.altominho.tv\/site\/wp-content\/uploads\/2026\/04\/feira-livro-caminha.png","type":"image\/png"}],"author":"Cesar Lopes","twitter_card":"summary_large_image","twitter_creator":"@altominhoTV","twitter_site":"@altominhoTV","twitter_misc":{"Escrito por":"Cesar Lopes","Tempo estimado de leitura":"2 minutos"},"schema":{"@context":"https:\/\/schema.org","@graph":[{"@type":"Article","@id":"https:\/\/www.altominho.tv\/site\/2026\/04\/08\/festa-do-livro-regressa-a-caminha-com-duas-semanas-dedicadas-a-leitura-e-a-cultura\/#article","isPartOf":{"@id":"https:\/\/www.altominho.tv\/site\/2026\/04\/08\/festa-do-livro-regressa-a-caminha-com-duas-semanas-dedicadas-a-leitura-e-a-cultura\/"},"author":{"name":"Cesar Lopes","@id":"https:\/\/www.altominho.tv\/site\/#\/schema\/person\/c5570e5afb933b8d08c43373326ef1b1"},"headline":"Festa do Livro regressa a Caminha com duas semanas dedicadas \u00e0 leitura e \u00e0 cultura","datePublished":"2026-04-08T08:40:13+00:00","dateModified":"2026-04-08T08:40:15+00:00","mainEntityOfPage":{"@id":"https:\/\/www.altominho.tv\/site\/2026\/04\/08\/festa-do-livro-regressa-a-caminha-com-duas-semanas-dedicadas-a-leitura-e-a-cultura\/"},"wordCount":215,"image":{"@id":"https:\/\/www.altominho.tv\/site\/2026\/04\/08\/festa-do-livro-regressa-a-caminha-com-duas-semanas-dedicadas-a-leitura-e-a-cultura\/#primaryimage"},"thumbnailUrl":"https:\/\/www.altominho.tv\/site\/wp-content\/uploads\/2026\/04\/feira-livro-caminha.png","keywords":["Cultura"],"articleSection":["Caminha"],"inLanguage":"pt-PT","copyrightYear":"2026","copyrightHolder":{"@id":"https:\/\/www.altominho.tv\/site\/#organization"}},{"@type":"WebPage","@id":"https:\/\/www.altominho.tv\/site\/2026\/04\/08\/festa-do-livro-regressa-a-caminha-com-duas-semanas-dedicadas-a-leitura-e-a-cultura\/","url":"https:\/\/www.altominho.tv\/site\/2026\/04\/08\/festa-do-livro-regressa-a-caminha-com-duas-semanas-dedicadas-a-leitura-e-a-cultura\/","name":"Festa do Livro regressa a Caminha com duas semanas dedicadas \u00e0 leitura e \u00e0 cultura","isPartOf":{"@id":"https:\/\/www.altominho.tv\/site\/#website"},"primaryImageOfPage":{"@id":"https:\/\/www.altominho.tv\/site\/2026\/04\/08\/festa-do-livro-regressa-a-caminha-com-duas-semanas-dedicadas-a-leitura-e-a-cultura\/#primaryimage"},"image":{"@id":"https:\/\/www.altominho.tv\/site\/2026\/04\/08\/festa-do-livro-regressa-a-caminha-com-duas-semanas-dedicadas-a-leitura-e-a-cultura\/#primaryimage"},"thumbnailUrl":"https:\/\/www.altominho.tv\/site\/wp-content\/uploads\/2026\/04\/feira-livro-caminha.png","datePublished":"2026-04-08T08:40:13+00:00","dateModified":"2026-04-08T08:40:15+00:00","author":{"@id":"https:\/\/www.altominho.tv\/site\/#\/schema\/person\/c5570e5afb933b8d08c43373326ef1b1"},"description":"O concelho de Caminha recebe, entre os dias 14 e 24 de abril, mais uma edi\u00e7\u00e3o da Festa do Livro, uma iniciativa que decorre nas bibliotecas locais e que apresenta um programa diversificado dirigido a diferentes faixas et\u00e1rias.","breadcrumb":{"@id":"https:\/\/www.altominho.tv\/site\/2026\/04\/08\/festa-do-livro-regressa-a-caminha-com-duas-semanas-dedicadas-a-leitura-e-a-cultura\/#breadcrumb"},"inLanguage":"pt-PT","potentialAction":[{"@type":"ReadAction","target":["https:\/\/www.altominho.tv\/site\/2026\/04\/08\/festa-do-livro-regressa-a-caminha-com-duas-semanas-dedicadas-a-leitura-e-a-cultura\/"]}]},{"@type":"ImageObject","inLanguage":"pt-PT","@id":"https:\/\/www.altominho.tv\/site\/2026\/04\/08\/festa-do-livro-regressa-a-caminha-com-duas-semanas-dedicadas-a-leitura-e-a-cultura\/#primaryimage","url":"https:\/\/www.altominho.tv\/site\/wp-content\/uploads\/2026\/04\/feira-livro-caminha.png","contentUrl":"https:\/\/www.altominho.tv\/site\/wp-content\/uploads\/2026\/04\/feira-livro-caminha.png","width":1200,"height":630},{"@type":"BreadcrumbList","@id":"https:\/\/www.altominho.tv\/site\/2026\/04\/08\/festa-do-livro-regressa-a-caminha-com-duas-semanas-dedicadas-a-leitura-e-a-cultura\/#breadcrumb","itemListElement":[{"@type":"ListItem","position":1,"name":"In\u00edcio","item":"https:\/\/www.altominho.tv\/site\/"},{"@type":"ListItem","position":2,"name":"Festa do Livro regressa a Caminha com duas semanas dedicadas \u00e0 leitura e \u00e0 cultura"}]},{"@type":"WebSite","@id":"https:\/\/www.altominho.tv\/site\/#website","url":"https:\/\/www.altominho.tv\/site\/","name":"Altominho.tv","description":"A sua regi\u00e3o \u00e0 dist\u00e2ncia de um clique...","potentialAction":[{"@type":"SearchAction","target":{"@type":"EntryPoint","urlTemplate":"https:\/\/www.altominho.tv\/site\/?s={search_term_string}"},"query-input":{"@type":"PropertyValueSpecification","valueRequired":true,"valueName":"search_term_string"}}],"inLanguage":"pt-PT"},{"@type":"Person","@id":"https:\/\/www.altominho.tv\/site\/#\/schema\/person\/c5570e5afb933b8d08c43373326ef1b1","name":"Cesar Lopes","image":{"@type":"ImageObject","inLanguage":"pt-PT","@id":"https:\/\/www.altominho.tv\/site\/wp-content\/uploads\/2022\/10\/Sem-Titulo-150x150.jpg","url":"https:\/\/www.altominho.tv\/site\/wp-content\/uploads\/2022\/10\/Sem-Titulo-150x150.jpg","contentUrl":"https:\/\/www.altominho.tv\/site\/wp-content\/uploads\/2022\/10\/Sem-Titulo-150x150.jpg","caption":"Cesar Lopes"},"url":"https:\/\/www.altominho.tv\/site\/author\/cesarlopes\/"}]}},"_links":{"self":[{"href":"https:\/\/www.altominho.tv\/site\/wp-json\/wp\/v2\/posts\/130902","targetHints":{"allow":["GET"]}}],"collection":[{"href":"https:\/\/www.altominho.tv\/site\/wp-json\/wp\/v2\/posts"}],"about":[{"href":"https:\/\/www.altominho.tv\/site\/wp-json\/wp\/v2\/types\/post"}],"author":[{"embeddable":true,"href":"https:\/\/www.altominho.tv\/site\/wp-json\/wp\/v2\/users\/24"}],"replies":[{"embeddable":true,"href":"https:\/\/www.altominho.tv\/site\/wp-json\/wp\/v2\/comments?post=130902"}],"version-history":[{"count":1,"href":"https:\/\/www.altominho.tv\/site\/wp-json\/wp\/v2\/posts\/130902\/revisions"}],"predecessor-version":[{"id":130904,"href":"https:\/\/www.altominho.tv\/site\/wp-json\/wp\/v2\/posts\/130902\/revisions\/130904"}],"wp:featuredmedia":[{"embeddable":true,"href":"https:\/\/www.altominho.tv\/site\/wp-json\/wp\/v2\/media\/130903"}],"wp:attachment":[{"href":"https:\/\/www.altominho.tv\/site\/wp-json\/wp\/v2\/media?parent=130902"}],"wp:term":[{"taxonomy":"category","embeddable":true,"href":"https:\/\/www.altominho.tv\/site\/wp-json\/wp\/v2\/categories?post=130902"},{"taxonomy":"post_tag","embeddable":true,"href":"https:\/\/www.altominho.tv\/site\/wp-json\/wp\/v2\/tags?post=130902"}],"curies":[{"name":"wp","href":"https:\/\/api.w.org\/{rel}","templated":true}]}}