{"id":130865,"date":"2026-04-07T14:27:31","date_gmt":"2026-04-07T13:27:31","guid":{"rendered":"https:\/\/www.altominho.tv\/site\/?p=130865"},"modified":"2026-04-07T14:27:33","modified_gmt":"2026-04-07T13:27:33","slug":"viana-do-castelo-transformacao-digital-debate-ipvc","status":"publish","type":"post","link":"https:\/\/www.altominho.tv\/site\/2026\/04\/07\/viana-do-castelo-transformacao-digital-debate-ipvc\/","title":{"rendered":"Polit\u00e9cnico de Viana promove debate internacional sobre transforma\u00e7\u00e3o digital"},"content":{"rendered":"\n<p>A transforma\u00e7\u00e3o digital das organiza\u00e7\u00f5es, impulsionada pela Intelig\u00eancia Artificial (IA), vai estar em destaque esta quarta-feira, dia 8 de abril, num evento promovido pelo ADiT-Lab-IPVC, que re\u00fane especialistas nacionais e internacionais para discutir o futuro das empresas orientadas por dados e tecnologia.<\/p>\n\n\n\n<p>Sob o tema \u201cDigital Transformation: Building AI-Driven Organizations\u201d, a iniciativa decorre no Audit\u00f3rio Francisco Sampaio, na Escola Superior de Tecnologia e Gest\u00e3o (ESTG-IPVC), entre as 10h00 e as 13h00, e prop\u00f5e uma reflex\u00e3o aprofundada sobre os desafios e oportunidades da ado\u00e7\u00e3o da IA no contexto organizacional.<\/p>\n\n\n\n<p>O momento central do programa &#8220;ser\u00e1 a keynote de Marc K. Peter, especialista de refer\u00eancia internacional em transforma\u00e7\u00e3o digital, que ir\u00e1 apresentar estrat\u00e9gias pr\u00e1ticas e tend\u00eancias emergentes na constru\u00e7\u00e3o de organiza\u00e7\u00f5es orientadas por IA&#8221;, deu hoje nota o Instituto Polit\u00e9cnico de Viana do Castelo.<\/p>\n\n\n\n<p>Segue-se &#8220;um think tank colaborativo&#8221;, moderado por Jorge Esparteiro Garcia, diretor do ADiT-Lab-PVC, que re\u00fane um painel de especialistas com experi\u00eancia relevante nas \u00e1reas da tecnologia e inova\u00e7\u00e3o:vPedro Vieira da Silva, Chief Technology Officer na Critical TechWorks; Ana Isabel Azevedo, Senior Expert na Comiss\u00e3o Europeia para Educa\u00e7\u00e3o, Cultura e Audiovisual e consultora em transforma\u00e7\u00e3o digital e Miguel Cordeiro, Corporate Information Technology Director na Rangel Logistics Solutions. <\/p>\n\n\n\n<p>O evento pretende &#8220;promover o debate estrat\u00e9gico e a partilha de conhecimento entre academia, ind\u00fastria e decisores, num momento em que a Intelig\u00eancia Artificial assume um papel central na competitividade das organiza\u00e7\u00f5es&#8221;, disse ainda o IPVC.<\/p>\n\n\n\n<p>A participa\u00e7\u00e3o \u00e9 gratuita, mediante inscri\u00e7\u00e3o pr\u00e9via atrav\u00e9s do formul\u00e1rio:<br>\u00a0<a href=\"https:\/\/forms.gle\/Y877vN6oRzWTcoZy9\" target=\"_blank\" rel=\"noreferrer noopener\">https:\/\/forms.gle\/Y877vN6oRzWTcoZy9<\/a><\/p>\n\n\n\n<p>A iniciativa \u00e9 organizada pelo ADiT-Lab, com o apoio e em articula\u00e7\u00e3o com o projeto PAT.Tech II.<\/p>\n\n\n\n<figure class=\"wp-block-image size-large\"><img loading=\"lazy\" decoding=\"async\" width=\"724\" height=\"1024\" src=\"https:\/\/www.altominho.tv\/site\/wp-content\/uploads\/2026\/04\/Sessao-ADIT_LAV-724x1024.jpg\" alt=\"\" class=\"wp-image-130866\" srcset=\"https:\/\/www.altominho.tv\/site\/wp-content\/uploads\/2026\/04\/Sessao-ADIT_LAV-724x1024.jpg 724w, https:\/\/www.altominho.tv\/site\/wp-content\/uploads\/2026\/04\/Sessao-ADIT_LAV-306x433.jpg 306w, https:\/\/www.altominho.tv\/site\/wp-content\/uploads\/2026\/04\/Sessao-ADIT_LAV-768x1086.jpg 768w, https:\/\/www.altominho.tv\/site\/wp-content\/uploads\/2026\/04\/Sessao-ADIT_LAV-1086x1536.jpg 1086w, https:\/\/www.altominho.tv\/site\/wp-content\/uploads\/2026\/04\/Sessao-ADIT_LAV-370x523.jpg 370w, https:\/\/www.altominho.tv\/site\/wp-content\/uploads\/2026\/04\/Sessao-ADIT_LAV-270x382.jpg 270w, https:\/\/www.altominho.tv\/site\/wp-content\/uploads\/2026\/04\/Sessao-ADIT_LAV-570x806.jpg 570w, https:\/\/www.altominho.tv\/site\/wp-content\/uploads\/2026\/04\/Sessao-ADIT_LAV-740x1047.jpg 740w, https:\/\/www.altominho.tv\/site\/wp-content\/uploads\/2026\/04\/Sessao-ADIT_LAV.jpg 1448w\" sizes=\"auto, (max-width: 724px) 100vw, 724px\" \/><\/figure>\n\n\n\n<p>Fotografias: <strong>IPVC \/ DR<\/strong><\/p>\n","protected":false},"excerpt":{"rendered":"<p>A transforma\u00e7\u00e3o digital das organiza\u00e7\u00f5es, impulsionada pela Intelig\u00eancia Artificial (IA), vai estar em destaque esta quarta-feira, dia 8 de abril, num evento promovido pelo ADiT-Lab-IPVC, que re\u00fane especialistas nacionais e internacionais para discutir o futuro das empresas orientadas por dados e tecnologia. Sob o tema \u201cDigital Transformation: Building AI-Driven Organizations\u201d, a iniciativa decorre no Audit\u00f3rio [&hellip;]<\/p>\n","protected":false},"author":7,"featured_media":130867,"comment_status":"closed","ping_status":"closed","sticky":false,"template":"","format":"standard","meta":{"_exactmetrics_skip_tracking":false,"_exactmetrics_sitenote_active":false,"_exactmetrics_sitenote_note":"","_exactmetrics_sitenote_category":0,"footnotes":""},"categories":[14],"tags":[27],"class_list":["post-130865","post","type-post","status-publish","format-standard","has-post-thumbnail","hentry","category-viana-do-castelo","tag-sociedade"],"yoast_head":"<!-- This site is optimized with the Yoast SEO Premium plugin v27.5 (Yoast SEO v27.5) - https:\/\/yoast.com\/product\/yoast-seo-premium-wordpress\/ -->\n<title>Polit\u00e9cnico de Viana promove debate internacional sobre transforma\u00e7\u00e3o digital<\/title>\n<meta name=\"description\" content=\"O Polit\u00e9cnico de Viana do Castelo vai promover um debate internacional sobre a transforma\u00e7\u00e3o digital.\" \/>\n<meta name=\"robots\" content=\"index, follow, max-snippet:-1, max-image-preview:large, max-video-preview:-1\" \/>\n<link rel=\"canonical\" href=\"https:\/\/www.altominho.tv\/site\/2026\/04\/07\/viana-do-castelo-transformacao-digital-debate-ipvc\/\" \/>\n<meta property=\"og:locale\" content=\"pt_PT\" \/>\n<meta property=\"og:type\" content=\"article\" \/>\n<meta property=\"og:title\" content=\"Polit\u00e9cnico de Viana promove debate internacional sobre transforma\u00e7\u00e3o digital\" \/>\n<meta property=\"og:description\" content=\"O Polit\u00e9cnico de Viana do Castelo vai promover um debate internacional sobre a transforma\u00e7\u00e3o digital.\" \/>\n<meta property=\"og:url\" content=\"https:\/\/www.altominho.tv\/site\/2026\/04\/07\/viana-do-castelo-transformacao-digital-debate-ipvc\/\" \/>\n<meta property=\"og:site_name\" content=\"Altominho.tv\" \/>\n<meta property=\"article:publisher\" content=\"https:\/\/www.facebook.com\/altominhotv\" \/>\n<meta property=\"article:published_time\" content=\"2026-04-07T13:27:31+00:00\" \/>\n<meta property=\"article:modified_time\" content=\"2026-04-07T13:27:33+00:00\" \/>\n<meta property=\"og:image\" content=\"https:\/\/www.altominho.tv\/site\/wp-content\/uploads\/2026\/04\/ia.png\" \/>\n\t<meta property=\"og:image:width\" content=\"1200\" \/>\n\t<meta property=\"og:image:height\" content=\"630\" \/>\n\t<meta property=\"og:image:type\" content=\"image\/png\" \/>\n<meta name=\"author\" content=\"Andreia Cunha\" \/>\n<meta name=\"twitter:card\" content=\"summary_large_image\" \/>\n<meta name=\"twitter:creator\" content=\"@altominhoTV\" \/>\n<meta name=\"twitter:site\" content=\"@altominhoTV\" \/>\n<meta name=\"twitter:label1\" content=\"Escrito por\" \/>\n\t<meta name=\"twitter:data1\" content=\"Andreia Cunha\" \/>\n\t<meta name=\"twitter:label2\" content=\"Tempo estimado de leitura\" \/>\n\t<meta name=\"twitter:data2\" content=\"2 minutos\" \/>\n<script type=\"application\/ld+json\" class=\"yoast-schema-graph\">{\"@context\":\"https:\\\/\\\/schema.org\",\"@graph\":[{\"@type\":\"Article\",\"@id\":\"https:\\\/\\\/www.altominho.tv\\\/site\\\/2026\\\/04\\\/07\\\/viana-do-castelo-transformacao-digital-debate-ipvc\\\/#article\",\"isPartOf\":{\"@id\":\"https:\\\/\\\/www.altominho.tv\\\/site\\\/2026\\\/04\\\/07\\\/viana-do-castelo-transformacao-digital-debate-ipvc\\\/\"},\"author\":{\"name\":\"Andreia Cunha\",\"@id\":\"https:\\\/\\\/www.altominho.tv\\\/site\\\/#\\\/schema\\\/person\\\/a0e4ef6d041f98ca284393d8f1d97153\"},\"headline\":\"Polit\u00e9cnico de Viana promove debate internacional sobre transforma\u00e7\u00e3o digital\",\"datePublished\":\"2026-04-07T13:27:31+00:00\",\"dateModified\":\"2026-04-07T13:27:33+00:00\",\"mainEntityOfPage\":{\"@id\":\"https:\\\/\\\/www.altominho.tv\\\/site\\\/2026\\\/04\\\/07\\\/viana-do-castelo-transformacao-digital-debate-ipvc\\\/\"},\"wordCount\":313,\"image\":{\"@id\":\"https:\\\/\\\/www.altominho.tv\\\/site\\\/2026\\\/04\\\/07\\\/viana-do-castelo-transformacao-digital-debate-ipvc\\\/#primaryimage\"},\"thumbnailUrl\":\"https:\\\/\\\/www.altominho.tv\\\/site\\\/wp-content\\\/uploads\\\/2026\\\/04\\\/ia.png\",\"keywords\":[\"Sociedade\"],\"articleSection\":[\"Viana do Castelo\"],\"inLanguage\":\"pt-PT\",\"copyrightYear\":\"2026\",\"copyrightHolder\":{\"@id\":\"https:\\\/\\\/www.altominho.tv\\\/site\\\/#organization\"}},{\"@type\":\"WebPage\",\"@id\":\"https:\\\/\\\/www.altominho.tv\\\/site\\\/2026\\\/04\\\/07\\\/viana-do-castelo-transformacao-digital-debate-ipvc\\\/\",\"url\":\"https:\\\/\\\/www.altominho.tv\\\/site\\\/2026\\\/04\\\/07\\\/viana-do-castelo-transformacao-digital-debate-ipvc\\\/\",\"name\":\"Polit\u00e9cnico de Viana promove debate internacional sobre transforma\u00e7\u00e3o digital\",\"isPartOf\":{\"@id\":\"https:\\\/\\\/www.altominho.tv\\\/site\\\/#website\"},\"primaryImageOfPage\":{\"@id\":\"https:\\\/\\\/www.altominho.tv\\\/site\\\/2026\\\/04\\\/07\\\/viana-do-castelo-transformacao-digital-debate-ipvc\\\/#primaryimage\"},\"image\":{\"@id\":\"https:\\\/\\\/www.altominho.tv\\\/site\\\/2026\\\/04\\\/07\\\/viana-do-castelo-transformacao-digital-debate-ipvc\\\/#primaryimage\"},\"thumbnailUrl\":\"https:\\\/\\\/www.altominho.tv\\\/site\\\/wp-content\\\/uploads\\\/2026\\\/04\\\/ia.png\",\"datePublished\":\"2026-04-07T13:27:31+00:00\",\"dateModified\":\"2026-04-07T13:27:33+00:00\",\"author\":{\"@id\":\"https:\\\/\\\/www.altominho.tv\\\/site\\\/#\\\/schema\\\/person\\\/a0e4ef6d041f98ca284393d8f1d97153\"},\"description\":\"O Polit\u00e9cnico de Viana do Castelo vai promover um debate internacional sobre a transforma\u00e7\u00e3o digital.\",\"breadcrumb\":{\"@id\":\"https:\\\/\\\/www.altominho.tv\\\/site\\\/2026\\\/04\\\/07\\\/viana-do-castelo-transformacao-digital-debate-ipvc\\\/#breadcrumb\"},\"inLanguage\":\"pt-PT\",\"potentialAction\":[{\"@type\":\"ReadAction\",\"target\":[\"https:\\\/\\\/www.altominho.tv\\\/site\\\/2026\\\/04\\\/07\\\/viana-do-castelo-transformacao-digital-debate-ipvc\\\/\"]}]},{\"@type\":\"ImageObject\",\"inLanguage\":\"pt-PT\",\"@id\":\"https:\\\/\\\/www.altominho.tv\\\/site\\\/2026\\\/04\\\/07\\\/viana-do-castelo-transformacao-digital-debate-ipvc\\\/#primaryimage\",\"url\":\"https:\\\/\\\/www.altominho.tv\\\/site\\\/wp-content\\\/uploads\\\/2026\\\/04\\\/ia.png\",\"contentUrl\":\"https:\\\/\\\/www.altominho.tv\\\/site\\\/wp-content\\\/uploads\\\/2026\\\/04\\\/ia.png\",\"width\":1200,\"height\":630},{\"@type\":\"BreadcrumbList\",\"@id\":\"https:\\\/\\\/www.altominho.tv\\\/site\\\/2026\\\/04\\\/07\\\/viana-do-castelo-transformacao-digital-debate-ipvc\\\/#breadcrumb\",\"itemListElement\":[{\"@type\":\"ListItem\",\"position\":1,\"name\":\"In\u00edcio\",\"item\":\"https:\\\/\\\/www.altominho.tv\\\/site\\\/\"},{\"@type\":\"ListItem\",\"position\":2,\"name\":\"Polit\u00e9cnico de Viana promove debate internacional sobre transforma\u00e7\u00e3o digital\"}]},{\"@type\":\"WebSite\",\"@id\":\"https:\\\/\\\/www.altominho.tv\\\/site\\\/#website\",\"url\":\"https:\\\/\\\/www.altominho.tv\\\/site\\\/\",\"name\":\"Altominho.tv\",\"description\":\"A sua regi\u00e3o \u00e0 dist\u00e2ncia de um clique...\",\"potentialAction\":[{\"@type\":\"SearchAction\",\"target\":{\"@type\":\"EntryPoint\",\"urlTemplate\":\"https:\\\/\\\/www.altominho.tv\\\/site\\\/?s={search_term_string}\"},\"query-input\":{\"@type\":\"PropertyValueSpecification\",\"valueRequired\":true,\"valueName\":\"search_term_string\"}}],\"inLanguage\":\"pt-PT\"},{\"@type\":\"Person\",\"@id\":\"https:\\\/\\\/www.altominho.tv\\\/site\\\/#\\\/schema\\\/person\\\/a0e4ef6d041f98ca284393d8f1d97153\",\"name\":\"Andreia Cunha\",\"image\":{\"@type\":\"ImageObject\",\"inLanguage\":\"pt-PT\",\"@id\":\"https:\\\/\\\/www.altominho.tv\\\/site\\\/wp-content\\\/uploads\\\/2017\\\/11\\\/Andreia_Cunha-1-150x150.jpg\",\"url\":\"https:\\\/\\\/www.altominho.tv\\\/site\\\/wp-content\\\/uploads\\\/2017\\\/11\\\/Andreia_Cunha-1-150x150.jpg\",\"contentUrl\":\"https:\\\/\\\/www.altominho.tv\\\/site\\\/wp-content\\\/uploads\\\/2017\\\/11\\\/Andreia_Cunha-1-150x150.jpg\",\"caption\":\"Andreia Cunha\"},\"url\":\"https:\\\/\\\/www.altominho.tv\\\/site\\\/author\\\/andreiacunha\\\/\"}]}<\/script>\n<!-- \/ Yoast SEO Premium plugin. -->","yoast_head_json":{"title":"Polit\u00e9cnico de Viana promove debate internacional sobre transforma\u00e7\u00e3o digital","description":"O Polit\u00e9cnico de Viana do Castelo vai promover um debate internacional sobre a transforma\u00e7\u00e3o digital.","robots":{"index":"index","follow":"follow","max-snippet":"max-snippet:-1","max-image-preview":"max-image-preview:large","max-video-preview":"max-video-preview:-1"},"canonical":"https:\/\/www.altominho.tv\/site\/2026\/04\/07\/viana-do-castelo-transformacao-digital-debate-ipvc\/","og_locale":"pt_PT","og_type":"article","og_title":"Polit\u00e9cnico de Viana promove debate internacional sobre transforma\u00e7\u00e3o digital","og_description":"O Polit\u00e9cnico de Viana do Castelo vai promover um debate internacional sobre a transforma\u00e7\u00e3o digital.","og_url":"https:\/\/www.altominho.tv\/site\/2026\/04\/07\/viana-do-castelo-transformacao-digital-debate-ipvc\/","og_site_name":"Altominho.tv","article_publisher":"https:\/\/www.facebook.com\/altominhotv","article_published_time":"2026-04-07T13:27:31+00:00","article_modified_time":"2026-04-07T13:27:33+00:00","og_image":[{"width":1200,"height":630,"url":"https:\/\/www.altominho.tv\/site\/wp-content\/uploads\/2026\/04\/ia.png","type":"image\/png"}],"author":"Andreia Cunha","twitter_card":"summary_large_image","twitter_creator":"@altominhoTV","twitter_site":"@altominhoTV","twitter_misc":{"Escrito por":"Andreia Cunha","Tempo estimado de leitura":"2 minutos"},"schema":{"@context":"https:\/\/schema.org","@graph":[{"@type":"Article","@id":"https:\/\/www.altominho.tv\/site\/2026\/04\/07\/viana-do-castelo-transformacao-digital-debate-ipvc\/#article","isPartOf":{"@id":"https:\/\/www.altominho.tv\/site\/2026\/04\/07\/viana-do-castelo-transformacao-digital-debate-ipvc\/"},"author":{"name":"Andreia Cunha","@id":"https:\/\/www.altominho.tv\/site\/#\/schema\/person\/a0e4ef6d041f98ca284393d8f1d97153"},"headline":"Polit\u00e9cnico de Viana promove debate internacional sobre transforma\u00e7\u00e3o digital","datePublished":"2026-04-07T13:27:31+00:00","dateModified":"2026-04-07T13:27:33+00:00","mainEntityOfPage":{"@id":"https:\/\/www.altominho.tv\/site\/2026\/04\/07\/viana-do-castelo-transformacao-digital-debate-ipvc\/"},"wordCount":313,"image":{"@id":"https:\/\/www.altominho.tv\/site\/2026\/04\/07\/viana-do-castelo-transformacao-digital-debate-ipvc\/#primaryimage"},"thumbnailUrl":"https:\/\/www.altominho.tv\/site\/wp-content\/uploads\/2026\/04\/ia.png","keywords":["Sociedade"],"articleSection":["Viana do Castelo"],"inLanguage":"pt-PT","copyrightYear":"2026","copyrightHolder":{"@id":"https:\/\/www.altominho.tv\/site\/#organization"}},{"@type":"WebPage","@id":"https:\/\/www.altominho.tv\/site\/2026\/04\/07\/viana-do-castelo-transformacao-digital-debate-ipvc\/","url":"https:\/\/www.altominho.tv\/site\/2026\/04\/07\/viana-do-castelo-transformacao-digital-debate-ipvc\/","name":"Polit\u00e9cnico de Viana promove debate internacional sobre transforma\u00e7\u00e3o digital","isPartOf":{"@id":"https:\/\/www.altominho.tv\/site\/#website"},"primaryImageOfPage":{"@id":"https:\/\/www.altominho.tv\/site\/2026\/04\/07\/viana-do-castelo-transformacao-digital-debate-ipvc\/#primaryimage"},"image":{"@id":"https:\/\/www.altominho.tv\/site\/2026\/04\/07\/viana-do-castelo-transformacao-digital-debate-ipvc\/#primaryimage"},"thumbnailUrl":"https:\/\/www.altominho.tv\/site\/wp-content\/uploads\/2026\/04\/ia.png","datePublished":"2026-04-07T13:27:31+00:00","dateModified":"2026-04-07T13:27:33+00:00","author":{"@id":"https:\/\/www.altominho.tv\/site\/#\/schema\/person\/a0e4ef6d041f98ca284393d8f1d97153"},"description":"O Polit\u00e9cnico de Viana do Castelo vai promover um debate internacional sobre a transforma\u00e7\u00e3o digital.","breadcrumb":{"@id":"https:\/\/www.altominho.tv\/site\/2026\/04\/07\/viana-do-castelo-transformacao-digital-debate-ipvc\/#breadcrumb"},"inLanguage":"pt-PT","potentialAction":[{"@type":"ReadAction","target":["https:\/\/www.altominho.tv\/site\/2026\/04\/07\/viana-do-castelo-transformacao-digital-debate-ipvc\/"]}]},{"@type":"ImageObject","inLanguage":"pt-PT","@id":"https:\/\/www.altominho.tv\/site\/2026\/04\/07\/viana-do-castelo-transformacao-digital-debate-ipvc\/#primaryimage","url":"https:\/\/www.altominho.tv\/site\/wp-content\/uploads\/2026\/04\/ia.png","contentUrl":"https:\/\/www.altominho.tv\/site\/wp-content\/uploads\/2026\/04\/ia.png","width":1200,"height":630},{"@type":"BreadcrumbList","@id":"https:\/\/www.altominho.tv\/site\/2026\/04\/07\/viana-do-castelo-transformacao-digital-debate-ipvc\/#breadcrumb","itemListElement":[{"@type":"ListItem","position":1,"name":"In\u00edcio","item":"https:\/\/www.altominho.tv\/site\/"},{"@type":"ListItem","position":2,"name":"Polit\u00e9cnico de Viana promove debate internacional sobre transforma\u00e7\u00e3o digital"}]},{"@type":"WebSite","@id":"https:\/\/www.altominho.tv\/site\/#website","url":"https:\/\/www.altominho.tv\/site\/","name":"Altominho.tv","description":"A sua regi\u00e3o \u00e0 dist\u00e2ncia de um clique...","potentialAction":[{"@type":"SearchAction","target":{"@type":"EntryPoint","urlTemplate":"https:\/\/www.altominho.tv\/site\/?s={search_term_string}"},"query-input":{"@type":"PropertyValueSpecification","valueRequired":true,"valueName":"search_term_string"}}],"inLanguage":"pt-PT"},{"@type":"Person","@id":"https:\/\/www.altominho.tv\/site\/#\/schema\/person\/a0e4ef6d041f98ca284393d8f1d97153","name":"Andreia Cunha","image":{"@type":"ImageObject","inLanguage":"pt-PT","@id":"https:\/\/www.altominho.tv\/site\/wp-content\/uploads\/2017\/11\/Andreia_Cunha-1-150x150.jpg","url":"https:\/\/www.altominho.tv\/site\/wp-content\/uploads\/2017\/11\/Andreia_Cunha-1-150x150.jpg","contentUrl":"https:\/\/www.altominho.tv\/site\/wp-content\/uploads\/2017\/11\/Andreia_Cunha-1-150x150.jpg","caption":"Andreia Cunha"},"url":"https:\/\/www.altominho.tv\/site\/author\/andreiacunha\/"}]}},"_links":{"self":[{"href":"https:\/\/www.altominho.tv\/site\/wp-json\/wp\/v2\/posts\/130865","targetHints":{"allow":["GET"]}}],"collection":[{"href":"https:\/\/www.altominho.tv\/site\/wp-json\/wp\/v2\/posts"}],"about":[{"href":"https:\/\/www.altominho.tv\/site\/wp-json\/wp\/v2\/types\/post"}],"author":[{"embeddable":true,"href":"https:\/\/www.altominho.tv\/site\/wp-json\/wp\/v2\/users\/7"}],"replies":[{"embeddable":true,"href":"https:\/\/www.altominho.tv\/site\/wp-json\/wp\/v2\/comments?post=130865"}],"version-history":[{"count":1,"href":"https:\/\/www.altominho.tv\/site\/wp-json\/wp\/v2\/posts\/130865\/revisions"}],"predecessor-version":[{"id":130868,"href":"https:\/\/www.altominho.tv\/site\/wp-json\/wp\/v2\/posts\/130865\/revisions\/130868"}],"wp:featuredmedia":[{"embeddable":true,"href":"https:\/\/www.altominho.tv\/site\/wp-json\/wp\/v2\/media\/130867"}],"wp:attachment":[{"href":"https:\/\/www.altominho.tv\/site\/wp-json\/wp\/v2\/media?parent=130865"}],"wp:term":[{"taxonomy":"category","embeddable":true,"href":"https:\/\/www.altominho.tv\/site\/wp-json\/wp\/v2\/categories?post=130865"},{"taxonomy":"post_tag","embeddable":true,"href":"https:\/\/www.altominho.tv\/site\/wp-json\/wp\/v2\/tags?post=130865"}],"curies":[{"name":"wp","href":"https:\/\/api.w.org\/{rel}","templated":true}]}}