{"id":130860,"date":"2026-04-07T12:08:11","date_gmt":"2026-04-07T11:08:11","guid":{"rendered":"https:\/\/www.altominho.tv\/site\/?p=130860"},"modified":"2026-04-07T12:08:14","modified_gmt":"2026-04-07T11:08:14","slug":"arcos-de-valdevez-biblioteca-livro-infantil","status":"publish","type":"post","link":"https:\/\/www.altominho.tv\/site\/2026\/04\/07\/arcos-de-valdevez-biblioteca-livro-infantil\/","title":{"rendered":"Biblioteca Municipal assinalou o Dia Internacional do Livro Infantil"},"content":{"rendered":"\n<p>A Biblioteca Municipal de Arcos de Valdevez, assinalou no dia 1 de abril, o Dia Internacional do Livro Infantil.<\/p>\n\n\n\n<p>Para este dia, foram preparadas um conjunto de iniciativas dedicadas \u00e0 promo\u00e7\u00e3o da leitura junto dos mais novos, contando com a presen\u00e7a da vereadora da Educa\u00e7\u00e3o, Marlene Barros.<\/p>\n\n\n\n<p>O programa iniciou-se com as sess\u00f5es \u201cHist\u00f3rias cantadas e ilustradas\u201d, dinamizadas por Bolinha de M\u00fasica, com ilustra\u00e7\u00e3o em simult\u00e2neo pelo ilustrador Carlo Giovani.<\/p>\n\n\n\n<p>Estas sess\u00f5es proporcionaram momentos de grande envolvimento e criatividade, combinando m\u00fasica, narra\u00e7\u00e3o e express\u00e3o visual em tempo real.<\/p>\n\n\n\n<p>A primeira sess\u00e3o contou com a participa\u00e7\u00e3o de cerca de 93 crian\u00e7as provenientes da Pousadinha e da Santa Casa. J\u00e1 a segunda, reuniu aproximadamente 89 crian\u00e7as dos Jardins de Inf\u00e2ncia de Guilhadeses e do Centro Social e Paroquial.<\/p>\n\n\n\n<p>No final destas\u00a0atividades as crian\u00e7as tiveram oportunidade de visitar a exposi\u00e7\u00e3o \u201cO Nosso Primeiro Livro\u201d, que foi tamb\u00e9m inaugurada neste dia.<\/p>\n\n\n\n<p>A mostra re\u00fane trabalhos realizados pelas crian\u00e7as dos jardins de inf\u00e2ncia privados do concelho, consistindo em criativos livros em formato acorde\u00e3o, elaborados pelos mais pequenos.<\/p>\n\n\n\n<p>&#8220;Cada pe\u00e7a exposta reflete a imagina\u00e7\u00e3o, dedica\u00e7\u00e3o e talento das crian\u00e7as, numa iniciativa preparada com muito carinho pela equipa da biblioteca&#8221;, deu hoje nota o Munic\u00edpio.<\/p>\n\n\n\n<p>A exposi\u00e7\u00e3o encontra-se patente ao p\u00fablico at\u00e9 ao pr\u00f3ximo dia 18 de abril.<\/p>\n\n\n\n<p>A Biblioteca Municipal mant\u00e9m, h\u00e1 v\u00e1rios anos, a tradi\u00e7\u00e3o de assinalar esta data, convidando as crian\u00e7as dos Jardins de Inf\u00e2ncia privados a visitar este espa\u00e7o cultural.<\/p>\n\n\n\n<p>Em cada edi\u00e7\u00e3o, \u00e9 apresentada uma proposta diferente, sempre centrada no livro infantil e no seu papel fundamental no desenvolvimento das crian\u00e7as.<\/p>\n\n\n\n<p>Para al\u00e9m de celebrar este dia, a Biblioteca promove regularmente o gosto pela leitura desde a inf\u00e2ncia, atrav\u00e9s de atividades de enriquecimento desenvolvidas com os Jardins de Inf\u00e2ncia nas suas instala\u00e7\u00f5es ou na Biblioteca.<\/p>\n\n\n\n<p>&#8220;Ao longo do ano letivo, s\u00e3o realizadas cerca de 140 sess\u00f5es de leitura em voz alta, contribuindo para a forma\u00e7\u00e3o de leitores desde tenra idade&#8221;, disse ainda a C\u00e2mara de Arcos de Valdevez.<\/p>\n\n\n\n<p>Fotografias: <strong>Munic\u00edpio de Arcos de Valdevez<\/strong><\/p>\n","protected":false},"excerpt":{"rendered":"<p>A Biblioteca Municipal de Arcos de Valdevez, assinalou no dia 1 de abril, o Dia Internacional do Livro Infantil. Para este dia, foram preparadas um conjunto de iniciativas dedicadas \u00e0 promo\u00e7\u00e3o da leitura junto dos mais novos, contando com a presen\u00e7a da vereadora da Educa\u00e7\u00e3o, Marlene Barros. O programa iniciou-se com as sess\u00f5es \u201cHist\u00f3rias cantadas [&hellip;]<\/p>\n","protected":false},"author":7,"featured_media":130863,"comment_status":"closed","ping_status":"closed","sticky":false,"template":"","format":"standard","meta":{"_exactmetrics_skip_tracking":false,"_exactmetrics_sitenote_active":false,"_exactmetrics_sitenote_note":"","_exactmetrics_sitenote_category":0,"footnotes":""},"categories":[2],"tags":[19,24],"class_list":["post-130860","post","type-post","status-publish","format-standard","has-post-thumbnail","hentry","category-arcos-de-valdevez","tag-cultura","tag-lazer"],"yoast_head":"<!-- This site is optimized with the Yoast SEO Premium plugin v27.5 (Yoast SEO v27.5) - https:\/\/yoast.com\/product\/yoast-seo-premium-wordpress\/ -->\n<title>Biblioteca Municipal assinalou o Dia Internacional do Livro Infantil<\/title>\n<meta name=\"description\" content=\"A Biblioteca Municipal de Arcos de Valdevez, assinalou o Dia Internacional do Livro Infantil.\" \/>\n<meta name=\"robots\" content=\"index, follow, max-snippet:-1, max-image-preview:large, max-video-preview:-1\" \/>\n<link rel=\"canonical\" href=\"https:\/\/www.altominho.tv\/site\/2026\/04\/07\/arcos-de-valdevez-biblioteca-livro-infantil\/\" \/>\n<meta property=\"og:locale\" content=\"pt_PT\" \/>\n<meta property=\"og:type\" content=\"article\" \/>\n<meta property=\"og:title\" content=\"Biblioteca Municipal assinalou o Dia Internacional do Livro Infantil\" \/>\n<meta property=\"og:description\" content=\"A Biblioteca Municipal de Arcos de Valdevez, assinalou o Dia Internacional do Livro Infantil.\" \/>\n<meta property=\"og:url\" content=\"https:\/\/www.altominho.tv\/site\/2026\/04\/07\/arcos-de-valdevez-biblioteca-livro-infantil\/\" \/>\n<meta property=\"og:site_name\" content=\"Altominho.tv\" \/>\n<meta property=\"article:publisher\" content=\"https:\/\/www.facebook.com\/altominhotv\" \/>\n<meta property=\"article:published_time\" content=\"2026-04-07T11:08:11+00:00\" \/>\n<meta property=\"article:modified_time\" content=\"2026-04-07T11:08:14+00:00\" \/>\n<meta property=\"og:image\" content=\"https:\/\/www.altominho.tv\/site\/wp-content\/uploads\/2026\/04\/livro.png\" \/>\n\t<meta property=\"og:image:width\" content=\"1200\" \/>\n\t<meta property=\"og:image:height\" content=\"630\" \/>\n\t<meta property=\"og:image:type\" content=\"image\/png\" \/>\n<meta name=\"author\" content=\"Andreia Cunha\" \/>\n<meta name=\"twitter:card\" content=\"summary_large_image\" \/>\n<meta name=\"twitter:creator\" content=\"@altominhoTV\" \/>\n<meta name=\"twitter:site\" content=\"@altominhoTV\" \/>\n<meta name=\"twitter:label1\" content=\"Escrito por\" \/>\n\t<meta name=\"twitter:data1\" content=\"Andreia Cunha\" \/>\n\t<meta name=\"twitter:label2\" content=\"Tempo estimado de leitura\" \/>\n\t<meta name=\"twitter:data2\" content=\"3 minutos\" \/>\n<script type=\"application\/ld+json\" class=\"yoast-schema-graph\">{\"@context\":\"https:\\\/\\\/schema.org\",\"@graph\":[{\"@type\":\"Article\",\"@id\":\"https:\\\/\\\/www.altominho.tv\\\/site\\\/2026\\\/04\\\/07\\\/arcos-de-valdevez-biblioteca-livro-infantil\\\/#article\",\"isPartOf\":{\"@id\":\"https:\\\/\\\/www.altominho.tv\\\/site\\\/2026\\\/04\\\/07\\\/arcos-de-valdevez-biblioteca-livro-infantil\\\/\"},\"author\":{\"name\":\"Andreia Cunha\",\"@id\":\"https:\\\/\\\/www.altominho.tv\\\/site\\\/#\\\/schema\\\/person\\\/a0e4ef6d041f98ca284393d8f1d97153\"},\"headline\":\"Biblioteca Municipal assinalou o Dia Internacional do Livro Infantil\",\"datePublished\":\"2026-04-07T11:08:11+00:00\",\"dateModified\":\"2026-04-07T11:08:14+00:00\",\"mainEntityOfPage\":{\"@id\":\"https:\\\/\\\/www.altominho.tv\\\/site\\\/2026\\\/04\\\/07\\\/arcos-de-valdevez-biblioteca-livro-infantil\\\/\"},\"wordCount\":385,\"image\":{\"@id\":\"https:\\\/\\\/www.altominho.tv\\\/site\\\/2026\\\/04\\\/07\\\/arcos-de-valdevez-biblioteca-livro-infantil\\\/#primaryimage\"},\"thumbnailUrl\":\"https:\\\/\\\/www.altominho.tv\\\/site\\\/wp-content\\\/uploads\\\/2026\\\/04\\\/livro.png\",\"keywords\":[\"Cultura\",\"Lazer\"],\"articleSection\":[\"Arcos de Valdevez\"],\"inLanguage\":\"pt-PT\",\"copyrightYear\":\"2026\",\"copyrightHolder\":{\"@id\":\"https:\\\/\\\/www.altominho.tv\\\/site\\\/#organization\"}},{\"@type\":\"WebPage\",\"@id\":\"https:\\\/\\\/www.altominho.tv\\\/site\\\/2026\\\/04\\\/07\\\/arcos-de-valdevez-biblioteca-livro-infantil\\\/\",\"url\":\"https:\\\/\\\/www.altominho.tv\\\/site\\\/2026\\\/04\\\/07\\\/arcos-de-valdevez-biblioteca-livro-infantil\\\/\",\"name\":\"Biblioteca Municipal assinalou o Dia Internacional do Livro Infantil\",\"isPartOf\":{\"@id\":\"https:\\\/\\\/www.altominho.tv\\\/site\\\/#website\"},\"primaryImageOfPage\":{\"@id\":\"https:\\\/\\\/www.altominho.tv\\\/site\\\/2026\\\/04\\\/07\\\/arcos-de-valdevez-biblioteca-livro-infantil\\\/#primaryimage\"},\"image\":{\"@id\":\"https:\\\/\\\/www.altominho.tv\\\/site\\\/2026\\\/04\\\/07\\\/arcos-de-valdevez-biblioteca-livro-infantil\\\/#primaryimage\"},\"thumbnailUrl\":\"https:\\\/\\\/www.altominho.tv\\\/site\\\/wp-content\\\/uploads\\\/2026\\\/04\\\/livro.png\",\"datePublished\":\"2026-04-07T11:08:11+00:00\",\"dateModified\":\"2026-04-07T11:08:14+00:00\",\"author\":{\"@id\":\"https:\\\/\\\/www.altominho.tv\\\/site\\\/#\\\/schema\\\/person\\\/a0e4ef6d041f98ca284393d8f1d97153\"},\"description\":\"A Biblioteca Municipal de Arcos de Valdevez, assinalou o Dia Internacional do Livro Infantil.\",\"breadcrumb\":{\"@id\":\"https:\\\/\\\/www.altominho.tv\\\/site\\\/2026\\\/04\\\/07\\\/arcos-de-valdevez-biblioteca-livro-infantil\\\/#breadcrumb\"},\"inLanguage\":\"pt-PT\",\"potentialAction\":[{\"@type\":\"ReadAction\",\"target\":[\"https:\\\/\\\/www.altominho.tv\\\/site\\\/2026\\\/04\\\/07\\\/arcos-de-valdevez-biblioteca-livro-infantil\\\/\"]}]},{\"@type\":\"ImageObject\",\"inLanguage\":\"pt-PT\",\"@id\":\"https:\\\/\\\/www.altominho.tv\\\/site\\\/2026\\\/04\\\/07\\\/arcos-de-valdevez-biblioteca-livro-infantil\\\/#primaryimage\",\"url\":\"https:\\\/\\\/www.altominho.tv\\\/site\\\/wp-content\\\/uploads\\\/2026\\\/04\\\/livro.png\",\"contentUrl\":\"https:\\\/\\\/www.altominho.tv\\\/site\\\/wp-content\\\/uploads\\\/2026\\\/04\\\/livro.png\",\"width\":1200,\"height\":630},{\"@type\":\"BreadcrumbList\",\"@id\":\"https:\\\/\\\/www.altominho.tv\\\/site\\\/2026\\\/04\\\/07\\\/arcos-de-valdevez-biblioteca-livro-infantil\\\/#breadcrumb\",\"itemListElement\":[{\"@type\":\"ListItem\",\"position\":1,\"name\":\"In\u00edcio\",\"item\":\"https:\\\/\\\/www.altominho.tv\\\/site\\\/\"},{\"@type\":\"ListItem\",\"position\":2,\"name\":\"Biblioteca Municipal assinalou o Dia Internacional do Livro Infantil\"}]},{\"@type\":\"WebSite\",\"@id\":\"https:\\\/\\\/www.altominho.tv\\\/site\\\/#website\",\"url\":\"https:\\\/\\\/www.altominho.tv\\\/site\\\/\",\"name\":\"Altominho.tv\",\"description\":\"A sua regi\u00e3o \u00e0 dist\u00e2ncia de um clique...\",\"potentialAction\":[{\"@type\":\"SearchAction\",\"target\":{\"@type\":\"EntryPoint\",\"urlTemplate\":\"https:\\\/\\\/www.altominho.tv\\\/site\\\/?s={search_term_string}\"},\"query-input\":{\"@type\":\"PropertyValueSpecification\",\"valueRequired\":true,\"valueName\":\"search_term_string\"}}],\"inLanguage\":\"pt-PT\"},{\"@type\":\"Person\",\"@id\":\"https:\\\/\\\/www.altominho.tv\\\/site\\\/#\\\/schema\\\/person\\\/a0e4ef6d041f98ca284393d8f1d97153\",\"name\":\"Andreia Cunha\",\"image\":{\"@type\":\"ImageObject\",\"inLanguage\":\"pt-PT\",\"@id\":\"https:\\\/\\\/www.altominho.tv\\\/site\\\/wp-content\\\/uploads\\\/2017\\\/11\\\/Andreia_Cunha-1-150x150.jpg\",\"url\":\"https:\\\/\\\/www.altominho.tv\\\/site\\\/wp-content\\\/uploads\\\/2017\\\/11\\\/Andreia_Cunha-1-150x150.jpg\",\"contentUrl\":\"https:\\\/\\\/www.altominho.tv\\\/site\\\/wp-content\\\/uploads\\\/2017\\\/11\\\/Andreia_Cunha-1-150x150.jpg\",\"caption\":\"Andreia Cunha\"},\"url\":\"https:\\\/\\\/www.altominho.tv\\\/site\\\/author\\\/andreiacunha\\\/\"}]}<\/script>\n<!-- \/ Yoast SEO Premium plugin. -->","yoast_head_json":{"title":"Biblioteca Municipal assinalou o Dia Internacional do Livro Infantil","description":"A Biblioteca Municipal de Arcos de Valdevez, assinalou o Dia Internacional do Livro Infantil.","robots":{"index":"index","follow":"follow","max-snippet":"max-snippet:-1","max-image-preview":"max-image-preview:large","max-video-preview":"max-video-preview:-1"},"canonical":"https:\/\/www.altominho.tv\/site\/2026\/04\/07\/arcos-de-valdevez-biblioteca-livro-infantil\/","og_locale":"pt_PT","og_type":"article","og_title":"Biblioteca Municipal assinalou o Dia Internacional do Livro Infantil","og_description":"A Biblioteca Municipal de Arcos de Valdevez, assinalou o Dia Internacional do Livro Infantil.","og_url":"https:\/\/www.altominho.tv\/site\/2026\/04\/07\/arcos-de-valdevez-biblioteca-livro-infantil\/","og_site_name":"Altominho.tv","article_publisher":"https:\/\/www.facebook.com\/altominhotv","article_published_time":"2026-04-07T11:08:11+00:00","article_modified_time":"2026-04-07T11:08:14+00:00","og_image":[{"width":1200,"height":630,"url":"https:\/\/www.altominho.tv\/site\/wp-content\/uploads\/2026\/04\/livro.png","type":"image\/png"}],"author":"Andreia Cunha","twitter_card":"summary_large_image","twitter_creator":"@altominhoTV","twitter_site":"@altominhoTV","twitter_misc":{"Escrito por":"Andreia Cunha","Tempo estimado de leitura":"3 minutos"},"schema":{"@context":"https:\/\/schema.org","@graph":[{"@type":"Article","@id":"https:\/\/www.altominho.tv\/site\/2026\/04\/07\/arcos-de-valdevez-biblioteca-livro-infantil\/#article","isPartOf":{"@id":"https:\/\/www.altominho.tv\/site\/2026\/04\/07\/arcos-de-valdevez-biblioteca-livro-infantil\/"},"author":{"name":"Andreia Cunha","@id":"https:\/\/www.altominho.tv\/site\/#\/schema\/person\/a0e4ef6d041f98ca284393d8f1d97153"},"headline":"Biblioteca Municipal assinalou o Dia Internacional do Livro Infantil","datePublished":"2026-04-07T11:08:11+00:00","dateModified":"2026-04-07T11:08:14+00:00","mainEntityOfPage":{"@id":"https:\/\/www.altominho.tv\/site\/2026\/04\/07\/arcos-de-valdevez-biblioteca-livro-infantil\/"},"wordCount":385,"image":{"@id":"https:\/\/www.altominho.tv\/site\/2026\/04\/07\/arcos-de-valdevez-biblioteca-livro-infantil\/#primaryimage"},"thumbnailUrl":"https:\/\/www.altominho.tv\/site\/wp-content\/uploads\/2026\/04\/livro.png","keywords":["Cultura","Lazer"],"articleSection":["Arcos de Valdevez"],"inLanguage":"pt-PT","copyrightYear":"2026","copyrightHolder":{"@id":"https:\/\/www.altominho.tv\/site\/#organization"}},{"@type":"WebPage","@id":"https:\/\/www.altominho.tv\/site\/2026\/04\/07\/arcos-de-valdevez-biblioteca-livro-infantil\/","url":"https:\/\/www.altominho.tv\/site\/2026\/04\/07\/arcos-de-valdevez-biblioteca-livro-infantil\/","name":"Biblioteca Municipal assinalou o Dia Internacional do Livro Infantil","isPartOf":{"@id":"https:\/\/www.altominho.tv\/site\/#website"},"primaryImageOfPage":{"@id":"https:\/\/www.altominho.tv\/site\/2026\/04\/07\/arcos-de-valdevez-biblioteca-livro-infantil\/#primaryimage"},"image":{"@id":"https:\/\/www.altominho.tv\/site\/2026\/04\/07\/arcos-de-valdevez-biblioteca-livro-infantil\/#primaryimage"},"thumbnailUrl":"https:\/\/www.altominho.tv\/site\/wp-content\/uploads\/2026\/04\/livro.png","datePublished":"2026-04-07T11:08:11+00:00","dateModified":"2026-04-07T11:08:14+00:00","author":{"@id":"https:\/\/www.altominho.tv\/site\/#\/schema\/person\/a0e4ef6d041f98ca284393d8f1d97153"},"description":"A Biblioteca Municipal de Arcos de Valdevez, assinalou o Dia Internacional do Livro Infantil.","breadcrumb":{"@id":"https:\/\/www.altominho.tv\/site\/2026\/04\/07\/arcos-de-valdevez-biblioteca-livro-infantil\/#breadcrumb"},"inLanguage":"pt-PT","potentialAction":[{"@type":"ReadAction","target":["https:\/\/www.altominho.tv\/site\/2026\/04\/07\/arcos-de-valdevez-biblioteca-livro-infantil\/"]}]},{"@type":"ImageObject","inLanguage":"pt-PT","@id":"https:\/\/www.altominho.tv\/site\/2026\/04\/07\/arcos-de-valdevez-biblioteca-livro-infantil\/#primaryimage","url":"https:\/\/www.altominho.tv\/site\/wp-content\/uploads\/2026\/04\/livro.png","contentUrl":"https:\/\/www.altominho.tv\/site\/wp-content\/uploads\/2026\/04\/livro.png","width":1200,"height":630},{"@type":"BreadcrumbList","@id":"https:\/\/www.altominho.tv\/site\/2026\/04\/07\/arcos-de-valdevez-biblioteca-livro-infantil\/#breadcrumb","itemListElement":[{"@type":"ListItem","position":1,"name":"In\u00edcio","item":"https:\/\/www.altominho.tv\/site\/"},{"@type":"ListItem","position":2,"name":"Biblioteca Municipal assinalou o Dia Internacional do Livro Infantil"}]},{"@type":"WebSite","@id":"https:\/\/www.altominho.tv\/site\/#website","url":"https:\/\/www.altominho.tv\/site\/","name":"Altominho.tv","description":"A sua regi\u00e3o \u00e0 dist\u00e2ncia de um clique...","potentialAction":[{"@type":"SearchAction","target":{"@type":"EntryPoint","urlTemplate":"https:\/\/www.altominho.tv\/site\/?s={search_term_string}"},"query-input":{"@type":"PropertyValueSpecification","valueRequired":true,"valueName":"search_term_string"}}],"inLanguage":"pt-PT"},{"@type":"Person","@id":"https:\/\/www.altominho.tv\/site\/#\/schema\/person\/a0e4ef6d041f98ca284393d8f1d97153","name":"Andreia Cunha","image":{"@type":"ImageObject","inLanguage":"pt-PT","@id":"https:\/\/www.altominho.tv\/site\/wp-content\/uploads\/2017\/11\/Andreia_Cunha-1-150x150.jpg","url":"https:\/\/www.altominho.tv\/site\/wp-content\/uploads\/2017\/11\/Andreia_Cunha-1-150x150.jpg","contentUrl":"https:\/\/www.altominho.tv\/site\/wp-content\/uploads\/2017\/11\/Andreia_Cunha-1-150x150.jpg","caption":"Andreia Cunha"},"url":"https:\/\/www.altominho.tv\/site\/author\/andreiacunha\/"}]}},"_links":{"self":[{"href":"https:\/\/www.altominho.tv\/site\/wp-json\/wp\/v2\/posts\/130860","targetHints":{"allow":["GET"]}}],"collection":[{"href":"https:\/\/www.altominho.tv\/site\/wp-json\/wp\/v2\/posts"}],"about":[{"href":"https:\/\/www.altominho.tv\/site\/wp-json\/wp\/v2\/types\/post"}],"author":[{"embeddable":true,"href":"https:\/\/www.altominho.tv\/site\/wp-json\/wp\/v2\/users\/7"}],"replies":[{"embeddable":true,"href":"https:\/\/www.altominho.tv\/site\/wp-json\/wp\/v2\/comments?post=130860"}],"version-history":[{"count":1,"href":"https:\/\/www.altominho.tv\/site\/wp-json\/wp\/v2\/posts\/130860\/revisions"}],"predecessor-version":[{"id":130864,"href":"https:\/\/www.altominho.tv\/site\/wp-json\/wp\/v2\/posts\/130860\/revisions\/130864"}],"wp:featuredmedia":[{"embeddable":true,"href":"https:\/\/www.altominho.tv\/site\/wp-json\/wp\/v2\/media\/130863"}],"wp:attachment":[{"href":"https:\/\/www.altominho.tv\/site\/wp-json\/wp\/v2\/media?parent=130860"}],"wp:term":[{"taxonomy":"category","embeddable":true,"href":"https:\/\/www.altominho.tv\/site\/wp-json\/wp\/v2\/categories?post=130860"},{"taxonomy":"post_tag","embeddable":true,"href":"https:\/\/www.altominho.tv\/site\/wp-json\/wp\/v2\/tags?post=130860"}],"curies":[{"name":"wp","href":"https:\/\/api.w.org\/{rel}","templated":true}]}}