{"id":130859,"date":"2026-04-07T12:05:46","date_gmt":"2026-04-07T11:05:46","guid":{"rendered":"https:\/\/www.altominho.tv\/site\/?p=130859"},"modified":"2026-04-07T12:05:48","modified_gmt":"2026-04-07T11:05:48","slug":"mais-de-250-atletas-no-torneio-interassociacoes-feminino-sub-17-de-futsal","status":"publish","type":"post","link":"https:\/\/www.altominho.tv\/site\/2026\/04\/07\/mais-de-250-atletas-no-torneio-interassociacoes-feminino-sub-17-de-futsal\/","title":{"rendered":"Mais de 250 atletas participaram no Torneio Interassocia\u00e7\u00f5es Feminino Sub-17 de Futsal"},"content":{"rendered":"<p class=\"p1\">Viana do Castelo acolheu o Torneio Interassocia\u00e7\u00f5es Feminino Sub-17 de Futsal, que decorreu de 1 a 4 de abril. Mais de 250 atletas, representativas de 21 Associa\u00e7\u00f5es Distritais e Regionais de todo o pa\u00eds (continente e ilhas), disputaram este torneio.<\/p>\n<p class=\"p1\">\u201cO Torneio foi um sucesso e estamos muito satisfeitos e orgulhosos pela forma como se desenrolou toda a din\u00e2mica de um evento deste g\u00e9nero. Temos, naturalmente, que agradecer a todas as sele\u00e7\u00f5es pelo magn\u00edfico desempenho que tiveram, incluindo os seus adeptos. Temos tamb\u00e9m que agradecer \u00e0 C\u00e2mara Municipal pelo apoio e \u00e0 Federa\u00e7\u00e3o Portuguesa de Futebol por nos ter confiado esta organiza\u00e7\u00e3o\u201d, afirma o presidente da Associa\u00e7\u00e3o de Futebol de Viana do Castelo (AFVC), Ricardo Felgueiras, acrescentando que \u201ca cidade est\u00e1 bem preparada para receber eventos desportivos desta envergadura pois possui v\u00e1rios pavilh\u00f5es pr\u00f3ximos do centro da cidade, que permitem \u00e0s equipas desloca\u00e7\u00f5es curtas, sem constrangimentos\u201d.<\/p>\n<p class=\"p1\">A sele\u00e7\u00e3o representativa do distrito de Viana do Castelo, venceu dois jogos em quatro. Ao longo do Torneio, os selecionadores nacionais dos v\u00e1rios escal\u00f5es de futsal, liderados pelo selecionador, Jorge Br\u00e1s e pelo diretor T\u00e9cnico Nacional, \u00d3scar Tojo, estiveram presentes nos jogos.<\/p>\n<p class=\"p1\">\u201cEstes torneios s\u00e3o essenciais para o crescimento das atletas pois t\u00eam aqui a oportunidade de jogar contra outras equipas que t\u00eam um ritmo diferente, que ajudam a elevar a competitividade e que as desafiam a ser ainda melhores. Estamos certos que mais conquistas vir\u00e3o para a AFVC e s\u00f3 temos que dar os parab\u00e9ns \u00e0s atletas e \u00e0 equipa t\u00e9cnica por todo o desempenho neste evento\u201d, declara Ricardo Felgueiras.<\/p>\n<p class=\"p1\">O Torneio Interassocia\u00e7\u00f5es Feminino Sub-17 de Futsal terminou ainda com a atribui\u00e7\u00e3o de um pr\u00e9mio Fair-Play \u00e0 AF Santar\u00e9m pelo seu desportivismo e camaradagem demonstrado ao longo de todo o torneio.<\/p>\n<p>Foto: <strong>Associa\u00e7\u00e3o de Futebol de Viana do Castelo<\/strong><\/p>\n","protected":false},"excerpt":{"rendered":"<p>Viana do Castelo acolheu o Torneio Interassocia\u00e7\u00f5es Feminino Sub-17 de Futsal, que decorreu de 1 a 4 de abril. Mais de 250 atletas, representativas de 21 Associa\u00e7\u00f5es Distritais e Regionais de todo o pa\u00eds (continente e ilhas), disputaram este torneio. \u201cO Torneio foi um sucesso e estamos muito satisfeitos e orgulhosos pela forma como se [&hellip;]<\/p>\n","protected":false},"author":30,"featured_media":130861,"comment_status":"closed","ping_status":"closed","sticky":false,"template":"","format":"standard","meta":{"_exactmetrics_skip_tracking":false,"_exactmetrics_sitenote_active":false,"_exactmetrics_sitenote_note":"","_exactmetrics_sitenote_category":0,"footnotes":""},"categories":[14],"tags":[20],"class_list":["post-130859","post","type-post","status-publish","format-standard","has-post-thumbnail","hentry","category-viana-do-castelo","tag-desporto"],"yoast_head":"<!-- This site is optimized with the Yoast SEO Premium plugin v27.5 (Yoast SEO v27.5) - https:\/\/yoast.com\/product\/yoast-seo-premium-wordpress\/ -->\n<title>Mais de 250 atletas participaram no Torneio Interassocia\u00e7\u00f5es Feminino Sub-17 de Futsal<\/title>\n<meta name=\"description\" content=\"Viana do Castelo acolheu o Torneio Interassocia\u00e7\u00f5es Feminino Sub-17 de Futsal, que decorreu de 1 a 4 de abril\" \/>\n<meta name=\"robots\" content=\"index, follow, max-snippet:-1, max-image-preview:large, max-video-preview:-1\" \/>\n<link rel=\"canonical\" href=\"https:\/\/www.altominho.tv\/site\/2026\/04\/07\/mais-de-250-atletas-no-torneio-interassociacoes-feminino-sub-17-de-futsal\/\" \/>\n<meta property=\"og:locale\" content=\"pt_PT\" \/>\n<meta property=\"og:type\" content=\"article\" \/>\n<meta property=\"og:title\" content=\"Mais de 250 atletas participaram no Torneio Interassocia\u00e7\u00f5es Feminino Sub-17 de Futsal\" \/>\n<meta property=\"og:description\" content=\"Viana do Castelo acolheu o Torneio Interassocia\u00e7\u00f5es Feminino Sub-17 de Futsal, que decorreu de 1 a 4 de abril\" \/>\n<meta property=\"og:url\" content=\"https:\/\/www.altominho.tv\/site\/2026\/04\/07\/mais-de-250-atletas-no-torneio-interassociacoes-feminino-sub-17-de-futsal\/\" \/>\n<meta property=\"og:site_name\" content=\"Altominho.tv\" \/>\n<meta property=\"article:publisher\" content=\"https:\/\/www.facebook.com\/altominhotv\" \/>\n<meta property=\"article:published_time\" content=\"2026-04-07T11:05:46+00:00\" \/>\n<meta property=\"article:modified_time\" content=\"2026-04-07T11:05:48+00:00\" \/>\n<meta property=\"og:image\" content=\"https:\/\/www.altominho.tv\/site\/wp-content\/uploads\/2026\/04\/torneio-futsal-viana.jpg\" \/>\n\t<meta property=\"og:image:width\" content=\"1200\" \/>\n\t<meta property=\"og:image:height\" content=\"630\" \/>\n\t<meta property=\"og:image:type\" content=\"image\/jpeg\" \/>\n<meta name=\"author\" content=\"Eduarda Cardoso\" \/>\n<meta name=\"twitter:card\" content=\"summary_large_image\" \/>\n<meta name=\"twitter:creator\" content=\"@altominhoTV\" \/>\n<meta name=\"twitter:site\" content=\"@altominhoTV\" \/>\n<meta name=\"twitter:label1\" content=\"Escrito por\" \/>\n\t<meta name=\"twitter:data1\" content=\"Eduarda Cardoso\" \/>\n\t<meta name=\"twitter:label2\" content=\"Tempo estimado de leitura\" \/>\n\t<meta name=\"twitter:data2\" content=\"2 minutos\" \/>\n<script type=\"application\/ld+json\" class=\"yoast-schema-graph\">{\"@context\":\"https:\\\/\\\/schema.org\",\"@graph\":[{\"@type\":\"Article\",\"@id\":\"https:\\\/\\\/www.altominho.tv\\\/site\\\/2026\\\/04\\\/07\\\/mais-de-250-atletas-no-torneio-interassociacoes-feminino-sub-17-de-futsal\\\/#article\",\"isPartOf\":{\"@id\":\"https:\\\/\\\/www.altominho.tv\\\/site\\\/2026\\\/04\\\/07\\\/mais-de-250-atletas-no-torneio-interassociacoes-feminino-sub-17-de-futsal\\\/\"},\"author\":{\"name\":\"Eduarda Cardoso\",\"@id\":\"https:\\\/\\\/www.altominho.tv\\\/site\\\/#\\\/schema\\\/person\\\/9e351387b727413d005ccf1152c93539\"},\"headline\":\"Mais de 250 atletas participaram no Torneio Interassocia\u00e7\u00f5es Feminino Sub-17 de Futsal\",\"datePublished\":\"2026-04-07T11:05:46+00:00\",\"dateModified\":\"2026-04-07T11:05:48+00:00\",\"mainEntityOfPage\":{\"@id\":\"https:\\\/\\\/www.altominho.tv\\\/site\\\/2026\\\/04\\\/07\\\/mais-de-250-atletas-no-torneio-interassociacoes-feminino-sub-17-de-futsal\\\/\"},\"wordCount\":332,\"image\":{\"@id\":\"https:\\\/\\\/www.altominho.tv\\\/site\\\/2026\\\/04\\\/07\\\/mais-de-250-atletas-no-torneio-interassociacoes-feminino-sub-17-de-futsal\\\/#primaryimage\"},\"thumbnailUrl\":\"https:\\\/\\\/www.altominho.tv\\\/site\\\/wp-content\\\/uploads\\\/2026\\\/04\\\/torneio-futsal-viana.jpg\",\"keywords\":[\"Desporto\"],\"articleSection\":[\"Viana do Castelo\"],\"inLanguage\":\"pt-PT\",\"copyrightYear\":\"2026\",\"copyrightHolder\":{\"@id\":\"https:\\\/\\\/www.altominho.tv\\\/site\\\/#organization\"}},{\"@type\":\"WebPage\",\"@id\":\"https:\\\/\\\/www.altominho.tv\\\/site\\\/2026\\\/04\\\/07\\\/mais-de-250-atletas-no-torneio-interassociacoes-feminino-sub-17-de-futsal\\\/\",\"url\":\"https:\\\/\\\/www.altominho.tv\\\/site\\\/2026\\\/04\\\/07\\\/mais-de-250-atletas-no-torneio-interassociacoes-feminino-sub-17-de-futsal\\\/\",\"name\":\"Mais de 250 atletas participaram no Torneio Interassocia\u00e7\u00f5es Feminino Sub-17 de Futsal\",\"isPartOf\":{\"@id\":\"https:\\\/\\\/www.altominho.tv\\\/site\\\/#website\"},\"primaryImageOfPage\":{\"@id\":\"https:\\\/\\\/www.altominho.tv\\\/site\\\/2026\\\/04\\\/07\\\/mais-de-250-atletas-no-torneio-interassociacoes-feminino-sub-17-de-futsal\\\/#primaryimage\"},\"image\":{\"@id\":\"https:\\\/\\\/www.altominho.tv\\\/site\\\/2026\\\/04\\\/07\\\/mais-de-250-atletas-no-torneio-interassociacoes-feminino-sub-17-de-futsal\\\/#primaryimage\"},\"thumbnailUrl\":\"https:\\\/\\\/www.altominho.tv\\\/site\\\/wp-content\\\/uploads\\\/2026\\\/04\\\/torneio-futsal-viana.jpg\",\"datePublished\":\"2026-04-07T11:05:46+00:00\",\"dateModified\":\"2026-04-07T11:05:48+00:00\",\"author\":{\"@id\":\"https:\\\/\\\/www.altominho.tv\\\/site\\\/#\\\/schema\\\/person\\\/9e351387b727413d005ccf1152c93539\"},\"description\":\"Viana do Castelo acolheu o Torneio Interassocia\u00e7\u00f5es Feminino Sub-17 de Futsal, que decorreu de 1 a 4 de abril\",\"breadcrumb\":{\"@id\":\"https:\\\/\\\/www.altominho.tv\\\/site\\\/2026\\\/04\\\/07\\\/mais-de-250-atletas-no-torneio-interassociacoes-feminino-sub-17-de-futsal\\\/#breadcrumb\"},\"inLanguage\":\"pt-PT\",\"potentialAction\":[{\"@type\":\"ReadAction\",\"target\":[\"https:\\\/\\\/www.altominho.tv\\\/site\\\/2026\\\/04\\\/07\\\/mais-de-250-atletas-no-torneio-interassociacoes-feminino-sub-17-de-futsal\\\/\"]}]},{\"@type\":\"ImageObject\",\"inLanguage\":\"pt-PT\",\"@id\":\"https:\\\/\\\/www.altominho.tv\\\/site\\\/2026\\\/04\\\/07\\\/mais-de-250-atletas-no-torneio-interassociacoes-feminino-sub-17-de-futsal\\\/#primaryimage\",\"url\":\"https:\\\/\\\/www.altominho.tv\\\/site\\\/wp-content\\\/uploads\\\/2026\\\/04\\\/torneio-futsal-viana.jpg\",\"contentUrl\":\"https:\\\/\\\/www.altominho.tv\\\/site\\\/wp-content\\\/uploads\\\/2026\\\/04\\\/torneio-futsal-viana.jpg\",\"width\":1200,\"height\":630},{\"@type\":\"BreadcrumbList\",\"@id\":\"https:\\\/\\\/www.altominho.tv\\\/site\\\/2026\\\/04\\\/07\\\/mais-de-250-atletas-no-torneio-interassociacoes-feminino-sub-17-de-futsal\\\/#breadcrumb\",\"itemListElement\":[{\"@type\":\"ListItem\",\"position\":1,\"name\":\"In\u00edcio\",\"item\":\"https:\\\/\\\/www.altominho.tv\\\/site\\\/\"},{\"@type\":\"ListItem\",\"position\":2,\"name\":\"Mais de 250 atletas participaram no Torneio Interassocia\u00e7\u00f5es Feminino Sub-17 de Futsal\"}]},{\"@type\":\"WebSite\",\"@id\":\"https:\\\/\\\/www.altominho.tv\\\/site\\\/#website\",\"url\":\"https:\\\/\\\/www.altominho.tv\\\/site\\\/\",\"name\":\"Altominho.tv\",\"description\":\"A sua regi\u00e3o \u00e0 dist\u00e2ncia de um clique...\",\"potentialAction\":[{\"@type\":\"SearchAction\",\"target\":{\"@type\":\"EntryPoint\",\"urlTemplate\":\"https:\\\/\\\/www.altominho.tv\\\/site\\\/?s={search_term_string}\"},\"query-input\":{\"@type\":\"PropertyValueSpecification\",\"valueRequired\":true,\"valueName\":\"search_term_string\"}}],\"inLanguage\":\"pt-PT\"},{\"@type\":\"Person\",\"@id\":\"https:\\\/\\\/www.altominho.tv\\\/site\\\/#\\\/schema\\\/person\\\/9e351387b727413d005ccf1152c93539\",\"name\":\"Eduarda Cardoso\",\"image\":{\"@type\":\"ImageObject\",\"inLanguage\":\"pt-PT\",\"@id\":\"https:\\\/\\\/www.altominho.tv\\\/site\\\/wp-content\\\/uploads\\\/2021\\\/01\\\/cropped-Logo-ATV_WEB-150x150.png\",\"url\":\"https:\\\/\\\/www.altominho.tv\\\/site\\\/wp-content\\\/uploads\\\/2021\\\/01\\\/cropped-Logo-ATV_WEB-150x150.png\",\"contentUrl\":\"https:\\\/\\\/www.altominho.tv\\\/site\\\/wp-content\\\/uploads\\\/2021\\\/01\\\/cropped-Logo-ATV_WEB-150x150.png\",\"caption\":\"Eduarda Cardoso\"},\"url\":\"https:\\\/\\\/www.altominho.tv\\\/site\\\/author\\\/eduarda-cardoso\\\/\"}]}<\/script>\n<!-- \/ Yoast SEO Premium plugin. -->","yoast_head_json":{"title":"Mais de 250 atletas participaram no Torneio Interassocia\u00e7\u00f5es Feminino Sub-17 de Futsal","description":"Viana do Castelo acolheu o Torneio Interassocia\u00e7\u00f5es Feminino Sub-17 de Futsal, que decorreu de 1 a 4 de abril","robots":{"index":"index","follow":"follow","max-snippet":"max-snippet:-1","max-image-preview":"max-image-preview:large","max-video-preview":"max-video-preview:-1"},"canonical":"https:\/\/www.altominho.tv\/site\/2026\/04\/07\/mais-de-250-atletas-no-torneio-interassociacoes-feminino-sub-17-de-futsal\/","og_locale":"pt_PT","og_type":"article","og_title":"Mais de 250 atletas participaram no Torneio Interassocia\u00e7\u00f5es Feminino Sub-17 de Futsal","og_description":"Viana do Castelo acolheu o Torneio Interassocia\u00e7\u00f5es Feminino Sub-17 de Futsal, que decorreu de 1 a 4 de abril","og_url":"https:\/\/www.altominho.tv\/site\/2026\/04\/07\/mais-de-250-atletas-no-torneio-interassociacoes-feminino-sub-17-de-futsal\/","og_site_name":"Altominho.tv","article_publisher":"https:\/\/www.facebook.com\/altominhotv","article_published_time":"2026-04-07T11:05:46+00:00","article_modified_time":"2026-04-07T11:05:48+00:00","og_image":[{"width":1200,"height":630,"url":"https:\/\/www.altominho.tv\/site\/wp-content\/uploads\/2026\/04\/torneio-futsal-viana.jpg","type":"image\/jpeg"}],"author":"Eduarda Cardoso","twitter_card":"summary_large_image","twitter_creator":"@altominhoTV","twitter_site":"@altominhoTV","twitter_misc":{"Escrito por":"Eduarda Cardoso","Tempo estimado de leitura":"2 minutos"},"schema":{"@context":"https:\/\/schema.org","@graph":[{"@type":"Article","@id":"https:\/\/www.altominho.tv\/site\/2026\/04\/07\/mais-de-250-atletas-no-torneio-interassociacoes-feminino-sub-17-de-futsal\/#article","isPartOf":{"@id":"https:\/\/www.altominho.tv\/site\/2026\/04\/07\/mais-de-250-atletas-no-torneio-interassociacoes-feminino-sub-17-de-futsal\/"},"author":{"name":"Eduarda Cardoso","@id":"https:\/\/www.altominho.tv\/site\/#\/schema\/person\/9e351387b727413d005ccf1152c93539"},"headline":"Mais de 250 atletas participaram no Torneio Interassocia\u00e7\u00f5es Feminino Sub-17 de Futsal","datePublished":"2026-04-07T11:05:46+00:00","dateModified":"2026-04-07T11:05:48+00:00","mainEntityOfPage":{"@id":"https:\/\/www.altominho.tv\/site\/2026\/04\/07\/mais-de-250-atletas-no-torneio-interassociacoes-feminino-sub-17-de-futsal\/"},"wordCount":332,"image":{"@id":"https:\/\/www.altominho.tv\/site\/2026\/04\/07\/mais-de-250-atletas-no-torneio-interassociacoes-feminino-sub-17-de-futsal\/#primaryimage"},"thumbnailUrl":"https:\/\/www.altominho.tv\/site\/wp-content\/uploads\/2026\/04\/torneio-futsal-viana.jpg","keywords":["Desporto"],"articleSection":["Viana do Castelo"],"inLanguage":"pt-PT","copyrightYear":"2026","copyrightHolder":{"@id":"https:\/\/www.altominho.tv\/site\/#organization"}},{"@type":"WebPage","@id":"https:\/\/www.altominho.tv\/site\/2026\/04\/07\/mais-de-250-atletas-no-torneio-interassociacoes-feminino-sub-17-de-futsal\/","url":"https:\/\/www.altominho.tv\/site\/2026\/04\/07\/mais-de-250-atletas-no-torneio-interassociacoes-feminino-sub-17-de-futsal\/","name":"Mais de 250 atletas participaram no Torneio Interassocia\u00e7\u00f5es Feminino Sub-17 de Futsal","isPartOf":{"@id":"https:\/\/www.altominho.tv\/site\/#website"},"primaryImageOfPage":{"@id":"https:\/\/www.altominho.tv\/site\/2026\/04\/07\/mais-de-250-atletas-no-torneio-interassociacoes-feminino-sub-17-de-futsal\/#primaryimage"},"image":{"@id":"https:\/\/www.altominho.tv\/site\/2026\/04\/07\/mais-de-250-atletas-no-torneio-interassociacoes-feminino-sub-17-de-futsal\/#primaryimage"},"thumbnailUrl":"https:\/\/www.altominho.tv\/site\/wp-content\/uploads\/2026\/04\/torneio-futsal-viana.jpg","datePublished":"2026-04-07T11:05:46+00:00","dateModified":"2026-04-07T11:05:48+00:00","author":{"@id":"https:\/\/www.altominho.tv\/site\/#\/schema\/person\/9e351387b727413d005ccf1152c93539"},"description":"Viana do Castelo acolheu o Torneio Interassocia\u00e7\u00f5es Feminino Sub-17 de Futsal, que decorreu de 1 a 4 de abril","breadcrumb":{"@id":"https:\/\/www.altominho.tv\/site\/2026\/04\/07\/mais-de-250-atletas-no-torneio-interassociacoes-feminino-sub-17-de-futsal\/#breadcrumb"},"inLanguage":"pt-PT","potentialAction":[{"@type":"ReadAction","target":["https:\/\/www.altominho.tv\/site\/2026\/04\/07\/mais-de-250-atletas-no-torneio-interassociacoes-feminino-sub-17-de-futsal\/"]}]},{"@type":"ImageObject","inLanguage":"pt-PT","@id":"https:\/\/www.altominho.tv\/site\/2026\/04\/07\/mais-de-250-atletas-no-torneio-interassociacoes-feminino-sub-17-de-futsal\/#primaryimage","url":"https:\/\/www.altominho.tv\/site\/wp-content\/uploads\/2026\/04\/torneio-futsal-viana.jpg","contentUrl":"https:\/\/www.altominho.tv\/site\/wp-content\/uploads\/2026\/04\/torneio-futsal-viana.jpg","width":1200,"height":630},{"@type":"BreadcrumbList","@id":"https:\/\/www.altominho.tv\/site\/2026\/04\/07\/mais-de-250-atletas-no-torneio-interassociacoes-feminino-sub-17-de-futsal\/#breadcrumb","itemListElement":[{"@type":"ListItem","position":1,"name":"In\u00edcio","item":"https:\/\/www.altominho.tv\/site\/"},{"@type":"ListItem","position":2,"name":"Mais de 250 atletas participaram no Torneio Interassocia\u00e7\u00f5es Feminino Sub-17 de Futsal"}]},{"@type":"WebSite","@id":"https:\/\/www.altominho.tv\/site\/#website","url":"https:\/\/www.altominho.tv\/site\/","name":"Altominho.tv","description":"A sua regi\u00e3o \u00e0 dist\u00e2ncia de um clique...","potentialAction":[{"@type":"SearchAction","target":{"@type":"EntryPoint","urlTemplate":"https:\/\/www.altominho.tv\/site\/?s={search_term_string}"},"query-input":{"@type":"PropertyValueSpecification","valueRequired":true,"valueName":"search_term_string"}}],"inLanguage":"pt-PT"},{"@type":"Person","@id":"https:\/\/www.altominho.tv\/site\/#\/schema\/person\/9e351387b727413d005ccf1152c93539","name":"Eduarda Cardoso","image":{"@type":"ImageObject","inLanguage":"pt-PT","@id":"https:\/\/www.altominho.tv\/site\/wp-content\/uploads\/2021\/01\/cropped-Logo-ATV_WEB-150x150.png","url":"https:\/\/www.altominho.tv\/site\/wp-content\/uploads\/2021\/01\/cropped-Logo-ATV_WEB-150x150.png","contentUrl":"https:\/\/www.altominho.tv\/site\/wp-content\/uploads\/2021\/01\/cropped-Logo-ATV_WEB-150x150.png","caption":"Eduarda Cardoso"},"url":"https:\/\/www.altominho.tv\/site\/author\/eduarda-cardoso\/"}]}},"_links":{"self":[{"href":"https:\/\/www.altominho.tv\/site\/wp-json\/wp\/v2\/posts\/130859","targetHints":{"allow":["GET"]}}],"collection":[{"href":"https:\/\/www.altominho.tv\/site\/wp-json\/wp\/v2\/posts"}],"about":[{"href":"https:\/\/www.altominho.tv\/site\/wp-json\/wp\/v2\/types\/post"}],"author":[{"embeddable":true,"href":"https:\/\/www.altominho.tv\/site\/wp-json\/wp\/v2\/users\/30"}],"replies":[{"embeddable":true,"href":"https:\/\/www.altominho.tv\/site\/wp-json\/wp\/v2\/comments?post=130859"}],"version-history":[{"count":1,"href":"https:\/\/www.altominho.tv\/site\/wp-json\/wp\/v2\/posts\/130859\/revisions"}],"predecessor-version":[{"id":130862,"href":"https:\/\/www.altominho.tv\/site\/wp-json\/wp\/v2\/posts\/130859\/revisions\/130862"}],"wp:featuredmedia":[{"embeddable":true,"href":"https:\/\/www.altominho.tv\/site\/wp-json\/wp\/v2\/media\/130861"}],"wp:attachment":[{"href":"https:\/\/www.altominho.tv\/site\/wp-json\/wp\/v2\/media?parent=130859"}],"wp:term":[{"taxonomy":"category","embeddable":true,"href":"https:\/\/www.altominho.tv\/site\/wp-json\/wp\/v2\/categories?post=130859"},{"taxonomy":"post_tag","embeddable":true,"href":"https:\/\/www.altominho.tv\/site\/wp-json\/wp\/v2\/tags?post=130859"}],"curies":[{"name":"wp","href":"https:\/\/api.w.org\/{rel}","templated":true}]}}