{"id":130798,"date":"2026-04-06T09:00:01","date_gmt":"2026-04-06T08:00:01","guid":{"rendered":"https:\/\/www.altominho.tv\/site\/?p=130798"},"modified":"2026-04-06T09:53:33","modified_gmt":"2026-04-06T08:53:33","slug":"viana-debate-envelhecimento-e-desafia-comunidade-a-reforcar-proximidade","status":"publish","type":"post","link":"https:\/\/www.altominho.tv\/site\/2026\/04\/06\/viana-debate-envelhecimento-e-desafia-comunidade-a-reforcar-proximidade\/","title":{"rendered":"Viana debate envelhecimento e desafia comunidade a refor\u00e7ar proximidade"},"content":{"rendered":"<p data-start=\"93\" data-end=\"502\">A Comiss\u00e3o Justi\u00e7a e Paz da Diocese de Viana do Castelo vai promover, no pr\u00f3ximo dia 18 de abril, uma jornada dedicada ao envelhecimento no concelho, sob o mote \u201cQuem \u00e9 o meu pr\u00f3ximo?\u201d. A iniciativa decorrer\u00e1 no <span class=\"hover:entity-accent entity-underline inline cursor-pointer align-baseline\"><span class=\"whitespace-normal\">Centro Pastoral Paulo VI<\/span><\/span> e pretende fomentar uma reflex\u00e3o alargada sobre os desafios sociais, \u00e9ticos e comunit\u00e1rios associados \u00e0 popula\u00e7\u00e3o idosa.<\/p>\n<p data-start=\"504\" data-end=\"686\">Com in\u00edcio \u00e0s 9h30, o encontro reunir\u00e1 especialistas das \u00e1reas da educa\u00e7\u00e3o, a\u00e7\u00e3o social, seguran\u00e7a e pastoral, combinando an\u00e1lise acad\u00e9mica, testemunhos e momentos de debate p\u00fablico.<\/p>\n<p data-start=\"688\" data-end=\"1028\">O programa inclui interven\u00e7\u00f5es centradas em temas como o papel dos cuidadores informais, a realidade social dos idosos no territ\u00f3rio e as respostas institucionais existentes. A primeira apresenta\u00e7\u00e3o estar\u00e1 a cargo de V\u00edtor Hugo Fragoso, que abordar\u00e1 o conceito de \u201cser pr\u00f3ximo\u201d no contexto do envelhecimento, com enfoque na gerontoeduca\u00e7\u00e3o.<\/p>\n<p data-start=\"1030\" data-end=\"1181\">Seguidamente, investigadoras da <span class=\"hover:entity-accent entity-underline inline cursor-pointer align-baseline\"><span class=\"whitespace-normal\">Escola Superior de Educa\u00e7\u00e3o do Instituto Polit\u00e9cnico de Viana do Castelo<\/span><\/span> ir\u00e3o apresentar dados e an\u00e1lises sobre a situa\u00e7\u00e3o da popula\u00e7\u00e3o idosa no concelho.<\/p>\n<p data-start=\"1183\" data-end=\"1445\">Durante a manh\u00e3, um painel com representantes da <span class=\"hover:entity-accent entity-underline inline cursor-pointer align-baseline\"><span class=\"whitespace-normal\">Pol\u00edcia de Seguran\u00e7a P\u00fablica<\/span><\/span>, da <span class=\"hover:entity-accent entity-underline inline cursor-pointer align-baseline\"><span class=\"whitespace-normal\">Guarda Nacional Republicana<\/span><\/span> e da autarquia local ir\u00e1 discutir os programas existentes para os idosos e as problem\u00e1ticas mais frequentes identificadas no terreno.<\/p>\n<p data-start=\"1447\" data-end=\"1759\">A sess\u00e3o da tarde ser\u00e1 dedicada a uma reflex\u00e3o mais abrangente sobre o papel da Igreja e da sociedade perante situa\u00e7\u00f5es de isolamento e aus\u00eancia social, bem como \u00e0 apresenta\u00e7\u00e3o de propostas concretas para promover um envelhecimento com qualidade, incluindo iniciativas como academias s\u00e9nior e projetos culturais.<\/p>\n<p data-start=\"1761\" data-end=\"1979\" data-is-last-node=\"\" data-is-only-node=\"\">O encerramento ficar\u00e1 a cargo do bispo da diocese, num encontro que pretende n\u00e3o apenas identificar desafios, mas tamb\u00e9m incentivar uma maior proximidade e resposta comunit\u00e1ria \u00e0s necessidades da popula\u00e7\u00e3o envelhecida.<\/p>\n<p data-start=\"1761\" data-end=\"1979\" data-is-last-node=\"\" data-is-only-node=\"\">Foto:<strong> DR<\/strong><\/p>\n","protected":false},"excerpt":{"rendered":"<p>A Comiss\u00e3o Justi\u00e7a e Paz da Diocese de Viana do Castelo vai promover, no pr\u00f3ximo dia 18 de abril, uma jornada dedicada ao envelhecimento no concelho, sob o mote \u201cQuem \u00e9 o meu pr\u00f3ximo?\u201d. A iniciativa decorrer\u00e1 no Centro Pastoral Paulo VI e pretende fomentar uma reflex\u00e3o alargada sobre os desafios sociais, \u00e9ticos e comunit\u00e1rios [&hellip;]<\/p>\n","protected":false},"author":24,"featured_media":130799,"comment_status":"closed","ping_status":"closed","sticky":false,"template":"","format":"standard","meta":{"_exactmetrics_skip_tracking":false,"_exactmetrics_sitenote_active":false,"_exactmetrics_sitenote_note":"","_exactmetrics_sitenote_category":0,"footnotes":""},"categories":[14],"tags":[27],"class_list":["post-130798","post","type-post","status-publish","format-standard","has-post-thumbnail","hentry","category-viana-do-castelo","tag-sociedade"],"yoast_head":"<!-- This site is optimized with the Yoast SEO Premium plugin v27.4 (Yoast SEO v27.4) - https:\/\/yoast.com\/product\/yoast-seo-premium-wordpress\/ -->\n<title>Viana debate envelhecimento e desafia comunidade a refor\u00e7ar proximidade<\/title>\n<meta name=\"description\" content=\"A Comiss\u00e3o Justi\u00e7a e Paz da Diocese de Viana do Castelo vai promover, no pr\u00f3ximo dia 18 de abril, uma jornada dedicada ao envelhecimento no concelho, sob o mote \u201cQuem \u00e9 o meu pr\u00f3ximo?\u201d. A iniciativa decorrer\u00e1 no Centro Pastoral Paulo VI e pretende fomentar uma reflex\u00e3o alargada sobre os desafios sociais, \u00e9ticos e comunit\u00e1rios associados \u00e0 popula\u00e7\u00e3o idosa.\" \/>\n<meta name=\"robots\" content=\"index, follow, max-snippet:-1, max-image-preview:large, max-video-preview:-1\" \/>\n<link rel=\"canonical\" href=\"https:\/\/www.altominho.tv\/site\/2026\/04\/06\/viana-debate-envelhecimento-e-desafia-comunidade-a-reforcar-proximidade\/\" \/>\n<meta property=\"og:locale\" content=\"pt_PT\" \/>\n<meta property=\"og:type\" content=\"article\" \/>\n<meta property=\"og:title\" content=\"Viana debate envelhecimento e desafia comunidade a refor\u00e7ar proximidade\" \/>\n<meta property=\"og:description\" content=\"A Comiss\u00e3o Justi\u00e7a e Paz da Diocese de Viana do Castelo vai promover, no pr\u00f3ximo dia 18 de abril, uma jornada dedicada ao envelhecimento no concelho, sob o mote \u201cQuem \u00e9 o meu pr\u00f3ximo?\u201d. A iniciativa decorrer\u00e1 no Centro Pastoral Paulo VI e pretende fomentar uma reflex\u00e3o alargada sobre os desafios sociais, \u00e9ticos e comunit\u00e1rios associados \u00e0 popula\u00e7\u00e3o idosa.\" \/>\n<meta property=\"og:url\" content=\"https:\/\/www.altominho.tv\/site\/2026\/04\/06\/viana-debate-envelhecimento-e-desafia-comunidade-a-reforcar-proximidade\/\" \/>\n<meta property=\"og:site_name\" content=\"Altominho.tv\" \/>\n<meta property=\"article:publisher\" content=\"https:\/\/www.facebook.com\/altominhotv\" \/>\n<meta property=\"article:published_time\" content=\"2026-04-06T08:00:01+00:00\" \/>\n<meta property=\"article:modified_time\" content=\"2026-04-06T08:53:33+00:00\" \/>\n<meta property=\"og:image\" content=\"https:\/\/www.altominho.tv\/site\/wp-content\/uploads\/2026\/04\/idosos.png\" \/>\n\t<meta property=\"og:image:width\" content=\"1200\" \/>\n\t<meta property=\"og:image:height\" content=\"630\" \/>\n\t<meta property=\"og:image:type\" content=\"image\/png\" \/>\n<meta name=\"author\" content=\"Cesar Lopes\" \/>\n<meta name=\"twitter:card\" content=\"summary_large_image\" \/>\n<meta name=\"twitter:creator\" content=\"@altominhoTV\" \/>\n<meta name=\"twitter:site\" content=\"@altominhoTV\" \/>\n<meta name=\"twitter:label1\" content=\"Escrito por\" \/>\n\t<meta name=\"twitter:data1\" content=\"Cesar Lopes\" \/>\n\t<meta name=\"twitter:label2\" content=\"Tempo estimado de leitura\" \/>\n\t<meta name=\"twitter:data2\" content=\"2 minutos\" \/>\n<script type=\"application\/ld+json\" class=\"yoast-schema-graph\">{\"@context\":\"https:\\\/\\\/schema.org\",\"@graph\":[{\"@type\":\"Article\",\"@id\":\"https:\\\/\\\/www.altominho.tv\\\/site\\\/2026\\\/04\\\/06\\\/viana-debate-envelhecimento-e-desafia-comunidade-a-reforcar-proximidade\\\/#article\",\"isPartOf\":{\"@id\":\"https:\\\/\\\/www.altominho.tv\\\/site\\\/2026\\\/04\\\/06\\\/viana-debate-envelhecimento-e-desafia-comunidade-a-reforcar-proximidade\\\/\"},\"author\":{\"name\":\"Cesar Lopes\",\"@id\":\"https:\\\/\\\/www.altominho.tv\\\/site\\\/#\\\/schema\\\/person\\\/c5570e5afb933b8d08c43373326ef1b1\"},\"headline\":\"Viana debate envelhecimento e desafia comunidade a refor\u00e7ar proximidade\",\"datePublished\":\"2026-04-06T08:00:01+00:00\",\"dateModified\":\"2026-04-06T08:53:33+00:00\",\"mainEntityOfPage\":{\"@id\":\"https:\\\/\\\/www.altominho.tv\\\/site\\\/2026\\\/04\\\/06\\\/viana-debate-envelhecimento-e-desafia-comunidade-a-reforcar-proximidade\\\/\"},\"wordCount\":324,\"image\":{\"@id\":\"https:\\\/\\\/www.altominho.tv\\\/site\\\/2026\\\/04\\\/06\\\/viana-debate-envelhecimento-e-desafia-comunidade-a-reforcar-proximidade\\\/#primaryimage\"},\"thumbnailUrl\":\"https:\\\/\\\/www.altominho.tv\\\/site\\\/wp-content\\\/uploads\\\/2026\\\/04\\\/idosos.png\",\"keywords\":[\"Sociedade\"],\"articleSection\":[\"Viana do Castelo\"],\"inLanguage\":\"pt-PT\",\"copyrightYear\":\"2026\",\"copyrightHolder\":{\"@id\":\"https:\\\/\\\/www.altominho.tv\\\/site\\\/#organization\"}},{\"@type\":\"WebPage\",\"@id\":\"https:\\\/\\\/www.altominho.tv\\\/site\\\/2026\\\/04\\\/06\\\/viana-debate-envelhecimento-e-desafia-comunidade-a-reforcar-proximidade\\\/\",\"url\":\"https:\\\/\\\/www.altominho.tv\\\/site\\\/2026\\\/04\\\/06\\\/viana-debate-envelhecimento-e-desafia-comunidade-a-reforcar-proximidade\\\/\",\"name\":\"Viana debate envelhecimento e desafia comunidade a refor\u00e7ar proximidade\",\"isPartOf\":{\"@id\":\"https:\\\/\\\/www.altominho.tv\\\/site\\\/#website\"},\"primaryImageOfPage\":{\"@id\":\"https:\\\/\\\/www.altominho.tv\\\/site\\\/2026\\\/04\\\/06\\\/viana-debate-envelhecimento-e-desafia-comunidade-a-reforcar-proximidade\\\/#primaryimage\"},\"image\":{\"@id\":\"https:\\\/\\\/www.altominho.tv\\\/site\\\/2026\\\/04\\\/06\\\/viana-debate-envelhecimento-e-desafia-comunidade-a-reforcar-proximidade\\\/#primaryimage\"},\"thumbnailUrl\":\"https:\\\/\\\/www.altominho.tv\\\/site\\\/wp-content\\\/uploads\\\/2026\\\/04\\\/idosos.png\",\"datePublished\":\"2026-04-06T08:00:01+00:00\",\"dateModified\":\"2026-04-06T08:53:33+00:00\",\"author\":{\"@id\":\"https:\\\/\\\/www.altominho.tv\\\/site\\\/#\\\/schema\\\/person\\\/c5570e5afb933b8d08c43373326ef1b1\"},\"description\":\"A Comiss\u00e3o Justi\u00e7a e Paz da Diocese de Viana do Castelo vai promover, no pr\u00f3ximo dia 18 de abril, uma jornada dedicada ao envelhecimento no concelho, sob o mote \u201cQuem \u00e9 o meu pr\u00f3ximo?\u201d. A iniciativa decorrer\u00e1 no Centro Pastoral Paulo VI e pretende fomentar uma reflex\u00e3o alargada sobre os desafios sociais, \u00e9ticos e comunit\u00e1rios associados \u00e0 popula\u00e7\u00e3o idosa.\",\"breadcrumb\":{\"@id\":\"https:\\\/\\\/www.altominho.tv\\\/site\\\/2026\\\/04\\\/06\\\/viana-debate-envelhecimento-e-desafia-comunidade-a-reforcar-proximidade\\\/#breadcrumb\"},\"inLanguage\":\"pt-PT\",\"potentialAction\":[{\"@type\":\"ReadAction\",\"target\":[\"https:\\\/\\\/www.altominho.tv\\\/site\\\/2026\\\/04\\\/06\\\/viana-debate-envelhecimento-e-desafia-comunidade-a-reforcar-proximidade\\\/\"]}]},{\"@type\":\"ImageObject\",\"inLanguage\":\"pt-PT\",\"@id\":\"https:\\\/\\\/www.altominho.tv\\\/site\\\/2026\\\/04\\\/06\\\/viana-debate-envelhecimento-e-desafia-comunidade-a-reforcar-proximidade\\\/#primaryimage\",\"url\":\"https:\\\/\\\/www.altominho.tv\\\/site\\\/wp-content\\\/uploads\\\/2026\\\/04\\\/idosos.png\",\"contentUrl\":\"https:\\\/\\\/www.altominho.tv\\\/site\\\/wp-content\\\/uploads\\\/2026\\\/04\\\/idosos.png\",\"width\":1200,\"height\":630},{\"@type\":\"BreadcrumbList\",\"@id\":\"https:\\\/\\\/www.altominho.tv\\\/site\\\/2026\\\/04\\\/06\\\/viana-debate-envelhecimento-e-desafia-comunidade-a-reforcar-proximidade\\\/#breadcrumb\",\"itemListElement\":[{\"@type\":\"ListItem\",\"position\":1,\"name\":\"In\u00edcio\",\"item\":\"https:\\\/\\\/www.altominho.tv\\\/site\\\/\"},{\"@type\":\"ListItem\",\"position\":2,\"name\":\"Viana debate envelhecimento e desafia comunidade a refor\u00e7ar proximidade\"}]},{\"@type\":\"WebSite\",\"@id\":\"https:\\\/\\\/www.altominho.tv\\\/site\\\/#website\",\"url\":\"https:\\\/\\\/www.altominho.tv\\\/site\\\/\",\"name\":\"Altominho.tv\",\"description\":\"A sua regi\u00e3o \u00e0 dist\u00e2ncia de um clique...\",\"potentialAction\":[{\"@type\":\"SearchAction\",\"target\":{\"@type\":\"EntryPoint\",\"urlTemplate\":\"https:\\\/\\\/www.altominho.tv\\\/site\\\/?s={search_term_string}\"},\"query-input\":{\"@type\":\"PropertyValueSpecification\",\"valueRequired\":true,\"valueName\":\"search_term_string\"}}],\"inLanguage\":\"pt-PT\"},{\"@type\":\"Person\",\"@id\":\"https:\\\/\\\/www.altominho.tv\\\/site\\\/#\\\/schema\\\/person\\\/c5570e5afb933b8d08c43373326ef1b1\",\"name\":\"Cesar Lopes\",\"image\":{\"@type\":\"ImageObject\",\"inLanguage\":\"pt-PT\",\"@id\":\"https:\\\/\\\/www.altominho.tv\\\/site\\\/wp-content\\\/uploads\\\/2022\\\/10\\\/Sem-Titulo-150x150.jpg\",\"url\":\"https:\\\/\\\/www.altominho.tv\\\/site\\\/wp-content\\\/uploads\\\/2022\\\/10\\\/Sem-Titulo-150x150.jpg\",\"contentUrl\":\"https:\\\/\\\/www.altominho.tv\\\/site\\\/wp-content\\\/uploads\\\/2022\\\/10\\\/Sem-Titulo-150x150.jpg\",\"caption\":\"Cesar Lopes\"},\"url\":\"https:\\\/\\\/www.altominho.tv\\\/site\\\/author\\\/cesarlopes\\\/\"}]}<\/script>\n<!-- \/ Yoast SEO Premium plugin. -->","yoast_head_json":{"title":"Viana debate envelhecimento e desafia comunidade a refor\u00e7ar proximidade","description":"A Comiss\u00e3o Justi\u00e7a e Paz da Diocese de Viana do Castelo vai promover, no pr\u00f3ximo dia 18 de abril, uma jornada dedicada ao envelhecimento no concelho, sob o mote \u201cQuem \u00e9 o meu pr\u00f3ximo?\u201d. A iniciativa decorrer\u00e1 no Centro Pastoral Paulo VI e pretende fomentar uma reflex\u00e3o alargada sobre os desafios sociais, \u00e9ticos e comunit\u00e1rios associados \u00e0 popula\u00e7\u00e3o idosa.","robots":{"index":"index","follow":"follow","max-snippet":"max-snippet:-1","max-image-preview":"max-image-preview:large","max-video-preview":"max-video-preview:-1"},"canonical":"https:\/\/www.altominho.tv\/site\/2026\/04\/06\/viana-debate-envelhecimento-e-desafia-comunidade-a-reforcar-proximidade\/","og_locale":"pt_PT","og_type":"article","og_title":"Viana debate envelhecimento e desafia comunidade a refor\u00e7ar proximidade","og_description":"A Comiss\u00e3o Justi\u00e7a e Paz da Diocese de Viana do Castelo vai promover, no pr\u00f3ximo dia 18 de abril, uma jornada dedicada ao envelhecimento no concelho, sob o mote \u201cQuem \u00e9 o meu pr\u00f3ximo?\u201d. A iniciativa decorrer\u00e1 no Centro Pastoral Paulo VI e pretende fomentar uma reflex\u00e3o alargada sobre os desafios sociais, \u00e9ticos e comunit\u00e1rios associados \u00e0 popula\u00e7\u00e3o idosa.","og_url":"https:\/\/www.altominho.tv\/site\/2026\/04\/06\/viana-debate-envelhecimento-e-desafia-comunidade-a-reforcar-proximidade\/","og_site_name":"Altominho.tv","article_publisher":"https:\/\/www.facebook.com\/altominhotv","article_published_time":"2026-04-06T08:00:01+00:00","article_modified_time":"2026-04-06T08:53:33+00:00","og_image":[{"width":1200,"height":630,"url":"https:\/\/www.altominho.tv\/site\/wp-content\/uploads\/2026\/04\/idosos.png","type":"image\/png"}],"author":"Cesar Lopes","twitter_card":"summary_large_image","twitter_creator":"@altominhoTV","twitter_site":"@altominhoTV","twitter_misc":{"Escrito por":"Cesar Lopes","Tempo estimado de leitura":"2 minutos"},"schema":{"@context":"https:\/\/schema.org","@graph":[{"@type":"Article","@id":"https:\/\/www.altominho.tv\/site\/2026\/04\/06\/viana-debate-envelhecimento-e-desafia-comunidade-a-reforcar-proximidade\/#article","isPartOf":{"@id":"https:\/\/www.altominho.tv\/site\/2026\/04\/06\/viana-debate-envelhecimento-e-desafia-comunidade-a-reforcar-proximidade\/"},"author":{"name":"Cesar Lopes","@id":"https:\/\/www.altominho.tv\/site\/#\/schema\/person\/c5570e5afb933b8d08c43373326ef1b1"},"headline":"Viana debate envelhecimento e desafia comunidade a refor\u00e7ar proximidade","datePublished":"2026-04-06T08:00:01+00:00","dateModified":"2026-04-06T08:53:33+00:00","mainEntityOfPage":{"@id":"https:\/\/www.altominho.tv\/site\/2026\/04\/06\/viana-debate-envelhecimento-e-desafia-comunidade-a-reforcar-proximidade\/"},"wordCount":324,"image":{"@id":"https:\/\/www.altominho.tv\/site\/2026\/04\/06\/viana-debate-envelhecimento-e-desafia-comunidade-a-reforcar-proximidade\/#primaryimage"},"thumbnailUrl":"https:\/\/www.altominho.tv\/site\/wp-content\/uploads\/2026\/04\/idosos.png","keywords":["Sociedade"],"articleSection":["Viana do Castelo"],"inLanguage":"pt-PT","copyrightYear":"2026","copyrightHolder":{"@id":"https:\/\/www.altominho.tv\/site\/#organization"}},{"@type":"WebPage","@id":"https:\/\/www.altominho.tv\/site\/2026\/04\/06\/viana-debate-envelhecimento-e-desafia-comunidade-a-reforcar-proximidade\/","url":"https:\/\/www.altominho.tv\/site\/2026\/04\/06\/viana-debate-envelhecimento-e-desafia-comunidade-a-reforcar-proximidade\/","name":"Viana debate envelhecimento e desafia comunidade a refor\u00e7ar proximidade","isPartOf":{"@id":"https:\/\/www.altominho.tv\/site\/#website"},"primaryImageOfPage":{"@id":"https:\/\/www.altominho.tv\/site\/2026\/04\/06\/viana-debate-envelhecimento-e-desafia-comunidade-a-reforcar-proximidade\/#primaryimage"},"image":{"@id":"https:\/\/www.altominho.tv\/site\/2026\/04\/06\/viana-debate-envelhecimento-e-desafia-comunidade-a-reforcar-proximidade\/#primaryimage"},"thumbnailUrl":"https:\/\/www.altominho.tv\/site\/wp-content\/uploads\/2026\/04\/idosos.png","datePublished":"2026-04-06T08:00:01+00:00","dateModified":"2026-04-06T08:53:33+00:00","author":{"@id":"https:\/\/www.altominho.tv\/site\/#\/schema\/person\/c5570e5afb933b8d08c43373326ef1b1"},"description":"A Comiss\u00e3o Justi\u00e7a e Paz da Diocese de Viana do Castelo vai promover, no pr\u00f3ximo dia 18 de abril, uma jornada dedicada ao envelhecimento no concelho, sob o mote \u201cQuem \u00e9 o meu pr\u00f3ximo?\u201d. A iniciativa decorrer\u00e1 no Centro Pastoral Paulo VI e pretende fomentar uma reflex\u00e3o alargada sobre os desafios sociais, \u00e9ticos e comunit\u00e1rios associados \u00e0 popula\u00e7\u00e3o idosa.","breadcrumb":{"@id":"https:\/\/www.altominho.tv\/site\/2026\/04\/06\/viana-debate-envelhecimento-e-desafia-comunidade-a-reforcar-proximidade\/#breadcrumb"},"inLanguage":"pt-PT","potentialAction":[{"@type":"ReadAction","target":["https:\/\/www.altominho.tv\/site\/2026\/04\/06\/viana-debate-envelhecimento-e-desafia-comunidade-a-reforcar-proximidade\/"]}]},{"@type":"ImageObject","inLanguage":"pt-PT","@id":"https:\/\/www.altominho.tv\/site\/2026\/04\/06\/viana-debate-envelhecimento-e-desafia-comunidade-a-reforcar-proximidade\/#primaryimage","url":"https:\/\/www.altominho.tv\/site\/wp-content\/uploads\/2026\/04\/idosos.png","contentUrl":"https:\/\/www.altominho.tv\/site\/wp-content\/uploads\/2026\/04\/idosos.png","width":1200,"height":630},{"@type":"BreadcrumbList","@id":"https:\/\/www.altominho.tv\/site\/2026\/04\/06\/viana-debate-envelhecimento-e-desafia-comunidade-a-reforcar-proximidade\/#breadcrumb","itemListElement":[{"@type":"ListItem","position":1,"name":"In\u00edcio","item":"https:\/\/www.altominho.tv\/site\/"},{"@type":"ListItem","position":2,"name":"Viana debate envelhecimento e desafia comunidade a refor\u00e7ar proximidade"}]},{"@type":"WebSite","@id":"https:\/\/www.altominho.tv\/site\/#website","url":"https:\/\/www.altominho.tv\/site\/","name":"Altominho.tv","description":"A sua regi\u00e3o \u00e0 dist\u00e2ncia de um clique...","potentialAction":[{"@type":"SearchAction","target":{"@type":"EntryPoint","urlTemplate":"https:\/\/www.altominho.tv\/site\/?s={search_term_string}"},"query-input":{"@type":"PropertyValueSpecification","valueRequired":true,"valueName":"search_term_string"}}],"inLanguage":"pt-PT"},{"@type":"Person","@id":"https:\/\/www.altominho.tv\/site\/#\/schema\/person\/c5570e5afb933b8d08c43373326ef1b1","name":"Cesar Lopes","image":{"@type":"ImageObject","inLanguage":"pt-PT","@id":"https:\/\/www.altominho.tv\/site\/wp-content\/uploads\/2022\/10\/Sem-Titulo-150x150.jpg","url":"https:\/\/www.altominho.tv\/site\/wp-content\/uploads\/2022\/10\/Sem-Titulo-150x150.jpg","contentUrl":"https:\/\/www.altominho.tv\/site\/wp-content\/uploads\/2022\/10\/Sem-Titulo-150x150.jpg","caption":"Cesar Lopes"},"url":"https:\/\/www.altominho.tv\/site\/author\/cesarlopes\/"}]}},"_links":{"self":[{"href":"https:\/\/www.altominho.tv\/site\/wp-json\/wp\/v2\/posts\/130798","targetHints":{"allow":["GET"]}}],"collection":[{"href":"https:\/\/www.altominho.tv\/site\/wp-json\/wp\/v2\/posts"}],"about":[{"href":"https:\/\/www.altominho.tv\/site\/wp-json\/wp\/v2\/types\/post"}],"author":[{"embeddable":true,"href":"https:\/\/www.altominho.tv\/site\/wp-json\/wp\/v2\/users\/24"}],"replies":[{"embeddable":true,"href":"https:\/\/www.altominho.tv\/site\/wp-json\/wp\/v2\/comments?post=130798"}],"version-history":[{"count":2,"href":"https:\/\/www.altominho.tv\/site\/wp-json\/wp\/v2\/posts\/130798\/revisions"}],"predecessor-version":[{"id":130807,"href":"https:\/\/www.altominho.tv\/site\/wp-json\/wp\/v2\/posts\/130798\/revisions\/130807"}],"wp:featuredmedia":[{"embeddable":true,"href":"https:\/\/www.altominho.tv\/site\/wp-json\/wp\/v2\/media\/130799"}],"wp:attachment":[{"href":"https:\/\/www.altominho.tv\/site\/wp-json\/wp\/v2\/media?parent=130798"}],"wp:term":[{"taxonomy":"category","embeddable":true,"href":"https:\/\/www.altominho.tv\/site\/wp-json\/wp\/v2\/categories?post=130798"},{"taxonomy":"post_tag","embeddable":true,"href":"https:\/\/www.altominho.tv\/site\/wp-json\/wp\/v2\/tags?post=130798"}],"curies":[{"name":"wp","href":"https:\/\/api.w.org\/{rel}","templated":true}]}}