{"id":130792,"date":"2026-04-04T22:21:33","date_gmt":"2026-04-04T21:21:33","guid":{"rendered":"https:\/\/www.altominho.tv\/site\/?p=130792"},"modified":"2026-04-04T22:21:35","modified_gmt":"2026-04-04T21:21:35","slug":"homem-morre-apos-queda-de-varanda-em-viana-do-castelo","status":"publish","type":"post","link":"https:\/\/www.altominho.tv\/site\/2026\/04\/04\/homem-morre-apos-queda-de-varanda-em-viana-do-castelo\/","title":{"rendered":"Homem morre ap\u00f3s queda de varanda em Viana do Castelo"},"content":{"rendered":"<p>Um homem morreu e outro ficou ferido com gravidade, ap\u00f3s terem ambos ca\u00eddos da varanda de um centro comercial em Barroselas, no concelho de Viana do Castelo, disse \u00e0 Lusa fonte da GNR.<\/p>\n<p>O alerta para a queda, que aparentemente aconteceu no \u00e2mbito de uma discuss\u00e3o entre as duas v\u00edtimas, foi dado pelas 18h30, segundo fonte do Comando Territorial de Viana do Castelo da GNR, em declara\u00e7\u00f5es \u00e0 Lusa.<\/p>\n<p>A v\u00edtima mortal \u00e9 um homem de 30 anos e o ferido grave, entretanto transportado para uma unidade hospitalar, um homem de 44 anos.<\/p>\n","protected":false},"excerpt":{"rendered":"<p>Um homem morreu e outro ficou ferido com gravidade, ap\u00f3s terem ambos ca\u00eddos da varanda de um centro comercial em Barroselas, no concelho de Viana do Castelo, disse \u00e0 Lusa fonte da GNR. O alerta para a queda, que aparentemente aconteceu no \u00e2mbito de uma discuss\u00e3o entre as duas v\u00edtimas, foi dado pelas 18h30, segundo [&hellip;]<\/p>\n","protected":false},"author":13,"featured_media":117017,"comment_status":"closed","ping_status":"closed","sticky":false,"template":"","format":"standard","meta":{"_exactmetrics_skip_tracking":false,"_exactmetrics_sitenote_active":false,"_exactmetrics_sitenote_note":"","_exactmetrics_sitenote_category":0,"footnotes":""},"categories":[14],"tags":[27],"class_list":["post-130792","post","type-post","status-publish","format-standard","has-post-thumbnail","hentry","category-viana-do-castelo","tag-sociedade"],"yoast_head":"<!-- This site is optimized with the Yoast SEO Premium plugin v27.5 (Yoast SEO v27.5) - https:\/\/yoast.com\/product\/yoast-seo-premium-wordpress\/ -->\n<title>Homem morre ap\u00f3s queda de varanda em Viana do Castelo<\/title>\n<meta name=\"description\" content=\"\u00a0Um homem morreu e outro ficou ferido com gravidade, ap\u00f3s terem ambos ca\u00eddos da varanda de um centro comercial em Barroselas, no concelho de Viana do Castelo, disse \u00e0 Lusa fonte da GNR.\" \/>\n<meta name=\"robots\" content=\"index, follow, max-snippet:-1, max-image-preview:large, max-video-preview:-1\" \/>\n<link rel=\"canonical\" href=\"https:\/\/www.altominho.tv\/site\/2026\/04\/04\/homem-morre-apos-queda-de-varanda-em-viana-do-castelo\/\" \/>\n<meta property=\"og:locale\" content=\"pt_PT\" \/>\n<meta property=\"og:type\" content=\"article\" \/>\n<meta property=\"og:title\" content=\"Homem morre ap\u00f3s queda de varanda em Viana do Castelo\" \/>\n<meta property=\"og:description\" content=\"\u00a0Um homem morreu e outro ficou ferido com gravidade, ap\u00f3s terem ambos ca\u00eddos da varanda de um centro comercial em Barroselas, no concelho de Viana do Castelo, disse \u00e0 Lusa fonte da GNR.\" \/>\n<meta property=\"og:url\" content=\"https:\/\/www.altominho.tv\/site\/2026\/04\/04\/homem-morre-apos-queda-de-varanda-em-viana-do-castelo\/\" \/>\n<meta property=\"og:site_name\" content=\"Altominho.tv\" \/>\n<meta property=\"article:publisher\" content=\"https:\/\/www.facebook.com\/altominhotv\" \/>\n<meta property=\"article:published_time\" content=\"2026-04-04T21:21:33+00:00\" \/>\n<meta property=\"article:modified_time\" content=\"2026-04-04T21:21:35+00:00\" \/>\n<meta property=\"og:image\" content=\"https:\/\/www.altominho.tv\/site\/wp-content\/uploads\/2025\/04\/inem-.png\" \/>\n\t<meta property=\"og:image:width\" content=\"1200\" \/>\n\t<meta property=\"og:image:height\" content=\"630\" \/>\n\t<meta property=\"og:image:type\" content=\"image\/png\" \/>\n<meta name=\"author\" content=\"Lusa\" \/>\n<meta name=\"twitter:card\" content=\"summary_large_image\" \/>\n<meta name=\"twitter:creator\" content=\"@altominhoTV\" \/>\n<meta name=\"twitter:site\" content=\"@altominhoTV\" \/>\n<meta name=\"twitter:label1\" content=\"Escrito por\" \/>\n\t<meta name=\"twitter:data1\" content=\"Lusa\" \/>\n\t<meta name=\"twitter:label2\" content=\"Tempo estimado de leitura\" \/>\n\t<meta name=\"twitter:data2\" content=\"1 minuto\" \/>\n<script type=\"application\/ld+json\" class=\"yoast-schema-graph\">{\"@context\":\"https:\\\/\\\/schema.org\",\"@graph\":[{\"@type\":\"Article\",\"@id\":\"https:\\\/\\\/www.altominho.tv\\\/site\\\/2026\\\/04\\\/04\\\/homem-morre-apos-queda-de-varanda-em-viana-do-castelo\\\/#article\",\"isPartOf\":{\"@id\":\"https:\\\/\\\/www.altominho.tv\\\/site\\\/2026\\\/04\\\/04\\\/homem-morre-apos-queda-de-varanda-em-viana-do-castelo\\\/\"},\"author\":{\"name\":\"Lusa\",\"@id\":\"https:\\\/\\\/www.altominho.tv\\\/site\\\/#\\\/schema\\\/person\\\/63f693da3e1899361cbe955c46f3232e\"},\"headline\":\"Homem morre ap\u00f3s queda de varanda em Viana do Castelo\",\"datePublished\":\"2026-04-04T21:21:33+00:00\",\"dateModified\":\"2026-04-04T21:21:35+00:00\",\"mainEntityOfPage\":{\"@id\":\"https:\\\/\\\/www.altominho.tv\\\/site\\\/2026\\\/04\\\/04\\\/homem-morre-apos-queda-de-varanda-em-viana-do-castelo\\\/\"},\"wordCount\":105,\"image\":{\"@id\":\"https:\\\/\\\/www.altominho.tv\\\/site\\\/2026\\\/04\\\/04\\\/homem-morre-apos-queda-de-varanda-em-viana-do-castelo\\\/#primaryimage\"},\"thumbnailUrl\":\"https:\\\/\\\/www.altominho.tv\\\/site\\\/wp-content\\\/uploads\\\/2025\\\/04\\\/inem-.png\",\"keywords\":[\"Sociedade\"],\"articleSection\":[\"Viana do Castelo\"],\"inLanguage\":\"pt-PT\",\"copyrightYear\":\"2026\",\"copyrightHolder\":{\"@id\":\"https:\\\/\\\/www.altominho.tv\\\/site\\\/#organization\"}},{\"@type\":\"WebPage\",\"@id\":\"https:\\\/\\\/www.altominho.tv\\\/site\\\/2026\\\/04\\\/04\\\/homem-morre-apos-queda-de-varanda-em-viana-do-castelo\\\/\",\"url\":\"https:\\\/\\\/www.altominho.tv\\\/site\\\/2026\\\/04\\\/04\\\/homem-morre-apos-queda-de-varanda-em-viana-do-castelo\\\/\",\"name\":\"Homem morre ap\u00f3s queda de varanda em Viana do Castelo\",\"isPartOf\":{\"@id\":\"https:\\\/\\\/www.altominho.tv\\\/site\\\/#website\"},\"primaryImageOfPage\":{\"@id\":\"https:\\\/\\\/www.altominho.tv\\\/site\\\/2026\\\/04\\\/04\\\/homem-morre-apos-queda-de-varanda-em-viana-do-castelo\\\/#primaryimage\"},\"image\":{\"@id\":\"https:\\\/\\\/www.altominho.tv\\\/site\\\/2026\\\/04\\\/04\\\/homem-morre-apos-queda-de-varanda-em-viana-do-castelo\\\/#primaryimage\"},\"thumbnailUrl\":\"https:\\\/\\\/www.altominho.tv\\\/site\\\/wp-content\\\/uploads\\\/2025\\\/04\\\/inem-.png\",\"datePublished\":\"2026-04-04T21:21:33+00:00\",\"dateModified\":\"2026-04-04T21:21:35+00:00\",\"author\":{\"@id\":\"https:\\\/\\\/www.altominho.tv\\\/site\\\/#\\\/schema\\\/person\\\/63f693da3e1899361cbe955c46f3232e\"},\"description\":\"\u00a0Um homem morreu e outro ficou ferido com gravidade, ap\u00f3s terem ambos ca\u00eddos da varanda de um centro comercial em Barroselas, no concelho de Viana do Castelo, disse \u00e0 Lusa fonte da GNR.\",\"breadcrumb\":{\"@id\":\"https:\\\/\\\/www.altominho.tv\\\/site\\\/2026\\\/04\\\/04\\\/homem-morre-apos-queda-de-varanda-em-viana-do-castelo\\\/#breadcrumb\"},\"inLanguage\":\"pt-PT\",\"potentialAction\":[{\"@type\":\"ReadAction\",\"target\":[\"https:\\\/\\\/www.altominho.tv\\\/site\\\/2026\\\/04\\\/04\\\/homem-morre-apos-queda-de-varanda-em-viana-do-castelo\\\/\"]}]},{\"@type\":\"ImageObject\",\"inLanguage\":\"pt-PT\",\"@id\":\"https:\\\/\\\/www.altominho.tv\\\/site\\\/2026\\\/04\\\/04\\\/homem-morre-apos-queda-de-varanda-em-viana-do-castelo\\\/#primaryimage\",\"url\":\"https:\\\/\\\/www.altominho.tv\\\/site\\\/wp-content\\\/uploads\\\/2025\\\/04\\\/inem-.png\",\"contentUrl\":\"https:\\\/\\\/www.altominho.tv\\\/site\\\/wp-content\\\/uploads\\\/2025\\\/04\\\/inem-.png\",\"width\":1200,\"height\":630},{\"@type\":\"BreadcrumbList\",\"@id\":\"https:\\\/\\\/www.altominho.tv\\\/site\\\/2026\\\/04\\\/04\\\/homem-morre-apos-queda-de-varanda-em-viana-do-castelo\\\/#breadcrumb\",\"itemListElement\":[{\"@type\":\"ListItem\",\"position\":1,\"name\":\"In\u00edcio\",\"item\":\"https:\\\/\\\/www.altominho.tv\\\/site\\\/\"},{\"@type\":\"ListItem\",\"position\":2,\"name\":\"Homem morre ap\u00f3s queda de varanda em Viana do Castelo\"}]},{\"@type\":\"WebSite\",\"@id\":\"https:\\\/\\\/www.altominho.tv\\\/site\\\/#website\",\"url\":\"https:\\\/\\\/www.altominho.tv\\\/site\\\/\",\"name\":\"Altominho.tv\",\"description\":\"A sua regi\u00e3o \u00e0 dist\u00e2ncia de um clique...\",\"potentialAction\":[{\"@type\":\"SearchAction\",\"target\":{\"@type\":\"EntryPoint\",\"urlTemplate\":\"https:\\\/\\\/www.altominho.tv\\\/site\\\/?s={search_term_string}\"},\"query-input\":{\"@type\":\"PropertyValueSpecification\",\"valueRequired\":true,\"valueName\":\"search_term_string\"}}],\"inLanguage\":\"pt-PT\"},{\"@type\":\"Person\",\"@id\":\"https:\\\/\\\/www.altominho.tv\\\/site\\\/#\\\/schema\\\/person\\\/63f693da3e1899361cbe955c46f3232e\",\"name\":\"Lusa\",\"image\":{\"@type\":\"ImageObject\",\"inLanguage\":\"pt-PT\",\"@id\":\"https:\\\/\\\/www.altominho.tv\\\/site\\\/wp-content\\\/uploads\\\/2019\\\/08\\\/LUSA_Logo.gif\",\"url\":\"https:\\\/\\\/www.altominho.tv\\\/site\\\/wp-content\\\/uploads\\\/2019\\\/08\\\/LUSA_Logo.gif\",\"contentUrl\":\"https:\\\/\\\/www.altominho.tv\\\/site\\\/wp-content\\\/uploads\\\/2019\\\/08\\\/LUSA_Logo.gif\",\"caption\":\"Lusa\"},\"sameAs\":[\"http:\\\/\\\/\\\/\\\/www.altominho.tv\\\/site\"],\"url\":\"https:\\\/\\\/www.altominho.tv\\\/site\\\/author\\\/lusa\\\/\"}]}<\/script>\n<!-- \/ Yoast SEO Premium plugin. -->","yoast_head_json":{"title":"Homem morre ap\u00f3s queda de varanda em Viana do Castelo","description":"\u00a0Um homem morreu e outro ficou ferido com gravidade, ap\u00f3s terem ambos ca\u00eddos da varanda de um centro comercial em Barroselas, no concelho de Viana do Castelo, disse \u00e0 Lusa fonte da GNR.","robots":{"index":"index","follow":"follow","max-snippet":"max-snippet:-1","max-image-preview":"max-image-preview:large","max-video-preview":"max-video-preview:-1"},"canonical":"https:\/\/www.altominho.tv\/site\/2026\/04\/04\/homem-morre-apos-queda-de-varanda-em-viana-do-castelo\/","og_locale":"pt_PT","og_type":"article","og_title":"Homem morre ap\u00f3s queda de varanda em Viana do Castelo","og_description":"\u00a0Um homem morreu e outro ficou ferido com gravidade, ap\u00f3s terem ambos ca\u00eddos da varanda de um centro comercial em Barroselas, no concelho de Viana do Castelo, disse \u00e0 Lusa fonte da GNR.","og_url":"https:\/\/www.altominho.tv\/site\/2026\/04\/04\/homem-morre-apos-queda-de-varanda-em-viana-do-castelo\/","og_site_name":"Altominho.tv","article_publisher":"https:\/\/www.facebook.com\/altominhotv","article_published_time":"2026-04-04T21:21:33+00:00","article_modified_time":"2026-04-04T21:21:35+00:00","og_image":[{"width":1200,"height":630,"url":"https:\/\/www.altominho.tv\/site\/wp-content\/uploads\/2025\/04\/inem-.png","type":"image\/png"}],"author":"Lusa","twitter_card":"summary_large_image","twitter_creator":"@altominhoTV","twitter_site":"@altominhoTV","twitter_misc":{"Escrito por":"Lusa","Tempo estimado de leitura":"1 minuto"},"schema":{"@context":"https:\/\/schema.org","@graph":[{"@type":"Article","@id":"https:\/\/www.altominho.tv\/site\/2026\/04\/04\/homem-morre-apos-queda-de-varanda-em-viana-do-castelo\/#article","isPartOf":{"@id":"https:\/\/www.altominho.tv\/site\/2026\/04\/04\/homem-morre-apos-queda-de-varanda-em-viana-do-castelo\/"},"author":{"name":"Lusa","@id":"https:\/\/www.altominho.tv\/site\/#\/schema\/person\/63f693da3e1899361cbe955c46f3232e"},"headline":"Homem morre ap\u00f3s queda de varanda em Viana do Castelo","datePublished":"2026-04-04T21:21:33+00:00","dateModified":"2026-04-04T21:21:35+00:00","mainEntityOfPage":{"@id":"https:\/\/www.altominho.tv\/site\/2026\/04\/04\/homem-morre-apos-queda-de-varanda-em-viana-do-castelo\/"},"wordCount":105,"image":{"@id":"https:\/\/www.altominho.tv\/site\/2026\/04\/04\/homem-morre-apos-queda-de-varanda-em-viana-do-castelo\/#primaryimage"},"thumbnailUrl":"https:\/\/www.altominho.tv\/site\/wp-content\/uploads\/2025\/04\/inem-.png","keywords":["Sociedade"],"articleSection":["Viana do Castelo"],"inLanguage":"pt-PT","copyrightYear":"2026","copyrightHolder":{"@id":"https:\/\/www.altominho.tv\/site\/#organization"}},{"@type":"WebPage","@id":"https:\/\/www.altominho.tv\/site\/2026\/04\/04\/homem-morre-apos-queda-de-varanda-em-viana-do-castelo\/","url":"https:\/\/www.altominho.tv\/site\/2026\/04\/04\/homem-morre-apos-queda-de-varanda-em-viana-do-castelo\/","name":"Homem morre ap\u00f3s queda de varanda em Viana do Castelo","isPartOf":{"@id":"https:\/\/www.altominho.tv\/site\/#website"},"primaryImageOfPage":{"@id":"https:\/\/www.altominho.tv\/site\/2026\/04\/04\/homem-morre-apos-queda-de-varanda-em-viana-do-castelo\/#primaryimage"},"image":{"@id":"https:\/\/www.altominho.tv\/site\/2026\/04\/04\/homem-morre-apos-queda-de-varanda-em-viana-do-castelo\/#primaryimage"},"thumbnailUrl":"https:\/\/www.altominho.tv\/site\/wp-content\/uploads\/2025\/04\/inem-.png","datePublished":"2026-04-04T21:21:33+00:00","dateModified":"2026-04-04T21:21:35+00:00","author":{"@id":"https:\/\/www.altominho.tv\/site\/#\/schema\/person\/63f693da3e1899361cbe955c46f3232e"},"description":"\u00a0Um homem morreu e outro ficou ferido com gravidade, ap\u00f3s terem ambos ca\u00eddos da varanda de um centro comercial em Barroselas, no concelho de Viana do Castelo, disse \u00e0 Lusa fonte da GNR.","breadcrumb":{"@id":"https:\/\/www.altominho.tv\/site\/2026\/04\/04\/homem-morre-apos-queda-de-varanda-em-viana-do-castelo\/#breadcrumb"},"inLanguage":"pt-PT","potentialAction":[{"@type":"ReadAction","target":["https:\/\/www.altominho.tv\/site\/2026\/04\/04\/homem-morre-apos-queda-de-varanda-em-viana-do-castelo\/"]}]},{"@type":"ImageObject","inLanguage":"pt-PT","@id":"https:\/\/www.altominho.tv\/site\/2026\/04\/04\/homem-morre-apos-queda-de-varanda-em-viana-do-castelo\/#primaryimage","url":"https:\/\/www.altominho.tv\/site\/wp-content\/uploads\/2025\/04\/inem-.png","contentUrl":"https:\/\/www.altominho.tv\/site\/wp-content\/uploads\/2025\/04\/inem-.png","width":1200,"height":630},{"@type":"BreadcrumbList","@id":"https:\/\/www.altominho.tv\/site\/2026\/04\/04\/homem-morre-apos-queda-de-varanda-em-viana-do-castelo\/#breadcrumb","itemListElement":[{"@type":"ListItem","position":1,"name":"In\u00edcio","item":"https:\/\/www.altominho.tv\/site\/"},{"@type":"ListItem","position":2,"name":"Homem morre ap\u00f3s queda de varanda em Viana do Castelo"}]},{"@type":"WebSite","@id":"https:\/\/www.altominho.tv\/site\/#website","url":"https:\/\/www.altominho.tv\/site\/","name":"Altominho.tv","description":"A sua regi\u00e3o \u00e0 dist\u00e2ncia de um clique...","potentialAction":[{"@type":"SearchAction","target":{"@type":"EntryPoint","urlTemplate":"https:\/\/www.altominho.tv\/site\/?s={search_term_string}"},"query-input":{"@type":"PropertyValueSpecification","valueRequired":true,"valueName":"search_term_string"}}],"inLanguage":"pt-PT"},{"@type":"Person","@id":"https:\/\/www.altominho.tv\/site\/#\/schema\/person\/63f693da3e1899361cbe955c46f3232e","name":"Lusa","image":{"@type":"ImageObject","inLanguage":"pt-PT","@id":"https:\/\/www.altominho.tv\/site\/wp-content\/uploads\/2019\/08\/LUSA_Logo.gif","url":"https:\/\/www.altominho.tv\/site\/wp-content\/uploads\/2019\/08\/LUSA_Logo.gif","contentUrl":"https:\/\/www.altominho.tv\/site\/wp-content\/uploads\/2019\/08\/LUSA_Logo.gif","caption":"Lusa"},"sameAs":["http:\/\/\/\/www.altominho.tv\/site"],"url":"https:\/\/www.altominho.tv\/site\/author\/lusa\/"}]}},"_links":{"self":[{"href":"https:\/\/www.altominho.tv\/site\/wp-json\/wp\/v2\/posts\/130792","targetHints":{"allow":["GET"]}}],"collection":[{"href":"https:\/\/www.altominho.tv\/site\/wp-json\/wp\/v2\/posts"}],"about":[{"href":"https:\/\/www.altominho.tv\/site\/wp-json\/wp\/v2\/types\/post"}],"author":[{"embeddable":true,"href":"https:\/\/www.altominho.tv\/site\/wp-json\/wp\/v2\/users\/13"}],"replies":[{"embeddable":true,"href":"https:\/\/www.altominho.tv\/site\/wp-json\/wp\/v2\/comments?post=130792"}],"version-history":[{"count":1,"href":"https:\/\/www.altominho.tv\/site\/wp-json\/wp\/v2\/posts\/130792\/revisions"}],"predecessor-version":[{"id":130793,"href":"https:\/\/www.altominho.tv\/site\/wp-json\/wp\/v2\/posts\/130792\/revisions\/130793"}],"wp:featuredmedia":[{"embeddable":true,"href":"https:\/\/www.altominho.tv\/site\/wp-json\/wp\/v2\/media\/117017"}],"wp:attachment":[{"href":"https:\/\/www.altominho.tv\/site\/wp-json\/wp\/v2\/media?parent=130792"}],"wp:term":[{"taxonomy":"category","embeddable":true,"href":"https:\/\/www.altominho.tv\/site\/wp-json\/wp\/v2\/categories?post=130792"},{"taxonomy":"post_tag","embeddable":true,"href":"https:\/\/www.altominho.tv\/site\/wp-json\/wp\/v2\/tags?post=130792"}],"curies":[{"name":"wp","href":"https:\/\/api.w.org\/{rel}","templated":true}]}}