{"id":130734,"date":"2026-04-02T14:21:55","date_gmt":"2026-04-02T13:21:55","guid":{"rendered":"https:\/\/www.altominho.tv\/site\/?p=130734"},"modified":"2026-04-02T15:33:49","modified_gmt":"2026-04-02T14:33:49","slug":"colisao-na-en13-faz-dois-feridos-e-provoca-longas-filas-em-cerveira","status":"publish","type":"post","link":"https:\/\/www.altominho.tv\/site\/2026\/04\/02\/colisao-na-en13-faz-dois-feridos-e-provoca-longas-filas-em-cerveira\/","title":{"rendered":"Colis\u00e3o na EN13 faz um morto e provoca longas filas em Cerveira"},"content":{"rendered":"<p class=\"isSelectedEnd\">Um homem de 30 anos morreu na tarde desta quinta-feira na sequ\u00eancia de uma colis\u00e3o entre um motociclo e um ve\u00edculo ligeiro na Estrada Nacional 13 (EN13), na freguesia de Reboreda, em Vila Nova de Cerveira.<\/p>\n<p class=\"isSelectedEnd\">A Altominho TV apurou que o \u00f3bito foi declarado no local.<\/p>\n<p>Do acidente resultou ainda outra v\u00edtima, uma mulher de 28 anos, de nacionalidade espanhola, tamb\u00e9m ocupante da moto, que foi transportada para o Hospital de Braga com ferimentos graves.<\/p>\n<p class=\"isSelectedEnd\">O acidente est\u00e1 a causar fortes constrangimentos \u00e0 circula\u00e7\u00e3o rodovi\u00e1ria naquela via, com a forma\u00e7\u00e3o de longas filas de tr\u00e2nsito. Apesar disso, a estrada n\u00e3o chegou a ser cortada, mantendo-se a circula\u00e7\u00e3o, ainda que de forma condicionada.<\/p>\n<p class=\"isSelectedEnd\">Tamb\u00e9m na EN13, mas na freguesia de Loivo, registou-se outra colis\u00e3o, envolvendo tr\u00eas ve\u00edculos ligeiros. Este segundo acidente n\u00e3o provocou feridos, mas est\u00e1 igualmente a contribuir para o congestionamento do tr\u00e1fego na regi\u00e3o.<\/p>\n<p class=\"isSelectedEnd\">Para o local foram mobilizados os Bombeiros Volunt\u00e1rios de Vila Nova de Cerveira, com duas equipas e quatro operacionais, apoiados por duas ambul\u00e2ncias. Estiveram ainda presentes a SIV de Valen\u00e7a, a VMER do Alto Minho e tr\u00eas patrulhas da GNR.<\/p>\n<p>O alerta para a ocorr\u00eancia foi dado pelas 12h38, tendo a Guarda Nacional Republicana tomado conta da situa\u00e7\u00e3o e assegurado a gest\u00e3o do tr\u00e2nsito.<\/p>\n<p><img loading=\"lazy\" decoding=\"async\" class=\"alignnone size-medium wp-image-130736\" src=\"https:\/\/www.altominho.tv\/site\/wp-content\/uploads\/2026\/04\/IMG_8606-770x433.jpg\" alt=\"\" width=\"770\" height=\"433\" srcset=\"https:\/\/www.altominho.tv\/site\/wp-content\/uploads\/2026\/04\/IMG_8606-770x433.jpg 770w, https:\/\/www.altominho.tv\/site\/wp-content\/uploads\/2026\/04\/IMG_8606-1024x576.jpg 1024w, https:\/\/www.altominho.tv\/site\/wp-content\/uploads\/2026\/04\/IMG_8606-768x432.jpg 768w, https:\/\/www.altominho.tv\/site\/wp-content\/uploads\/2026\/04\/IMG_8606-1536x864.jpg 1536w, https:\/\/www.altominho.tv\/site\/wp-content\/uploads\/2026\/04\/IMG_8606-2048x1152.jpg 2048w, https:\/\/www.altominho.tv\/site\/wp-content\/uploads\/2026\/04\/IMG_8606-370x208.jpg 370w, https:\/\/www.altominho.tv\/site\/wp-content\/uploads\/2026\/04\/IMG_8606-270x152.jpg 270w, https:\/\/www.altominho.tv\/site\/wp-content\/uploads\/2026\/04\/IMG_8606-570x321.jpg 570w, https:\/\/www.altominho.tv\/site\/wp-content\/uploads\/2026\/04\/IMG_8606-740x416.jpg 740w\" sizes=\"auto, (max-width: 770px) 100vw, 770px\" \/> <img loading=\"lazy\" decoding=\"async\" class=\"alignnone size-medium wp-image-130737\" src=\"https:\/\/www.altominho.tv\/site\/wp-content\/uploads\/2026\/04\/IMG_7069-577x433.jpg\" alt=\"\" width=\"577\" height=\"433\" srcset=\"https:\/\/www.altominho.tv\/site\/wp-content\/uploads\/2026\/04\/IMG_7069-577x433.jpg 577w, https:\/\/www.altominho.tv\/site\/wp-content\/uploads\/2026\/04\/IMG_7069-1024x768.jpg 1024w, https:\/\/www.altominho.tv\/site\/wp-content\/uploads\/2026\/04\/IMG_7069-768x576.jpg 768w, https:\/\/www.altominho.tv\/site\/wp-content\/uploads\/2026\/04\/IMG_7069-1536x1152.jpg 1536w, https:\/\/www.altominho.tv\/site\/wp-content\/uploads\/2026\/04\/IMG_7069-2048x1536.jpg 2048w, https:\/\/www.altominho.tv\/site\/wp-content\/uploads\/2026\/04\/IMG_7069-370x278.jpg 370w, https:\/\/www.altominho.tv\/site\/wp-content\/uploads\/2026\/04\/IMG_7069-270x203.jpg 270w, https:\/\/www.altominho.tv\/site\/wp-content\/uploads\/2026\/04\/IMG_7069-570x428.jpg 570w, https:\/\/www.altominho.tv\/site\/wp-content\/uploads\/2026\/04\/IMG_7069-740x555.jpg 740w, https:\/\/www.altominho.tv\/site\/wp-content\/uploads\/2026\/04\/IMG_7069-80x60.jpg 80w\" sizes=\"auto, (max-width: 577px) 100vw, 577px\" \/><\/p>\n<p>Fotos: Altominho TV<\/p>\n","protected":false},"excerpt":{"rendered":"<p>Um homem de 30 anos morreu na tarde desta quinta-feira na sequ\u00eancia de uma colis\u00e3o entre um motociclo e um ve\u00edculo ligeiro na Estrada Nacional 13 (EN13), na freguesia de Reboreda, em Vila Nova de Cerveira. A Altominho TV apurou que o \u00f3bito foi declarado no local. Do acidente resultou ainda outra v\u00edtima, uma mulher [&hellip;]<\/p>\n","protected":false},"author":24,"featured_media":130735,"comment_status":"closed","ping_status":"closed","sticky":false,"template":"","format":"standard","meta":{"_exactmetrics_skip_tracking":false,"_exactmetrics_sitenote_active":false,"_exactmetrics_sitenote_note":"","_exactmetrics_sitenote_category":0,"footnotes":""},"categories":[15],"tags":[27],"class_list":["post-130734","post","type-post","status-publish","format-standard","has-post-thumbnail","hentry","category-vila-nova-de-cerveira","tag-sociedade"],"yoast_head":"<!-- This site is optimized with the Yoast SEO Premium plugin v27.5 (Yoast SEO v27.5) - https:\/\/yoast.com\/product\/yoast-seo-premium-wordpress\/ -->\n<title>Colis\u00e3o na EN13 faz um morto e provoca longas filas em Cerveira<\/title>\n<meta name=\"robots\" content=\"index, follow, max-snippet:-1, max-image-preview:large, max-video-preview:-1\" \/>\n<link rel=\"canonical\" href=\"https:\/\/www.altominho.tv\/site\/2026\/04\/02\/colisao-na-en13-faz-dois-feridos-e-provoca-longas-filas-em-cerveira\/\" \/>\n<meta property=\"og:locale\" content=\"pt_PT\" \/>\n<meta property=\"og:type\" content=\"article\" \/>\n<meta property=\"og:title\" content=\"Colis\u00e3o na EN13 faz um morto e provoca longas filas em Cerveira\" \/>\n<meta property=\"og:description\" content=\"Um homem de 30 anos morreu na tarde desta quinta-feira na sequ\u00eancia de uma colis\u00e3o entre um motociclo e um ve\u00edculo ligeiro na Estrada Nacional 13 (EN13), na freguesia de Reboreda, em Vila Nova de Cerveira. A Altominho TV apurou que o \u00f3bito foi declarado no local. Do acidente resultou ainda outra v\u00edtima, uma mulher [&hellip;]\" \/>\n<meta property=\"og:url\" content=\"https:\/\/www.altominho.tv\/site\/2026\/04\/02\/colisao-na-en13-faz-dois-feridos-e-provoca-longas-filas-em-cerveira\/\" \/>\n<meta property=\"og:site_name\" content=\"Altominho.tv\" \/>\n<meta property=\"article:publisher\" content=\"https:\/\/www.facebook.com\/altominhotv\" \/>\n<meta property=\"article:published_time\" content=\"2026-04-02T13:21:55+00:00\" \/>\n<meta property=\"article:modified_time\" content=\"2026-04-02T14:33:49+00:00\" \/>\n<meta property=\"og:image\" content=\"https:\/\/www.altominho.tv\/site\/wp-content\/uploads\/2026\/04\/BASE-FB-logo-Branco-1200-x-630-px-4.png\" \/>\n\t<meta property=\"og:image:width\" content=\"1200\" \/>\n\t<meta property=\"og:image:height\" content=\"630\" \/>\n\t<meta property=\"og:image:type\" content=\"image\/png\" \/>\n<meta name=\"author\" content=\"Cesar Lopes\" \/>\n<meta name=\"twitter:card\" content=\"summary_large_image\" \/>\n<meta name=\"twitter:creator\" content=\"@altominhoTV\" \/>\n<meta name=\"twitter:site\" content=\"@altominhoTV\" \/>\n<meta name=\"twitter:label1\" content=\"Escrito por\" \/>\n\t<meta name=\"twitter:data1\" content=\"Cesar Lopes\" \/>\n\t<meta name=\"twitter:label2\" content=\"Tempo estimado de leitura\" \/>\n\t<meta name=\"twitter:data2\" content=\"2 minutos\" \/>\n<script type=\"application\/ld+json\" class=\"yoast-schema-graph\">{\"@context\":\"https:\\\/\\\/schema.org\",\"@graph\":[{\"@type\":\"Article\",\"@id\":\"https:\\\/\\\/www.altominho.tv\\\/site\\\/2026\\\/04\\\/02\\\/colisao-na-en13-faz-dois-feridos-e-provoca-longas-filas-em-cerveira\\\/#article\",\"isPartOf\":{\"@id\":\"https:\\\/\\\/www.altominho.tv\\\/site\\\/2026\\\/04\\\/02\\\/colisao-na-en13-faz-dois-feridos-e-provoca-longas-filas-em-cerveira\\\/\"},\"author\":{\"name\":\"Cesar Lopes\",\"@id\":\"https:\\\/\\\/www.altominho.tv\\\/site\\\/#\\\/schema\\\/person\\\/c5570e5afb933b8d08c43373326ef1b1\"},\"headline\":\"Colis\u00e3o na EN13 faz um morto e provoca longas filas em Cerveira\",\"datePublished\":\"2026-04-02T13:21:55+00:00\",\"dateModified\":\"2026-04-02T14:33:49+00:00\",\"mainEntityOfPage\":{\"@id\":\"https:\\\/\\\/www.altominho.tv\\\/site\\\/2026\\\/04\\\/02\\\/colisao-na-en13-faz-dois-feridos-e-provoca-longas-filas-em-cerveira\\\/\"},\"wordCount\":248,\"image\":{\"@id\":\"https:\\\/\\\/www.altominho.tv\\\/site\\\/2026\\\/04\\\/02\\\/colisao-na-en13-faz-dois-feridos-e-provoca-longas-filas-em-cerveira\\\/#primaryimage\"},\"thumbnailUrl\":\"https:\\\/\\\/www.altominho.tv\\\/site\\\/wp-content\\\/uploads\\\/2026\\\/04\\\/BASE-FB-logo-Branco-1200-x-630-px-4.png\",\"keywords\":[\"Sociedade\"],\"articleSection\":[\"Vila Nova de Cerveira\"],\"inLanguage\":\"pt-PT\",\"copyrightYear\":\"2026\",\"copyrightHolder\":{\"@id\":\"https:\\\/\\\/www.altominho.tv\\\/site\\\/#organization\"}},{\"@type\":\"WebPage\",\"@id\":\"https:\\\/\\\/www.altominho.tv\\\/site\\\/2026\\\/04\\\/02\\\/colisao-na-en13-faz-dois-feridos-e-provoca-longas-filas-em-cerveira\\\/\",\"url\":\"https:\\\/\\\/www.altominho.tv\\\/site\\\/2026\\\/04\\\/02\\\/colisao-na-en13-faz-dois-feridos-e-provoca-longas-filas-em-cerveira\\\/\",\"name\":\"Colis\u00e3o na EN13 faz um morto e provoca longas filas em Cerveira\",\"isPartOf\":{\"@id\":\"https:\\\/\\\/www.altominho.tv\\\/site\\\/#website\"},\"primaryImageOfPage\":{\"@id\":\"https:\\\/\\\/www.altominho.tv\\\/site\\\/2026\\\/04\\\/02\\\/colisao-na-en13-faz-dois-feridos-e-provoca-longas-filas-em-cerveira\\\/#primaryimage\"},\"image\":{\"@id\":\"https:\\\/\\\/www.altominho.tv\\\/site\\\/2026\\\/04\\\/02\\\/colisao-na-en13-faz-dois-feridos-e-provoca-longas-filas-em-cerveira\\\/#primaryimage\"},\"thumbnailUrl\":\"https:\\\/\\\/www.altominho.tv\\\/site\\\/wp-content\\\/uploads\\\/2026\\\/04\\\/BASE-FB-logo-Branco-1200-x-630-px-4.png\",\"datePublished\":\"2026-04-02T13:21:55+00:00\",\"dateModified\":\"2026-04-02T14:33:49+00:00\",\"author\":{\"@id\":\"https:\\\/\\\/www.altominho.tv\\\/site\\\/#\\\/schema\\\/person\\\/c5570e5afb933b8d08c43373326ef1b1\"},\"breadcrumb\":{\"@id\":\"https:\\\/\\\/www.altominho.tv\\\/site\\\/2026\\\/04\\\/02\\\/colisao-na-en13-faz-dois-feridos-e-provoca-longas-filas-em-cerveira\\\/#breadcrumb\"},\"inLanguage\":\"pt-PT\",\"potentialAction\":[{\"@type\":\"ReadAction\",\"target\":[\"https:\\\/\\\/www.altominho.tv\\\/site\\\/2026\\\/04\\\/02\\\/colisao-na-en13-faz-dois-feridos-e-provoca-longas-filas-em-cerveira\\\/\"]}]},{\"@type\":\"ImageObject\",\"inLanguage\":\"pt-PT\",\"@id\":\"https:\\\/\\\/www.altominho.tv\\\/site\\\/2026\\\/04\\\/02\\\/colisao-na-en13-faz-dois-feridos-e-provoca-longas-filas-em-cerveira\\\/#primaryimage\",\"url\":\"https:\\\/\\\/www.altominho.tv\\\/site\\\/wp-content\\\/uploads\\\/2026\\\/04\\\/BASE-FB-logo-Branco-1200-x-630-px-4.png\",\"contentUrl\":\"https:\\\/\\\/www.altominho.tv\\\/site\\\/wp-content\\\/uploads\\\/2026\\\/04\\\/BASE-FB-logo-Branco-1200-x-630-px-4.png\",\"width\":1200,\"height\":630},{\"@type\":\"BreadcrumbList\",\"@id\":\"https:\\\/\\\/www.altominho.tv\\\/site\\\/2026\\\/04\\\/02\\\/colisao-na-en13-faz-dois-feridos-e-provoca-longas-filas-em-cerveira\\\/#breadcrumb\",\"itemListElement\":[{\"@type\":\"ListItem\",\"position\":1,\"name\":\"In\u00edcio\",\"item\":\"https:\\\/\\\/www.altominho.tv\\\/site\\\/\"},{\"@type\":\"ListItem\",\"position\":2,\"name\":\"Colis\u00e3o na EN13 faz um morto e provoca longas filas em Cerveira\"}]},{\"@type\":\"WebSite\",\"@id\":\"https:\\\/\\\/www.altominho.tv\\\/site\\\/#website\",\"url\":\"https:\\\/\\\/www.altominho.tv\\\/site\\\/\",\"name\":\"Altominho.tv\",\"description\":\"A sua regi\u00e3o \u00e0 dist\u00e2ncia de um clique...\",\"potentialAction\":[{\"@type\":\"SearchAction\",\"target\":{\"@type\":\"EntryPoint\",\"urlTemplate\":\"https:\\\/\\\/www.altominho.tv\\\/site\\\/?s={search_term_string}\"},\"query-input\":{\"@type\":\"PropertyValueSpecification\",\"valueRequired\":true,\"valueName\":\"search_term_string\"}}],\"inLanguage\":\"pt-PT\"},{\"@type\":\"Person\",\"@id\":\"https:\\\/\\\/www.altominho.tv\\\/site\\\/#\\\/schema\\\/person\\\/c5570e5afb933b8d08c43373326ef1b1\",\"name\":\"Cesar Lopes\",\"image\":{\"@type\":\"ImageObject\",\"inLanguage\":\"pt-PT\",\"@id\":\"https:\\\/\\\/www.altominho.tv\\\/site\\\/wp-content\\\/uploads\\\/2022\\\/10\\\/Sem-Titulo-150x150.jpg\",\"url\":\"https:\\\/\\\/www.altominho.tv\\\/site\\\/wp-content\\\/uploads\\\/2022\\\/10\\\/Sem-Titulo-150x150.jpg\",\"contentUrl\":\"https:\\\/\\\/www.altominho.tv\\\/site\\\/wp-content\\\/uploads\\\/2022\\\/10\\\/Sem-Titulo-150x150.jpg\",\"caption\":\"Cesar Lopes\"},\"url\":\"https:\\\/\\\/www.altominho.tv\\\/site\\\/author\\\/cesarlopes\\\/\"}]}<\/script>\n<!-- \/ Yoast SEO Premium plugin. -->","yoast_head_json":{"title":"Colis\u00e3o na EN13 faz um morto e provoca longas filas em Cerveira","robots":{"index":"index","follow":"follow","max-snippet":"max-snippet:-1","max-image-preview":"max-image-preview:large","max-video-preview":"max-video-preview:-1"},"canonical":"https:\/\/www.altominho.tv\/site\/2026\/04\/02\/colisao-na-en13-faz-dois-feridos-e-provoca-longas-filas-em-cerveira\/","og_locale":"pt_PT","og_type":"article","og_title":"Colis\u00e3o na EN13 faz um morto e provoca longas filas em Cerveira","og_description":"Um homem de 30 anos morreu na tarde desta quinta-feira na sequ\u00eancia de uma colis\u00e3o entre um motociclo e um ve\u00edculo ligeiro na Estrada Nacional 13 (EN13), na freguesia de Reboreda, em Vila Nova de Cerveira. A Altominho TV apurou que o \u00f3bito foi declarado no local. Do acidente resultou ainda outra v\u00edtima, uma mulher [&hellip;]","og_url":"https:\/\/www.altominho.tv\/site\/2026\/04\/02\/colisao-na-en13-faz-dois-feridos-e-provoca-longas-filas-em-cerveira\/","og_site_name":"Altominho.tv","article_publisher":"https:\/\/www.facebook.com\/altominhotv","article_published_time":"2026-04-02T13:21:55+00:00","article_modified_time":"2026-04-02T14:33:49+00:00","og_image":[{"width":1200,"height":630,"url":"https:\/\/www.altominho.tv\/site\/wp-content\/uploads\/2026\/04\/BASE-FB-logo-Branco-1200-x-630-px-4.png","type":"image\/png"}],"author":"Cesar Lopes","twitter_card":"summary_large_image","twitter_creator":"@altominhoTV","twitter_site":"@altominhoTV","twitter_misc":{"Escrito por":"Cesar Lopes","Tempo estimado de leitura":"2 minutos"},"schema":{"@context":"https:\/\/schema.org","@graph":[{"@type":"Article","@id":"https:\/\/www.altominho.tv\/site\/2026\/04\/02\/colisao-na-en13-faz-dois-feridos-e-provoca-longas-filas-em-cerveira\/#article","isPartOf":{"@id":"https:\/\/www.altominho.tv\/site\/2026\/04\/02\/colisao-na-en13-faz-dois-feridos-e-provoca-longas-filas-em-cerveira\/"},"author":{"name":"Cesar Lopes","@id":"https:\/\/www.altominho.tv\/site\/#\/schema\/person\/c5570e5afb933b8d08c43373326ef1b1"},"headline":"Colis\u00e3o na EN13 faz um morto e provoca longas filas em Cerveira","datePublished":"2026-04-02T13:21:55+00:00","dateModified":"2026-04-02T14:33:49+00:00","mainEntityOfPage":{"@id":"https:\/\/www.altominho.tv\/site\/2026\/04\/02\/colisao-na-en13-faz-dois-feridos-e-provoca-longas-filas-em-cerveira\/"},"wordCount":248,"image":{"@id":"https:\/\/www.altominho.tv\/site\/2026\/04\/02\/colisao-na-en13-faz-dois-feridos-e-provoca-longas-filas-em-cerveira\/#primaryimage"},"thumbnailUrl":"https:\/\/www.altominho.tv\/site\/wp-content\/uploads\/2026\/04\/BASE-FB-logo-Branco-1200-x-630-px-4.png","keywords":["Sociedade"],"articleSection":["Vila Nova de Cerveira"],"inLanguage":"pt-PT","copyrightYear":"2026","copyrightHolder":{"@id":"https:\/\/www.altominho.tv\/site\/#organization"}},{"@type":"WebPage","@id":"https:\/\/www.altominho.tv\/site\/2026\/04\/02\/colisao-na-en13-faz-dois-feridos-e-provoca-longas-filas-em-cerveira\/","url":"https:\/\/www.altominho.tv\/site\/2026\/04\/02\/colisao-na-en13-faz-dois-feridos-e-provoca-longas-filas-em-cerveira\/","name":"Colis\u00e3o na EN13 faz um morto e provoca longas filas em Cerveira","isPartOf":{"@id":"https:\/\/www.altominho.tv\/site\/#website"},"primaryImageOfPage":{"@id":"https:\/\/www.altominho.tv\/site\/2026\/04\/02\/colisao-na-en13-faz-dois-feridos-e-provoca-longas-filas-em-cerveira\/#primaryimage"},"image":{"@id":"https:\/\/www.altominho.tv\/site\/2026\/04\/02\/colisao-na-en13-faz-dois-feridos-e-provoca-longas-filas-em-cerveira\/#primaryimage"},"thumbnailUrl":"https:\/\/www.altominho.tv\/site\/wp-content\/uploads\/2026\/04\/BASE-FB-logo-Branco-1200-x-630-px-4.png","datePublished":"2026-04-02T13:21:55+00:00","dateModified":"2026-04-02T14:33:49+00:00","author":{"@id":"https:\/\/www.altominho.tv\/site\/#\/schema\/person\/c5570e5afb933b8d08c43373326ef1b1"},"breadcrumb":{"@id":"https:\/\/www.altominho.tv\/site\/2026\/04\/02\/colisao-na-en13-faz-dois-feridos-e-provoca-longas-filas-em-cerveira\/#breadcrumb"},"inLanguage":"pt-PT","potentialAction":[{"@type":"ReadAction","target":["https:\/\/www.altominho.tv\/site\/2026\/04\/02\/colisao-na-en13-faz-dois-feridos-e-provoca-longas-filas-em-cerveira\/"]}]},{"@type":"ImageObject","inLanguage":"pt-PT","@id":"https:\/\/www.altominho.tv\/site\/2026\/04\/02\/colisao-na-en13-faz-dois-feridos-e-provoca-longas-filas-em-cerveira\/#primaryimage","url":"https:\/\/www.altominho.tv\/site\/wp-content\/uploads\/2026\/04\/BASE-FB-logo-Branco-1200-x-630-px-4.png","contentUrl":"https:\/\/www.altominho.tv\/site\/wp-content\/uploads\/2026\/04\/BASE-FB-logo-Branco-1200-x-630-px-4.png","width":1200,"height":630},{"@type":"BreadcrumbList","@id":"https:\/\/www.altominho.tv\/site\/2026\/04\/02\/colisao-na-en13-faz-dois-feridos-e-provoca-longas-filas-em-cerveira\/#breadcrumb","itemListElement":[{"@type":"ListItem","position":1,"name":"In\u00edcio","item":"https:\/\/www.altominho.tv\/site\/"},{"@type":"ListItem","position":2,"name":"Colis\u00e3o na EN13 faz um morto e provoca longas filas em Cerveira"}]},{"@type":"WebSite","@id":"https:\/\/www.altominho.tv\/site\/#website","url":"https:\/\/www.altominho.tv\/site\/","name":"Altominho.tv","description":"A sua regi\u00e3o \u00e0 dist\u00e2ncia de um clique...","potentialAction":[{"@type":"SearchAction","target":{"@type":"EntryPoint","urlTemplate":"https:\/\/www.altominho.tv\/site\/?s={search_term_string}"},"query-input":{"@type":"PropertyValueSpecification","valueRequired":true,"valueName":"search_term_string"}}],"inLanguage":"pt-PT"},{"@type":"Person","@id":"https:\/\/www.altominho.tv\/site\/#\/schema\/person\/c5570e5afb933b8d08c43373326ef1b1","name":"Cesar Lopes","image":{"@type":"ImageObject","inLanguage":"pt-PT","@id":"https:\/\/www.altominho.tv\/site\/wp-content\/uploads\/2022\/10\/Sem-Titulo-150x150.jpg","url":"https:\/\/www.altominho.tv\/site\/wp-content\/uploads\/2022\/10\/Sem-Titulo-150x150.jpg","contentUrl":"https:\/\/www.altominho.tv\/site\/wp-content\/uploads\/2022\/10\/Sem-Titulo-150x150.jpg","caption":"Cesar Lopes"},"url":"https:\/\/www.altominho.tv\/site\/author\/cesarlopes\/"}]}},"_links":{"self":[{"href":"https:\/\/www.altominho.tv\/site\/wp-json\/wp\/v2\/posts\/130734","targetHints":{"allow":["GET"]}}],"collection":[{"href":"https:\/\/www.altominho.tv\/site\/wp-json\/wp\/v2\/posts"}],"about":[{"href":"https:\/\/www.altominho.tv\/site\/wp-json\/wp\/v2\/types\/post"}],"author":[{"embeddable":true,"href":"https:\/\/www.altominho.tv\/site\/wp-json\/wp\/v2\/users\/24"}],"replies":[{"embeddable":true,"href":"https:\/\/www.altominho.tv\/site\/wp-json\/wp\/v2\/comments?post=130734"}],"version-history":[{"count":4,"href":"https:\/\/www.altominho.tv\/site\/wp-json\/wp\/v2\/posts\/130734\/revisions"}],"predecessor-version":[{"id":130748,"href":"https:\/\/www.altominho.tv\/site\/wp-json\/wp\/v2\/posts\/130734\/revisions\/130748"}],"wp:featuredmedia":[{"embeddable":true,"href":"https:\/\/www.altominho.tv\/site\/wp-json\/wp\/v2\/media\/130735"}],"wp:attachment":[{"href":"https:\/\/www.altominho.tv\/site\/wp-json\/wp\/v2\/media?parent=130734"}],"wp:term":[{"taxonomy":"category","embeddable":true,"href":"https:\/\/www.altominho.tv\/site\/wp-json\/wp\/v2\/categories?post=130734"},{"taxonomy":"post_tag","embeddable":true,"href":"https:\/\/www.altominho.tv\/site\/wp-json\/wp\/v2\/tags?post=130734"}],"curies":[{"name":"wp","href":"https:\/\/api.w.org\/{rel}","templated":true}]}}