{"id":130731,"date":"2026-04-02T13:15:14","date_gmt":"2026-04-02T12:15:14","guid":{"rendered":"https:\/\/www.altominho.tv\/site\/?p=130731"},"modified":"2026-04-02T13:15:16","modified_gmt":"2026-04-02T12:15:16","slug":"viana-do-castelo-hospital-maternidade-bloco-de-partos","status":"publish","type":"post","link":"https:\/\/www.altominho.tv\/site\/2026\/04\/02\/viana-do-castelo-hospital-maternidade-bloco-de-partos\/","title":{"rendered":"Conclu\u00edda primeira fase da requalifica\u00e7\u00e3o do bloco de partos de Viana do Castelo"},"content":{"rendered":"\n<p>A requalifica\u00e7\u00e3o do bloco de partos do Hospital de Santa Luzia, da Unidade Local de Sa\u00fade do Alto Minho (ULSAM) vai custar mais 2,66 milh\u00f5es de euros, tendo a primeira fase sido conclu\u00edda esta semana, foi hoje revelado.<\/p>\n\n\n\n<p>Em causa est\u00e3o duas fases de obra, a primeira para acrescentar quatro salas de parto, uma sala de luto e uma sala de expectantes, todas equipadas com casa de banho privativa, e a segunda com duas salas cir\u00fargicas de obstetr\u00edcia\/ginecologia, uma sala de recobro com quatro camas e uma \u00e1rea de urg\u00eancia obst\u00e9trica.<\/p>\n\n\n\n<p>Segundo fonte da ULSAM, o investimento global \u00e9 de 2,66 milh\u00f5es de euros (mais IVA), financiado pelo Programa de Incentivo Financeiro \u00e0 Qualifica\u00e7\u00e3o dos Blocos de Parto do Servi\u00e7o Nacional de Sa\u00fade (SNS) e com o apoio da C\u00e2mara Municipal de Viana do Castelo.<\/p>\n\n\n\n<p>A inaugura\u00e7\u00e3o da primeira fase da requalifica\u00e7\u00e3o decorreu, simbolicamente, na quarta-feira, enquanto a conclus\u00e3o da segunda parte da obra est\u00e1 prevista para o \u00faltimo trimestre deste ano.<\/p>\n\n\n\n<p>Iniciada em novembro de 2024, a empreitada foi planeada em duas fases para garantir a continuidade do servi\u00e7o.<\/p>\n\n\n\n<p>\u201cInauguramos, apesar dos constrangimentos que surgiram ao longo do projeto, a primeira fase da requalifica\u00e7\u00e3o do Bloco de Partos do Hospital de Santa Luzia. Esta interven\u00e7\u00e3o permitir\u00e1 melhorar as condi\u00e7\u00f5es f\u00edsicas de trabalho dos nossos profissionais e assegurar melhores condi\u00e7\u00f5es de conforto e seguran\u00e7a para as parturientes\u201d, considerou o presidente da ULSAM, Jos\u00e9 Cardoso, citado num comunicado enviado \u00e0 Lusa.<\/p>\n\n\n\n<p>O respons\u00e1vel acrescentou que, \u201cquando a obra estiver totalmente conclu\u00edda, os ganhos ser\u00e3o significativos em sa\u00fade, com dois blocos devidamente equipados, permitindo libertar capacidade no Bloco Central para aumentar o tempo cir\u00fargico dispon\u00edvel para outras especialidades\u201d.<\/p>\n\n\n\n<p>Segundo a ULSAM, a moderniza\u00e7\u00e3o do bloco de partos surge num contexto de crescimento da atividade assistencial.<\/p>\n\n\n\n<p>Em 2025, a maternidade registou 1.521 nascimentos, mais 97 do que em 2024, correspondendo a um aumento de cerca de 7%.<\/p>\n\n\n\n<p>A ULSAM \u00e9 constitu\u00edda por dois hospitais: o de Santa Luzia, em Viana do Castelo, e o Conde de Bertiandos, em Ponte de Lima, bem como 12 centros de sa\u00fade, uma unidade de sa\u00fade p\u00fablica e duas de convalescen\u00e7a.<\/p>\n\n\n\n<p>Serve uma popula\u00e7\u00e3o residente superior a 244 mil pessoas dos dez concelhos do distrito de Viana do Castelo, e algumas popula\u00e7\u00f5es vizinhas do distrito de Braga.<\/p>\n\n\n\n<p>Fotografia: <strong>Redes Sociais<\/strong><\/p>\n","protected":false},"excerpt":{"rendered":"<p>A requalifica\u00e7\u00e3o do bloco de partos do Hospital de Santa Luzia, da Unidade Local de Sa\u00fade do Alto Minho (ULSAM) vai custar mais 2,66 milh\u00f5es de euros, tendo a primeira fase sido conclu\u00edda esta semana, foi hoje revelado. Em causa est\u00e3o duas fases de obra, a primeira para acrescentar quatro salas de parto, uma sala [&hellip;]<\/p>\n","protected":false},"author":16,"featured_media":130732,"comment_status":"closed","ping_status":"closed","sticky":false,"template":"","format":"standard","meta":{"_exactmetrics_skip_tracking":false,"_exactmetrics_sitenote_active":false,"_exactmetrics_sitenote_note":"","_exactmetrics_sitenote_category":0,"footnotes":""},"categories":[14],"tags":[26],"class_list":["post-130731","post","type-post","status-publish","format-standard","has-post-thumbnail","hentry","category-viana-do-castelo","tag-saude"],"yoast_head":"<!-- This site is optimized with the Yoast SEO Premium plugin v27.5 (Yoast SEO v27.5) - https:\/\/yoast.com\/product\/yoast-seo-premium-wordpress\/ -->\n<title>Conclu\u00edda primeira fase da requalifica\u00e7\u00e3o do bloco de partos de Viana do Castelo<\/title>\n<meta name=\"description\" content=\"Est\u00e1 conclu\u00edda a primeira fase da requalifica\u00e7\u00e3o do bloco de partos de Viana do Castelo.\" \/>\n<meta name=\"robots\" content=\"index, follow, max-snippet:-1, max-image-preview:large, max-video-preview:-1\" \/>\n<link rel=\"canonical\" href=\"https:\/\/www.altominho.tv\/site\/2026\/04\/02\/viana-do-castelo-hospital-maternidade-bloco-de-partos\/\" \/>\n<meta property=\"og:locale\" content=\"pt_PT\" \/>\n<meta property=\"og:type\" content=\"article\" \/>\n<meta property=\"og:title\" content=\"Conclu\u00edda primeira fase da requalifica\u00e7\u00e3o do bloco de partos de Viana do Castelo\" \/>\n<meta property=\"og:description\" content=\"Est\u00e1 conclu\u00edda a primeira fase da requalifica\u00e7\u00e3o do bloco de partos de Viana do Castelo.\" \/>\n<meta property=\"og:url\" content=\"https:\/\/www.altominho.tv\/site\/2026\/04\/02\/viana-do-castelo-hospital-maternidade-bloco-de-partos\/\" \/>\n<meta property=\"og:site_name\" content=\"Altominho.tv\" \/>\n<meta property=\"article:publisher\" content=\"https:\/\/www.facebook.com\/altominhotv\" \/>\n<meta property=\"article:published_time\" content=\"2026-04-02T12:15:14+00:00\" \/>\n<meta property=\"article:modified_time\" content=\"2026-04-02T12:15:16+00:00\" \/>\n<meta property=\"og:image\" content=\"https:\/\/www.altominho.tv\/site\/wp-content\/uploads\/2026\/04\/bloco-de-partos.png\" \/>\n\t<meta property=\"og:image:width\" content=\"1200\" \/>\n\t<meta property=\"og:image:height\" content=\"630\" \/>\n\t<meta property=\"og:image:type\" content=\"image\/png\" \/>\n<meta name=\"author\" content=\"Andreia Cunha | Lusa\" \/>\n<meta name=\"twitter:card\" content=\"summary_large_image\" \/>\n<meta name=\"twitter:creator\" content=\"@altominhoTV\" \/>\n<meta name=\"twitter:site\" content=\"@altominhoTV\" \/>\n<meta name=\"twitter:label1\" content=\"Escrito por\" \/>\n\t<meta name=\"twitter:data1\" content=\"Andreia Cunha | Lusa\" \/>\n\t<meta name=\"twitter:label2\" content=\"Tempo estimado de leitura\" \/>\n\t<meta name=\"twitter:data2\" content=\"3 minutos\" \/>\n<script type=\"application\/ld+json\" class=\"yoast-schema-graph\">{\"@context\":\"https:\\\/\\\/schema.org\",\"@graph\":[{\"@type\":\"Article\",\"@id\":\"https:\\\/\\\/www.altominho.tv\\\/site\\\/2026\\\/04\\\/02\\\/viana-do-castelo-hospital-maternidade-bloco-de-partos\\\/#article\",\"isPartOf\":{\"@id\":\"https:\\\/\\\/www.altominho.tv\\\/site\\\/2026\\\/04\\\/02\\\/viana-do-castelo-hospital-maternidade-bloco-de-partos\\\/\"},\"author\":{\"name\":\"Andreia Cunha | Lusa\",\"@id\":\"https:\\\/\\\/www.altominho.tv\\\/site\\\/#\\\/schema\\\/person\\\/dbaf181c01b51ff40c9f461a905d321e\"},\"headline\":\"Conclu\u00edda primeira fase da requalifica\u00e7\u00e3o do bloco de partos de Viana do Castelo\",\"datePublished\":\"2026-04-02T12:15:14+00:00\",\"dateModified\":\"2026-04-02T12:15:16+00:00\",\"mainEntityOfPage\":{\"@id\":\"https:\\\/\\\/www.altominho.tv\\\/site\\\/2026\\\/04\\\/02\\\/viana-do-castelo-hospital-maternidade-bloco-de-partos\\\/\"},\"wordCount\":422,\"image\":{\"@id\":\"https:\\\/\\\/www.altominho.tv\\\/site\\\/2026\\\/04\\\/02\\\/viana-do-castelo-hospital-maternidade-bloco-de-partos\\\/#primaryimage\"},\"thumbnailUrl\":\"https:\\\/\\\/www.altominho.tv\\\/site\\\/wp-content\\\/uploads\\\/2026\\\/04\\\/bloco-de-partos.png\",\"keywords\":[\"Sa\u00fade\"],\"articleSection\":[\"Viana do Castelo\"],\"inLanguage\":\"pt-PT\",\"copyrightYear\":\"2026\",\"copyrightHolder\":{\"@id\":\"https:\\\/\\\/www.altominho.tv\\\/site\\\/#organization\"}},{\"@type\":\"WebPage\",\"@id\":\"https:\\\/\\\/www.altominho.tv\\\/site\\\/2026\\\/04\\\/02\\\/viana-do-castelo-hospital-maternidade-bloco-de-partos\\\/\",\"url\":\"https:\\\/\\\/www.altominho.tv\\\/site\\\/2026\\\/04\\\/02\\\/viana-do-castelo-hospital-maternidade-bloco-de-partos\\\/\",\"name\":\"Conclu\u00edda primeira fase da requalifica\u00e7\u00e3o do bloco de partos de Viana do Castelo\",\"isPartOf\":{\"@id\":\"https:\\\/\\\/www.altominho.tv\\\/site\\\/#website\"},\"primaryImageOfPage\":{\"@id\":\"https:\\\/\\\/www.altominho.tv\\\/site\\\/2026\\\/04\\\/02\\\/viana-do-castelo-hospital-maternidade-bloco-de-partos\\\/#primaryimage\"},\"image\":{\"@id\":\"https:\\\/\\\/www.altominho.tv\\\/site\\\/2026\\\/04\\\/02\\\/viana-do-castelo-hospital-maternidade-bloco-de-partos\\\/#primaryimage\"},\"thumbnailUrl\":\"https:\\\/\\\/www.altominho.tv\\\/site\\\/wp-content\\\/uploads\\\/2026\\\/04\\\/bloco-de-partos.png\",\"datePublished\":\"2026-04-02T12:15:14+00:00\",\"dateModified\":\"2026-04-02T12:15:16+00:00\",\"author\":{\"@id\":\"https:\\\/\\\/www.altominho.tv\\\/site\\\/#\\\/schema\\\/person\\\/dbaf181c01b51ff40c9f461a905d321e\"},\"description\":\"Est\u00e1 conclu\u00edda a primeira fase da requalifica\u00e7\u00e3o do bloco de partos de Viana do Castelo.\",\"breadcrumb\":{\"@id\":\"https:\\\/\\\/www.altominho.tv\\\/site\\\/2026\\\/04\\\/02\\\/viana-do-castelo-hospital-maternidade-bloco-de-partos\\\/#breadcrumb\"},\"inLanguage\":\"pt-PT\",\"potentialAction\":[{\"@type\":\"ReadAction\",\"target\":[\"https:\\\/\\\/www.altominho.tv\\\/site\\\/2026\\\/04\\\/02\\\/viana-do-castelo-hospital-maternidade-bloco-de-partos\\\/\"]}]},{\"@type\":\"ImageObject\",\"inLanguage\":\"pt-PT\",\"@id\":\"https:\\\/\\\/www.altominho.tv\\\/site\\\/2026\\\/04\\\/02\\\/viana-do-castelo-hospital-maternidade-bloco-de-partos\\\/#primaryimage\",\"url\":\"https:\\\/\\\/www.altominho.tv\\\/site\\\/wp-content\\\/uploads\\\/2026\\\/04\\\/bloco-de-partos.png\",\"contentUrl\":\"https:\\\/\\\/www.altominho.tv\\\/site\\\/wp-content\\\/uploads\\\/2026\\\/04\\\/bloco-de-partos.png\",\"width\":1200,\"height\":630},{\"@type\":\"BreadcrumbList\",\"@id\":\"https:\\\/\\\/www.altominho.tv\\\/site\\\/2026\\\/04\\\/02\\\/viana-do-castelo-hospital-maternidade-bloco-de-partos\\\/#breadcrumb\",\"itemListElement\":[{\"@type\":\"ListItem\",\"position\":1,\"name\":\"In\u00edcio\",\"item\":\"https:\\\/\\\/www.altominho.tv\\\/site\\\/\"},{\"@type\":\"ListItem\",\"position\":2,\"name\":\"Conclu\u00edda primeira fase da requalifica\u00e7\u00e3o do bloco de partos de Viana do Castelo\"}]},{\"@type\":\"WebSite\",\"@id\":\"https:\\\/\\\/www.altominho.tv\\\/site\\\/#website\",\"url\":\"https:\\\/\\\/www.altominho.tv\\\/site\\\/\",\"name\":\"Altominho.tv\",\"description\":\"A sua regi\u00e3o \u00e0 dist\u00e2ncia de um clique...\",\"potentialAction\":[{\"@type\":\"SearchAction\",\"target\":{\"@type\":\"EntryPoint\",\"urlTemplate\":\"https:\\\/\\\/www.altominho.tv\\\/site\\\/?s={search_term_string}\"},\"query-input\":{\"@type\":\"PropertyValueSpecification\",\"valueRequired\":true,\"valueName\":\"search_term_string\"}}],\"inLanguage\":\"pt-PT\"},{\"@type\":\"Person\",\"@id\":\"https:\\\/\\\/www.altominho.tv\\\/site\\\/#\\\/schema\\\/person\\\/dbaf181c01b51ff40c9f461a905d321e\",\"name\":\"Andreia Cunha | Lusa\",\"image\":{\"@type\":\"ImageObject\",\"inLanguage\":\"pt-PT\",\"@id\":\"https:\\\/\\\/www.altominho.tv\\\/site\\\/wp-content\\\/uploads\\\/2017\\\/11\\\/Andreia_Cunha-1-150x150.jpg\",\"url\":\"https:\\\/\\\/www.altominho.tv\\\/site\\\/wp-content\\\/uploads\\\/2017\\\/11\\\/Andreia_Cunha-1-150x150.jpg\",\"contentUrl\":\"https:\\\/\\\/www.altominho.tv\\\/site\\\/wp-content\\\/uploads\\\/2017\\\/11\\\/Andreia_Cunha-1-150x150.jpg\",\"caption\":\"Andreia Cunha | Lusa\"},\"sameAs\":[\"https:\\\/\\\/www.altominho.tv\\\/site\"],\"url\":\"https:\\\/\\\/www.altominho.tv\\\/site\\\/author\\\/andreiacunhalusa\\\/\"}]}<\/script>\n<!-- \/ Yoast SEO Premium plugin. -->","yoast_head_json":{"title":"Conclu\u00edda primeira fase da requalifica\u00e7\u00e3o do bloco de partos de Viana do Castelo","description":"Est\u00e1 conclu\u00edda a primeira fase da requalifica\u00e7\u00e3o do bloco de partos de Viana do Castelo.","robots":{"index":"index","follow":"follow","max-snippet":"max-snippet:-1","max-image-preview":"max-image-preview:large","max-video-preview":"max-video-preview:-1"},"canonical":"https:\/\/www.altominho.tv\/site\/2026\/04\/02\/viana-do-castelo-hospital-maternidade-bloco-de-partos\/","og_locale":"pt_PT","og_type":"article","og_title":"Conclu\u00edda primeira fase da requalifica\u00e7\u00e3o do bloco de partos de Viana do Castelo","og_description":"Est\u00e1 conclu\u00edda a primeira fase da requalifica\u00e7\u00e3o do bloco de partos de Viana do Castelo.","og_url":"https:\/\/www.altominho.tv\/site\/2026\/04\/02\/viana-do-castelo-hospital-maternidade-bloco-de-partos\/","og_site_name":"Altominho.tv","article_publisher":"https:\/\/www.facebook.com\/altominhotv","article_published_time":"2026-04-02T12:15:14+00:00","article_modified_time":"2026-04-02T12:15:16+00:00","og_image":[{"width":1200,"height":630,"url":"https:\/\/www.altominho.tv\/site\/wp-content\/uploads\/2026\/04\/bloco-de-partos.png","type":"image\/png"}],"author":"Andreia Cunha | Lusa","twitter_card":"summary_large_image","twitter_creator":"@altominhoTV","twitter_site":"@altominhoTV","twitter_misc":{"Escrito por":"Andreia Cunha | Lusa","Tempo estimado de leitura":"3 minutos"},"schema":{"@context":"https:\/\/schema.org","@graph":[{"@type":"Article","@id":"https:\/\/www.altominho.tv\/site\/2026\/04\/02\/viana-do-castelo-hospital-maternidade-bloco-de-partos\/#article","isPartOf":{"@id":"https:\/\/www.altominho.tv\/site\/2026\/04\/02\/viana-do-castelo-hospital-maternidade-bloco-de-partos\/"},"author":{"name":"Andreia Cunha | Lusa","@id":"https:\/\/www.altominho.tv\/site\/#\/schema\/person\/dbaf181c01b51ff40c9f461a905d321e"},"headline":"Conclu\u00edda primeira fase da requalifica\u00e7\u00e3o do bloco de partos de Viana do Castelo","datePublished":"2026-04-02T12:15:14+00:00","dateModified":"2026-04-02T12:15:16+00:00","mainEntityOfPage":{"@id":"https:\/\/www.altominho.tv\/site\/2026\/04\/02\/viana-do-castelo-hospital-maternidade-bloco-de-partos\/"},"wordCount":422,"image":{"@id":"https:\/\/www.altominho.tv\/site\/2026\/04\/02\/viana-do-castelo-hospital-maternidade-bloco-de-partos\/#primaryimage"},"thumbnailUrl":"https:\/\/www.altominho.tv\/site\/wp-content\/uploads\/2026\/04\/bloco-de-partos.png","keywords":["Sa\u00fade"],"articleSection":["Viana do Castelo"],"inLanguage":"pt-PT","copyrightYear":"2026","copyrightHolder":{"@id":"https:\/\/www.altominho.tv\/site\/#organization"}},{"@type":"WebPage","@id":"https:\/\/www.altominho.tv\/site\/2026\/04\/02\/viana-do-castelo-hospital-maternidade-bloco-de-partos\/","url":"https:\/\/www.altominho.tv\/site\/2026\/04\/02\/viana-do-castelo-hospital-maternidade-bloco-de-partos\/","name":"Conclu\u00edda primeira fase da requalifica\u00e7\u00e3o do bloco de partos de Viana do Castelo","isPartOf":{"@id":"https:\/\/www.altominho.tv\/site\/#website"},"primaryImageOfPage":{"@id":"https:\/\/www.altominho.tv\/site\/2026\/04\/02\/viana-do-castelo-hospital-maternidade-bloco-de-partos\/#primaryimage"},"image":{"@id":"https:\/\/www.altominho.tv\/site\/2026\/04\/02\/viana-do-castelo-hospital-maternidade-bloco-de-partos\/#primaryimage"},"thumbnailUrl":"https:\/\/www.altominho.tv\/site\/wp-content\/uploads\/2026\/04\/bloco-de-partos.png","datePublished":"2026-04-02T12:15:14+00:00","dateModified":"2026-04-02T12:15:16+00:00","author":{"@id":"https:\/\/www.altominho.tv\/site\/#\/schema\/person\/dbaf181c01b51ff40c9f461a905d321e"},"description":"Est\u00e1 conclu\u00edda a primeira fase da requalifica\u00e7\u00e3o do bloco de partos de Viana do Castelo.","breadcrumb":{"@id":"https:\/\/www.altominho.tv\/site\/2026\/04\/02\/viana-do-castelo-hospital-maternidade-bloco-de-partos\/#breadcrumb"},"inLanguage":"pt-PT","potentialAction":[{"@type":"ReadAction","target":["https:\/\/www.altominho.tv\/site\/2026\/04\/02\/viana-do-castelo-hospital-maternidade-bloco-de-partos\/"]}]},{"@type":"ImageObject","inLanguage":"pt-PT","@id":"https:\/\/www.altominho.tv\/site\/2026\/04\/02\/viana-do-castelo-hospital-maternidade-bloco-de-partos\/#primaryimage","url":"https:\/\/www.altominho.tv\/site\/wp-content\/uploads\/2026\/04\/bloco-de-partos.png","contentUrl":"https:\/\/www.altominho.tv\/site\/wp-content\/uploads\/2026\/04\/bloco-de-partos.png","width":1200,"height":630},{"@type":"BreadcrumbList","@id":"https:\/\/www.altominho.tv\/site\/2026\/04\/02\/viana-do-castelo-hospital-maternidade-bloco-de-partos\/#breadcrumb","itemListElement":[{"@type":"ListItem","position":1,"name":"In\u00edcio","item":"https:\/\/www.altominho.tv\/site\/"},{"@type":"ListItem","position":2,"name":"Conclu\u00edda primeira fase da requalifica\u00e7\u00e3o do bloco de partos de Viana do Castelo"}]},{"@type":"WebSite","@id":"https:\/\/www.altominho.tv\/site\/#website","url":"https:\/\/www.altominho.tv\/site\/","name":"Altominho.tv","description":"A sua regi\u00e3o \u00e0 dist\u00e2ncia de um clique...","potentialAction":[{"@type":"SearchAction","target":{"@type":"EntryPoint","urlTemplate":"https:\/\/www.altominho.tv\/site\/?s={search_term_string}"},"query-input":{"@type":"PropertyValueSpecification","valueRequired":true,"valueName":"search_term_string"}}],"inLanguage":"pt-PT"},{"@type":"Person","@id":"https:\/\/www.altominho.tv\/site\/#\/schema\/person\/dbaf181c01b51ff40c9f461a905d321e","name":"Andreia Cunha | Lusa","image":{"@type":"ImageObject","inLanguage":"pt-PT","@id":"https:\/\/www.altominho.tv\/site\/wp-content\/uploads\/2017\/11\/Andreia_Cunha-1-150x150.jpg","url":"https:\/\/www.altominho.tv\/site\/wp-content\/uploads\/2017\/11\/Andreia_Cunha-1-150x150.jpg","contentUrl":"https:\/\/www.altominho.tv\/site\/wp-content\/uploads\/2017\/11\/Andreia_Cunha-1-150x150.jpg","caption":"Andreia Cunha | Lusa"},"sameAs":["https:\/\/www.altominho.tv\/site"],"url":"https:\/\/www.altominho.tv\/site\/author\/andreiacunhalusa\/"}]}},"_links":{"self":[{"href":"https:\/\/www.altominho.tv\/site\/wp-json\/wp\/v2\/posts\/130731","targetHints":{"allow":["GET"]}}],"collection":[{"href":"https:\/\/www.altominho.tv\/site\/wp-json\/wp\/v2\/posts"}],"about":[{"href":"https:\/\/www.altominho.tv\/site\/wp-json\/wp\/v2\/types\/post"}],"author":[{"embeddable":true,"href":"https:\/\/www.altominho.tv\/site\/wp-json\/wp\/v2\/users\/16"}],"replies":[{"embeddable":true,"href":"https:\/\/www.altominho.tv\/site\/wp-json\/wp\/v2\/comments?post=130731"}],"version-history":[{"count":1,"href":"https:\/\/www.altominho.tv\/site\/wp-json\/wp\/v2\/posts\/130731\/revisions"}],"predecessor-version":[{"id":130733,"href":"https:\/\/www.altominho.tv\/site\/wp-json\/wp\/v2\/posts\/130731\/revisions\/130733"}],"wp:featuredmedia":[{"embeddable":true,"href":"https:\/\/www.altominho.tv\/site\/wp-json\/wp\/v2\/media\/130732"}],"wp:attachment":[{"href":"https:\/\/www.altominho.tv\/site\/wp-json\/wp\/v2\/media?parent=130731"}],"wp:term":[{"taxonomy":"category","embeddable":true,"href":"https:\/\/www.altominho.tv\/site\/wp-json\/wp\/v2\/categories?post=130731"},{"taxonomy":"post_tag","embeddable":true,"href":"https:\/\/www.altominho.tv\/site\/wp-json\/wp\/v2\/tags?post=130731"}],"curies":[{"name":"wp","href":"https:\/\/api.w.org\/{rel}","templated":true}]}}