{"id":130652,"date":"2026-04-01T12:35:25","date_gmt":"2026-04-01T11:35:25","guid":{"rendered":"https:\/\/www.altominho.tv\/site\/?p=130652"},"modified":"2026-04-01T12:35:27","modified_gmt":"2026-04-01T11:35:27","slug":"torneio-interassociacoes-feminino-sub-17-de-futsal-junta-mais-de-250-atletas","status":"publish","type":"post","link":"https:\/\/www.altominho.tv\/site\/2026\/04\/01\/torneio-interassociacoes-feminino-sub-17-de-futsal-junta-mais-de-250-atletas\/","title":{"rendered":"Torneio Interassocia\u00e7\u00f5es feminino sub-17 de futsal junta mais de 250 atletas"},"content":{"rendered":"<p class=\"p1\">O Torneio Interassocia\u00e7\u00f5es feminino sub-17 de futsal, que est\u00e1 a decorrer em Viana do Castelo at\u00e9 dia 4 de abril,<span class=\"Apple-converted-space\">\u00a0 <\/span>juntou mais de 250 atletas, representativas de 21 Associa\u00e7\u00f5es Distritais e Regionais de todo o pa\u00eds.<\/p>\n<p class=\"p1\">Os jogos tiveram in\u00edcio esta quarta-feira, dia 1 de abril, \u00e0s 9h30 e at\u00e9 dia 4 de abril as sele\u00e7\u00f5es v\u00e3o defrontar-se em jogos de elevada qualidade onde ser\u00e1 demonstrado o melhor futsal destas jovens atletas.<\/p>\n<p class=\"p1\">\u201cEstamos muito felizes por acolher este torneio em Viana do Castelo, nesta altura do ano, at\u00e9 porque mais que um evento desportivo, trata-se de uma celebra\u00e7\u00e3o do futsal e uma grande oportunidade para se descobrir novos talentos nesta modalidade, al\u00e9m de ser um momento muito importante para que as regi\u00f5es convivam e partilhem experi\u00eancias\u201d, afirma o presidente da Associa\u00e7\u00e3o de Futebol de Viana do Castelo (AFVC), Ricardo Felgueiras.<\/p>\n<p class=\"p1\">Ao longo destes quatro dias os jogos v\u00e3o decorrer no Pavilh\u00e3o Municipal Jos\u00e9 Nat\u00e1rio, no Pavilh\u00e3o Municipal Santa Maria Maior, no Pavilh\u00e3o Municipal Nicolau Ver\u00edssimo, no Pavilh\u00e3o Municipal Pra\u00e7a Viana, no Pavilh\u00e3o Escola Pintor Jos\u00e9 Brito e no Pavilh\u00e3o Escola 2,3 Monte da Ola.<\/p>\n<p>Foto: <strong>Associa\u00e7\u00e3o de Futebol de Viana do Castelo<\/strong><\/p>\n\n\n<p><\/p>\n","protected":false},"excerpt":{"rendered":"<p>O Torneio Interassocia\u00e7\u00f5es feminino sub-17 de futsal, que est\u00e1 a decorrer em Viana do Castelo at\u00e9 dia 4 de abril,\u00a0 juntou mais de 250 atletas, representativas de 21 Associa\u00e7\u00f5es Distritais e Regionais de todo o pa\u00eds. Os jogos tiveram in\u00edcio esta quarta-feira, dia 1 de abril, \u00e0s 9h30 e at\u00e9 dia 4 de abril as [&hellip;]<\/p>\n","protected":false},"author":30,"featured_media":130653,"comment_status":"closed","ping_status":"closed","sticky":false,"template":"","format":"standard","meta":{"_exactmetrics_skip_tracking":false,"_exactmetrics_sitenote_active":false,"_exactmetrics_sitenote_note":"","_exactmetrics_sitenote_category":0,"footnotes":""},"categories":[14],"tags":[20],"class_list":["post-130652","post","type-post","status-publish","format-standard","has-post-thumbnail","hentry","category-viana-do-castelo","tag-desporto"],"yoast_head":"<!-- This site is optimized with the Yoast SEO Premium plugin v27.5 (Yoast SEO v27.5) - https:\/\/yoast.com\/product\/yoast-seo-premium-wordpress\/ -->\n<title>Torneio Interassocia\u00e7\u00f5es feminino sub-17 de futsal junta mais de 250 atletas<\/title>\n<meta name=\"description\" content=\"O Torneio Interassocia\u00e7\u00f5es feminino sub-17 de futsal, que est\u00e1 a decorrer em Viana do Castelo at\u00e9 dia 4 de abril,\u00a0 juntou mais de 250 atletas, representativas de 21 Associa\u00e7\u00f5es Distritais e Regionais de todo o pa\u00eds.\" \/>\n<meta name=\"robots\" content=\"index, follow, max-snippet:-1, max-image-preview:large, max-video-preview:-1\" \/>\n<link rel=\"canonical\" href=\"https:\/\/www.altominho.tv\/site\/2026\/04\/01\/torneio-interassociacoes-feminino-sub-17-de-futsal-junta-mais-de-250-atletas\/\" \/>\n<meta property=\"og:locale\" content=\"pt_PT\" \/>\n<meta property=\"og:type\" content=\"article\" \/>\n<meta property=\"og:title\" content=\"Torneio Interassocia\u00e7\u00f5es feminino sub-17 de futsal junta mais de 250 atletas\" \/>\n<meta property=\"og:description\" content=\"O Torneio Interassocia\u00e7\u00f5es feminino sub-17 de futsal, que est\u00e1 a decorrer em Viana do Castelo at\u00e9 dia 4 de abril,\u00a0 juntou mais de 250 atletas, representativas de 21 Associa\u00e7\u00f5es Distritais e Regionais de todo o pa\u00eds.\" \/>\n<meta property=\"og:url\" content=\"https:\/\/www.altominho.tv\/site\/2026\/04\/01\/torneio-interassociacoes-feminino-sub-17-de-futsal-junta-mais-de-250-atletas\/\" \/>\n<meta property=\"og:site_name\" content=\"Altominho.tv\" \/>\n<meta property=\"article:publisher\" content=\"https:\/\/www.facebook.com\/altominhotv\" \/>\n<meta property=\"article:published_time\" content=\"2026-04-01T11:35:25+00:00\" \/>\n<meta property=\"article:modified_time\" content=\"2026-04-01T11:35:27+00:00\" \/>\n<meta property=\"og:image\" content=\"https:\/\/www.altominho.tv\/site\/wp-content\/uploads\/2026\/04\/torneio-futsal.jpg\" \/>\n\t<meta property=\"og:image:width\" content=\"1200\" \/>\n\t<meta property=\"og:image:height\" content=\"630\" \/>\n\t<meta property=\"og:image:type\" content=\"image\/jpeg\" \/>\n<meta name=\"author\" content=\"Eduarda Cardoso\" \/>\n<meta name=\"twitter:card\" content=\"summary_large_image\" \/>\n<meta name=\"twitter:creator\" content=\"@altominhoTV\" \/>\n<meta name=\"twitter:site\" content=\"@altominhoTV\" \/>\n<meta name=\"twitter:label1\" content=\"Escrito por\" \/>\n\t<meta name=\"twitter:data1\" content=\"Eduarda Cardoso\" \/>\n\t<meta name=\"twitter:label2\" content=\"Tempo estimado de leitura\" \/>\n\t<meta name=\"twitter:data2\" content=\"2 minutos\" \/>\n<script type=\"application\/ld+json\" class=\"yoast-schema-graph\">{\"@context\":\"https:\\\/\\\/schema.org\",\"@graph\":[{\"@type\":\"Article\",\"@id\":\"https:\\\/\\\/www.altominho.tv\\\/site\\\/2026\\\/04\\\/01\\\/torneio-interassociacoes-feminino-sub-17-de-futsal-junta-mais-de-250-atletas\\\/#article\",\"isPartOf\":{\"@id\":\"https:\\\/\\\/www.altominho.tv\\\/site\\\/2026\\\/04\\\/01\\\/torneio-interassociacoes-feminino-sub-17-de-futsal-junta-mais-de-250-atletas\\\/\"},\"author\":{\"name\":\"Eduarda Cardoso\",\"@id\":\"https:\\\/\\\/www.altominho.tv\\\/site\\\/#\\\/schema\\\/person\\\/9e351387b727413d005ccf1152c93539\"},\"headline\":\"Torneio Interassocia\u00e7\u00f5es feminino sub-17 de futsal junta mais de 250 atletas\",\"datePublished\":\"2026-04-01T11:35:25+00:00\",\"dateModified\":\"2026-04-01T11:35:27+00:00\",\"mainEntityOfPage\":{\"@id\":\"https:\\\/\\\/www.altominho.tv\\\/site\\\/2026\\\/04\\\/01\\\/torneio-interassociacoes-feminino-sub-17-de-futsal-junta-mais-de-250-atletas\\\/\"},\"wordCount\":219,\"image\":{\"@id\":\"https:\\\/\\\/www.altominho.tv\\\/site\\\/2026\\\/04\\\/01\\\/torneio-interassociacoes-feminino-sub-17-de-futsal-junta-mais-de-250-atletas\\\/#primaryimage\"},\"thumbnailUrl\":\"https:\\\/\\\/www.altominho.tv\\\/site\\\/wp-content\\\/uploads\\\/2026\\\/04\\\/torneio-futsal.jpg\",\"keywords\":[\"Desporto\"],\"articleSection\":[\"Viana do Castelo\"],\"inLanguage\":\"pt-PT\",\"copyrightYear\":\"2026\",\"copyrightHolder\":{\"@id\":\"https:\\\/\\\/www.altominho.tv\\\/site\\\/#organization\"}},{\"@type\":\"WebPage\",\"@id\":\"https:\\\/\\\/www.altominho.tv\\\/site\\\/2026\\\/04\\\/01\\\/torneio-interassociacoes-feminino-sub-17-de-futsal-junta-mais-de-250-atletas\\\/\",\"url\":\"https:\\\/\\\/www.altominho.tv\\\/site\\\/2026\\\/04\\\/01\\\/torneio-interassociacoes-feminino-sub-17-de-futsal-junta-mais-de-250-atletas\\\/\",\"name\":\"Torneio Interassocia\u00e7\u00f5es feminino sub-17 de futsal junta mais de 250 atletas\",\"isPartOf\":{\"@id\":\"https:\\\/\\\/www.altominho.tv\\\/site\\\/#website\"},\"primaryImageOfPage\":{\"@id\":\"https:\\\/\\\/www.altominho.tv\\\/site\\\/2026\\\/04\\\/01\\\/torneio-interassociacoes-feminino-sub-17-de-futsal-junta-mais-de-250-atletas\\\/#primaryimage\"},\"image\":{\"@id\":\"https:\\\/\\\/www.altominho.tv\\\/site\\\/2026\\\/04\\\/01\\\/torneio-interassociacoes-feminino-sub-17-de-futsal-junta-mais-de-250-atletas\\\/#primaryimage\"},\"thumbnailUrl\":\"https:\\\/\\\/www.altominho.tv\\\/site\\\/wp-content\\\/uploads\\\/2026\\\/04\\\/torneio-futsal.jpg\",\"datePublished\":\"2026-04-01T11:35:25+00:00\",\"dateModified\":\"2026-04-01T11:35:27+00:00\",\"author\":{\"@id\":\"https:\\\/\\\/www.altominho.tv\\\/site\\\/#\\\/schema\\\/person\\\/9e351387b727413d005ccf1152c93539\"},\"description\":\"O Torneio Interassocia\u00e7\u00f5es feminino sub-17 de futsal, que est\u00e1 a decorrer em Viana do Castelo at\u00e9 dia 4 de abril,\u00a0 juntou mais de 250 atletas, representativas de 21 Associa\u00e7\u00f5es Distritais e Regionais de todo o pa\u00eds.\",\"breadcrumb\":{\"@id\":\"https:\\\/\\\/www.altominho.tv\\\/site\\\/2026\\\/04\\\/01\\\/torneio-interassociacoes-feminino-sub-17-de-futsal-junta-mais-de-250-atletas\\\/#breadcrumb\"},\"inLanguage\":\"pt-PT\",\"potentialAction\":[{\"@type\":\"ReadAction\",\"target\":[\"https:\\\/\\\/www.altominho.tv\\\/site\\\/2026\\\/04\\\/01\\\/torneio-interassociacoes-feminino-sub-17-de-futsal-junta-mais-de-250-atletas\\\/\"]}]},{\"@type\":\"ImageObject\",\"inLanguage\":\"pt-PT\",\"@id\":\"https:\\\/\\\/www.altominho.tv\\\/site\\\/2026\\\/04\\\/01\\\/torneio-interassociacoes-feminino-sub-17-de-futsal-junta-mais-de-250-atletas\\\/#primaryimage\",\"url\":\"https:\\\/\\\/www.altominho.tv\\\/site\\\/wp-content\\\/uploads\\\/2026\\\/04\\\/torneio-futsal.jpg\",\"contentUrl\":\"https:\\\/\\\/www.altominho.tv\\\/site\\\/wp-content\\\/uploads\\\/2026\\\/04\\\/torneio-futsal.jpg\",\"width\":1200,\"height\":630},{\"@type\":\"BreadcrumbList\",\"@id\":\"https:\\\/\\\/www.altominho.tv\\\/site\\\/2026\\\/04\\\/01\\\/torneio-interassociacoes-feminino-sub-17-de-futsal-junta-mais-de-250-atletas\\\/#breadcrumb\",\"itemListElement\":[{\"@type\":\"ListItem\",\"position\":1,\"name\":\"In\u00edcio\",\"item\":\"https:\\\/\\\/www.altominho.tv\\\/site\\\/\"},{\"@type\":\"ListItem\",\"position\":2,\"name\":\"Torneio Interassocia\u00e7\u00f5es feminino sub-17 de futsal junta mais de 250 atletas\"}]},{\"@type\":\"WebSite\",\"@id\":\"https:\\\/\\\/www.altominho.tv\\\/site\\\/#website\",\"url\":\"https:\\\/\\\/www.altominho.tv\\\/site\\\/\",\"name\":\"Altominho.tv\",\"description\":\"A sua regi\u00e3o \u00e0 dist\u00e2ncia de um clique...\",\"potentialAction\":[{\"@type\":\"SearchAction\",\"target\":{\"@type\":\"EntryPoint\",\"urlTemplate\":\"https:\\\/\\\/www.altominho.tv\\\/site\\\/?s={search_term_string}\"},\"query-input\":{\"@type\":\"PropertyValueSpecification\",\"valueRequired\":true,\"valueName\":\"search_term_string\"}}],\"inLanguage\":\"pt-PT\"},{\"@type\":\"Person\",\"@id\":\"https:\\\/\\\/www.altominho.tv\\\/site\\\/#\\\/schema\\\/person\\\/9e351387b727413d005ccf1152c93539\",\"name\":\"Eduarda Cardoso\",\"image\":{\"@type\":\"ImageObject\",\"inLanguage\":\"pt-PT\",\"@id\":\"https:\\\/\\\/www.altominho.tv\\\/site\\\/wp-content\\\/uploads\\\/2021\\\/01\\\/cropped-Logo-ATV_WEB-150x150.png\",\"url\":\"https:\\\/\\\/www.altominho.tv\\\/site\\\/wp-content\\\/uploads\\\/2021\\\/01\\\/cropped-Logo-ATV_WEB-150x150.png\",\"contentUrl\":\"https:\\\/\\\/www.altominho.tv\\\/site\\\/wp-content\\\/uploads\\\/2021\\\/01\\\/cropped-Logo-ATV_WEB-150x150.png\",\"caption\":\"Eduarda Cardoso\"},\"url\":\"https:\\\/\\\/www.altominho.tv\\\/site\\\/author\\\/eduarda-cardoso\\\/\"}]}<\/script>\n<!-- \/ Yoast SEO Premium plugin. -->","yoast_head_json":{"title":"Torneio Interassocia\u00e7\u00f5es feminino sub-17 de futsal junta mais de 250 atletas","description":"O Torneio Interassocia\u00e7\u00f5es feminino sub-17 de futsal, que est\u00e1 a decorrer em Viana do Castelo at\u00e9 dia 4 de abril,\u00a0 juntou mais de 250 atletas, representativas de 21 Associa\u00e7\u00f5es Distritais e Regionais de todo o pa\u00eds.","robots":{"index":"index","follow":"follow","max-snippet":"max-snippet:-1","max-image-preview":"max-image-preview:large","max-video-preview":"max-video-preview:-1"},"canonical":"https:\/\/www.altominho.tv\/site\/2026\/04\/01\/torneio-interassociacoes-feminino-sub-17-de-futsal-junta-mais-de-250-atletas\/","og_locale":"pt_PT","og_type":"article","og_title":"Torneio Interassocia\u00e7\u00f5es feminino sub-17 de futsal junta mais de 250 atletas","og_description":"O Torneio Interassocia\u00e7\u00f5es feminino sub-17 de futsal, que est\u00e1 a decorrer em Viana do Castelo at\u00e9 dia 4 de abril,\u00a0 juntou mais de 250 atletas, representativas de 21 Associa\u00e7\u00f5es Distritais e Regionais de todo o pa\u00eds.","og_url":"https:\/\/www.altominho.tv\/site\/2026\/04\/01\/torneio-interassociacoes-feminino-sub-17-de-futsal-junta-mais-de-250-atletas\/","og_site_name":"Altominho.tv","article_publisher":"https:\/\/www.facebook.com\/altominhotv","article_published_time":"2026-04-01T11:35:25+00:00","article_modified_time":"2026-04-01T11:35:27+00:00","og_image":[{"width":1200,"height":630,"url":"https:\/\/www.altominho.tv\/site\/wp-content\/uploads\/2026\/04\/torneio-futsal.jpg","type":"image\/jpeg"}],"author":"Eduarda Cardoso","twitter_card":"summary_large_image","twitter_creator":"@altominhoTV","twitter_site":"@altominhoTV","twitter_misc":{"Escrito por":"Eduarda Cardoso","Tempo estimado de leitura":"2 minutos"},"schema":{"@context":"https:\/\/schema.org","@graph":[{"@type":"Article","@id":"https:\/\/www.altominho.tv\/site\/2026\/04\/01\/torneio-interassociacoes-feminino-sub-17-de-futsal-junta-mais-de-250-atletas\/#article","isPartOf":{"@id":"https:\/\/www.altominho.tv\/site\/2026\/04\/01\/torneio-interassociacoes-feminino-sub-17-de-futsal-junta-mais-de-250-atletas\/"},"author":{"name":"Eduarda Cardoso","@id":"https:\/\/www.altominho.tv\/site\/#\/schema\/person\/9e351387b727413d005ccf1152c93539"},"headline":"Torneio Interassocia\u00e7\u00f5es feminino sub-17 de futsal junta mais de 250 atletas","datePublished":"2026-04-01T11:35:25+00:00","dateModified":"2026-04-01T11:35:27+00:00","mainEntityOfPage":{"@id":"https:\/\/www.altominho.tv\/site\/2026\/04\/01\/torneio-interassociacoes-feminino-sub-17-de-futsal-junta-mais-de-250-atletas\/"},"wordCount":219,"image":{"@id":"https:\/\/www.altominho.tv\/site\/2026\/04\/01\/torneio-interassociacoes-feminino-sub-17-de-futsal-junta-mais-de-250-atletas\/#primaryimage"},"thumbnailUrl":"https:\/\/www.altominho.tv\/site\/wp-content\/uploads\/2026\/04\/torneio-futsal.jpg","keywords":["Desporto"],"articleSection":["Viana do Castelo"],"inLanguage":"pt-PT","copyrightYear":"2026","copyrightHolder":{"@id":"https:\/\/www.altominho.tv\/site\/#organization"}},{"@type":"WebPage","@id":"https:\/\/www.altominho.tv\/site\/2026\/04\/01\/torneio-interassociacoes-feminino-sub-17-de-futsal-junta-mais-de-250-atletas\/","url":"https:\/\/www.altominho.tv\/site\/2026\/04\/01\/torneio-interassociacoes-feminino-sub-17-de-futsal-junta-mais-de-250-atletas\/","name":"Torneio Interassocia\u00e7\u00f5es feminino sub-17 de futsal junta mais de 250 atletas","isPartOf":{"@id":"https:\/\/www.altominho.tv\/site\/#website"},"primaryImageOfPage":{"@id":"https:\/\/www.altominho.tv\/site\/2026\/04\/01\/torneio-interassociacoes-feminino-sub-17-de-futsal-junta-mais-de-250-atletas\/#primaryimage"},"image":{"@id":"https:\/\/www.altominho.tv\/site\/2026\/04\/01\/torneio-interassociacoes-feminino-sub-17-de-futsal-junta-mais-de-250-atletas\/#primaryimage"},"thumbnailUrl":"https:\/\/www.altominho.tv\/site\/wp-content\/uploads\/2026\/04\/torneio-futsal.jpg","datePublished":"2026-04-01T11:35:25+00:00","dateModified":"2026-04-01T11:35:27+00:00","author":{"@id":"https:\/\/www.altominho.tv\/site\/#\/schema\/person\/9e351387b727413d005ccf1152c93539"},"description":"O Torneio Interassocia\u00e7\u00f5es feminino sub-17 de futsal, que est\u00e1 a decorrer em Viana do Castelo at\u00e9 dia 4 de abril,\u00a0 juntou mais de 250 atletas, representativas de 21 Associa\u00e7\u00f5es Distritais e Regionais de todo o pa\u00eds.","breadcrumb":{"@id":"https:\/\/www.altominho.tv\/site\/2026\/04\/01\/torneio-interassociacoes-feminino-sub-17-de-futsal-junta-mais-de-250-atletas\/#breadcrumb"},"inLanguage":"pt-PT","potentialAction":[{"@type":"ReadAction","target":["https:\/\/www.altominho.tv\/site\/2026\/04\/01\/torneio-interassociacoes-feminino-sub-17-de-futsal-junta-mais-de-250-atletas\/"]}]},{"@type":"ImageObject","inLanguage":"pt-PT","@id":"https:\/\/www.altominho.tv\/site\/2026\/04\/01\/torneio-interassociacoes-feminino-sub-17-de-futsal-junta-mais-de-250-atletas\/#primaryimage","url":"https:\/\/www.altominho.tv\/site\/wp-content\/uploads\/2026\/04\/torneio-futsal.jpg","contentUrl":"https:\/\/www.altominho.tv\/site\/wp-content\/uploads\/2026\/04\/torneio-futsal.jpg","width":1200,"height":630},{"@type":"BreadcrumbList","@id":"https:\/\/www.altominho.tv\/site\/2026\/04\/01\/torneio-interassociacoes-feminino-sub-17-de-futsal-junta-mais-de-250-atletas\/#breadcrumb","itemListElement":[{"@type":"ListItem","position":1,"name":"In\u00edcio","item":"https:\/\/www.altominho.tv\/site\/"},{"@type":"ListItem","position":2,"name":"Torneio Interassocia\u00e7\u00f5es feminino sub-17 de futsal junta mais de 250 atletas"}]},{"@type":"WebSite","@id":"https:\/\/www.altominho.tv\/site\/#website","url":"https:\/\/www.altominho.tv\/site\/","name":"Altominho.tv","description":"A sua regi\u00e3o \u00e0 dist\u00e2ncia de um clique...","potentialAction":[{"@type":"SearchAction","target":{"@type":"EntryPoint","urlTemplate":"https:\/\/www.altominho.tv\/site\/?s={search_term_string}"},"query-input":{"@type":"PropertyValueSpecification","valueRequired":true,"valueName":"search_term_string"}}],"inLanguage":"pt-PT"},{"@type":"Person","@id":"https:\/\/www.altominho.tv\/site\/#\/schema\/person\/9e351387b727413d005ccf1152c93539","name":"Eduarda Cardoso","image":{"@type":"ImageObject","inLanguage":"pt-PT","@id":"https:\/\/www.altominho.tv\/site\/wp-content\/uploads\/2021\/01\/cropped-Logo-ATV_WEB-150x150.png","url":"https:\/\/www.altominho.tv\/site\/wp-content\/uploads\/2021\/01\/cropped-Logo-ATV_WEB-150x150.png","contentUrl":"https:\/\/www.altominho.tv\/site\/wp-content\/uploads\/2021\/01\/cropped-Logo-ATV_WEB-150x150.png","caption":"Eduarda Cardoso"},"url":"https:\/\/www.altominho.tv\/site\/author\/eduarda-cardoso\/"}]}},"_links":{"self":[{"href":"https:\/\/www.altominho.tv\/site\/wp-json\/wp\/v2\/posts\/130652","targetHints":{"allow":["GET"]}}],"collection":[{"href":"https:\/\/www.altominho.tv\/site\/wp-json\/wp\/v2\/posts"}],"about":[{"href":"https:\/\/www.altominho.tv\/site\/wp-json\/wp\/v2\/types\/post"}],"author":[{"embeddable":true,"href":"https:\/\/www.altominho.tv\/site\/wp-json\/wp\/v2\/users\/30"}],"replies":[{"embeddable":true,"href":"https:\/\/www.altominho.tv\/site\/wp-json\/wp\/v2\/comments?post=130652"}],"version-history":[{"count":1,"href":"https:\/\/www.altominho.tv\/site\/wp-json\/wp\/v2\/posts\/130652\/revisions"}],"predecessor-version":[{"id":130654,"href":"https:\/\/www.altominho.tv\/site\/wp-json\/wp\/v2\/posts\/130652\/revisions\/130654"}],"wp:featuredmedia":[{"embeddable":true,"href":"https:\/\/www.altominho.tv\/site\/wp-json\/wp\/v2\/media\/130653"}],"wp:attachment":[{"href":"https:\/\/www.altominho.tv\/site\/wp-json\/wp\/v2\/media?parent=130652"}],"wp:term":[{"taxonomy":"category","embeddable":true,"href":"https:\/\/www.altominho.tv\/site\/wp-json\/wp\/v2\/categories?post=130652"},{"taxonomy":"post_tag","embeddable":true,"href":"https:\/\/www.altominho.tv\/site\/wp-json\/wp\/v2\/tags?post=130652"}],"curies":[{"name":"wp","href":"https:\/\/api.w.org\/{rel}","templated":true}]}}