{"id":130636,"date":"2026-04-01T09:24:15","date_gmt":"2026-04-01T08:24:15","guid":{"rendered":"https:\/\/www.altominho.tv\/site\/?p=130636"},"modified":"2026-04-01T09:24:17","modified_gmt":"2026-04-01T08:24:17","slug":"vila-nova-de-cerveira-volta-a-celebrar-a-tradicional-queima-de-judas","status":"publish","type":"post","link":"https:\/\/www.altominho.tv\/site\/2026\/04\/01\/vila-nova-de-cerveira-volta-a-celebrar-a-tradicional-queima-de-judas\/","title":{"rendered":"Vila Nova de Cerveira volta a celebrar a tradicional Queima de Judas"},"content":{"rendered":"<p class=\"p1\">O munic\u00edpio de Vila Nova de Cerveira volta a celebrar a tradicional Queima de Judas, no pr\u00f3ximo dia 4 de abril \u00e0s 23h30. Este ano, o espet\u00e1culo \u201cO Gospel de Judas\u201d prop\u00f5e uma abordagem inovadora e comunit\u00e1ria, aliando humor, reflex\u00e3o e espiritualidade.<\/p>\n<p class=\"p1\">Atrav\u00e9s de uma fus\u00e3o entre stand-up comedy, m\u00fasica ao vivo e teatro comunit\u00e1rio, o p\u00fablico \u00e9 convidado a reconhecer, com ironia, os \u201cjudas\u201d do quotidiano, como a hipocrisia social e as fragilidades humanas.<\/p>\n<p class=\"p1\">A queima simb\u00f3lica do boneco de Judas \u00e9 o momento central do evento e assume-se como um gesto de purifica\u00e7\u00e3o e recome\u00e7o, evocando a liberta\u00e7\u00e3o dos males do passado e refor\u00e7ando o esp\u00edrito de renova\u00e7\u00e3o e uni\u00e3o comunit\u00e1ria.<\/p>\n<p class=\"p1\">A iniciativa \u00e9 promovida pela C\u00e2mara Municipal de Vila Nova de Cerveira desde 2006, com cria\u00e7\u00e3o art\u00edstica da Com\u00e9dias do Minho e tem como objetivo aproximar a comunidade das artes performativas, incentivar o reencontro com a tradi\u00e7\u00e3o e fortalecer os la\u00e7os intracomunit\u00e1rios. O projeto envolve a participa\u00e7\u00e3o ativa de associa\u00e7\u00f5es culturais locais, do grupo de teatro amador Outra Cena e de uma companhia profissional de teatro.<\/p>\n<p><strong>Foto: Altominho TV<\/strong><\/p>\n<p class=\"p1\">\n","protected":false},"excerpt":{"rendered":"<p>O munic\u00edpio de Vila Nova de Cerveira volta a celebrar a tradicional Queima de Judas, no pr\u00f3ximo dia 4 de abril \u00e0s 23h30. Este ano, o espet\u00e1culo \u201cO Gospel de Judas\u201d prop\u00f5e uma abordagem inovadora e comunit\u00e1ria, aliando humor, reflex\u00e3o e espiritualidade. Atrav\u00e9s de uma fus\u00e3o entre stand-up comedy, m\u00fasica ao vivo e teatro comunit\u00e1rio, [&hellip;]<\/p>\n","protected":false},"author":30,"featured_media":130637,"comment_status":"closed","ping_status":"closed","sticky":false,"template":"","format":"standard","meta":{"_exactmetrics_skip_tracking":false,"_exactmetrics_sitenote_active":false,"_exactmetrics_sitenote_note":"","_exactmetrics_sitenote_category":0,"footnotes":""},"categories":[15],"tags":[19,27],"class_list":["post-130636","post","type-post","status-publish","format-standard","has-post-thumbnail","hentry","category-vila-nova-de-cerveira","tag-cultura","tag-sociedade"],"yoast_head":"<!-- This site is optimized with the Yoast SEO Premium plugin v27.5 (Yoast SEO v27.5) - https:\/\/yoast.com\/product\/yoast-seo-premium-wordpress\/ -->\n<title>Vila Nova de Cerveira volta a celebrar a tradicional Queima de Judas<\/title>\n<meta name=\"description\" content=\"O munic\u00edpio de Vila Nova de Cerveira volta a celebrar a tradicional Queima de Judas, no pr\u00f3ximo dia 4 de abril \u00e0s 23h30. Este ano, o espet\u00e1culo \u201cO Gospel de Judas\u201d prop\u00f5e uma abordagem inovadora e comunit\u00e1ria, aliando humor, reflex\u00e3o e espiritualidade.\" \/>\n<meta name=\"robots\" content=\"index, follow, max-snippet:-1, max-image-preview:large, max-video-preview:-1\" \/>\n<link rel=\"canonical\" href=\"https:\/\/www.altominho.tv\/site\/2026\/04\/01\/vila-nova-de-cerveira-volta-a-celebrar-a-tradicional-queima-de-judas\/\" \/>\n<meta property=\"og:locale\" content=\"pt_PT\" \/>\n<meta property=\"og:type\" content=\"article\" \/>\n<meta property=\"og:title\" content=\"Vila Nova de Cerveira volta a celebrar a tradicional Queima de Judas\" \/>\n<meta property=\"og:description\" content=\"O munic\u00edpio de Vila Nova de Cerveira volta a celebrar a tradicional Queima de Judas, no pr\u00f3ximo dia 4 de abril \u00e0s 23h30. Este ano, o espet\u00e1culo \u201cO Gospel de Judas\u201d prop\u00f5e uma abordagem inovadora e comunit\u00e1ria, aliando humor, reflex\u00e3o e espiritualidade.\" \/>\n<meta property=\"og:url\" content=\"https:\/\/www.altominho.tv\/site\/2026\/04\/01\/vila-nova-de-cerveira-volta-a-celebrar-a-tradicional-queima-de-judas\/\" \/>\n<meta property=\"og:site_name\" content=\"Altominho.tv\" \/>\n<meta property=\"article:publisher\" content=\"https:\/\/www.facebook.com\/altominhotv\" \/>\n<meta property=\"article:published_time\" content=\"2026-04-01T08:24:15+00:00\" \/>\n<meta property=\"article:modified_time\" content=\"2026-04-01T08:24:17+00:00\" \/>\n<meta property=\"og:image\" content=\"https:\/\/www.altominho.tv\/site\/wp-content\/uploads\/2026\/04\/queima-judas.jpg\" \/>\n\t<meta property=\"og:image:width\" content=\"1200\" \/>\n\t<meta property=\"og:image:height\" content=\"630\" \/>\n\t<meta property=\"og:image:type\" content=\"image\/jpeg\" \/>\n<meta name=\"author\" content=\"Eduarda Cardoso\" \/>\n<meta name=\"twitter:card\" content=\"summary_large_image\" \/>\n<meta name=\"twitter:creator\" content=\"@altominhoTV\" \/>\n<meta name=\"twitter:site\" content=\"@altominhoTV\" \/>\n<meta name=\"twitter:label1\" content=\"Escrito por\" \/>\n\t<meta name=\"twitter:data1\" content=\"Eduarda Cardoso\" \/>\n\t<meta name=\"twitter:label2\" content=\"Tempo estimado de leitura\" \/>\n\t<meta name=\"twitter:data2\" content=\"2 minutos\" \/>\n<script type=\"application\/ld+json\" class=\"yoast-schema-graph\">{\"@context\":\"https:\\\/\\\/schema.org\",\"@graph\":[{\"@type\":\"Article\",\"@id\":\"https:\\\/\\\/www.altominho.tv\\\/site\\\/2026\\\/04\\\/01\\\/vila-nova-de-cerveira-volta-a-celebrar-a-tradicional-queima-de-judas\\\/#article\",\"isPartOf\":{\"@id\":\"https:\\\/\\\/www.altominho.tv\\\/site\\\/2026\\\/04\\\/01\\\/vila-nova-de-cerveira-volta-a-celebrar-a-tradicional-queima-de-judas\\\/\"},\"author\":{\"name\":\"Eduarda Cardoso\",\"@id\":\"https:\\\/\\\/www.altominho.tv\\\/site\\\/#\\\/schema\\\/person\\\/9e351387b727413d005ccf1152c93539\"},\"headline\":\"Vila Nova de Cerveira volta a celebrar a tradicional Queima de Judas\",\"datePublished\":\"2026-04-01T08:24:15+00:00\",\"dateModified\":\"2026-04-01T08:24:17+00:00\",\"mainEntityOfPage\":{\"@id\":\"https:\\\/\\\/www.altominho.tv\\\/site\\\/2026\\\/04\\\/01\\\/vila-nova-de-cerveira-volta-a-celebrar-a-tradicional-queima-de-judas\\\/\"},\"wordCount\":218,\"image\":{\"@id\":\"https:\\\/\\\/www.altominho.tv\\\/site\\\/2026\\\/04\\\/01\\\/vila-nova-de-cerveira-volta-a-celebrar-a-tradicional-queima-de-judas\\\/#primaryimage\"},\"thumbnailUrl\":\"https:\\\/\\\/www.altominho.tv\\\/site\\\/wp-content\\\/uploads\\\/2026\\\/04\\\/queima-judas.jpg\",\"keywords\":[\"Cultura\",\"Sociedade\"],\"articleSection\":[\"Vila Nova de Cerveira\"],\"inLanguage\":\"pt-PT\",\"copyrightYear\":\"2026\",\"copyrightHolder\":{\"@id\":\"https:\\\/\\\/www.altominho.tv\\\/site\\\/#organization\"}},{\"@type\":\"WebPage\",\"@id\":\"https:\\\/\\\/www.altominho.tv\\\/site\\\/2026\\\/04\\\/01\\\/vila-nova-de-cerveira-volta-a-celebrar-a-tradicional-queima-de-judas\\\/\",\"url\":\"https:\\\/\\\/www.altominho.tv\\\/site\\\/2026\\\/04\\\/01\\\/vila-nova-de-cerveira-volta-a-celebrar-a-tradicional-queima-de-judas\\\/\",\"name\":\"Vila Nova de Cerveira volta a celebrar a tradicional Queima de Judas\",\"isPartOf\":{\"@id\":\"https:\\\/\\\/www.altominho.tv\\\/site\\\/#website\"},\"primaryImageOfPage\":{\"@id\":\"https:\\\/\\\/www.altominho.tv\\\/site\\\/2026\\\/04\\\/01\\\/vila-nova-de-cerveira-volta-a-celebrar-a-tradicional-queima-de-judas\\\/#primaryimage\"},\"image\":{\"@id\":\"https:\\\/\\\/www.altominho.tv\\\/site\\\/2026\\\/04\\\/01\\\/vila-nova-de-cerveira-volta-a-celebrar-a-tradicional-queima-de-judas\\\/#primaryimage\"},\"thumbnailUrl\":\"https:\\\/\\\/www.altominho.tv\\\/site\\\/wp-content\\\/uploads\\\/2026\\\/04\\\/queima-judas.jpg\",\"datePublished\":\"2026-04-01T08:24:15+00:00\",\"dateModified\":\"2026-04-01T08:24:17+00:00\",\"author\":{\"@id\":\"https:\\\/\\\/www.altominho.tv\\\/site\\\/#\\\/schema\\\/person\\\/9e351387b727413d005ccf1152c93539\"},\"description\":\"O munic\u00edpio de Vila Nova de Cerveira volta a celebrar a tradicional Queima de Judas, no pr\u00f3ximo dia 4 de abril \u00e0s 23h30. Este ano, o espet\u00e1culo \u201cO Gospel de Judas\u201d prop\u00f5e uma abordagem inovadora e comunit\u00e1ria, aliando humor, reflex\u00e3o e espiritualidade.\",\"breadcrumb\":{\"@id\":\"https:\\\/\\\/www.altominho.tv\\\/site\\\/2026\\\/04\\\/01\\\/vila-nova-de-cerveira-volta-a-celebrar-a-tradicional-queima-de-judas\\\/#breadcrumb\"},\"inLanguage\":\"pt-PT\",\"potentialAction\":[{\"@type\":\"ReadAction\",\"target\":[\"https:\\\/\\\/www.altominho.tv\\\/site\\\/2026\\\/04\\\/01\\\/vila-nova-de-cerveira-volta-a-celebrar-a-tradicional-queima-de-judas\\\/\"]}]},{\"@type\":\"ImageObject\",\"inLanguage\":\"pt-PT\",\"@id\":\"https:\\\/\\\/www.altominho.tv\\\/site\\\/2026\\\/04\\\/01\\\/vila-nova-de-cerveira-volta-a-celebrar-a-tradicional-queima-de-judas\\\/#primaryimage\",\"url\":\"https:\\\/\\\/www.altominho.tv\\\/site\\\/wp-content\\\/uploads\\\/2026\\\/04\\\/queima-judas.jpg\",\"contentUrl\":\"https:\\\/\\\/www.altominho.tv\\\/site\\\/wp-content\\\/uploads\\\/2026\\\/04\\\/queima-judas.jpg\",\"width\":1200,\"height\":630},{\"@type\":\"BreadcrumbList\",\"@id\":\"https:\\\/\\\/www.altominho.tv\\\/site\\\/2026\\\/04\\\/01\\\/vila-nova-de-cerveira-volta-a-celebrar-a-tradicional-queima-de-judas\\\/#breadcrumb\",\"itemListElement\":[{\"@type\":\"ListItem\",\"position\":1,\"name\":\"In\u00edcio\",\"item\":\"https:\\\/\\\/www.altominho.tv\\\/site\\\/\"},{\"@type\":\"ListItem\",\"position\":2,\"name\":\"Vila Nova de Cerveira volta a celebrar a tradicional Queima de Judas\"}]},{\"@type\":\"WebSite\",\"@id\":\"https:\\\/\\\/www.altominho.tv\\\/site\\\/#website\",\"url\":\"https:\\\/\\\/www.altominho.tv\\\/site\\\/\",\"name\":\"Altominho.tv\",\"description\":\"A sua regi\u00e3o \u00e0 dist\u00e2ncia de um clique...\",\"potentialAction\":[{\"@type\":\"SearchAction\",\"target\":{\"@type\":\"EntryPoint\",\"urlTemplate\":\"https:\\\/\\\/www.altominho.tv\\\/site\\\/?s={search_term_string}\"},\"query-input\":{\"@type\":\"PropertyValueSpecification\",\"valueRequired\":true,\"valueName\":\"search_term_string\"}}],\"inLanguage\":\"pt-PT\"},{\"@type\":\"Person\",\"@id\":\"https:\\\/\\\/www.altominho.tv\\\/site\\\/#\\\/schema\\\/person\\\/9e351387b727413d005ccf1152c93539\",\"name\":\"Eduarda Cardoso\",\"image\":{\"@type\":\"ImageObject\",\"inLanguage\":\"pt-PT\",\"@id\":\"https:\\\/\\\/www.altominho.tv\\\/site\\\/wp-content\\\/uploads\\\/2021\\\/01\\\/cropped-Logo-ATV_WEB-150x150.png\",\"url\":\"https:\\\/\\\/www.altominho.tv\\\/site\\\/wp-content\\\/uploads\\\/2021\\\/01\\\/cropped-Logo-ATV_WEB-150x150.png\",\"contentUrl\":\"https:\\\/\\\/www.altominho.tv\\\/site\\\/wp-content\\\/uploads\\\/2021\\\/01\\\/cropped-Logo-ATV_WEB-150x150.png\",\"caption\":\"Eduarda Cardoso\"},\"url\":\"https:\\\/\\\/www.altominho.tv\\\/site\\\/author\\\/eduarda-cardoso\\\/\"}]}<\/script>\n<!-- \/ Yoast SEO Premium plugin. -->","yoast_head_json":{"title":"Vila Nova de Cerveira volta a celebrar a tradicional Queima de Judas","description":"O munic\u00edpio de Vila Nova de Cerveira volta a celebrar a tradicional Queima de Judas, no pr\u00f3ximo dia 4 de abril \u00e0s 23h30. Este ano, o espet\u00e1culo \u201cO Gospel de Judas\u201d prop\u00f5e uma abordagem inovadora e comunit\u00e1ria, aliando humor, reflex\u00e3o e espiritualidade.","robots":{"index":"index","follow":"follow","max-snippet":"max-snippet:-1","max-image-preview":"max-image-preview:large","max-video-preview":"max-video-preview:-1"},"canonical":"https:\/\/www.altominho.tv\/site\/2026\/04\/01\/vila-nova-de-cerveira-volta-a-celebrar-a-tradicional-queima-de-judas\/","og_locale":"pt_PT","og_type":"article","og_title":"Vila Nova de Cerveira volta a celebrar a tradicional Queima de Judas","og_description":"O munic\u00edpio de Vila Nova de Cerveira volta a celebrar a tradicional Queima de Judas, no pr\u00f3ximo dia 4 de abril \u00e0s 23h30. Este ano, o espet\u00e1culo \u201cO Gospel de Judas\u201d prop\u00f5e uma abordagem inovadora e comunit\u00e1ria, aliando humor, reflex\u00e3o e espiritualidade.","og_url":"https:\/\/www.altominho.tv\/site\/2026\/04\/01\/vila-nova-de-cerveira-volta-a-celebrar-a-tradicional-queima-de-judas\/","og_site_name":"Altominho.tv","article_publisher":"https:\/\/www.facebook.com\/altominhotv","article_published_time":"2026-04-01T08:24:15+00:00","article_modified_time":"2026-04-01T08:24:17+00:00","og_image":[{"width":1200,"height":630,"url":"https:\/\/www.altominho.tv\/site\/wp-content\/uploads\/2026\/04\/queima-judas.jpg","type":"image\/jpeg"}],"author":"Eduarda Cardoso","twitter_card":"summary_large_image","twitter_creator":"@altominhoTV","twitter_site":"@altominhoTV","twitter_misc":{"Escrito por":"Eduarda Cardoso","Tempo estimado de leitura":"2 minutos"},"schema":{"@context":"https:\/\/schema.org","@graph":[{"@type":"Article","@id":"https:\/\/www.altominho.tv\/site\/2026\/04\/01\/vila-nova-de-cerveira-volta-a-celebrar-a-tradicional-queima-de-judas\/#article","isPartOf":{"@id":"https:\/\/www.altominho.tv\/site\/2026\/04\/01\/vila-nova-de-cerveira-volta-a-celebrar-a-tradicional-queima-de-judas\/"},"author":{"name":"Eduarda Cardoso","@id":"https:\/\/www.altominho.tv\/site\/#\/schema\/person\/9e351387b727413d005ccf1152c93539"},"headline":"Vila Nova de Cerveira volta a celebrar a tradicional Queima de Judas","datePublished":"2026-04-01T08:24:15+00:00","dateModified":"2026-04-01T08:24:17+00:00","mainEntityOfPage":{"@id":"https:\/\/www.altominho.tv\/site\/2026\/04\/01\/vila-nova-de-cerveira-volta-a-celebrar-a-tradicional-queima-de-judas\/"},"wordCount":218,"image":{"@id":"https:\/\/www.altominho.tv\/site\/2026\/04\/01\/vila-nova-de-cerveira-volta-a-celebrar-a-tradicional-queima-de-judas\/#primaryimage"},"thumbnailUrl":"https:\/\/www.altominho.tv\/site\/wp-content\/uploads\/2026\/04\/queima-judas.jpg","keywords":["Cultura","Sociedade"],"articleSection":["Vila Nova de Cerveira"],"inLanguage":"pt-PT","copyrightYear":"2026","copyrightHolder":{"@id":"https:\/\/www.altominho.tv\/site\/#organization"}},{"@type":"WebPage","@id":"https:\/\/www.altominho.tv\/site\/2026\/04\/01\/vila-nova-de-cerveira-volta-a-celebrar-a-tradicional-queima-de-judas\/","url":"https:\/\/www.altominho.tv\/site\/2026\/04\/01\/vila-nova-de-cerveira-volta-a-celebrar-a-tradicional-queima-de-judas\/","name":"Vila Nova de Cerveira volta a celebrar a tradicional Queima de Judas","isPartOf":{"@id":"https:\/\/www.altominho.tv\/site\/#website"},"primaryImageOfPage":{"@id":"https:\/\/www.altominho.tv\/site\/2026\/04\/01\/vila-nova-de-cerveira-volta-a-celebrar-a-tradicional-queima-de-judas\/#primaryimage"},"image":{"@id":"https:\/\/www.altominho.tv\/site\/2026\/04\/01\/vila-nova-de-cerveira-volta-a-celebrar-a-tradicional-queima-de-judas\/#primaryimage"},"thumbnailUrl":"https:\/\/www.altominho.tv\/site\/wp-content\/uploads\/2026\/04\/queima-judas.jpg","datePublished":"2026-04-01T08:24:15+00:00","dateModified":"2026-04-01T08:24:17+00:00","author":{"@id":"https:\/\/www.altominho.tv\/site\/#\/schema\/person\/9e351387b727413d005ccf1152c93539"},"description":"O munic\u00edpio de Vila Nova de Cerveira volta a celebrar a tradicional Queima de Judas, no pr\u00f3ximo dia 4 de abril \u00e0s 23h30. Este ano, o espet\u00e1culo \u201cO Gospel de Judas\u201d prop\u00f5e uma abordagem inovadora e comunit\u00e1ria, aliando humor, reflex\u00e3o e espiritualidade.","breadcrumb":{"@id":"https:\/\/www.altominho.tv\/site\/2026\/04\/01\/vila-nova-de-cerveira-volta-a-celebrar-a-tradicional-queima-de-judas\/#breadcrumb"},"inLanguage":"pt-PT","potentialAction":[{"@type":"ReadAction","target":["https:\/\/www.altominho.tv\/site\/2026\/04\/01\/vila-nova-de-cerveira-volta-a-celebrar-a-tradicional-queima-de-judas\/"]}]},{"@type":"ImageObject","inLanguage":"pt-PT","@id":"https:\/\/www.altominho.tv\/site\/2026\/04\/01\/vila-nova-de-cerveira-volta-a-celebrar-a-tradicional-queima-de-judas\/#primaryimage","url":"https:\/\/www.altominho.tv\/site\/wp-content\/uploads\/2026\/04\/queima-judas.jpg","contentUrl":"https:\/\/www.altominho.tv\/site\/wp-content\/uploads\/2026\/04\/queima-judas.jpg","width":1200,"height":630},{"@type":"BreadcrumbList","@id":"https:\/\/www.altominho.tv\/site\/2026\/04\/01\/vila-nova-de-cerveira-volta-a-celebrar-a-tradicional-queima-de-judas\/#breadcrumb","itemListElement":[{"@type":"ListItem","position":1,"name":"In\u00edcio","item":"https:\/\/www.altominho.tv\/site\/"},{"@type":"ListItem","position":2,"name":"Vila Nova de Cerveira volta a celebrar a tradicional Queima de Judas"}]},{"@type":"WebSite","@id":"https:\/\/www.altominho.tv\/site\/#website","url":"https:\/\/www.altominho.tv\/site\/","name":"Altominho.tv","description":"A sua regi\u00e3o \u00e0 dist\u00e2ncia de um clique...","potentialAction":[{"@type":"SearchAction","target":{"@type":"EntryPoint","urlTemplate":"https:\/\/www.altominho.tv\/site\/?s={search_term_string}"},"query-input":{"@type":"PropertyValueSpecification","valueRequired":true,"valueName":"search_term_string"}}],"inLanguage":"pt-PT"},{"@type":"Person","@id":"https:\/\/www.altominho.tv\/site\/#\/schema\/person\/9e351387b727413d005ccf1152c93539","name":"Eduarda Cardoso","image":{"@type":"ImageObject","inLanguage":"pt-PT","@id":"https:\/\/www.altominho.tv\/site\/wp-content\/uploads\/2021\/01\/cropped-Logo-ATV_WEB-150x150.png","url":"https:\/\/www.altominho.tv\/site\/wp-content\/uploads\/2021\/01\/cropped-Logo-ATV_WEB-150x150.png","contentUrl":"https:\/\/www.altominho.tv\/site\/wp-content\/uploads\/2021\/01\/cropped-Logo-ATV_WEB-150x150.png","caption":"Eduarda Cardoso"},"url":"https:\/\/www.altominho.tv\/site\/author\/eduarda-cardoso\/"}]}},"_links":{"self":[{"href":"https:\/\/www.altominho.tv\/site\/wp-json\/wp\/v2\/posts\/130636","targetHints":{"allow":["GET"]}}],"collection":[{"href":"https:\/\/www.altominho.tv\/site\/wp-json\/wp\/v2\/posts"}],"about":[{"href":"https:\/\/www.altominho.tv\/site\/wp-json\/wp\/v2\/types\/post"}],"author":[{"embeddable":true,"href":"https:\/\/www.altominho.tv\/site\/wp-json\/wp\/v2\/users\/30"}],"replies":[{"embeddable":true,"href":"https:\/\/www.altominho.tv\/site\/wp-json\/wp\/v2\/comments?post=130636"}],"version-history":[{"count":1,"href":"https:\/\/www.altominho.tv\/site\/wp-json\/wp\/v2\/posts\/130636\/revisions"}],"predecessor-version":[{"id":130638,"href":"https:\/\/www.altominho.tv\/site\/wp-json\/wp\/v2\/posts\/130636\/revisions\/130638"}],"wp:featuredmedia":[{"embeddable":true,"href":"https:\/\/www.altominho.tv\/site\/wp-json\/wp\/v2\/media\/130637"}],"wp:attachment":[{"href":"https:\/\/www.altominho.tv\/site\/wp-json\/wp\/v2\/media?parent=130636"}],"wp:term":[{"taxonomy":"category","embeddable":true,"href":"https:\/\/www.altominho.tv\/site\/wp-json\/wp\/v2\/categories?post=130636"},{"taxonomy":"post_tag","embeddable":true,"href":"https:\/\/www.altominho.tv\/site\/wp-json\/wp\/v2\/tags?post=130636"}],"curies":[{"name":"wp","href":"https:\/\/api.w.org\/{rel}","templated":true}]}}