{"id":130612,"date":"2026-03-31T17:00:38","date_gmt":"2026-03-31T16:00:38","guid":{"rendered":"https:\/\/www.altominho.tv\/site\/?p=130612"},"modified":"2026-03-31T17:00:40","modified_gmt":"2026-03-31T16:00:40","slug":"camara-de-viana-do-castelo-apoia-prevencao-de-abandono-escolar","status":"publish","type":"post","link":"https:\/\/www.altominho.tv\/site\/2026\/03\/31\/camara-de-viana-do-castelo-apoia-prevencao-de-abandono-escolar\/","title":{"rendered":"C\u00e2mara de Viana do Castelo apoia a preven\u00e7\u00e3o de abandono escolar"},"content":{"rendered":"<p>A C\u00e2mara de Viana do Castelo decidiu hoje apoiar com 26 mil euros a primeira fase do projeto Mosaico, para prevenir e reduzir o absentismo e abandono escolar precoce em escolas b\u00e1sicas de Darque.<\/p>\n<p>A proposta da maioria socialista do executivo foi aprovada por unanimidade na reuni\u00e3o camar\u00e1ria, tendo em mente a \u201cpreven\u00e7\u00e3o e redu\u00e7\u00e3o do absentismo e abandono escolar precoce junto de crian\u00e7as do 1.\u00ba ciclo do ensino b\u00e1sico, designadamente na Educadora Zaida Garcez e na Senhora da Oliveira, ambas na freguesia de Darque\u201d.<\/p>\n<p>No documento, a que a Lusa teve acesso, explica-se que o munic\u00edpio \u00e9 \u201cinvestidor social\u201d do Projeto Mosaico \u2013 Interven\u00e7\u00e3o Social e Art\u00edstica, financiado no \u00e2mbito do Portugal Inova\u00e7\u00e3o Social, com o apoio de fundos da Uni\u00e3o Europeia, e levado a cabo pelo Posto de Assist\u00eancia Social de Alvar\u00e3es (PASA).<\/p>\n<p>\u201cPretende-se alcan\u00e7ar uma redu\u00e7\u00e3o de 20% nas taxas de absentismo e abandono escolar, promovendo a constru\u00e7\u00e3o de um ambiente escolar mais positivo, coeso e inclusivo assente em rela\u00e7\u00f5es mais harmoniosas e num maior envolvimento das crian\u00e7as e fam\u00edlias\u201d, descreve o documento, a que a Lusa teve acesso.<\/p>\n<p>Assim, o\u00a0 Mosaico \u2013 Interven\u00e7\u00e3o Social e Art\u00edstica \u2013 Posto de Assist\u00eancia Social de Alvar\u00e3es visa \u201crefor\u00e7ar os fatores de prote\u00e7\u00e3o face a contextos de vulnerabilidade social, pobreza e exclus\u00e3o\u201d.<\/p>\n<p>\u201cO projeto tem-se revelado uma mais-valia para as escolas e comunidade. Consideramos que o projeto pode crescer e prolongar-se para fora da escola, uma vez que o trabalho social com as fam\u00edlias \u00e9 t\u00e3o ou mais importante do que o trabalho social diretamente com os alunos\u201d, assinala a autarquia.<\/p>\n<p>A c\u00e2mara aprovou tamb\u00e9m, por unanimidade, sete contratos de investimento com produtores agr\u00edcolas para legalizar as instala\u00e7\u00f5es de explora\u00e7\u00f5es agr\u00edcolas.<br \/>\nOs contratos de investimento validados v\u00e3o permitir criar entre um a dois postos de trabalho em cada uma das explora\u00e7\u00f5es, de acordo com o munic\u00edpio.<\/p>\n","protected":false},"excerpt":{"rendered":"<p>A C\u00e2mara de Viana do Castelo decidiu hoje apoiar com 26 mil euros a primeira fase do projeto Mosaico, para prevenir e reduzir o absentismo e abandono escolar precoce em escolas b\u00e1sicas de Darque. A proposta da maioria socialista do executivo foi aprovada por unanimidade na reuni\u00e3o camar\u00e1ria, tendo em mente a \u201cpreven\u00e7\u00e3o e redu\u00e7\u00e3o [&hellip;]<\/p>\n","protected":false},"author":13,"featured_media":129636,"comment_status":"closed","ping_status":"closed","sticky":false,"template":"","format":"standard","meta":{"_exactmetrics_skip_tracking":false,"_exactmetrics_sitenote_active":false,"_exactmetrics_sitenote_note":"","_exactmetrics_sitenote_category":0,"footnotes":""},"categories":[14],"tags":[22],"class_list":["post-130612","post","type-post","status-publish","format-standard","has-post-thumbnail","hentry","category-viana-do-castelo","tag-educacao"],"yoast_head":"<!-- This site is optimized with the Yoast SEO Premium plugin v27.5 (Yoast SEO v27.5) - https:\/\/yoast.com\/product\/yoast-seo-premium-wordpress\/ -->\n<title>C\u00e2mara de Viana do Castelo apoia a preven\u00e7\u00e3o de abandono escolar<\/title>\n<meta name=\"description\" content=\"A C\u00e2mara de Viana do Castelo decidiu hoje apoiar com 26 mil euros a primeira fase do projeto Mosaico, para prevenir e reduzir o absentismo e abandono escolar precoce em escolas b\u00e1sicas de Darque.\" \/>\n<meta name=\"robots\" content=\"index, follow, max-snippet:-1, max-image-preview:large, max-video-preview:-1\" \/>\n<link rel=\"canonical\" href=\"https:\/\/www.altominho.tv\/site\/2026\/03\/31\/camara-de-viana-do-castelo-apoia-prevencao-de-abandono-escolar\/\" \/>\n<meta property=\"og:locale\" content=\"pt_PT\" \/>\n<meta property=\"og:type\" content=\"article\" \/>\n<meta property=\"og:title\" content=\"C\u00e2mara de Viana do Castelo apoia a preven\u00e7\u00e3o de abandono escolar\" \/>\n<meta property=\"og:description\" content=\"A C\u00e2mara de Viana do Castelo decidiu hoje apoiar com 26 mil euros a primeira fase do projeto Mosaico, para prevenir e reduzir o absentismo e abandono escolar precoce em escolas b\u00e1sicas de Darque.\" \/>\n<meta property=\"og:url\" content=\"https:\/\/www.altominho.tv\/site\/2026\/03\/31\/camara-de-viana-do-castelo-apoia-prevencao-de-abandono-escolar\/\" \/>\n<meta property=\"og:site_name\" content=\"Altominho.tv\" \/>\n<meta property=\"article:publisher\" content=\"https:\/\/www.facebook.com\/altominhotv\" \/>\n<meta property=\"article:published_time\" content=\"2026-03-31T16:00:38+00:00\" \/>\n<meta property=\"article:modified_time\" content=\"2026-03-31T16:00:40+00:00\" \/>\n<meta property=\"og:image\" content=\"https:\/\/www.altominho.tv\/site\/wp-content\/uploads\/2026\/03\/sala-aula.jpg\" \/>\n\t<meta property=\"og:image:width\" content=\"1200\" \/>\n\t<meta property=\"og:image:height\" content=\"630\" \/>\n\t<meta property=\"og:image:type\" content=\"image\/jpeg\" \/>\n<meta name=\"author\" content=\"Lusa\" \/>\n<meta name=\"twitter:card\" content=\"summary_large_image\" \/>\n<meta name=\"twitter:creator\" content=\"@altominhoTV\" \/>\n<meta name=\"twitter:site\" content=\"@altominhoTV\" \/>\n<meta name=\"twitter:label1\" content=\"Escrito por\" \/>\n\t<meta name=\"twitter:data1\" content=\"Lusa\" \/>\n\t<meta name=\"twitter:label2\" content=\"Tempo estimado de leitura\" \/>\n\t<meta name=\"twitter:data2\" content=\"2 minutos\" \/>\n<script type=\"application\/ld+json\" class=\"yoast-schema-graph\">{\"@context\":\"https:\\\/\\\/schema.org\",\"@graph\":[{\"@type\":\"Article\",\"@id\":\"https:\\\/\\\/www.altominho.tv\\\/site\\\/2026\\\/03\\\/31\\\/camara-de-viana-do-castelo-apoia-prevencao-de-abandono-escolar\\\/#article\",\"isPartOf\":{\"@id\":\"https:\\\/\\\/www.altominho.tv\\\/site\\\/2026\\\/03\\\/31\\\/camara-de-viana-do-castelo-apoia-prevencao-de-abandono-escolar\\\/\"},\"author\":{\"name\":\"Lusa\",\"@id\":\"https:\\\/\\\/www.altominho.tv\\\/site\\\/#\\\/schema\\\/person\\\/63f693da3e1899361cbe955c46f3232e\"},\"headline\":\"C\u00e2mara de Viana do Castelo apoia a preven\u00e7\u00e3o de abandono escolar\",\"datePublished\":\"2026-03-31T16:00:38+00:00\",\"dateModified\":\"2026-03-31T16:00:40+00:00\",\"mainEntityOfPage\":{\"@id\":\"https:\\\/\\\/www.altominho.tv\\\/site\\\/2026\\\/03\\\/31\\\/camara-de-viana-do-castelo-apoia-prevencao-de-abandono-escolar\\\/\"},\"wordCount\":350,\"image\":{\"@id\":\"https:\\\/\\\/www.altominho.tv\\\/site\\\/2026\\\/03\\\/31\\\/camara-de-viana-do-castelo-apoia-prevencao-de-abandono-escolar\\\/#primaryimage\"},\"thumbnailUrl\":\"https:\\\/\\\/www.altominho.tv\\\/site\\\/wp-content\\\/uploads\\\/2026\\\/03\\\/sala-aula.jpg\",\"keywords\":[\"Educa\u00e7\u00e3o\"],\"articleSection\":[\"Viana do Castelo\"],\"inLanguage\":\"pt-PT\",\"copyrightYear\":\"2026\",\"copyrightHolder\":{\"@id\":\"https:\\\/\\\/www.altominho.tv\\\/site\\\/#organization\"}},{\"@type\":\"WebPage\",\"@id\":\"https:\\\/\\\/www.altominho.tv\\\/site\\\/2026\\\/03\\\/31\\\/camara-de-viana-do-castelo-apoia-prevencao-de-abandono-escolar\\\/\",\"url\":\"https:\\\/\\\/www.altominho.tv\\\/site\\\/2026\\\/03\\\/31\\\/camara-de-viana-do-castelo-apoia-prevencao-de-abandono-escolar\\\/\",\"name\":\"C\u00e2mara de Viana do Castelo apoia a preven\u00e7\u00e3o de abandono escolar\",\"isPartOf\":{\"@id\":\"https:\\\/\\\/www.altominho.tv\\\/site\\\/#website\"},\"primaryImageOfPage\":{\"@id\":\"https:\\\/\\\/www.altominho.tv\\\/site\\\/2026\\\/03\\\/31\\\/camara-de-viana-do-castelo-apoia-prevencao-de-abandono-escolar\\\/#primaryimage\"},\"image\":{\"@id\":\"https:\\\/\\\/www.altominho.tv\\\/site\\\/2026\\\/03\\\/31\\\/camara-de-viana-do-castelo-apoia-prevencao-de-abandono-escolar\\\/#primaryimage\"},\"thumbnailUrl\":\"https:\\\/\\\/www.altominho.tv\\\/site\\\/wp-content\\\/uploads\\\/2026\\\/03\\\/sala-aula.jpg\",\"datePublished\":\"2026-03-31T16:00:38+00:00\",\"dateModified\":\"2026-03-31T16:00:40+00:00\",\"author\":{\"@id\":\"https:\\\/\\\/www.altominho.tv\\\/site\\\/#\\\/schema\\\/person\\\/63f693da3e1899361cbe955c46f3232e\"},\"description\":\"A C\u00e2mara de Viana do Castelo decidiu hoje apoiar com 26 mil euros a primeira fase do projeto Mosaico, para prevenir e reduzir o absentismo e abandono escolar precoce em escolas b\u00e1sicas de Darque.\",\"breadcrumb\":{\"@id\":\"https:\\\/\\\/www.altominho.tv\\\/site\\\/2026\\\/03\\\/31\\\/camara-de-viana-do-castelo-apoia-prevencao-de-abandono-escolar\\\/#breadcrumb\"},\"inLanguage\":\"pt-PT\",\"potentialAction\":[{\"@type\":\"ReadAction\",\"target\":[\"https:\\\/\\\/www.altominho.tv\\\/site\\\/2026\\\/03\\\/31\\\/camara-de-viana-do-castelo-apoia-prevencao-de-abandono-escolar\\\/\"]}]},{\"@type\":\"ImageObject\",\"inLanguage\":\"pt-PT\",\"@id\":\"https:\\\/\\\/www.altominho.tv\\\/site\\\/2026\\\/03\\\/31\\\/camara-de-viana-do-castelo-apoia-prevencao-de-abandono-escolar\\\/#primaryimage\",\"url\":\"https:\\\/\\\/www.altominho.tv\\\/site\\\/wp-content\\\/uploads\\\/2026\\\/03\\\/sala-aula.jpg\",\"contentUrl\":\"https:\\\/\\\/www.altominho.tv\\\/site\\\/wp-content\\\/uploads\\\/2026\\\/03\\\/sala-aula.jpg\",\"width\":1200,\"height\":630},{\"@type\":\"BreadcrumbList\",\"@id\":\"https:\\\/\\\/www.altominho.tv\\\/site\\\/2026\\\/03\\\/31\\\/camara-de-viana-do-castelo-apoia-prevencao-de-abandono-escolar\\\/#breadcrumb\",\"itemListElement\":[{\"@type\":\"ListItem\",\"position\":1,\"name\":\"In\u00edcio\",\"item\":\"https:\\\/\\\/www.altominho.tv\\\/site\\\/\"},{\"@type\":\"ListItem\",\"position\":2,\"name\":\"C\u00e2mara de Viana do Castelo apoia a preven\u00e7\u00e3o de abandono escolar\"}]},{\"@type\":\"WebSite\",\"@id\":\"https:\\\/\\\/www.altominho.tv\\\/site\\\/#website\",\"url\":\"https:\\\/\\\/www.altominho.tv\\\/site\\\/\",\"name\":\"Altominho.tv\",\"description\":\"A sua regi\u00e3o \u00e0 dist\u00e2ncia de um clique...\",\"potentialAction\":[{\"@type\":\"SearchAction\",\"target\":{\"@type\":\"EntryPoint\",\"urlTemplate\":\"https:\\\/\\\/www.altominho.tv\\\/site\\\/?s={search_term_string}\"},\"query-input\":{\"@type\":\"PropertyValueSpecification\",\"valueRequired\":true,\"valueName\":\"search_term_string\"}}],\"inLanguage\":\"pt-PT\"},{\"@type\":\"Person\",\"@id\":\"https:\\\/\\\/www.altominho.tv\\\/site\\\/#\\\/schema\\\/person\\\/63f693da3e1899361cbe955c46f3232e\",\"name\":\"Lusa\",\"image\":{\"@type\":\"ImageObject\",\"inLanguage\":\"pt-PT\",\"@id\":\"https:\\\/\\\/www.altominho.tv\\\/site\\\/wp-content\\\/uploads\\\/2019\\\/08\\\/LUSA_Logo.gif\",\"url\":\"https:\\\/\\\/www.altominho.tv\\\/site\\\/wp-content\\\/uploads\\\/2019\\\/08\\\/LUSA_Logo.gif\",\"contentUrl\":\"https:\\\/\\\/www.altominho.tv\\\/site\\\/wp-content\\\/uploads\\\/2019\\\/08\\\/LUSA_Logo.gif\",\"caption\":\"Lusa\"},\"sameAs\":[\"http:\\\/\\\/\\\/\\\/www.altominho.tv\\\/site\"],\"url\":\"https:\\\/\\\/www.altominho.tv\\\/site\\\/author\\\/lusa\\\/\"}]}<\/script>\n<!-- \/ Yoast SEO Premium plugin. -->","yoast_head_json":{"title":"C\u00e2mara de Viana do Castelo apoia a preven\u00e7\u00e3o de abandono escolar","description":"A C\u00e2mara de Viana do Castelo decidiu hoje apoiar com 26 mil euros a primeira fase do projeto Mosaico, para prevenir e reduzir o absentismo e abandono escolar precoce em escolas b\u00e1sicas de Darque.","robots":{"index":"index","follow":"follow","max-snippet":"max-snippet:-1","max-image-preview":"max-image-preview:large","max-video-preview":"max-video-preview:-1"},"canonical":"https:\/\/www.altominho.tv\/site\/2026\/03\/31\/camara-de-viana-do-castelo-apoia-prevencao-de-abandono-escolar\/","og_locale":"pt_PT","og_type":"article","og_title":"C\u00e2mara de Viana do Castelo apoia a preven\u00e7\u00e3o de abandono escolar","og_description":"A C\u00e2mara de Viana do Castelo decidiu hoje apoiar com 26 mil euros a primeira fase do projeto Mosaico, para prevenir e reduzir o absentismo e abandono escolar precoce em escolas b\u00e1sicas de Darque.","og_url":"https:\/\/www.altominho.tv\/site\/2026\/03\/31\/camara-de-viana-do-castelo-apoia-prevencao-de-abandono-escolar\/","og_site_name":"Altominho.tv","article_publisher":"https:\/\/www.facebook.com\/altominhotv","article_published_time":"2026-03-31T16:00:38+00:00","article_modified_time":"2026-03-31T16:00:40+00:00","og_image":[{"width":1200,"height":630,"url":"https:\/\/www.altominho.tv\/site\/wp-content\/uploads\/2026\/03\/sala-aula.jpg","type":"image\/jpeg"}],"author":"Lusa","twitter_card":"summary_large_image","twitter_creator":"@altominhoTV","twitter_site":"@altominhoTV","twitter_misc":{"Escrito por":"Lusa","Tempo estimado de leitura":"2 minutos"},"schema":{"@context":"https:\/\/schema.org","@graph":[{"@type":"Article","@id":"https:\/\/www.altominho.tv\/site\/2026\/03\/31\/camara-de-viana-do-castelo-apoia-prevencao-de-abandono-escolar\/#article","isPartOf":{"@id":"https:\/\/www.altominho.tv\/site\/2026\/03\/31\/camara-de-viana-do-castelo-apoia-prevencao-de-abandono-escolar\/"},"author":{"name":"Lusa","@id":"https:\/\/www.altominho.tv\/site\/#\/schema\/person\/63f693da3e1899361cbe955c46f3232e"},"headline":"C\u00e2mara de Viana do Castelo apoia a preven\u00e7\u00e3o de abandono escolar","datePublished":"2026-03-31T16:00:38+00:00","dateModified":"2026-03-31T16:00:40+00:00","mainEntityOfPage":{"@id":"https:\/\/www.altominho.tv\/site\/2026\/03\/31\/camara-de-viana-do-castelo-apoia-prevencao-de-abandono-escolar\/"},"wordCount":350,"image":{"@id":"https:\/\/www.altominho.tv\/site\/2026\/03\/31\/camara-de-viana-do-castelo-apoia-prevencao-de-abandono-escolar\/#primaryimage"},"thumbnailUrl":"https:\/\/www.altominho.tv\/site\/wp-content\/uploads\/2026\/03\/sala-aula.jpg","keywords":["Educa\u00e7\u00e3o"],"articleSection":["Viana do Castelo"],"inLanguage":"pt-PT","copyrightYear":"2026","copyrightHolder":{"@id":"https:\/\/www.altominho.tv\/site\/#organization"}},{"@type":"WebPage","@id":"https:\/\/www.altominho.tv\/site\/2026\/03\/31\/camara-de-viana-do-castelo-apoia-prevencao-de-abandono-escolar\/","url":"https:\/\/www.altominho.tv\/site\/2026\/03\/31\/camara-de-viana-do-castelo-apoia-prevencao-de-abandono-escolar\/","name":"C\u00e2mara de Viana do Castelo apoia a preven\u00e7\u00e3o de abandono escolar","isPartOf":{"@id":"https:\/\/www.altominho.tv\/site\/#website"},"primaryImageOfPage":{"@id":"https:\/\/www.altominho.tv\/site\/2026\/03\/31\/camara-de-viana-do-castelo-apoia-prevencao-de-abandono-escolar\/#primaryimage"},"image":{"@id":"https:\/\/www.altominho.tv\/site\/2026\/03\/31\/camara-de-viana-do-castelo-apoia-prevencao-de-abandono-escolar\/#primaryimage"},"thumbnailUrl":"https:\/\/www.altominho.tv\/site\/wp-content\/uploads\/2026\/03\/sala-aula.jpg","datePublished":"2026-03-31T16:00:38+00:00","dateModified":"2026-03-31T16:00:40+00:00","author":{"@id":"https:\/\/www.altominho.tv\/site\/#\/schema\/person\/63f693da3e1899361cbe955c46f3232e"},"description":"A C\u00e2mara de Viana do Castelo decidiu hoje apoiar com 26 mil euros a primeira fase do projeto Mosaico, para prevenir e reduzir o absentismo e abandono escolar precoce em escolas b\u00e1sicas de Darque.","breadcrumb":{"@id":"https:\/\/www.altominho.tv\/site\/2026\/03\/31\/camara-de-viana-do-castelo-apoia-prevencao-de-abandono-escolar\/#breadcrumb"},"inLanguage":"pt-PT","potentialAction":[{"@type":"ReadAction","target":["https:\/\/www.altominho.tv\/site\/2026\/03\/31\/camara-de-viana-do-castelo-apoia-prevencao-de-abandono-escolar\/"]}]},{"@type":"ImageObject","inLanguage":"pt-PT","@id":"https:\/\/www.altominho.tv\/site\/2026\/03\/31\/camara-de-viana-do-castelo-apoia-prevencao-de-abandono-escolar\/#primaryimage","url":"https:\/\/www.altominho.tv\/site\/wp-content\/uploads\/2026\/03\/sala-aula.jpg","contentUrl":"https:\/\/www.altominho.tv\/site\/wp-content\/uploads\/2026\/03\/sala-aula.jpg","width":1200,"height":630},{"@type":"BreadcrumbList","@id":"https:\/\/www.altominho.tv\/site\/2026\/03\/31\/camara-de-viana-do-castelo-apoia-prevencao-de-abandono-escolar\/#breadcrumb","itemListElement":[{"@type":"ListItem","position":1,"name":"In\u00edcio","item":"https:\/\/www.altominho.tv\/site\/"},{"@type":"ListItem","position":2,"name":"C\u00e2mara de Viana do Castelo apoia a preven\u00e7\u00e3o de abandono escolar"}]},{"@type":"WebSite","@id":"https:\/\/www.altominho.tv\/site\/#website","url":"https:\/\/www.altominho.tv\/site\/","name":"Altominho.tv","description":"A sua regi\u00e3o \u00e0 dist\u00e2ncia de um clique...","potentialAction":[{"@type":"SearchAction","target":{"@type":"EntryPoint","urlTemplate":"https:\/\/www.altominho.tv\/site\/?s={search_term_string}"},"query-input":{"@type":"PropertyValueSpecification","valueRequired":true,"valueName":"search_term_string"}}],"inLanguage":"pt-PT"},{"@type":"Person","@id":"https:\/\/www.altominho.tv\/site\/#\/schema\/person\/63f693da3e1899361cbe955c46f3232e","name":"Lusa","image":{"@type":"ImageObject","inLanguage":"pt-PT","@id":"https:\/\/www.altominho.tv\/site\/wp-content\/uploads\/2019\/08\/LUSA_Logo.gif","url":"https:\/\/www.altominho.tv\/site\/wp-content\/uploads\/2019\/08\/LUSA_Logo.gif","contentUrl":"https:\/\/www.altominho.tv\/site\/wp-content\/uploads\/2019\/08\/LUSA_Logo.gif","caption":"Lusa"},"sameAs":["http:\/\/\/\/www.altominho.tv\/site"],"url":"https:\/\/www.altominho.tv\/site\/author\/lusa\/"}]}},"_links":{"self":[{"href":"https:\/\/www.altominho.tv\/site\/wp-json\/wp\/v2\/posts\/130612","targetHints":{"allow":["GET"]}}],"collection":[{"href":"https:\/\/www.altominho.tv\/site\/wp-json\/wp\/v2\/posts"}],"about":[{"href":"https:\/\/www.altominho.tv\/site\/wp-json\/wp\/v2\/types\/post"}],"author":[{"embeddable":true,"href":"https:\/\/www.altominho.tv\/site\/wp-json\/wp\/v2\/users\/13"}],"replies":[{"embeddable":true,"href":"https:\/\/www.altominho.tv\/site\/wp-json\/wp\/v2\/comments?post=130612"}],"version-history":[{"count":2,"href":"https:\/\/www.altominho.tv\/site\/wp-json\/wp\/v2\/posts\/130612\/revisions"}],"predecessor-version":[{"id":130615,"href":"https:\/\/www.altominho.tv\/site\/wp-json\/wp\/v2\/posts\/130612\/revisions\/130615"}],"wp:featuredmedia":[{"embeddable":true,"href":"https:\/\/www.altominho.tv\/site\/wp-json\/wp\/v2\/media\/129636"}],"wp:attachment":[{"href":"https:\/\/www.altominho.tv\/site\/wp-json\/wp\/v2\/media?parent=130612"}],"wp:term":[{"taxonomy":"category","embeddable":true,"href":"https:\/\/www.altominho.tv\/site\/wp-json\/wp\/v2\/categories?post=130612"},{"taxonomy":"post_tag","embeddable":true,"href":"https:\/\/www.altominho.tv\/site\/wp-json\/wp\/v2\/tags?post=130612"}],"curies":[{"name":"wp","href":"https:\/\/api.w.org\/{rel}","templated":true}]}}