{"id":130604,"date":"2026-03-31T12:25:00","date_gmt":"2026-03-31T11:25:00","guid":{"rendered":"https:\/\/www.altominho.tv\/site\/?p=130604"},"modified":"2026-03-31T12:26:39","modified_gmt":"2026-03-31T11:26:39","slug":"cerveira-promove-mes-dedicado-ao-livro-com-programacao-cultural-diversificada","status":"publish","type":"post","link":"https:\/\/www.altominho.tv\/site\/2026\/03\/31\/cerveira-promove-mes-dedicado-ao-livro-com-programacao-cultural-diversificada\/","title":{"rendered":"Cerveira promove m\u00eas dedicado ao livro com programa\u00e7\u00e3o cultural diversificada"},"content":{"rendered":"<p data-start=\"96\" data-end=\"504\">Vila Nova de Cerveira volta a assinalar o m\u00eas de abril com a realiza\u00e7\u00e3o da Festa do Livro e da Leitura 2026, uma iniciativa que prop\u00f5e uma abordagem abrangente \u00e0 leitura, cruzando literatura com diferentes express\u00f5es art\u00edsticas.<\/p>\n<p data-start=\"96\" data-end=\"504\">Ao longo de v\u00e1rias semanas, o programa pretende incentivar o contacto com o livro, promovendo-o como elemento de liga\u00e7\u00e3o entre gera\u00e7\u00f5es e como instrumento de valoriza\u00e7\u00e3o cultural.<\/p>\n<p data-start=\"506\" data-end=\"984\">A programa\u00e7\u00e3o integra atividades dirigidas \u00e0 comunidade escolar, desde a educa\u00e7\u00e3o pr\u00e9-escolar ao ensino secund\u00e1rio, bem como ao p\u00fablico em geral. Est\u00e3o previstas horas do conto, oficinas criativas, teatro de marionetas, experi\u00eancias sonoras e iniciativas como \u201cDormir com os Livros\u201d. O evento inclui ainda encontros com autores e criadores, proporcionando momentos de partilha sobre processos criativos, obras liter\u00e1rias e temas relacionados com o papel da leitura na sociedade.<\/p>\n<p data-start=\"986\" data-end=\"1512\">Entre os destaques, figuram v\u00e1rias apresenta\u00e7\u00f5es liter\u00e1rias, como o lan\u00e7amento de \u201cNo Ch\u00e3o das Met\u00e1foras\u201d, de Adelaide Gra\u00e7a, a 25 de abril, e a apresenta\u00e7\u00e3o de \u201cAqui h\u00e1 Gato\u201d, com Sofia Vieira e Paulo Galindro, no dia seguinte. Est\u00e3o igualmente agendados encontros com estes autores, bem como com a escritora Concei\u00e7\u00e3o Dinis Tom\u00e9. Paralelamente, o programa art\u00edstico inclui espet\u00e1culos como \u201cEPHEMEROS\u2026 E se a vida durasse um s\u00f3 dia?\u201d, no Jardim do Solar dos Castros, e a atua\u00e7\u00e3o musical de Da Cruz One Man Band, no Terreiro.<\/p>\n<p data-start=\"1514\" data-end=\"2023\" data-is-last-node=\"\" data-is-only-node=\"\">A iniciativa contempla ainda atividades espec\u00edficas em estabelecimentos de ensino do concelho, com propostas adaptadas a diferentes idades, incluindo m\u00fasica para beb\u00e9s, oficinas familiares e uma palestra dedicada \u00e0 leitura de \u201cMemorial do Convento\u201d. Nos dias 25 e 26 de abril, realiza-se tamb\u00e9m a Feira do Livro no Terreiro, com a participa\u00e7\u00e3o de vendedores locais.<\/p>\n<p data-start=\"1514\" data-end=\"2023\" data-is-last-node=\"\" data-is-only-node=\"\">De acesso gratuito, a Festa do Livro e da Leitura \u00e9 organizada pela C\u00e2mara Municipal de Vila Nova de Cerveira, atrav\u00e9s da Biblioteca Municipal.<\/p>\n<p data-start=\"1514\" data-end=\"2023\" data-is-last-node=\"\" data-is-only-node=\"\">\n<p data-start=\"1514\" data-end=\"2023\" data-is-last-node=\"\" data-is-only-node=\"\">Foto: <strong>Altominho TV<\/strong><\/p>\n","protected":false},"excerpt":{"rendered":"<p>Vila Nova de Cerveira volta a assinalar o m\u00eas de abril com a realiza\u00e7\u00e3o da Festa do Livro e da Leitura 2026, uma iniciativa que prop\u00f5e uma abordagem abrangente \u00e0 leitura, cruzando literatura com diferentes express\u00f5es art\u00edsticas. Ao longo de v\u00e1rias semanas, o programa pretende incentivar o contacto com o livro, promovendo-o como elemento de [&hellip;]<\/p>\n","protected":false},"author":24,"featured_media":130605,"comment_status":"closed","ping_status":"closed","sticky":false,"template":"","format":"standard","meta":{"_exactmetrics_skip_tracking":false,"_exactmetrics_sitenote_active":false,"_exactmetrics_sitenote_note":"","_exactmetrics_sitenote_category":0,"footnotes":""},"categories":[15],"tags":[19],"class_list":["post-130604","post","type-post","status-publish","format-standard","has-post-thumbnail","hentry","category-vila-nova-de-cerveira","tag-cultura"],"yoast_head":"<!-- This site is optimized with the Yoast SEO Premium plugin v27.5 (Yoast SEO v27.5) - https:\/\/yoast.com\/product\/yoast-seo-premium-wordpress\/ -->\n<title>Cerveira promove m\u00eas dedicado ao livro com programa\u00e7\u00e3o cultural diversificada<\/title>\n<meta name=\"description\" content=\"Vila Nova de Cerveira volta a assinalar o m\u00eas de abril com a realiza\u00e7\u00e3o da Festa do Livro e da Leitura 2026, uma iniciativa que prop\u00f5e uma abordagem abrangente \u00e0 leitura, cruzando literatura com diferentes express\u00f5es art\u00edsticas.\" \/>\n<meta name=\"robots\" content=\"index, follow, max-snippet:-1, max-image-preview:large, max-video-preview:-1\" \/>\n<link rel=\"canonical\" href=\"https:\/\/www.altominho.tv\/site\/2026\/03\/31\/cerveira-promove-mes-dedicado-ao-livro-com-programacao-cultural-diversificada\/\" \/>\n<meta property=\"og:locale\" content=\"pt_PT\" \/>\n<meta property=\"og:type\" content=\"article\" \/>\n<meta property=\"og:title\" content=\"Cerveira promove m\u00eas dedicado ao livro com programa\u00e7\u00e3o cultural diversificada\" \/>\n<meta property=\"og:description\" content=\"Vila Nova de Cerveira volta a assinalar o m\u00eas de abril com a realiza\u00e7\u00e3o da Festa do Livro e da Leitura 2026, uma iniciativa que prop\u00f5e uma abordagem abrangente \u00e0 leitura, cruzando literatura com diferentes express\u00f5es art\u00edsticas.\" \/>\n<meta property=\"og:url\" content=\"https:\/\/www.altominho.tv\/site\/2026\/03\/31\/cerveira-promove-mes-dedicado-ao-livro-com-programacao-cultural-diversificada\/\" \/>\n<meta property=\"og:site_name\" content=\"Altominho.tv\" \/>\n<meta property=\"article:publisher\" content=\"https:\/\/www.facebook.com\/altominhotv\" \/>\n<meta property=\"article:published_time\" content=\"2026-03-31T11:25:00+00:00\" \/>\n<meta property=\"article:modified_time\" content=\"2026-03-31T11:26:39+00:00\" \/>\n<meta property=\"og:image\" content=\"https:\/\/www.altominho.tv\/site\/wp-content\/uploads\/2026\/03\/feira-livro.png\" \/>\n\t<meta property=\"og:image:width\" content=\"1200\" \/>\n\t<meta property=\"og:image:height\" content=\"630\" \/>\n\t<meta property=\"og:image:type\" content=\"image\/png\" \/>\n<meta name=\"author\" content=\"Cesar Lopes\" \/>\n<meta name=\"twitter:card\" content=\"summary_large_image\" \/>\n<meta name=\"twitter:creator\" content=\"@altominhoTV\" \/>\n<meta name=\"twitter:site\" content=\"@altominhoTV\" \/>\n<meta name=\"twitter:label1\" content=\"Escrito por\" \/>\n\t<meta name=\"twitter:data1\" content=\"Cesar Lopes\" \/>\n\t<meta name=\"twitter:label2\" content=\"Tempo estimado de leitura\" \/>\n\t<meta name=\"twitter:data2\" content=\"2 minutos\" \/>\n<script type=\"application\/ld+json\" class=\"yoast-schema-graph\">{\"@context\":\"https:\\\/\\\/schema.org\",\"@graph\":[{\"@type\":\"Article\",\"@id\":\"https:\\\/\\\/www.altominho.tv\\\/site\\\/2026\\\/03\\\/31\\\/cerveira-promove-mes-dedicado-ao-livro-com-programacao-cultural-diversificada\\\/#article\",\"isPartOf\":{\"@id\":\"https:\\\/\\\/www.altominho.tv\\\/site\\\/2026\\\/03\\\/31\\\/cerveira-promove-mes-dedicado-ao-livro-com-programacao-cultural-diversificada\\\/\"},\"author\":{\"name\":\"Cesar Lopes\",\"@id\":\"https:\\\/\\\/www.altominho.tv\\\/site\\\/#\\\/schema\\\/person\\\/c5570e5afb933b8d08c43373326ef1b1\"},\"headline\":\"Cerveira promove m\u00eas dedicado ao livro com programa\u00e7\u00e3o cultural diversificada\",\"datePublished\":\"2026-03-31T11:25:00+00:00\",\"dateModified\":\"2026-03-31T11:26:39+00:00\",\"mainEntityOfPage\":{\"@id\":\"https:\\\/\\\/www.altominho.tv\\\/site\\\/2026\\\/03\\\/31\\\/cerveira-promove-mes-dedicado-ao-livro-com-programacao-cultural-diversificada\\\/\"},\"wordCount\":342,\"image\":{\"@id\":\"https:\\\/\\\/www.altominho.tv\\\/site\\\/2026\\\/03\\\/31\\\/cerveira-promove-mes-dedicado-ao-livro-com-programacao-cultural-diversificada\\\/#primaryimage\"},\"thumbnailUrl\":\"https:\\\/\\\/www.altominho.tv\\\/site\\\/wp-content\\\/uploads\\\/2026\\\/03\\\/feira-livro.png\",\"keywords\":[\"Cultura\"],\"articleSection\":[\"Vila Nova de Cerveira\"],\"inLanguage\":\"pt-PT\",\"copyrightYear\":\"2026\",\"copyrightHolder\":{\"@id\":\"https:\\\/\\\/www.altominho.tv\\\/site\\\/#organization\"}},{\"@type\":\"WebPage\",\"@id\":\"https:\\\/\\\/www.altominho.tv\\\/site\\\/2026\\\/03\\\/31\\\/cerveira-promove-mes-dedicado-ao-livro-com-programacao-cultural-diversificada\\\/\",\"url\":\"https:\\\/\\\/www.altominho.tv\\\/site\\\/2026\\\/03\\\/31\\\/cerveira-promove-mes-dedicado-ao-livro-com-programacao-cultural-diversificada\\\/\",\"name\":\"Cerveira promove m\u00eas dedicado ao livro com programa\u00e7\u00e3o cultural diversificada\",\"isPartOf\":{\"@id\":\"https:\\\/\\\/www.altominho.tv\\\/site\\\/#website\"},\"primaryImageOfPage\":{\"@id\":\"https:\\\/\\\/www.altominho.tv\\\/site\\\/2026\\\/03\\\/31\\\/cerveira-promove-mes-dedicado-ao-livro-com-programacao-cultural-diversificada\\\/#primaryimage\"},\"image\":{\"@id\":\"https:\\\/\\\/www.altominho.tv\\\/site\\\/2026\\\/03\\\/31\\\/cerveira-promove-mes-dedicado-ao-livro-com-programacao-cultural-diversificada\\\/#primaryimage\"},\"thumbnailUrl\":\"https:\\\/\\\/www.altominho.tv\\\/site\\\/wp-content\\\/uploads\\\/2026\\\/03\\\/feira-livro.png\",\"datePublished\":\"2026-03-31T11:25:00+00:00\",\"dateModified\":\"2026-03-31T11:26:39+00:00\",\"author\":{\"@id\":\"https:\\\/\\\/www.altominho.tv\\\/site\\\/#\\\/schema\\\/person\\\/c5570e5afb933b8d08c43373326ef1b1\"},\"description\":\"Vila Nova de Cerveira volta a assinalar o m\u00eas de abril com a realiza\u00e7\u00e3o da Festa do Livro e da Leitura 2026, uma iniciativa que prop\u00f5e uma abordagem abrangente \u00e0 leitura, cruzando literatura com diferentes express\u00f5es art\u00edsticas.\",\"breadcrumb\":{\"@id\":\"https:\\\/\\\/www.altominho.tv\\\/site\\\/2026\\\/03\\\/31\\\/cerveira-promove-mes-dedicado-ao-livro-com-programacao-cultural-diversificada\\\/#breadcrumb\"},\"inLanguage\":\"pt-PT\",\"potentialAction\":[{\"@type\":\"ReadAction\",\"target\":[\"https:\\\/\\\/www.altominho.tv\\\/site\\\/2026\\\/03\\\/31\\\/cerveira-promove-mes-dedicado-ao-livro-com-programacao-cultural-diversificada\\\/\"]}]},{\"@type\":\"ImageObject\",\"inLanguage\":\"pt-PT\",\"@id\":\"https:\\\/\\\/www.altominho.tv\\\/site\\\/2026\\\/03\\\/31\\\/cerveira-promove-mes-dedicado-ao-livro-com-programacao-cultural-diversificada\\\/#primaryimage\",\"url\":\"https:\\\/\\\/www.altominho.tv\\\/site\\\/wp-content\\\/uploads\\\/2026\\\/03\\\/feira-livro.png\",\"contentUrl\":\"https:\\\/\\\/www.altominho.tv\\\/site\\\/wp-content\\\/uploads\\\/2026\\\/03\\\/feira-livro.png\",\"width\":1200,\"height\":630},{\"@type\":\"BreadcrumbList\",\"@id\":\"https:\\\/\\\/www.altominho.tv\\\/site\\\/2026\\\/03\\\/31\\\/cerveira-promove-mes-dedicado-ao-livro-com-programacao-cultural-diversificada\\\/#breadcrumb\",\"itemListElement\":[{\"@type\":\"ListItem\",\"position\":1,\"name\":\"In\u00edcio\",\"item\":\"https:\\\/\\\/www.altominho.tv\\\/site\\\/\"},{\"@type\":\"ListItem\",\"position\":2,\"name\":\"Cerveira promove m\u00eas dedicado ao livro com programa\u00e7\u00e3o cultural diversificada\"}]},{\"@type\":\"WebSite\",\"@id\":\"https:\\\/\\\/www.altominho.tv\\\/site\\\/#website\",\"url\":\"https:\\\/\\\/www.altominho.tv\\\/site\\\/\",\"name\":\"Altominho.tv\",\"description\":\"A sua regi\u00e3o \u00e0 dist\u00e2ncia de um clique...\",\"potentialAction\":[{\"@type\":\"SearchAction\",\"target\":{\"@type\":\"EntryPoint\",\"urlTemplate\":\"https:\\\/\\\/www.altominho.tv\\\/site\\\/?s={search_term_string}\"},\"query-input\":{\"@type\":\"PropertyValueSpecification\",\"valueRequired\":true,\"valueName\":\"search_term_string\"}}],\"inLanguage\":\"pt-PT\"},{\"@type\":\"Person\",\"@id\":\"https:\\\/\\\/www.altominho.tv\\\/site\\\/#\\\/schema\\\/person\\\/c5570e5afb933b8d08c43373326ef1b1\",\"name\":\"Cesar Lopes\",\"image\":{\"@type\":\"ImageObject\",\"inLanguage\":\"pt-PT\",\"@id\":\"https:\\\/\\\/www.altominho.tv\\\/site\\\/wp-content\\\/uploads\\\/2022\\\/10\\\/Sem-Titulo-150x150.jpg\",\"url\":\"https:\\\/\\\/www.altominho.tv\\\/site\\\/wp-content\\\/uploads\\\/2022\\\/10\\\/Sem-Titulo-150x150.jpg\",\"contentUrl\":\"https:\\\/\\\/www.altominho.tv\\\/site\\\/wp-content\\\/uploads\\\/2022\\\/10\\\/Sem-Titulo-150x150.jpg\",\"caption\":\"Cesar Lopes\"},\"url\":\"https:\\\/\\\/www.altominho.tv\\\/site\\\/author\\\/cesarlopes\\\/\"}]}<\/script>\n<!-- \/ Yoast SEO Premium plugin. -->","yoast_head_json":{"title":"Cerveira promove m\u00eas dedicado ao livro com programa\u00e7\u00e3o cultural diversificada","description":"Vila Nova de Cerveira volta a assinalar o m\u00eas de abril com a realiza\u00e7\u00e3o da Festa do Livro e da Leitura 2026, uma iniciativa que prop\u00f5e uma abordagem abrangente \u00e0 leitura, cruzando literatura com diferentes express\u00f5es art\u00edsticas.","robots":{"index":"index","follow":"follow","max-snippet":"max-snippet:-1","max-image-preview":"max-image-preview:large","max-video-preview":"max-video-preview:-1"},"canonical":"https:\/\/www.altominho.tv\/site\/2026\/03\/31\/cerveira-promove-mes-dedicado-ao-livro-com-programacao-cultural-diversificada\/","og_locale":"pt_PT","og_type":"article","og_title":"Cerveira promove m\u00eas dedicado ao livro com programa\u00e7\u00e3o cultural diversificada","og_description":"Vila Nova de Cerveira volta a assinalar o m\u00eas de abril com a realiza\u00e7\u00e3o da Festa do Livro e da Leitura 2026, uma iniciativa que prop\u00f5e uma abordagem abrangente \u00e0 leitura, cruzando literatura com diferentes express\u00f5es art\u00edsticas.","og_url":"https:\/\/www.altominho.tv\/site\/2026\/03\/31\/cerveira-promove-mes-dedicado-ao-livro-com-programacao-cultural-diversificada\/","og_site_name":"Altominho.tv","article_publisher":"https:\/\/www.facebook.com\/altominhotv","article_published_time":"2026-03-31T11:25:00+00:00","article_modified_time":"2026-03-31T11:26:39+00:00","og_image":[{"width":1200,"height":630,"url":"https:\/\/www.altominho.tv\/site\/wp-content\/uploads\/2026\/03\/feira-livro.png","type":"image\/png"}],"author":"Cesar Lopes","twitter_card":"summary_large_image","twitter_creator":"@altominhoTV","twitter_site":"@altominhoTV","twitter_misc":{"Escrito por":"Cesar Lopes","Tempo estimado de leitura":"2 minutos"},"schema":{"@context":"https:\/\/schema.org","@graph":[{"@type":"Article","@id":"https:\/\/www.altominho.tv\/site\/2026\/03\/31\/cerveira-promove-mes-dedicado-ao-livro-com-programacao-cultural-diversificada\/#article","isPartOf":{"@id":"https:\/\/www.altominho.tv\/site\/2026\/03\/31\/cerveira-promove-mes-dedicado-ao-livro-com-programacao-cultural-diversificada\/"},"author":{"name":"Cesar Lopes","@id":"https:\/\/www.altominho.tv\/site\/#\/schema\/person\/c5570e5afb933b8d08c43373326ef1b1"},"headline":"Cerveira promove m\u00eas dedicado ao livro com programa\u00e7\u00e3o cultural diversificada","datePublished":"2026-03-31T11:25:00+00:00","dateModified":"2026-03-31T11:26:39+00:00","mainEntityOfPage":{"@id":"https:\/\/www.altominho.tv\/site\/2026\/03\/31\/cerveira-promove-mes-dedicado-ao-livro-com-programacao-cultural-diversificada\/"},"wordCount":342,"image":{"@id":"https:\/\/www.altominho.tv\/site\/2026\/03\/31\/cerveira-promove-mes-dedicado-ao-livro-com-programacao-cultural-diversificada\/#primaryimage"},"thumbnailUrl":"https:\/\/www.altominho.tv\/site\/wp-content\/uploads\/2026\/03\/feira-livro.png","keywords":["Cultura"],"articleSection":["Vila Nova de Cerveira"],"inLanguage":"pt-PT","copyrightYear":"2026","copyrightHolder":{"@id":"https:\/\/www.altominho.tv\/site\/#organization"}},{"@type":"WebPage","@id":"https:\/\/www.altominho.tv\/site\/2026\/03\/31\/cerveira-promove-mes-dedicado-ao-livro-com-programacao-cultural-diversificada\/","url":"https:\/\/www.altominho.tv\/site\/2026\/03\/31\/cerveira-promove-mes-dedicado-ao-livro-com-programacao-cultural-diversificada\/","name":"Cerveira promove m\u00eas dedicado ao livro com programa\u00e7\u00e3o cultural diversificada","isPartOf":{"@id":"https:\/\/www.altominho.tv\/site\/#website"},"primaryImageOfPage":{"@id":"https:\/\/www.altominho.tv\/site\/2026\/03\/31\/cerveira-promove-mes-dedicado-ao-livro-com-programacao-cultural-diversificada\/#primaryimage"},"image":{"@id":"https:\/\/www.altominho.tv\/site\/2026\/03\/31\/cerveira-promove-mes-dedicado-ao-livro-com-programacao-cultural-diversificada\/#primaryimage"},"thumbnailUrl":"https:\/\/www.altominho.tv\/site\/wp-content\/uploads\/2026\/03\/feira-livro.png","datePublished":"2026-03-31T11:25:00+00:00","dateModified":"2026-03-31T11:26:39+00:00","author":{"@id":"https:\/\/www.altominho.tv\/site\/#\/schema\/person\/c5570e5afb933b8d08c43373326ef1b1"},"description":"Vila Nova de Cerveira volta a assinalar o m\u00eas de abril com a realiza\u00e7\u00e3o da Festa do Livro e da Leitura 2026, uma iniciativa que prop\u00f5e uma abordagem abrangente \u00e0 leitura, cruzando literatura com diferentes express\u00f5es art\u00edsticas.","breadcrumb":{"@id":"https:\/\/www.altominho.tv\/site\/2026\/03\/31\/cerveira-promove-mes-dedicado-ao-livro-com-programacao-cultural-diversificada\/#breadcrumb"},"inLanguage":"pt-PT","potentialAction":[{"@type":"ReadAction","target":["https:\/\/www.altominho.tv\/site\/2026\/03\/31\/cerveira-promove-mes-dedicado-ao-livro-com-programacao-cultural-diversificada\/"]}]},{"@type":"ImageObject","inLanguage":"pt-PT","@id":"https:\/\/www.altominho.tv\/site\/2026\/03\/31\/cerveira-promove-mes-dedicado-ao-livro-com-programacao-cultural-diversificada\/#primaryimage","url":"https:\/\/www.altominho.tv\/site\/wp-content\/uploads\/2026\/03\/feira-livro.png","contentUrl":"https:\/\/www.altominho.tv\/site\/wp-content\/uploads\/2026\/03\/feira-livro.png","width":1200,"height":630},{"@type":"BreadcrumbList","@id":"https:\/\/www.altominho.tv\/site\/2026\/03\/31\/cerveira-promove-mes-dedicado-ao-livro-com-programacao-cultural-diversificada\/#breadcrumb","itemListElement":[{"@type":"ListItem","position":1,"name":"In\u00edcio","item":"https:\/\/www.altominho.tv\/site\/"},{"@type":"ListItem","position":2,"name":"Cerveira promove m\u00eas dedicado ao livro com programa\u00e7\u00e3o cultural diversificada"}]},{"@type":"WebSite","@id":"https:\/\/www.altominho.tv\/site\/#website","url":"https:\/\/www.altominho.tv\/site\/","name":"Altominho.tv","description":"A sua regi\u00e3o \u00e0 dist\u00e2ncia de um clique...","potentialAction":[{"@type":"SearchAction","target":{"@type":"EntryPoint","urlTemplate":"https:\/\/www.altominho.tv\/site\/?s={search_term_string}"},"query-input":{"@type":"PropertyValueSpecification","valueRequired":true,"valueName":"search_term_string"}}],"inLanguage":"pt-PT"},{"@type":"Person","@id":"https:\/\/www.altominho.tv\/site\/#\/schema\/person\/c5570e5afb933b8d08c43373326ef1b1","name":"Cesar Lopes","image":{"@type":"ImageObject","inLanguage":"pt-PT","@id":"https:\/\/www.altominho.tv\/site\/wp-content\/uploads\/2022\/10\/Sem-Titulo-150x150.jpg","url":"https:\/\/www.altominho.tv\/site\/wp-content\/uploads\/2022\/10\/Sem-Titulo-150x150.jpg","contentUrl":"https:\/\/www.altominho.tv\/site\/wp-content\/uploads\/2022\/10\/Sem-Titulo-150x150.jpg","caption":"Cesar Lopes"},"url":"https:\/\/www.altominho.tv\/site\/author\/cesarlopes\/"}]}},"_links":{"self":[{"href":"https:\/\/www.altominho.tv\/site\/wp-json\/wp\/v2\/posts\/130604","targetHints":{"allow":["GET"]}}],"collection":[{"href":"https:\/\/www.altominho.tv\/site\/wp-json\/wp\/v2\/posts"}],"about":[{"href":"https:\/\/www.altominho.tv\/site\/wp-json\/wp\/v2\/types\/post"}],"author":[{"embeddable":true,"href":"https:\/\/www.altominho.tv\/site\/wp-json\/wp\/v2\/users\/24"}],"replies":[{"embeddable":true,"href":"https:\/\/www.altominho.tv\/site\/wp-json\/wp\/v2\/comments?post=130604"}],"version-history":[{"count":2,"href":"https:\/\/www.altominho.tv\/site\/wp-json\/wp\/v2\/posts\/130604\/revisions"}],"predecessor-version":[{"id":130607,"href":"https:\/\/www.altominho.tv\/site\/wp-json\/wp\/v2\/posts\/130604\/revisions\/130607"}],"wp:featuredmedia":[{"embeddable":true,"href":"https:\/\/www.altominho.tv\/site\/wp-json\/wp\/v2\/media\/130605"}],"wp:attachment":[{"href":"https:\/\/www.altominho.tv\/site\/wp-json\/wp\/v2\/media?parent=130604"}],"wp:term":[{"taxonomy":"category","embeddable":true,"href":"https:\/\/www.altominho.tv\/site\/wp-json\/wp\/v2\/categories?post=130604"},{"taxonomy":"post_tag","embeddable":true,"href":"https:\/\/www.altominho.tv\/site\/wp-json\/wp\/v2\/tags?post=130604"}],"curies":[{"name":"wp","href":"https:\/\/api.w.org\/{rel}","templated":true}]}}