{"id":130585,"date":"2026-03-30T15:55:59","date_gmt":"2026-03-30T14:55:59","guid":{"rendered":"https:\/\/www.altominho.tv\/site\/?p=130585"},"modified":"2026-03-30T15:57:12","modified_gmt":"2026-03-30T14:57:12","slug":"homem-de-65-anos-detido-por-trafico-de-droga-posse-armas-viana-do-castelo","status":"publish","type":"post","link":"https:\/\/www.altominho.tv\/site\/2026\/03\/30\/homem-de-65-anos-detido-por-trafico-de-droga-posse-armas-viana-do-castelo\/","title":{"rendered":"Homem de 65 anos detido por tr\u00e1fico de droga e posse de armas em Viana do Castelo"},"content":{"rendered":"<p class=\"p1\">Um homem de 65 anos foi detido no passado dia 28 de mar\u00e7o, pelas 17h10, na Meadela, em Viana do Castelo, no \u00e2mbito de uma opera\u00e7\u00e3o de combate ao tr\u00e1fico de estupefacientes levada a cabo pela Pol\u00edcia de Seguran\u00e7a P\u00fablica (PSP).<\/p>\n<p class=\"p1\">De acordo com a PSP, a deten\u00e7\u00e3o foi efetuada na sequ\u00eancia de dilig\u00eancias que inclu\u00edram uma busca domicili\u00e1ria e duas buscas n\u00e3o domicili\u00e1rias.<\/p>\n<p class=\"p1\">O suspeito, desempregado e residente na cidade, foi intercetado na posse de v\u00e1rias subst\u00e2ncias il\u00edcitas, nomeadamente hero\u00edna e coca\u00edna, suficientes para cerca de 94 e 12 doses individuais, respetivamente. Foram ainda apreendidas pequenas quantidades de haxixe e liamba.<\/p>\n<p class=\"p1\">Durante a opera\u00e7\u00e3o, as autoridades apreenderam tamb\u00e9m 405 euros em numer\u00e1rio, duas armas proibidas \u2014 uma espingarda e uma pistola \u2014, sete telem\u00f3veis, 35 cart\u00f5es SIM, bem como uma balan\u00e7a de precis\u00e3o e diversos materiais utilizados na prepara\u00e7\u00e3o e comercializa\u00e7\u00e3o de droga.<\/p>\n","protected":false},"excerpt":{"rendered":"<p>Um homem de 65 anos foi detido no passado dia 28 de mar\u00e7o, pelas 17h10, na Meadela, em Viana do Castelo, no \u00e2mbito de uma opera\u00e7\u00e3o de combate ao tr\u00e1fico de estupefacientes levada a cabo pela Pol\u00edcia de Seguran\u00e7a P\u00fablica (PSP). De acordo com a PSP, a deten\u00e7\u00e3o foi efetuada na sequ\u00eancia de dilig\u00eancias que [&hellip;]<\/p>\n","protected":false},"author":30,"featured_media":130586,"comment_status":"closed","ping_status":"closed","sticky":false,"template":"","format":"standard","meta":{"_exactmetrics_skip_tracking":false,"_exactmetrics_sitenote_active":false,"_exactmetrics_sitenote_note":"","_exactmetrics_sitenote_category":0,"footnotes":""},"categories":[14],"tags":[27],"class_list":["post-130585","post","type-post","status-publish","format-standard","has-post-thumbnail","hentry","category-viana-do-castelo","tag-sociedade"],"yoast_head":"<!-- This site is optimized with the Yoast SEO Premium plugin v27.5 (Yoast SEO v27.5) - https:\/\/yoast.com\/product\/yoast-seo-premium-wordpress\/ -->\n<title>Homem de 65 anos detido por tr\u00e1fico de droga e posse de armas em Viana do Castelo<\/title>\n<meta name=\"description\" content=\"Um homem de 65 anos foi detido no passado dia 28 de mar\u00e7o, pelas 17h10, na Meadela, em Viana do Castelo, no \u00e2mbito de uma opera\u00e7\u00e3o de combate ao tr\u00e1fico de estupefacientes levada a cabo pela Pol\u00edcia de Seguran\u00e7a P\u00fablica (PSP).\" \/>\n<meta name=\"robots\" content=\"index, follow, max-snippet:-1, max-image-preview:large, max-video-preview:-1\" \/>\n<link rel=\"canonical\" href=\"https:\/\/www.altominho.tv\/site\/2026\/03\/30\/homem-de-65-anos-detido-por-trafico-de-droga-posse-armas-viana-do-castelo\/\" \/>\n<meta property=\"og:locale\" content=\"pt_PT\" \/>\n<meta property=\"og:type\" content=\"article\" \/>\n<meta property=\"og:title\" content=\"Homem de 65 anos detido por tr\u00e1fico de droga e posse de armas em Viana do Castelo\" \/>\n<meta property=\"og:description\" content=\"Um homem de 65 anos foi detido no passado dia 28 de mar\u00e7o, pelas 17h10, na Meadela, em Viana do Castelo, no \u00e2mbito de uma opera\u00e7\u00e3o de combate ao tr\u00e1fico de estupefacientes levada a cabo pela Pol\u00edcia de Seguran\u00e7a P\u00fablica (PSP).\" \/>\n<meta property=\"og:url\" content=\"https:\/\/www.altominho.tv\/site\/2026\/03\/30\/homem-de-65-anos-detido-por-trafico-de-droga-posse-armas-viana-do-castelo\/\" \/>\n<meta property=\"og:site_name\" content=\"Altominho.tv\" \/>\n<meta property=\"article:publisher\" content=\"https:\/\/www.facebook.com\/altominhotv\" \/>\n<meta property=\"article:published_time\" content=\"2026-03-30T14:55:59+00:00\" \/>\n<meta property=\"article:modified_time\" content=\"2026-03-30T14:57:12+00:00\" \/>\n<meta property=\"og:image\" content=\"https:\/\/www.altominho.tv\/site\/wp-content\/uploads\/2026\/03\/Design-sem-nome-2026-03-30T155343.252.jpg\" \/>\n\t<meta property=\"og:image:width\" content=\"1200\" \/>\n\t<meta property=\"og:image:height\" content=\"630\" \/>\n\t<meta property=\"og:image:type\" content=\"image\/jpeg\" \/>\n<meta name=\"author\" content=\"Eduarda Cardoso\" \/>\n<meta name=\"twitter:card\" content=\"summary_large_image\" \/>\n<meta name=\"twitter:creator\" content=\"@altominhoTV\" \/>\n<meta name=\"twitter:site\" content=\"@altominhoTV\" \/>\n<meta name=\"twitter:label1\" content=\"Escrito por\" \/>\n\t<meta name=\"twitter:data1\" content=\"Eduarda Cardoso\" \/>\n\t<meta name=\"twitter:label2\" content=\"Tempo estimado de leitura\" \/>\n\t<meta name=\"twitter:data2\" content=\"1 minuto\" \/>\n<script type=\"application\/ld+json\" class=\"yoast-schema-graph\">{\"@context\":\"https:\\\/\\\/schema.org\",\"@graph\":[{\"@type\":\"Article\",\"@id\":\"https:\\\/\\\/www.altominho.tv\\\/site\\\/2026\\\/03\\\/30\\\/homem-de-65-anos-detido-por-trafico-de-droga-posse-armas-viana-do-castelo\\\/#article\",\"isPartOf\":{\"@id\":\"https:\\\/\\\/www.altominho.tv\\\/site\\\/2026\\\/03\\\/30\\\/homem-de-65-anos-detido-por-trafico-de-droga-posse-armas-viana-do-castelo\\\/\"},\"author\":{\"name\":\"Eduarda Cardoso\",\"@id\":\"https:\\\/\\\/www.altominho.tv\\\/site\\\/#\\\/schema\\\/person\\\/9e351387b727413d005ccf1152c93539\"},\"headline\":\"Homem de 65 anos detido por tr\u00e1fico de droga e posse de armas em Viana do Castelo\",\"datePublished\":\"2026-03-30T14:55:59+00:00\",\"dateModified\":\"2026-03-30T14:57:12+00:00\",\"mainEntityOfPage\":{\"@id\":\"https:\\\/\\\/www.altominho.tv\\\/site\\\/2026\\\/03\\\/30\\\/homem-de-65-anos-detido-por-trafico-de-droga-posse-armas-viana-do-castelo\\\/\"},\"wordCount\":180,\"image\":{\"@id\":\"https:\\\/\\\/www.altominho.tv\\\/site\\\/2026\\\/03\\\/30\\\/homem-de-65-anos-detido-por-trafico-de-droga-posse-armas-viana-do-castelo\\\/#primaryimage\"},\"thumbnailUrl\":\"https:\\\/\\\/www.altominho.tv\\\/site\\\/wp-content\\\/uploads\\\/2026\\\/03\\\/Design-sem-nome-2026-03-30T155343.252.jpg\",\"keywords\":[\"Sociedade\"],\"articleSection\":[\"Viana do Castelo\"],\"inLanguage\":\"pt-PT\",\"copyrightYear\":\"2026\",\"copyrightHolder\":{\"@id\":\"https:\\\/\\\/www.altominho.tv\\\/site\\\/#organization\"}},{\"@type\":\"WebPage\",\"@id\":\"https:\\\/\\\/www.altominho.tv\\\/site\\\/2026\\\/03\\\/30\\\/homem-de-65-anos-detido-por-trafico-de-droga-posse-armas-viana-do-castelo\\\/\",\"url\":\"https:\\\/\\\/www.altominho.tv\\\/site\\\/2026\\\/03\\\/30\\\/homem-de-65-anos-detido-por-trafico-de-droga-posse-armas-viana-do-castelo\\\/\",\"name\":\"Homem de 65 anos detido por tr\u00e1fico de droga e posse de armas em Viana do Castelo\",\"isPartOf\":{\"@id\":\"https:\\\/\\\/www.altominho.tv\\\/site\\\/#website\"},\"primaryImageOfPage\":{\"@id\":\"https:\\\/\\\/www.altominho.tv\\\/site\\\/2026\\\/03\\\/30\\\/homem-de-65-anos-detido-por-trafico-de-droga-posse-armas-viana-do-castelo\\\/#primaryimage\"},\"image\":{\"@id\":\"https:\\\/\\\/www.altominho.tv\\\/site\\\/2026\\\/03\\\/30\\\/homem-de-65-anos-detido-por-trafico-de-droga-posse-armas-viana-do-castelo\\\/#primaryimage\"},\"thumbnailUrl\":\"https:\\\/\\\/www.altominho.tv\\\/site\\\/wp-content\\\/uploads\\\/2026\\\/03\\\/Design-sem-nome-2026-03-30T155343.252.jpg\",\"datePublished\":\"2026-03-30T14:55:59+00:00\",\"dateModified\":\"2026-03-30T14:57:12+00:00\",\"author\":{\"@id\":\"https:\\\/\\\/www.altominho.tv\\\/site\\\/#\\\/schema\\\/person\\\/9e351387b727413d005ccf1152c93539\"},\"description\":\"Um homem de 65 anos foi detido no passado dia 28 de mar\u00e7o, pelas 17h10, na Meadela, em Viana do Castelo, no \u00e2mbito de uma opera\u00e7\u00e3o de combate ao tr\u00e1fico de estupefacientes levada a cabo pela Pol\u00edcia de Seguran\u00e7a P\u00fablica (PSP).\",\"breadcrumb\":{\"@id\":\"https:\\\/\\\/www.altominho.tv\\\/site\\\/2026\\\/03\\\/30\\\/homem-de-65-anos-detido-por-trafico-de-droga-posse-armas-viana-do-castelo\\\/#breadcrumb\"},\"inLanguage\":\"pt-PT\",\"potentialAction\":[{\"@type\":\"ReadAction\",\"target\":[\"https:\\\/\\\/www.altominho.tv\\\/site\\\/2026\\\/03\\\/30\\\/homem-de-65-anos-detido-por-trafico-de-droga-posse-armas-viana-do-castelo\\\/\"]}]},{\"@type\":\"ImageObject\",\"inLanguage\":\"pt-PT\",\"@id\":\"https:\\\/\\\/www.altominho.tv\\\/site\\\/2026\\\/03\\\/30\\\/homem-de-65-anos-detido-por-trafico-de-droga-posse-armas-viana-do-castelo\\\/#primaryimage\",\"url\":\"https:\\\/\\\/www.altominho.tv\\\/site\\\/wp-content\\\/uploads\\\/2026\\\/03\\\/Design-sem-nome-2026-03-30T155343.252.jpg\",\"contentUrl\":\"https:\\\/\\\/www.altominho.tv\\\/site\\\/wp-content\\\/uploads\\\/2026\\\/03\\\/Design-sem-nome-2026-03-30T155343.252.jpg\",\"width\":1200,\"height\":630},{\"@type\":\"BreadcrumbList\",\"@id\":\"https:\\\/\\\/www.altominho.tv\\\/site\\\/2026\\\/03\\\/30\\\/homem-de-65-anos-detido-por-trafico-de-droga-posse-armas-viana-do-castelo\\\/#breadcrumb\",\"itemListElement\":[{\"@type\":\"ListItem\",\"position\":1,\"name\":\"In\u00edcio\",\"item\":\"https:\\\/\\\/www.altominho.tv\\\/site\\\/\"},{\"@type\":\"ListItem\",\"position\":2,\"name\":\"Homem de 65 anos detido por tr\u00e1fico de droga e posse de armas em Viana do Castelo\"}]},{\"@type\":\"WebSite\",\"@id\":\"https:\\\/\\\/www.altominho.tv\\\/site\\\/#website\",\"url\":\"https:\\\/\\\/www.altominho.tv\\\/site\\\/\",\"name\":\"Altominho.tv\",\"description\":\"A sua regi\u00e3o \u00e0 dist\u00e2ncia de um clique...\",\"potentialAction\":[{\"@type\":\"SearchAction\",\"target\":{\"@type\":\"EntryPoint\",\"urlTemplate\":\"https:\\\/\\\/www.altominho.tv\\\/site\\\/?s={search_term_string}\"},\"query-input\":{\"@type\":\"PropertyValueSpecification\",\"valueRequired\":true,\"valueName\":\"search_term_string\"}}],\"inLanguage\":\"pt-PT\"},{\"@type\":\"Person\",\"@id\":\"https:\\\/\\\/www.altominho.tv\\\/site\\\/#\\\/schema\\\/person\\\/9e351387b727413d005ccf1152c93539\",\"name\":\"Eduarda Cardoso\",\"image\":{\"@type\":\"ImageObject\",\"inLanguage\":\"pt-PT\",\"@id\":\"https:\\\/\\\/www.altominho.tv\\\/site\\\/wp-content\\\/uploads\\\/2021\\\/01\\\/cropped-Logo-ATV_WEB-150x150.png\",\"url\":\"https:\\\/\\\/www.altominho.tv\\\/site\\\/wp-content\\\/uploads\\\/2021\\\/01\\\/cropped-Logo-ATV_WEB-150x150.png\",\"contentUrl\":\"https:\\\/\\\/www.altominho.tv\\\/site\\\/wp-content\\\/uploads\\\/2021\\\/01\\\/cropped-Logo-ATV_WEB-150x150.png\",\"caption\":\"Eduarda Cardoso\"},\"url\":\"https:\\\/\\\/www.altominho.tv\\\/site\\\/author\\\/eduarda-cardoso\\\/\"}]}<\/script>\n<!-- \/ Yoast SEO Premium plugin. -->","yoast_head_json":{"title":"Homem de 65 anos detido por tr\u00e1fico de droga e posse de armas em Viana do Castelo","description":"Um homem de 65 anos foi detido no passado dia 28 de mar\u00e7o, pelas 17h10, na Meadela, em Viana do Castelo, no \u00e2mbito de uma opera\u00e7\u00e3o de combate ao tr\u00e1fico de estupefacientes levada a cabo pela Pol\u00edcia de Seguran\u00e7a P\u00fablica (PSP).","robots":{"index":"index","follow":"follow","max-snippet":"max-snippet:-1","max-image-preview":"max-image-preview:large","max-video-preview":"max-video-preview:-1"},"canonical":"https:\/\/www.altominho.tv\/site\/2026\/03\/30\/homem-de-65-anos-detido-por-trafico-de-droga-posse-armas-viana-do-castelo\/","og_locale":"pt_PT","og_type":"article","og_title":"Homem de 65 anos detido por tr\u00e1fico de droga e posse de armas em Viana do Castelo","og_description":"Um homem de 65 anos foi detido no passado dia 28 de mar\u00e7o, pelas 17h10, na Meadela, em Viana do Castelo, no \u00e2mbito de uma opera\u00e7\u00e3o de combate ao tr\u00e1fico de estupefacientes levada a cabo pela Pol\u00edcia de Seguran\u00e7a P\u00fablica (PSP).","og_url":"https:\/\/www.altominho.tv\/site\/2026\/03\/30\/homem-de-65-anos-detido-por-trafico-de-droga-posse-armas-viana-do-castelo\/","og_site_name":"Altominho.tv","article_publisher":"https:\/\/www.facebook.com\/altominhotv","article_published_time":"2026-03-30T14:55:59+00:00","article_modified_time":"2026-03-30T14:57:12+00:00","og_image":[{"width":1200,"height":630,"url":"https:\/\/www.altominho.tv\/site\/wp-content\/uploads\/2026\/03\/Design-sem-nome-2026-03-30T155343.252.jpg","type":"image\/jpeg"}],"author":"Eduarda Cardoso","twitter_card":"summary_large_image","twitter_creator":"@altominhoTV","twitter_site":"@altominhoTV","twitter_misc":{"Escrito por":"Eduarda Cardoso","Tempo estimado de leitura":"1 minuto"},"schema":{"@context":"https:\/\/schema.org","@graph":[{"@type":"Article","@id":"https:\/\/www.altominho.tv\/site\/2026\/03\/30\/homem-de-65-anos-detido-por-trafico-de-droga-posse-armas-viana-do-castelo\/#article","isPartOf":{"@id":"https:\/\/www.altominho.tv\/site\/2026\/03\/30\/homem-de-65-anos-detido-por-trafico-de-droga-posse-armas-viana-do-castelo\/"},"author":{"name":"Eduarda Cardoso","@id":"https:\/\/www.altominho.tv\/site\/#\/schema\/person\/9e351387b727413d005ccf1152c93539"},"headline":"Homem de 65 anos detido por tr\u00e1fico de droga e posse de armas em Viana do Castelo","datePublished":"2026-03-30T14:55:59+00:00","dateModified":"2026-03-30T14:57:12+00:00","mainEntityOfPage":{"@id":"https:\/\/www.altominho.tv\/site\/2026\/03\/30\/homem-de-65-anos-detido-por-trafico-de-droga-posse-armas-viana-do-castelo\/"},"wordCount":180,"image":{"@id":"https:\/\/www.altominho.tv\/site\/2026\/03\/30\/homem-de-65-anos-detido-por-trafico-de-droga-posse-armas-viana-do-castelo\/#primaryimage"},"thumbnailUrl":"https:\/\/www.altominho.tv\/site\/wp-content\/uploads\/2026\/03\/Design-sem-nome-2026-03-30T155343.252.jpg","keywords":["Sociedade"],"articleSection":["Viana do Castelo"],"inLanguage":"pt-PT","copyrightYear":"2026","copyrightHolder":{"@id":"https:\/\/www.altominho.tv\/site\/#organization"}},{"@type":"WebPage","@id":"https:\/\/www.altominho.tv\/site\/2026\/03\/30\/homem-de-65-anos-detido-por-trafico-de-droga-posse-armas-viana-do-castelo\/","url":"https:\/\/www.altominho.tv\/site\/2026\/03\/30\/homem-de-65-anos-detido-por-trafico-de-droga-posse-armas-viana-do-castelo\/","name":"Homem de 65 anos detido por tr\u00e1fico de droga e posse de armas em Viana do Castelo","isPartOf":{"@id":"https:\/\/www.altominho.tv\/site\/#website"},"primaryImageOfPage":{"@id":"https:\/\/www.altominho.tv\/site\/2026\/03\/30\/homem-de-65-anos-detido-por-trafico-de-droga-posse-armas-viana-do-castelo\/#primaryimage"},"image":{"@id":"https:\/\/www.altominho.tv\/site\/2026\/03\/30\/homem-de-65-anos-detido-por-trafico-de-droga-posse-armas-viana-do-castelo\/#primaryimage"},"thumbnailUrl":"https:\/\/www.altominho.tv\/site\/wp-content\/uploads\/2026\/03\/Design-sem-nome-2026-03-30T155343.252.jpg","datePublished":"2026-03-30T14:55:59+00:00","dateModified":"2026-03-30T14:57:12+00:00","author":{"@id":"https:\/\/www.altominho.tv\/site\/#\/schema\/person\/9e351387b727413d005ccf1152c93539"},"description":"Um homem de 65 anos foi detido no passado dia 28 de mar\u00e7o, pelas 17h10, na Meadela, em Viana do Castelo, no \u00e2mbito de uma opera\u00e7\u00e3o de combate ao tr\u00e1fico de estupefacientes levada a cabo pela Pol\u00edcia de Seguran\u00e7a P\u00fablica (PSP).","breadcrumb":{"@id":"https:\/\/www.altominho.tv\/site\/2026\/03\/30\/homem-de-65-anos-detido-por-trafico-de-droga-posse-armas-viana-do-castelo\/#breadcrumb"},"inLanguage":"pt-PT","potentialAction":[{"@type":"ReadAction","target":["https:\/\/www.altominho.tv\/site\/2026\/03\/30\/homem-de-65-anos-detido-por-trafico-de-droga-posse-armas-viana-do-castelo\/"]}]},{"@type":"ImageObject","inLanguage":"pt-PT","@id":"https:\/\/www.altominho.tv\/site\/2026\/03\/30\/homem-de-65-anos-detido-por-trafico-de-droga-posse-armas-viana-do-castelo\/#primaryimage","url":"https:\/\/www.altominho.tv\/site\/wp-content\/uploads\/2026\/03\/Design-sem-nome-2026-03-30T155343.252.jpg","contentUrl":"https:\/\/www.altominho.tv\/site\/wp-content\/uploads\/2026\/03\/Design-sem-nome-2026-03-30T155343.252.jpg","width":1200,"height":630},{"@type":"BreadcrumbList","@id":"https:\/\/www.altominho.tv\/site\/2026\/03\/30\/homem-de-65-anos-detido-por-trafico-de-droga-posse-armas-viana-do-castelo\/#breadcrumb","itemListElement":[{"@type":"ListItem","position":1,"name":"In\u00edcio","item":"https:\/\/www.altominho.tv\/site\/"},{"@type":"ListItem","position":2,"name":"Homem de 65 anos detido por tr\u00e1fico de droga e posse de armas em Viana do Castelo"}]},{"@type":"WebSite","@id":"https:\/\/www.altominho.tv\/site\/#website","url":"https:\/\/www.altominho.tv\/site\/","name":"Altominho.tv","description":"A sua regi\u00e3o \u00e0 dist\u00e2ncia de um clique...","potentialAction":[{"@type":"SearchAction","target":{"@type":"EntryPoint","urlTemplate":"https:\/\/www.altominho.tv\/site\/?s={search_term_string}"},"query-input":{"@type":"PropertyValueSpecification","valueRequired":true,"valueName":"search_term_string"}}],"inLanguage":"pt-PT"},{"@type":"Person","@id":"https:\/\/www.altominho.tv\/site\/#\/schema\/person\/9e351387b727413d005ccf1152c93539","name":"Eduarda Cardoso","image":{"@type":"ImageObject","inLanguage":"pt-PT","@id":"https:\/\/www.altominho.tv\/site\/wp-content\/uploads\/2021\/01\/cropped-Logo-ATV_WEB-150x150.png","url":"https:\/\/www.altominho.tv\/site\/wp-content\/uploads\/2021\/01\/cropped-Logo-ATV_WEB-150x150.png","contentUrl":"https:\/\/www.altominho.tv\/site\/wp-content\/uploads\/2021\/01\/cropped-Logo-ATV_WEB-150x150.png","caption":"Eduarda Cardoso"},"url":"https:\/\/www.altominho.tv\/site\/author\/eduarda-cardoso\/"}]}},"_links":{"self":[{"href":"https:\/\/www.altominho.tv\/site\/wp-json\/wp\/v2\/posts\/130585","targetHints":{"allow":["GET"]}}],"collection":[{"href":"https:\/\/www.altominho.tv\/site\/wp-json\/wp\/v2\/posts"}],"about":[{"href":"https:\/\/www.altominho.tv\/site\/wp-json\/wp\/v2\/types\/post"}],"author":[{"embeddable":true,"href":"https:\/\/www.altominho.tv\/site\/wp-json\/wp\/v2\/users\/30"}],"replies":[{"embeddable":true,"href":"https:\/\/www.altominho.tv\/site\/wp-json\/wp\/v2\/comments?post=130585"}],"version-history":[{"count":2,"href":"https:\/\/www.altominho.tv\/site\/wp-json\/wp\/v2\/posts\/130585\/revisions"}],"predecessor-version":[{"id":130588,"href":"https:\/\/www.altominho.tv\/site\/wp-json\/wp\/v2\/posts\/130585\/revisions\/130588"}],"wp:featuredmedia":[{"embeddable":true,"href":"https:\/\/www.altominho.tv\/site\/wp-json\/wp\/v2\/media\/130586"}],"wp:attachment":[{"href":"https:\/\/www.altominho.tv\/site\/wp-json\/wp\/v2\/media?parent=130585"}],"wp:term":[{"taxonomy":"category","embeddable":true,"href":"https:\/\/www.altominho.tv\/site\/wp-json\/wp\/v2\/categories?post=130585"},{"taxonomy":"post_tag","embeddable":true,"href":"https:\/\/www.altominho.tv\/site\/wp-json\/wp\/v2\/tags?post=130585"}],"curies":[{"name":"wp","href":"https:\/\/api.w.org\/{rel}","templated":true}]}}