{"id":130556,"date":"2026-03-30T09:22:46","date_gmt":"2026-03-30T08:22:46","guid":{"rendered":"https:\/\/www.altominho.tv\/site\/?p=130556"},"modified":"2026-03-30T09:22:49","modified_gmt":"2026-03-30T08:22:49","slug":"liga-dos-amigos-do-hospital-de-viana-do-castelo-promove-concurso-solidario","status":"publish","type":"post","link":"https:\/\/www.altominho.tv\/site\/2026\/03\/30\/liga-dos-amigos-do-hospital-de-viana-do-castelo-promove-concurso-solidario\/","title":{"rendered":"Liga dos Amigos do Hospital de Viana do Castelo promove concurso solid\u00e1rio\u00a0"},"content":{"rendered":"<p class=\"p1\">A Liga dos Amigos do Hospital de Viana do Castelo promove, no pr\u00f3ximo dia 5 de junho, Dia Mundial do Ambiente, a 3.\u00aa Gala Solid\u00e1ria, que ter\u00e1 lugar no Parque Ecol\u00f3gico Urbano de Viana do Castelo. Com coordena\u00e7\u00e3o t\u00e9cnica e art\u00edstica da estilista Isabel Lima, o concurso conta ainda com o apoio do projeto ULSAM+VERDE e da C\u00e2mara Municipal de Viana do Castelo.<\/p>\n<p class=\"p1\">O evento, agendado para as 21h00, integra o concurso \u201cVestir Reciclado\u201d, uma iniciativa que alia criatividade, sustentabilidade e solidariedade.<\/p>\n<p class=\"p1\">O concurso desafia participantes de diferentes \u00e1reas, desde profissionais de sa\u00fade a estudantes, designers e p\u00fablico em geral, a criarem pe\u00e7as de vestu\u00e1rio a partir de desperd\u00edcios hospitalares recicl\u00e1veis, como tecido n\u00e3o tecido e celulose. Cada concorrente poder\u00e1 apresentar apenas um modelo, desenvolvido com materiais fornecidos pela organiza\u00e7\u00e3o no momento da pr\u00e9-inscri\u00e7\u00e3o.<\/p>\n<p class=\"p1\">O objetivo passa n\u00e3o s\u00f3 por incentivar pr\u00e1ticas sustent\u00e1veis na moda, mas tamb\u00e9m por angariar fundos, revertendo os donativos das inscri\u00e7\u00f5es e da assist\u00eancia para a Liga dos Amigos do Hospital de Viana do Castelo.<\/p>\n<p class=\"p1\">As inscri\u00e7\u00f5es j\u00e1 est\u00e3o abertas e s\u00e3o limitas a 50 concorrentes. A confirma\u00e7\u00e3o da participa\u00e7\u00e3o dever\u00e1 ser formalizada at\u00e9 10 de maio.<\/p>\n<p class=\"p1\">O desfile final ser\u00e1 avaliado por um j\u00fari composto por profissionais das \u00e1reas da moda, ambiente, sustentabilidade e sa\u00fade, que ir\u00e3o atribuir os tr\u00eas primeiros pr\u00e9mios. Haver\u00e1 tamb\u00e9m um pr\u00e9mio do p\u00fablico, decidido atrav\u00e9s de vota\u00e7\u00e3o da assist\u00eancia.<\/p>\n\n\n<figure class=\"wp-block-image size-large\"><img loading=\"lazy\" decoding=\"async\" width=\"683\" height=\"1024\" src=\"https:\/\/www.altominho.tv\/site\/wp-content\/uploads\/2026\/03\/657006313_1395272395973812_3425080653641022524_n-683x1024.jpeg\" alt=\"\" class=\"wp-image-130559\" srcset=\"https:\/\/www.altominho.tv\/site\/wp-content\/uploads\/2026\/03\/657006313_1395272395973812_3425080653641022524_n-683x1024.jpeg 683w, https:\/\/www.altominho.tv\/site\/wp-content\/uploads\/2026\/03\/657006313_1395272395973812_3425080653641022524_n-289x433.jpeg 289w, https:\/\/www.altominho.tv\/site\/wp-content\/uploads\/2026\/03\/657006313_1395272395973812_3425080653641022524_n-768x1152.jpeg 768w, https:\/\/www.altominho.tv\/site\/wp-content\/uploads\/2026\/03\/657006313_1395272395973812_3425080653641022524_n-1024x1536.jpeg 1024w, https:\/\/www.altominho.tv\/site\/wp-content\/uploads\/2026\/03\/657006313_1395272395973812_3425080653641022524_n-370x555.jpeg 370w, https:\/\/www.altominho.tv\/site\/wp-content\/uploads\/2026\/03\/657006313_1395272395973812_3425080653641022524_n-270x405.jpeg 270w, https:\/\/www.altominho.tv\/site\/wp-content\/uploads\/2026\/03\/657006313_1395272395973812_3425080653641022524_n-570x855.jpeg 570w, https:\/\/www.altominho.tv\/site\/wp-content\/uploads\/2026\/03\/657006313_1395272395973812_3425080653641022524_n-740x1110.jpeg 740w, https:\/\/www.altominho.tv\/site\/wp-content\/uploads\/2026\/03\/657006313_1395272395973812_3425080653641022524_n.jpeg 1365w\" sizes=\"auto, (max-width: 683px) 100vw, 683px\" \/><\/figure>\n","protected":false},"excerpt":{"rendered":"<p>A Liga dos Amigos do Hospital de Viana do Castelo promove, no pr\u00f3ximo dia 5 de junho, Dia Mundial do Ambiente, a 3.\u00aa Gala Solid\u00e1ria, que ter\u00e1 lugar no Parque Ecol\u00f3gico Urbano de Viana do Castelo. Com coordena\u00e7\u00e3o t\u00e9cnica e art\u00edstica da estilista Isabel Lima, o concurso conta ainda com o apoio do projeto ULSAM+VERDE [&hellip;]<\/p>\n","protected":false},"author":30,"featured_media":130557,"comment_status":"closed","ping_status":"closed","sticky":false,"template":"","format":"standard","meta":{"_exactmetrics_skip_tracking":false,"_exactmetrics_sitenote_active":false,"_exactmetrics_sitenote_note":"","_exactmetrics_sitenote_category":0,"footnotes":""},"categories":[14],"tags":[27],"class_list":["post-130556","post","type-post","status-publish","format-standard","has-post-thumbnail","hentry","category-viana-do-castelo","tag-sociedade"],"yoast_head":"<!-- This site is optimized with the Yoast SEO Premium plugin v27.5 (Yoast SEO v27.5) - https:\/\/yoast.com\/product\/yoast-seo-premium-wordpress\/ -->\n<title>Liga dos Amigos do Hospital de Viana do Castelo promove concurso solid\u00e1rio\u00a0<\/title>\n<meta name=\"description\" content=\"A Liga dos Amigos do Hospital de Viana do Castelo promove, no pr\u00f3ximo dia 5 de junho, Dia Mundial do Ambiente, a 3.\u00aa Gala Solid\u00e1ria, que ter\u00e1 lugar no Parque Ecol\u00f3gico Urbano de Viana do Castelo.\" \/>\n<meta name=\"robots\" content=\"index, follow, max-snippet:-1, max-image-preview:large, max-video-preview:-1\" \/>\n<link rel=\"canonical\" href=\"https:\/\/www.altominho.tv\/site\/2026\/03\/30\/liga-dos-amigos-do-hospital-de-viana-do-castelo-promove-concurso-solidario\/\" \/>\n<meta property=\"og:locale\" content=\"pt_PT\" \/>\n<meta property=\"og:type\" content=\"article\" \/>\n<meta property=\"og:title\" content=\"Liga dos Amigos do Hospital de Viana do Castelo promove concurso solid\u00e1rio\u00a0\" \/>\n<meta property=\"og:description\" content=\"A Liga dos Amigos do Hospital de Viana do Castelo promove, no pr\u00f3ximo dia 5 de junho, Dia Mundial do Ambiente, a 3.\u00aa Gala Solid\u00e1ria, que ter\u00e1 lugar no Parque Ecol\u00f3gico Urbano de Viana do Castelo.\" \/>\n<meta property=\"og:url\" content=\"https:\/\/www.altominho.tv\/site\/2026\/03\/30\/liga-dos-amigos-do-hospital-de-viana-do-castelo-promove-concurso-solidario\/\" \/>\n<meta property=\"og:site_name\" content=\"Altominho.tv\" \/>\n<meta property=\"article:publisher\" content=\"https:\/\/www.facebook.com\/altominhotv\" \/>\n<meta property=\"article:published_time\" content=\"2026-03-30T08:22:46+00:00\" \/>\n<meta property=\"article:modified_time\" content=\"2026-03-30T08:22:49+00:00\" \/>\n<meta property=\"og:image\" content=\"https:\/\/www.altominho.tv\/site\/wp-content\/uploads\/2026\/03\/vestido-reciclado.jpg\" \/>\n\t<meta property=\"og:image:width\" content=\"1200\" \/>\n\t<meta property=\"og:image:height\" content=\"630\" \/>\n\t<meta property=\"og:image:type\" content=\"image\/jpeg\" \/>\n<meta name=\"author\" content=\"Eduarda Cardoso\" \/>\n<meta name=\"twitter:card\" content=\"summary_large_image\" \/>\n<meta name=\"twitter:creator\" content=\"@altominhoTV\" \/>\n<meta name=\"twitter:site\" content=\"@altominhoTV\" \/>\n<meta name=\"twitter:label1\" content=\"Escrito por\" \/>\n\t<meta name=\"twitter:data1\" content=\"Eduarda Cardoso\" \/>\n\t<meta name=\"twitter:label2\" content=\"Tempo estimado de leitura\" \/>\n\t<meta name=\"twitter:data2\" content=\"2 minutos\" \/>\n<script type=\"application\/ld+json\" class=\"yoast-schema-graph\">{\"@context\":\"https:\\\/\\\/schema.org\",\"@graph\":[{\"@type\":\"Article\",\"@id\":\"https:\\\/\\\/www.altominho.tv\\\/site\\\/2026\\\/03\\\/30\\\/liga-dos-amigos-do-hospital-de-viana-do-castelo-promove-concurso-solidario\\\/#article\",\"isPartOf\":{\"@id\":\"https:\\\/\\\/www.altominho.tv\\\/site\\\/2026\\\/03\\\/30\\\/liga-dos-amigos-do-hospital-de-viana-do-castelo-promove-concurso-solidario\\\/\"},\"author\":{\"name\":\"Eduarda Cardoso\",\"@id\":\"https:\\\/\\\/www.altominho.tv\\\/site\\\/#\\\/schema\\\/person\\\/9e351387b727413d005ccf1152c93539\"},\"headline\":\"Liga dos Amigos do Hospital de Viana do Castelo promove concurso solid\u00e1rio\u00a0\",\"datePublished\":\"2026-03-30T08:22:46+00:00\",\"dateModified\":\"2026-03-30T08:22:49+00:00\",\"mainEntityOfPage\":{\"@id\":\"https:\\\/\\\/www.altominho.tv\\\/site\\\/2026\\\/03\\\/30\\\/liga-dos-amigos-do-hospital-de-viana-do-castelo-promove-concurso-solidario\\\/\"},\"wordCount\":278,\"image\":{\"@id\":\"https:\\\/\\\/www.altominho.tv\\\/site\\\/2026\\\/03\\\/30\\\/liga-dos-amigos-do-hospital-de-viana-do-castelo-promove-concurso-solidario\\\/#primaryimage\"},\"thumbnailUrl\":\"https:\\\/\\\/www.altominho.tv\\\/site\\\/wp-content\\\/uploads\\\/2026\\\/03\\\/vestido-reciclado.jpg\",\"keywords\":[\"Sociedade\"],\"articleSection\":[\"Viana do Castelo\"],\"inLanguage\":\"pt-PT\",\"copyrightYear\":\"2026\",\"copyrightHolder\":{\"@id\":\"https:\\\/\\\/www.altominho.tv\\\/site\\\/#organization\"}},{\"@type\":\"WebPage\",\"@id\":\"https:\\\/\\\/www.altominho.tv\\\/site\\\/2026\\\/03\\\/30\\\/liga-dos-amigos-do-hospital-de-viana-do-castelo-promove-concurso-solidario\\\/\",\"url\":\"https:\\\/\\\/www.altominho.tv\\\/site\\\/2026\\\/03\\\/30\\\/liga-dos-amigos-do-hospital-de-viana-do-castelo-promove-concurso-solidario\\\/\",\"name\":\"Liga dos Amigos do Hospital de Viana do Castelo promove concurso solid\u00e1rio\u00a0\",\"isPartOf\":{\"@id\":\"https:\\\/\\\/www.altominho.tv\\\/site\\\/#website\"},\"primaryImageOfPage\":{\"@id\":\"https:\\\/\\\/www.altominho.tv\\\/site\\\/2026\\\/03\\\/30\\\/liga-dos-amigos-do-hospital-de-viana-do-castelo-promove-concurso-solidario\\\/#primaryimage\"},\"image\":{\"@id\":\"https:\\\/\\\/www.altominho.tv\\\/site\\\/2026\\\/03\\\/30\\\/liga-dos-amigos-do-hospital-de-viana-do-castelo-promove-concurso-solidario\\\/#primaryimage\"},\"thumbnailUrl\":\"https:\\\/\\\/www.altominho.tv\\\/site\\\/wp-content\\\/uploads\\\/2026\\\/03\\\/vestido-reciclado.jpg\",\"datePublished\":\"2026-03-30T08:22:46+00:00\",\"dateModified\":\"2026-03-30T08:22:49+00:00\",\"author\":{\"@id\":\"https:\\\/\\\/www.altominho.tv\\\/site\\\/#\\\/schema\\\/person\\\/9e351387b727413d005ccf1152c93539\"},\"description\":\"A Liga dos Amigos do Hospital de Viana do Castelo promove, no pr\u00f3ximo dia 5 de junho, Dia Mundial do Ambiente, a 3.\u00aa Gala Solid\u00e1ria, que ter\u00e1 lugar no Parque Ecol\u00f3gico Urbano de Viana do Castelo.\",\"breadcrumb\":{\"@id\":\"https:\\\/\\\/www.altominho.tv\\\/site\\\/2026\\\/03\\\/30\\\/liga-dos-amigos-do-hospital-de-viana-do-castelo-promove-concurso-solidario\\\/#breadcrumb\"},\"inLanguage\":\"pt-PT\",\"potentialAction\":[{\"@type\":\"ReadAction\",\"target\":[\"https:\\\/\\\/www.altominho.tv\\\/site\\\/2026\\\/03\\\/30\\\/liga-dos-amigos-do-hospital-de-viana-do-castelo-promove-concurso-solidario\\\/\"]}]},{\"@type\":\"ImageObject\",\"inLanguage\":\"pt-PT\",\"@id\":\"https:\\\/\\\/www.altominho.tv\\\/site\\\/2026\\\/03\\\/30\\\/liga-dos-amigos-do-hospital-de-viana-do-castelo-promove-concurso-solidario\\\/#primaryimage\",\"url\":\"https:\\\/\\\/www.altominho.tv\\\/site\\\/wp-content\\\/uploads\\\/2026\\\/03\\\/vestido-reciclado.jpg\",\"contentUrl\":\"https:\\\/\\\/www.altominho.tv\\\/site\\\/wp-content\\\/uploads\\\/2026\\\/03\\\/vestido-reciclado.jpg\",\"width\":1200,\"height\":630},{\"@type\":\"BreadcrumbList\",\"@id\":\"https:\\\/\\\/www.altominho.tv\\\/site\\\/2026\\\/03\\\/30\\\/liga-dos-amigos-do-hospital-de-viana-do-castelo-promove-concurso-solidario\\\/#breadcrumb\",\"itemListElement\":[{\"@type\":\"ListItem\",\"position\":1,\"name\":\"In\u00edcio\",\"item\":\"https:\\\/\\\/www.altominho.tv\\\/site\\\/\"},{\"@type\":\"ListItem\",\"position\":2,\"name\":\"Liga dos Amigos do Hospital de Viana do Castelo promove concurso solid\u00e1rio\u00a0\"}]},{\"@type\":\"WebSite\",\"@id\":\"https:\\\/\\\/www.altominho.tv\\\/site\\\/#website\",\"url\":\"https:\\\/\\\/www.altominho.tv\\\/site\\\/\",\"name\":\"Altominho.tv\",\"description\":\"A sua regi\u00e3o \u00e0 dist\u00e2ncia de um clique...\",\"potentialAction\":[{\"@type\":\"SearchAction\",\"target\":{\"@type\":\"EntryPoint\",\"urlTemplate\":\"https:\\\/\\\/www.altominho.tv\\\/site\\\/?s={search_term_string}\"},\"query-input\":{\"@type\":\"PropertyValueSpecification\",\"valueRequired\":true,\"valueName\":\"search_term_string\"}}],\"inLanguage\":\"pt-PT\"},{\"@type\":\"Person\",\"@id\":\"https:\\\/\\\/www.altominho.tv\\\/site\\\/#\\\/schema\\\/person\\\/9e351387b727413d005ccf1152c93539\",\"name\":\"Eduarda Cardoso\",\"image\":{\"@type\":\"ImageObject\",\"inLanguage\":\"pt-PT\",\"@id\":\"https:\\\/\\\/www.altominho.tv\\\/site\\\/wp-content\\\/uploads\\\/2021\\\/01\\\/cropped-Logo-ATV_WEB-150x150.png\",\"url\":\"https:\\\/\\\/www.altominho.tv\\\/site\\\/wp-content\\\/uploads\\\/2021\\\/01\\\/cropped-Logo-ATV_WEB-150x150.png\",\"contentUrl\":\"https:\\\/\\\/www.altominho.tv\\\/site\\\/wp-content\\\/uploads\\\/2021\\\/01\\\/cropped-Logo-ATV_WEB-150x150.png\",\"caption\":\"Eduarda Cardoso\"},\"url\":\"https:\\\/\\\/www.altominho.tv\\\/site\\\/author\\\/eduarda-cardoso\\\/\"}]}<\/script>\n<!-- \/ Yoast SEO Premium plugin. -->","yoast_head_json":{"title":"Liga dos Amigos do Hospital de Viana do Castelo promove concurso solid\u00e1rio\u00a0","description":"A Liga dos Amigos do Hospital de Viana do Castelo promove, no pr\u00f3ximo dia 5 de junho, Dia Mundial do Ambiente, a 3.\u00aa Gala Solid\u00e1ria, que ter\u00e1 lugar no Parque Ecol\u00f3gico Urbano de Viana do Castelo.","robots":{"index":"index","follow":"follow","max-snippet":"max-snippet:-1","max-image-preview":"max-image-preview:large","max-video-preview":"max-video-preview:-1"},"canonical":"https:\/\/www.altominho.tv\/site\/2026\/03\/30\/liga-dos-amigos-do-hospital-de-viana-do-castelo-promove-concurso-solidario\/","og_locale":"pt_PT","og_type":"article","og_title":"Liga dos Amigos do Hospital de Viana do Castelo promove concurso solid\u00e1rio\u00a0","og_description":"A Liga dos Amigos do Hospital de Viana do Castelo promove, no pr\u00f3ximo dia 5 de junho, Dia Mundial do Ambiente, a 3.\u00aa Gala Solid\u00e1ria, que ter\u00e1 lugar no Parque Ecol\u00f3gico Urbano de Viana do Castelo.","og_url":"https:\/\/www.altominho.tv\/site\/2026\/03\/30\/liga-dos-amigos-do-hospital-de-viana-do-castelo-promove-concurso-solidario\/","og_site_name":"Altominho.tv","article_publisher":"https:\/\/www.facebook.com\/altominhotv","article_published_time":"2026-03-30T08:22:46+00:00","article_modified_time":"2026-03-30T08:22:49+00:00","og_image":[{"width":1200,"height":630,"url":"https:\/\/www.altominho.tv\/site\/wp-content\/uploads\/2026\/03\/vestido-reciclado.jpg","type":"image\/jpeg"}],"author":"Eduarda Cardoso","twitter_card":"summary_large_image","twitter_creator":"@altominhoTV","twitter_site":"@altominhoTV","twitter_misc":{"Escrito por":"Eduarda Cardoso","Tempo estimado de leitura":"2 minutos"},"schema":{"@context":"https:\/\/schema.org","@graph":[{"@type":"Article","@id":"https:\/\/www.altominho.tv\/site\/2026\/03\/30\/liga-dos-amigos-do-hospital-de-viana-do-castelo-promove-concurso-solidario\/#article","isPartOf":{"@id":"https:\/\/www.altominho.tv\/site\/2026\/03\/30\/liga-dos-amigos-do-hospital-de-viana-do-castelo-promove-concurso-solidario\/"},"author":{"name":"Eduarda Cardoso","@id":"https:\/\/www.altominho.tv\/site\/#\/schema\/person\/9e351387b727413d005ccf1152c93539"},"headline":"Liga dos Amigos do Hospital de Viana do Castelo promove concurso solid\u00e1rio\u00a0","datePublished":"2026-03-30T08:22:46+00:00","dateModified":"2026-03-30T08:22:49+00:00","mainEntityOfPage":{"@id":"https:\/\/www.altominho.tv\/site\/2026\/03\/30\/liga-dos-amigos-do-hospital-de-viana-do-castelo-promove-concurso-solidario\/"},"wordCount":278,"image":{"@id":"https:\/\/www.altominho.tv\/site\/2026\/03\/30\/liga-dos-amigos-do-hospital-de-viana-do-castelo-promove-concurso-solidario\/#primaryimage"},"thumbnailUrl":"https:\/\/www.altominho.tv\/site\/wp-content\/uploads\/2026\/03\/vestido-reciclado.jpg","keywords":["Sociedade"],"articleSection":["Viana do Castelo"],"inLanguage":"pt-PT","copyrightYear":"2026","copyrightHolder":{"@id":"https:\/\/www.altominho.tv\/site\/#organization"}},{"@type":"WebPage","@id":"https:\/\/www.altominho.tv\/site\/2026\/03\/30\/liga-dos-amigos-do-hospital-de-viana-do-castelo-promove-concurso-solidario\/","url":"https:\/\/www.altominho.tv\/site\/2026\/03\/30\/liga-dos-amigos-do-hospital-de-viana-do-castelo-promove-concurso-solidario\/","name":"Liga dos Amigos do Hospital de Viana do Castelo promove concurso solid\u00e1rio\u00a0","isPartOf":{"@id":"https:\/\/www.altominho.tv\/site\/#website"},"primaryImageOfPage":{"@id":"https:\/\/www.altominho.tv\/site\/2026\/03\/30\/liga-dos-amigos-do-hospital-de-viana-do-castelo-promove-concurso-solidario\/#primaryimage"},"image":{"@id":"https:\/\/www.altominho.tv\/site\/2026\/03\/30\/liga-dos-amigos-do-hospital-de-viana-do-castelo-promove-concurso-solidario\/#primaryimage"},"thumbnailUrl":"https:\/\/www.altominho.tv\/site\/wp-content\/uploads\/2026\/03\/vestido-reciclado.jpg","datePublished":"2026-03-30T08:22:46+00:00","dateModified":"2026-03-30T08:22:49+00:00","author":{"@id":"https:\/\/www.altominho.tv\/site\/#\/schema\/person\/9e351387b727413d005ccf1152c93539"},"description":"A Liga dos Amigos do Hospital de Viana do Castelo promove, no pr\u00f3ximo dia 5 de junho, Dia Mundial do Ambiente, a 3.\u00aa Gala Solid\u00e1ria, que ter\u00e1 lugar no Parque Ecol\u00f3gico Urbano de Viana do Castelo.","breadcrumb":{"@id":"https:\/\/www.altominho.tv\/site\/2026\/03\/30\/liga-dos-amigos-do-hospital-de-viana-do-castelo-promove-concurso-solidario\/#breadcrumb"},"inLanguage":"pt-PT","potentialAction":[{"@type":"ReadAction","target":["https:\/\/www.altominho.tv\/site\/2026\/03\/30\/liga-dos-amigos-do-hospital-de-viana-do-castelo-promove-concurso-solidario\/"]}]},{"@type":"ImageObject","inLanguage":"pt-PT","@id":"https:\/\/www.altominho.tv\/site\/2026\/03\/30\/liga-dos-amigos-do-hospital-de-viana-do-castelo-promove-concurso-solidario\/#primaryimage","url":"https:\/\/www.altominho.tv\/site\/wp-content\/uploads\/2026\/03\/vestido-reciclado.jpg","contentUrl":"https:\/\/www.altominho.tv\/site\/wp-content\/uploads\/2026\/03\/vestido-reciclado.jpg","width":1200,"height":630},{"@type":"BreadcrumbList","@id":"https:\/\/www.altominho.tv\/site\/2026\/03\/30\/liga-dos-amigos-do-hospital-de-viana-do-castelo-promove-concurso-solidario\/#breadcrumb","itemListElement":[{"@type":"ListItem","position":1,"name":"In\u00edcio","item":"https:\/\/www.altominho.tv\/site\/"},{"@type":"ListItem","position":2,"name":"Liga dos Amigos do Hospital de Viana do Castelo promove concurso solid\u00e1rio\u00a0"}]},{"@type":"WebSite","@id":"https:\/\/www.altominho.tv\/site\/#website","url":"https:\/\/www.altominho.tv\/site\/","name":"Altominho.tv","description":"A sua regi\u00e3o \u00e0 dist\u00e2ncia de um clique...","potentialAction":[{"@type":"SearchAction","target":{"@type":"EntryPoint","urlTemplate":"https:\/\/www.altominho.tv\/site\/?s={search_term_string}"},"query-input":{"@type":"PropertyValueSpecification","valueRequired":true,"valueName":"search_term_string"}}],"inLanguage":"pt-PT"},{"@type":"Person","@id":"https:\/\/www.altominho.tv\/site\/#\/schema\/person\/9e351387b727413d005ccf1152c93539","name":"Eduarda Cardoso","image":{"@type":"ImageObject","inLanguage":"pt-PT","@id":"https:\/\/www.altominho.tv\/site\/wp-content\/uploads\/2021\/01\/cropped-Logo-ATV_WEB-150x150.png","url":"https:\/\/www.altominho.tv\/site\/wp-content\/uploads\/2021\/01\/cropped-Logo-ATV_WEB-150x150.png","contentUrl":"https:\/\/www.altominho.tv\/site\/wp-content\/uploads\/2021\/01\/cropped-Logo-ATV_WEB-150x150.png","caption":"Eduarda Cardoso"},"url":"https:\/\/www.altominho.tv\/site\/author\/eduarda-cardoso\/"}]}},"_links":{"self":[{"href":"https:\/\/www.altominho.tv\/site\/wp-json\/wp\/v2\/posts\/130556","targetHints":{"allow":["GET"]}}],"collection":[{"href":"https:\/\/www.altominho.tv\/site\/wp-json\/wp\/v2\/posts"}],"about":[{"href":"https:\/\/www.altominho.tv\/site\/wp-json\/wp\/v2\/types\/post"}],"author":[{"embeddable":true,"href":"https:\/\/www.altominho.tv\/site\/wp-json\/wp\/v2\/users\/30"}],"replies":[{"embeddable":true,"href":"https:\/\/www.altominho.tv\/site\/wp-json\/wp\/v2\/comments?post=130556"}],"version-history":[{"count":2,"href":"https:\/\/www.altominho.tv\/site\/wp-json\/wp\/v2\/posts\/130556\/revisions"}],"predecessor-version":[{"id":130560,"href":"https:\/\/www.altominho.tv\/site\/wp-json\/wp\/v2\/posts\/130556\/revisions\/130560"}],"wp:featuredmedia":[{"embeddable":true,"href":"https:\/\/www.altominho.tv\/site\/wp-json\/wp\/v2\/media\/130557"}],"wp:attachment":[{"href":"https:\/\/www.altominho.tv\/site\/wp-json\/wp\/v2\/media?parent=130556"}],"wp:term":[{"taxonomy":"category","embeddable":true,"href":"https:\/\/www.altominho.tv\/site\/wp-json\/wp\/v2\/categories?post=130556"},{"taxonomy":"post_tag","embeddable":true,"href":"https:\/\/www.altominho.tv\/site\/wp-json\/wp\/v2\/tags?post=130556"}],"curies":[{"name":"wp","href":"https:\/\/api.w.org\/{rel}","templated":true}]}}