{"id":130532,"date":"2026-03-29T11:16:50","date_gmt":"2026-03-29T10:16:50","guid":{"rendered":"https:\/\/www.altominho.tv\/site\/?p=130532"},"modified":"2026-03-29T11:16:52","modified_gmt":"2026-03-29T10:16:52","slug":"praticante-de-wingsurf-resgatado-apos-perder-asa-na-barra-de-caminha","status":"publish","type":"post","link":"https:\/\/www.altominho.tv\/site\/2026\/03\/29\/praticante-de-wingsurf-resgatado-apos-perder-asa-na-barra-de-caminha\/","title":{"rendered":"Praticante de wingsurf resgatado ap\u00f3s perder asa na barra de Caminha"},"content":{"rendered":"<p data-start=\"64\" data-end=\"247\">Um praticante de wingsurf, de 69 anos e nacionalidade espanhola, foi resgatado ontem, na barra de Caminha, depois de se encontrar em dificuldades na \u00e1gua.<\/p>\n<p data-start=\"249\" data-end=\"529\">O alerta foi dado \u00e0s 16h57, atrav\u00e9s do Comando Naval do Minho, indicando que o praticante teria perdido a asa, ficando impossibilitado de regressar a terra pelos pr\u00f3prios meios. De imediato, foram mobilizados elementos do Comando Local da Pol\u00edcia Mar\u00edtima de Caminha para o local.<\/p>\n<p data-start=\"531\" data-end=\"730\">\u00c0 chegada, as autoridades verificaram que o homem se encontrava bem fisicamente e n\u00e3o necessitava de assist\u00eancia m\u00e9dica. Ainda assim, foi prontamente resgatado e transportado em seguran\u00e7a para terra.<\/p>\n<p data-start=\"732\" data-end=\"805\" data-is-last-node=\"\" data-is-only-node=\"\">O Comando Local da Pol\u00edcia Mar\u00edtima de Caminha tomou conta da ocorr\u00eancia.<\/p>\n<p data-start=\"732\" data-end=\"805\" data-is-last-node=\"\" data-is-only-node=\"\">\n<p data-start=\"732\" data-end=\"805\" data-is-last-node=\"\" data-is-only-node=\"\">Foto: <strong>DR<\/strong><\/p>\n","protected":false},"excerpt":{"rendered":"<p>Um praticante de wingsurf, de 69 anos e nacionalidade espanhola, foi resgatado ontem, na barra de Caminha, depois de se encontrar em dificuldades na \u00e1gua. O alerta foi dado \u00e0s 16h57, atrav\u00e9s do Comando Naval do Minho, indicando que o praticante teria perdido a asa, ficando impossibilitado de regressar a terra pelos pr\u00f3prios meios. De [&hellip;]<\/p>\n","protected":false},"author":24,"featured_media":130533,"comment_status":"closed","ping_status":"closed","sticky":false,"template":"","format":"standard","meta":{"_exactmetrics_skip_tracking":false,"_exactmetrics_sitenote_active":false,"_exactmetrics_sitenote_note":"","_exactmetrics_sitenote_category":0,"footnotes":""},"categories":[7],"tags":[27],"class_list":["post-130532","post","type-post","status-publish","format-standard","has-post-thumbnail","hentry","category-caminha","tag-sociedade"],"yoast_head":"<!-- This site is optimized with the Yoast SEO Premium plugin v27.5 (Yoast SEO v27.5) - https:\/\/yoast.com\/product\/yoast-seo-premium-wordpress\/ -->\n<title>Praticante de wingsurf resgatado ap\u00f3s perder asa na barra de Caminha<\/title>\n<meta name=\"description\" content=\"Um praticante de wingsurf, de 69 anos e nacionalidade espanhola, foi resgatado ontem, na barra de Caminha, depois de se encontrar em dificuldades na \u00e1gua.\" \/>\n<meta name=\"robots\" content=\"index, follow, max-snippet:-1, max-image-preview:large, max-video-preview:-1\" \/>\n<link rel=\"canonical\" href=\"https:\/\/www.altominho.tv\/site\/2026\/03\/29\/praticante-de-wingsurf-resgatado-apos-perder-asa-na-barra-de-caminha\/\" \/>\n<meta property=\"og:locale\" content=\"pt_PT\" \/>\n<meta property=\"og:type\" content=\"article\" \/>\n<meta property=\"og:title\" content=\"Praticante de wingsurf resgatado ap\u00f3s perder asa na barra de Caminha\" \/>\n<meta property=\"og:description\" content=\"Um praticante de wingsurf, de 69 anos e nacionalidade espanhola, foi resgatado ontem, na barra de Caminha, depois de se encontrar em dificuldades na \u00e1gua.\" \/>\n<meta property=\"og:url\" content=\"https:\/\/www.altominho.tv\/site\/2026\/03\/29\/praticante-de-wingsurf-resgatado-apos-perder-asa-na-barra-de-caminha\/\" \/>\n<meta property=\"og:site_name\" content=\"Altominho.tv\" \/>\n<meta property=\"article:publisher\" content=\"https:\/\/www.facebook.com\/altominhotv\" \/>\n<meta property=\"article:published_time\" content=\"2026-03-29T10:16:50+00:00\" \/>\n<meta property=\"article:modified_time\" content=\"2026-03-29T10:16:52+00:00\" \/>\n<meta property=\"og:image\" content=\"https:\/\/www.altominho.tv\/site\/wp-content\/uploads\/2026\/03\/policia-maritima.png\" \/>\n\t<meta property=\"og:image:width\" content=\"1200\" \/>\n\t<meta property=\"og:image:height\" content=\"630\" \/>\n\t<meta property=\"og:image:type\" content=\"image\/png\" \/>\n<meta name=\"author\" content=\"Cesar Lopes\" \/>\n<meta name=\"twitter:card\" content=\"summary_large_image\" \/>\n<meta name=\"twitter:creator\" content=\"@altominhoTV\" \/>\n<meta name=\"twitter:site\" content=\"@altominhoTV\" \/>\n<meta name=\"twitter:label1\" content=\"Escrito por\" \/>\n\t<meta name=\"twitter:data1\" content=\"Cesar Lopes\" \/>\n\t<meta name=\"twitter:label2\" content=\"Tempo estimado de leitura\" \/>\n\t<meta name=\"twitter:data2\" content=\"1 minuto\" \/>\n<script type=\"application\/ld+json\" class=\"yoast-schema-graph\">{\"@context\":\"https:\\\/\\\/schema.org\",\"@graph\":[{\"@type\":\"Article\",\"@id\":\"https:\\\/\\\/www.altominho.tv\\\/site\\\/2026\\\/03\\\/29\\\/praticante-de-wingsurf-resgatado-apos-perder-asa-na-barra-de-caminha\\\/#article\",\"isPartOf\":{\"@id\":\"https:\\\/\\\/www.altominho.tv\\\/site\\\/2026\\\/03\\\/29\\\/praticante-de-wingsurf-resgatado-apos-perder-asa-na-barra-de-caminha\\\/\"},\"author\":{\"name\":\"Cesar Lopes\",\"@id\":\"https:\\\/\\\/www.altominho.tv\\\/site\\\/#\\\/schema\\\/person\\\/c5570e5afb933b8d08c43373326ef1b1\"},\"headline\":\"Praticante de wingsurf resgatado ap\u00f3s perder asa na barra de Caminha\",\"datePublished\":\"2026-03-29T10:16:50+00:00\",\"dateModified\":\"2026-03-29T10:16:52+00:00\",\"mainEntityOfPage\":{\"@id\":\"https:\\\/\\\/www.altominho.tv\\\/site\\\/2026\\\/03\\\/29\\\/praticante-de-wingsurf-resgatado-apos-perder-asa-na-barra-de-caminha\\\/\"},\"wordCount\":134,\"image\":{\"@id\":\"https:\\\/\\\/www.altominho.tv\\\/site\\\/2026\\\/03\\\/29\\\/praticante-de-wingsurf-resgatado-apos-perder-asa-na-barra-de-caminha\\\/#primaryimage\"},\"thumbnailUrl\":\"https:\\\/\\\/www.altominho.tv\\\/site\\\/wp-content\\\/uploads\\\/2026\\\/03\\\/policia-maritima.png\",\"keywords\":[\"Sociedade\"],\"articleSection\":[\"Caminha\"],\"inLanguage\":\"pt-PT\",\"copyrightYear\":\"2026\",\"copyrightHolder\":{\"@id\":\"https:\\\/\\\/www.altominho.tv\\\/site\\\/#organization\"}},{\"@type\":\"WebPage\",\"@id\":\"https:\\\/\\\/www.altominho.tv\\\/site\\\/2026\\\/03\\\/29\\\/praticante-de-wingsurf-resgatado-apos-perder-asa-na-barra-de-caminha\\\/\",\"url\":\"https:\\\/\\\/www.altominho.tv\\\/site\\\/2026\\\/03\\\/29\\\/praticante-de-wingsurf-resgatado-apos-perder-asa-na-barra-de-caminha\\\/\",\"name\":\"Praticante de wingsurf resgatado ap\u00f3s perder asa na barra de Caminha\",\"isPartOf\":{\"@id\":\"https:\\\/\\\/www.altominho.tv\\\/site\\\/#website\"},\"primaryImageOfPage\":{\"@id\":\"https:\\\/\\\/www.altominho.tv\\\/site\\\/2026\\\/03\\\/29\\\/praticante-de-wingsurf-resgatado-apos-perder-asa-na-barra-de-caminha\\\/#primaryimage\"},\"image\":{\"@id\":\"https:\\\/\\\/www.altominho.tv\\\/site\\\/2026\\\/03\\\/29\\\/praticante-de-wingsurf-resgatado-apos-perder-asa-na-barra-de-caminha\\\/#primaryimage\"},\"thumbnailUrl\":\"https:\\\/\\\/www.altominho.tv\\\/site\\\/wp-content\\\/uploads\\\/2026\\\/03\\\/policia-maritima.png\",\"datePublished\":\"2026-03-29T10:16:50+00:00\",\"dateModified\":\"2026-03-29T10:16:52+00:00\",\"author\":{\"@id\":\"https:\\\/\\\/www.altominho.tv\\\/site\\\/#\\\/schema\\\/person\\\/c5570e5afb933b8d08c43373326ef1b1\"},\"description\":\"Um praticante de wingsurf, de 69 anos e nacionalidade espanhola, foi resgatado ontem, na barra de Caminha, depois de se encontrar em dificuldades na \u00e1gua.\",\"breadcrumb\":{\"@id\":\"https:\\\/\\\/www.altominho.tv\\\/site\\\/2026\\\/03\\\/29\\\/praticante-de-wingsurf-resgatado-apos-perder-asa-na-barra-de-caminha\\\/#breadcrumb\"},\"inLanguage\":\"pt-PT\",\"potentialAction\":[{\"@type\":\"ReadAction\",\"target\":[\"https:\\\/\\\/www.altominho.tv\\\/site\\\/2026\\\/03\\\/29\\\/praticante-de-wingsurf-resgatado-apos-perder-asa-na-barra-de-caminha\\\/\"]}]},{\"@type\":\"ImageObject\",\"inLanguage\":\"pt-PT\",\"@id\":\"https:\\\/\\\/www.altominho.tv\\\/site\\\/2026\\\/03\\\/29\\\/praticante-de-wingsurf-resgatado-apos-perder-asa-na-barra-de-caminha\\\/#primaryimage\",\"url\":\"https:\\\/\\\/www.altominho.tv\\\/site\\\/wp-content\\\/uploads\\\/2026\\\/03\\\/policia-maritima.png\",\"contentUrl\":\"https:\\\/\\\/www.altominho.tv\\\/site\\\/wp-content\\\/uploads\\\/2026\\\/03\\\/policia-maritima.png\",\"width\":1200,\"height\":630},{\"@type\":\"BreadcrumbList\",\"@id\":\"https:\\\/\\\/www.altominho.tv\\\/site\\\/2026\\\/03\\\/29\\\/praticante-de-wingsurf-resgatado-apos-perder-asa-na-barra-de-caminha\\\/#breadcrumb\",\"itemListElement\":[{\"@type\":\"ListItem\",\"position\":1,\"name\":\"In\u00edcio\",\"item\":\"https:\\\/\\\/www.altominho.tv\\\/site\\\/\"},{\"@type\":\"ListItem\",\"position\":2,\"name\":\"Praticante de wingsurf resgatado ap\u00f3s perder asa na barra de Caminha\"}]},{\"@type\":\"WebSite\",\"@id\":\"https:\\\/\\\/www.altominho.tv\\\/site\\\/#website\",\"url\":\"https:\\\/\\\/www.altominho.tv\\\/site\\\/\",\"name\":\"Altominho.tv\",\"description\":\"A sua regi\u00e3o \u00e0 dist\u00e2ncia de um clique...\",\"potentialAction\":[{\"@type\":\"SearchAction\",\"target\":{\"@type\":\"EntryPoint\",\"urlTemplate\":\"https:\\\/\\\/www.altominho.tv\\\/site\\\/?s={search_term_string}\"},\"query-input\":{\"@type\":\"PropertyValueSpecification\",\"valueRequired\":true,\"valueName\":\"search_term_string\"}}],\"inLanguage\":\"pt-PT\"},{\"@type\":\"Person\",\"@id\":\"https:\\\/\\\/www.altominho.tv\\\/site\\\/#\\\/schema\\\/person\\\/c5570e5afb933b8d08c43373326ef1b1\",\"name\":\"Cesar Lopes\",\"image\":{\"@type\":\"ImageObject\",\"inLanguage\":\"pt-PT\",\"@id\":\"https:\\\/\\\/www.altominho.tv\\\/site\\\/wp-content\\\/uploads\\\/2022\\\/10\\\/Sem-Titulo-150x150.jpg\",\"url\":\"https:\\\/\\\/www.altominho.tv\\\/site\\\/wp-content\\\/uploads\\\/2022\\\/10\\\/Sem-Titulo-150x150.jpg\",\"contentUrl\":\"https:\\\/\\\/www.altominho.tv\\\/site\\\/wp-content\\\/uploads\\\/2022\\\/10\\\/Sem-Titulo-150x150.jpg\",\"caption\":\"Cesar Lopes\"},\"url\":\"https:\\\/\\\/www.altominho.tv\\\/site\\\/author\\\/cesarlopes\\\/\"}]}<\/script>\n<!-- \/ Yoast SEO Premium plugin. -->","yoast_head_json":{"title":"Praticante de wingsurf resgatado ap\u00f3s perder asa na barra de Caminha","description":"Um praticante de wingsurf, de 69 anos e nacionalidade espanhola, foi resgatado ontem, na barra de Caminha, depois de se encontrar em dificuldades na \u00e1gua.","robots":{"index":"index","follow":"follow","max-snippet":"max-snippet:-1","max-image-preview":"max-image-preview:large","max-video-preview":"max-video-preview:-1"},"canonical":"https:\/\/www.altominho.tv\/site\/2026\/03\/29\/praticante-de-wingsurf-resgatado-apos-perder-asa-na-barra-de-caminha\/","og_locale":"pt_PT","og_type":"article","og_title":"Praticante de wingsurf resgatado ap\u00f3s perder asa na barra de Caminha","og_description":"Um praticante de wingsurf, de 69 anos e nacionalidade espanhola, foi resgatado ontem, na barra de Caminha, depois de se encontrar em dificuldades na \u00e1gua.","og_url":"https:\/\/www.altominho.tv\/site\/2026\/03\/29\/praticante-de-wingsurf-resgatado-apos-perder-asa-na-barra-de-caminha\/","og_site_name":"Altominho.tv","article_publisher":"https:\/\/www.facebook.com\/altominhotv","article_published_time":"2026-03-29T10:16:50+00:00","article_modified_time":"2026-03-29T10:16:52+00:00","og_image":[{"width":1200,"height":630,"url":"https:\/\/www.altominho.tv\/site\/wp-content\/uploads\/2026\/03\/policia-maritima.png","type":"image\/png"}],"author":"Cesar Lopes","twitter_card":"summary_large_image","twitter_creator":"@altominhoTV","twitter_site":"@altominhoTV","twitter_misc":{"Escrito por":"Cesar Lopes","Tempo estimado de leitura":"1 minuto"},"schema":{"@context":"https:\/\/schema.org","@graph":[{"@type":"Article","@id":"https:\/\/www.altominho.tv\/site\/2026\/03\/29\/praticante-de-wingsurf-resgatado-apos-perder-asa-na-barra-de-caminha\/#article","isPartOf":{"@id":"https:\/\/www.altominho.tv\/site\/2026\/03\/29\/praticante-de-wingsurf-resgatado-apos-perder-asa-na-barra-de-caminha\/"},"author":{"name":"Cesar Lopes","@id":"https:\/\/www.altominho.tv\/site\/#\/schema\/person\/c5570e5afb933b8d08c43373326ef1b1"},"headline":"Praticante de wingsurf resgatado ap\u00f3s perder asa na barra de Caminha","datePublished":"2026-03-29T10:16:50+00:00","dateModified":"2026-03-29T10:16:52+00:00","mainEntityOfPage":{"@id":"https:\/\/www.altominho.tv\/site\/2026\/03\/29\/praticante-de-wingsurf-resgatado-apos-perder-asa-na-barra-de-caminha\/"},"wordCount":134,"image":{"@id":"https:\/\/www.altominho.tv\/site\/2026\/03\/29\/praticante-de-wingsurf-resgatado-apos-perder-asa-na-barra-de-caminha\/#primaryimage"},"thumbnailUrl":"https:\/\/www.altominho.tv\/site\/wp-content\/uploads\/2026\/03\/policia-maritima.png","keywords":["Sociedade"],"articleSection":["Caminha"],"inLanguage":"pt-PT","copyrightYear":"2026","copyrightHolder":{"@id":"https:\/\/www.altominho.tv\/site\/#organization"}},{"@type":"WebPage","@id":"https:\/\/www.altominho.tv\/site\/2026\/03\/29\/praticante-de-wingsurf-resgatado-apos-perder-asa-na-barra-de-caminha\/","url":"https:\/\/www.altominho.tv\/site\/2026\/03\/29\/praticante-de-wingsurf-resgatado-apos-perder-asa-na-barra-de-caminha\/","name":"Praticante de wingsurf resgatado ap\u00f3s perder asa na barra de Caminha","isPartOf":{"@id":"https:\/\/www.altominho.tv\/site\/#website"},"primaryImageOfPage":{"@id":"https:\/\/www.altominho.tv\/site\/2026\/03\/29\/praticante-de-wingsurf-resgatado-apos-perder-asa-na-barra-de-caminha\/#primaryimage"},"image":{"@id":"https:\/\/www.altominho.tv\/site\/2026\/03\/29\/praticante-de-wingsurf-resgatado-apos-perder-asa-na-barra-de-caminha\/#primaryimage"},"thumbnailUrl":"https:\/\/www.altominho.tv\/site\/wp-content\/uploads\/2026\/03\/policia-maritima.png","datePublished":"2026-03-29T10:16:50+00:00","dateModified":"2026-03-29T10:16:52+00:00","author":{"@id":"https:\/\/www.altominho.tv\/site\/#\/schema\/person\/c5570e5afb933b8d08c43373326ef1b1"},"description":"Um praticante de wingsurf, de 69 anos e nacionalidade espanhola, foi resgatado ontem, na barra de Caminha, depois de se encontrar em dificuldades na \u00e1gua.","breadcrumb":{"@id":"https:\/\/www.altominho.tv\/site\/2026\/03\/29\/praticante-de-wingsurf-resgatado-apos-perder-asa-na-barra-de-caminha\/#breadcrumb"},"inLanguage":"pt-PT","potentialAction":[{"@type":"ReadAction","target":["https:\/\/www.altominho.tv\/site\/2026\/03\/29\/praticante-de-wingsurf-resgatado-apos-perder-asa-na-barra-de-caminha\/"]}]},{"@type":"ImageObject","inLanguage":"pt-PT","@id":"https:\/\/www.altominho.tv\/site\/2026\/03\/29\/praticante-de-wingsurf-resgatado-apos-perder-asa-na-barra-de-caminha\/#primaryimage","url":"https:\/\/www.altominho.tv\/site\/wp-content\/uploads\/2026\/03\/policia-maritima.png","contentUrl":"https:\/\/www.altominho.tv\/site\/wp-content\/uploads\/2026\/03\/policia-maritima.png","width":1200,"height":630},{"@type":"BreadcrumbList","@id":"https:\/\/www.altominho.tv\/site\/2026\/03\/29\/praticante-de-wingsurf-resgatado-apos-perder-asa-na-barra-de-caminha\/#breadcrumb","itemListElement":[{"@type":"ListItem","position":1,"name":"In\u00edcio","item":"https:\/\/www.altominho.tv\/site\/"},{"@type":"ListItem","position":2,"name":"Praticante de wingsurf resgatado ap\u00f3s perder asa na barra de Caminha"}]},{"@type":"WebSite","@id":"https:\/\/www.altominho.tv\/site\/#website","url":"https:\/\/www.altominho.tv\/site\/","name":"Altominho.tv","description":"A sua regi\u00e3o \u00e0 dist\u00e2ncia de um clique...","potentialAction":[{"@type":"SearchAction","target":{"@type":"EntryPoint","urlTemplate":"https:\/\/www.altominho.tv\/site\/?s={search_term_string}"},"query-input":{"@type":"PropertyValueSpecification","valueRequired":true,"valueName":"search_term_string"}}],"inLanguage":"pt-PT"},{"@type":"Person","@id":"https:\/\/www.altominho.tv\/site\/#\/schema\/person\/c5570e5afb933b8d08c43373326ef1b1","name":"Cesar Lopes","image":{"@type":"ImageObject","inLanguage":"pt-PT","@id":"https:\/\/www.altominho.tv\/site\/wp-content\/uploads\/2022\/10\/Sem-Titulo-150x150.jpg","url":"https:\/\/www.altominho.tv\/site\/wp-content\/uploads\/2022\/10\/Sem-Titulo-150x150.jpg","contentUrl":"https:\/\/www.altominho.tv\/site\/wp-content\/uploads\/2022\/10\/Sem-Titulo-150x150.jpg","caption":"Cesar Lopes"},"url":"https:\/\/www.altominho.tv\/site\/author\/cesarlopes\/"}]}},"_links":{"self":[{"href":"https:\/\/www.altominho.tv\/site\/wp-json\/wp\/v2\/posts\/130532","targetHints":{"allow":["GET"]}}],"collection":[{"href":"https:\/\/www.altominho.tv\/site\/wp-json\/wp\/v2\/posts"}],"about":[{"href":"https:\/\/www.altominho.tv\/site\/wp-json\/wp\/v2\/types\/post"}],"author":[{"embeddable":true,"href":"https:\/\/www.altominho.tv\/site\/wp-json\/wp\/v2\/users\/24"}],"replies":[{"embeddable":true,"href":"https:\/\/www.altominho.tv\/site\/wp-json\/wp\/v2\/comments?post=130532"}],"version-history":[{"count":1,"href":"https:\/\/www.altominho.tv\/site\/wp-json\/wp\/v2\/posts\/130532\/revisions"}],"predecessor-version":[{"id":130534,"href":"https:\/\/www.altominho.tv\/site\/wp-json\/wp\/v2\/posts\/130532\/revisions\/130534"}],"wp:featuredmedia":[{"embeddable":true,"href":"https:\/\/www.altominho.tv\/site\/wp-json\/wp\/v2\/media\/130533"}],"wp:attachment":[{"href":"https:\/\/www.altominho.tv\/site\/wp-json\/wp\/v2\/media?parent=130532"}],"wp:term":[{"taxonomy":"category","embeddable":true,"href":"https:\/\/www.altominho.tv\/site\/wp-json\/wp\/v2\/categories?post=130532"},{"taxonomy":"post_tag","embeddable":true,"href":"https:\/\/www.altominho.tv\/site\/wp-json\/wp\/v2\/tags?post=130532"}],"curies":[{"name":"wp","href":"https:\/\/api.w.org\/{rel}","templated":true}]}}