{"id":130501,"date":"2026-03-27T16:22:34","date_gmt":"2026-03-27T16:22:34","guid":{"rendered":"https:\/\/www.altominho.tv\/site\/?p=130501"},"modified":"2026-03-27T16:22:36","modified_gmt":"2026-03-27T16:22:36","slug":"caminha-pascoa-ferias","status":"publish","type":"post","link":"https:\/\/www.altominho.tv\/site\/2026\/03\/27\/caminha-pascoa-ferias\/","title":{"rendered":"OTL \u2013 F\u00e9rias de P\u00e1scoa 2026 come\u00e7a segunda-feira com um programa variado"},"content":{"rendered":"\n<p>O Munic\u00edpio de Caminha vai promover, durante as f\u00e9rias da P\u00e1scoa, o programa Ocupa\u00e7\u00e3o de Tempos Livres (OTL) \u2013 F\u00e9rias da P\u00e1scoa, &#8220;uma resposta social que permite \u00e0s fam\u00edlias do concelho conciliar a vida profissional com o per\u00edodo de f\u00e9rias escolares dos filhos, proporcionando \u00e0s crian\u00e7as um conjunto diversificado de atividades l\u00fadicas e educativas&#8221;.<\/p>\n\n\n\n<p>Este ano, &#8220;o OTL ir\u00e1 acolher cerca de 150 crian\u00e7as, que ser\u00e3o distribu\u00eddas por tr\u00eas estabelecimentos de ensino: EB1\/JI de Caminha; EBS do Vale do \u00c2ncora e JI de Vila Praia de \u00c2ncora&#8221;, deu hoje nota a C\u00e2mara de Caminha.<\/p>\n\n\n\n<p>As atividades decorrem de 30 de mar\u00e7o a 10 de abril (excluindo a sexta\u2011feira Santa e o feriado municipal).<\/p>\n\n\n\n<p>&#8220;Sempre que as condi\u00e7\u00f5es meteorol\u00f3gicas o permitam, as atividades decorrer\u00e3o preferencialmente ao ar livre, promovendo o contacto com a natureza e o bem\u2011estar das crian\u00e7as&#8221;.<\/p>\n\n\n\n<p>O plano inclui atividades variadas &#8220;e ajustadas \u00e0s diferentes faixas et\u00e1rias&#8221;, distribu\u00eddas pelos tr\u00eas polos, com destaque para: coelho saltit\u00e3o, jogos tradicionais, ca\u00e7a aos ovos, explora\u00e7\u00e3o sensorial, o mundo das emo\u00e7\u00f5es, atividades de relaxamento, pintura ao ar livre, atividade culin\u00e1ria, anima\u00e7\u00e3o especial de P\u00e1scoa, brincadeiras no parque, passeio na quinta, explora\u00e7\u00e3o da natureza, manualidades (origami), decora\u00e7\u00e3o de P\u00e1scoa, desafios motores, zumba kids, guardi\u00f5es da natureza, entre outras.<\/p>\n\n\n\n<p>Estas iniciativas &#8220;pretendem estimular compet\u00eancias motoras, emocionais, criativas e sociais, oferecendo uma resposta educativa e segura durante o per\u00edodo de interrup\u00e7\u00e3o letiva&#8221;.<\/p>\n\n\n\n<p>Fotografia: <strong>DR<\/strong><\/p>\n","protected":false},"excerpt":{"rendered":"<p>O Munic\u00edpio de Caminha vai promover, durante as f\u00e9rias da P\u00e1scoa, o programa Ocupa\u00e7\u00e3o de Tempos Livres (OTL) \u2013 F\u00e9rias da P\u00e1scoa, &#8220;uma resposta social que permite \u00e0s fam\u00edlias do concelho conciliar a vida profissional com o per\u00edodo de f\u00e9rias escolares dos filhos, proporcionando \u00e0s crian\u00e7as um conjunto diversificado de atividades l\u00fadicas e educativas&#8221;. Este [&hellip;]<\/p>\n","protected":false},"author":7,"featured_media":130502,"comment_status":"closed","ping_status":"closed","sticky":false,"template":"","format":"standard","meta":{"_exactmetrics_skip_tracking":false,"_exactmetrics_sitenote_active":false,"_exactmetrics_sitenote_note":"","_exactmetrics_sitenote_category":0,"footnotes":""},"categories":[7],"tags":[22],"class_list":["post-130501","post","type-post","status-publish","format-standard","has-post-thumbnail","hentry","category-caminha","tag-educacao"],"yoast_head":"<!-- This site is optimized with the Yoast SEO Premium plugin v27.4 (Yoast SEO v27.4) - https:\/\/yoast.com\/product\/yoast-seo-premium-wordpress\/ -->\n<title>OTL \u2013 F\u00e9rias de P\u00e1scoa 2026 come\u00e7a segunda-feira com um programa variado<\/title>\n<meta name=\"description\" content=\"As f\u00e9rias de P\u00e1scoa 2026 come\u00e7am esta segunda-feira com um programa variado.\" \/>\n<meta name=\"robots\" content=\"index, follow, max-snippet:-1, max-image-preview:large, max-video-preview:-1\" \/>\n<link rel=\"canonical\" href=\"https:\/\/www.altominho.tv\/site\/2026\/03\/27\/caminha-pascoa-ferias\/\" \/>\n<meta property=\"og:locale\" content=\"pt_PT\" \/>\n<meta property=\"og:type\" content=\"article\" \/>\n<meta property=\"og:title\" content=\"OTL \u2013 F\u00e9rias de P\u00e1scoa 2026 come\u00e7a segunda-feira com um programa variado\" \/>\n<meta property=\"og:description\" content=\"As f\u00e9rias de P\u00e1scoa 2026 come\u00e7am esta segunda-feira com um programa variado.\" \/>\n<meta property=\"og:url\" content=\"https:\/\/www.altominho.tv\/site\/2026\/03\/27\/caminha-pascoa-ferias\/\" \/>\n<meta property=\"og:site_name\" content=\"Altominho.tv\" \/>\n<meta property=\"article:publisher\" content=\"https:\/\/www.facebook.com\/altominhotv\" \/>\n<meta property=\"article:published_time\" content=\"2026-03-27T16:22:34+00:00\" \/>\n<meta property=\"article:modified_time\" content=\"2026-03-27T16:22:36+00:00\" \/>\n<meta property=\"og:image\" content=\"https:\/\/www.altominho.tv\/site\/wp-content\/uploads\/2026\/03\/1.png\" \/>\n\t<meta property=\"og:image:width\" content=\"1200\" \/>\n\t<meta property=\"og:image:height\" content=\"630\" \/>\n\t<meta property=\"og:image:type\" content=\"image\/png\" \/>\n<meta name=\"author\" content=\"Andreia Cunha\" \/>\n<meta name=\"twitter:card\" content=\"summary_large_image\" \/>\n<meta name=\"twitter:creator\" content=\"@altominhoTV\" \/>\n<meta name=\"twitter:site\" content=\"@altominhoTV\" \/>\n<meta name=\"twitter:label1\" content=\"Escrito por\" \/>\n\t<meta name=\"twitter:data1\" content=\"Andreia Cunha\" \/>\n\t<meta name=\"twitter:label2\" content=\"Tempo estimado de leitura\" \/>\n\t<meta name=\"twitter:data2\" content=\"2 minutos\" \/>\n<script type=\"application\/ld+json\" class=\"yoast-schema-graph\">{\"@context\":\"https:\\\/\\\/schema.org\",\"@graph\":[{\"@type\":\"Article\",\"@id\":\"https:\\\/\\\/www.altominho.tv\\\/site\\\/2026\\\/03\\\/27\\\/caminha-pascoa-ferias\\\/#article\",\"isPartOf\":{\"@id\":\"https:\\\/\\\/www.altominho.tv\\\/site\\\/2026\\\/03\\\/27\\\/caminha-pascoa-ferias\\\/\"},\"author\":{\"name\":\"Andreia Cunha\",\"@id\":\"https:\\\/\\\/www.altominho.tv\\\/site\\\/#\\\/schema\\\/person\\\/a0e4ef6d041f98ca284393d8f1d97153\"},\"headline\":\"OTL \u2013 F\u00e9rias de P\u00e1scoa 2026 come\u00e7a segunda-feira com um programa variado\",\"datePublished\":\"2026-03-27T16:22:34+00:00\",\"dateModified\":\"2026-03-27T16:22:36+00:00\",\"mainEntityOfPage\":{\"@id\":\"https:\\\/\\\/www.altominho.tv\\\/site\\\/2026\\\/03\\\/27\\\/caminha-pascoa-ferias\\\/\"},\"wordCount\":279,\"image\":{\"@id\":\"https:\\\/\\\/www.altominho.tv\\\/site\\\/2026\\\/03\\\/27\\\/caminha-pascoa-ferias\\\/#primaryimage\"},\"thumbnailUrl\":\"https:\\\/\\\/www.altominho.tv\\\/site\\\/wp-content\\\/uploads\\\/2026\\\/03\\\/1.png\",\"keywords\":[\"Educa\u00e7\u00e3o\"],\"articleSection\":[\"Caminha\"],\"inLanguage\":\"pt-PT\",\"copyrightYear\":\"2026\",\"copyrightHolder\":{\"@id\":\"https:\\\/\\\/www.altominho.tv\\\/site\\\/#organization\"}},{\"@type\":\"WebPage\",\"@id\":\"https:\\\/\\\/www.altominho.tv\\\/site\\\/2026\\\/03\\\/27\\\/caminha-pascoa-ferias\\\/\",\"url\":\"https:\\\/\\\/www.altominho.tv\\\/site\\\/2026\\\/03\\\/27\\\/caminha-pascoa-ferias\\\/\",\"name\":\"OTL \u2013 F\u00e9rias de P\u00e1scoa 2026 come\u00e7a segunda-feira com um programa variado\",\"isPartOf\":{\"@id\":\"https:\\\/\\\/www.altominho.tv\\\/site\\\/#website\"},\"primaryImageOfPage\":{\"@id\":\"https:\\\/\\\/www.altominho.tv\\\/site\\\/2026\\\/03\\\/27\\\/caminha-pascoa-ferias\\\/#primaryimage\"},\"image\":{\"@id\":\"https:\\\/\\\/www.altominho.tv\\\/site\\\/2026\\\/03\\\/27\\\/caminha-pascoa-ferias\\\/#primaryimage\"},\"thumbnailUrl\":\"https:\\\/\\\/www.altominho.tv\\\/site\\\/wp-content\\\/uploads\\\/2026\\\/03\\\/1.png\",\"datePublished\":\"2026-03-27T16:22:34+00:00\",\"dateModified\":\"2026-03-27T16:22:36+00:00\",\"author\":{\"@id\":\"https:\\\/\\\/www.altominho.tv\\\/site\\\/#\\\/schema\\\/person\\\/a0e4ef6d041f98ca284393d8f1d97153\"},\"description\":\"As f\u00e9rias de P\u00e1scoa 2026 come\u00e7am esta segunda-feira com um programa variado.\",\"breadcrumb\":{\"@id\":\"https:\\\/\\\/www.altominho.tv\\\/site\\\/2026\\\/03\\\/27\\\/caminha-pascoa-ferias\\\/#breadcrumb\"},\"inLanguage\":\"pt-PT\",\"potentialAction\":[{\"@type\":\"ReadAction\",\"target\":[\"https:\\\/\\\/www.altominho.tv\\\/site\\\/2026\\\/03\\\/27\\\/caminha-pascoa-ferias\\\/\"]}]},{\"@type\":\"ImageObject\",\"inLanguage\":\"pt-PT\",\"@id\":\"https:\\\/\\\/www.altominho.tv\\\/site\\\/2026\\\/03\\\/27\\\/caminha-pascoa-ferias\\\/#primaryimage\",\"url\":\"https:\\\/\\\/www.altominho.tv\\\/site\\\/wp-content\\\/uploads\\\/2026\\\/03\\\/1.png\",\"contentUrl\":\"https:\\\/\\\/www.altominho.tv\\\/site\\\/wp-content\\\/uploads\\\/2026\\\/03\\\/1.png\",\"width\":1200,\"height\":630},{\"@type\":\"BreadcrumbList\",\"@id\":\"https:\\\/\\\/www.altominho.tv\\\/site\\\/2026\\\/03\\\/27\\\/caminha-pascoa-ferias\\\/#breadcrumb\",\"itemListElement\":[{\"@type\":\"ListItem\",\"position\":1,\"name\":\"In\u00edcio\",\"item\":\"https:\\\/\\\/www.altominho.tv\\\/site\\\/\"},{\"@type\":\"ListItem\",\"position\":2,\"name\":\"OTL \u2013 F\u00e9rias de P\u00e1scoa 2026 come\u00e7a segunda-feira com um programa variado\"}]},{\"@type\":\"WebSite\",\"@id\":\"https:\\\/\\\/www.altominho.tv\\\/site\\\/#website\",\"url\":\"https:\\\/\\\/www.altominho.tv\\\/site\\\/\",\"name\":\"Altominho.tv\",\"description\":\"A sua regi\u00e3o \u00e0 dist\u00e2ncia de um clique...\",\"potentialAction\":[{\"@type\":\"SearchAction\",\"target\":{\"@type\":\"EntryPoint\",\"urlTemplate\":\"https:\\\/\\\/www.altominho.tv\\\/site\\\/?s={search_term_string}\"},\"query-input\":{\"@type\":\"PropertyValueSpecification\",\"valueRequired\":true,\"valueName\":\"search_term_string\"}}],\"inLanguage\":\"pt-PT\"},{\"@type\":\"Person\",\"@id\":\"https:\\\/\\\/www.altominho.tv\\\/site\\\/#\\\/schema\\\/person\\\/a0e4ef6d041f98ca284393d8f1d97153\",\"name\":\"Andreia Cunha\",\"image\":{\"@type\":\"ImageObject\",\"inLanguage\":\"pt-PT\",\"@id\":\"https:\\\/\\\/www.altominho.tv\\\/site\\\/wp-content\\\/uploads\\\/2017\\\/11\\\/Andreia_Cunha-1-150x150.jpg\",\"url\":\"https:\\\/\\\/www.altominho.tv\\\/site\\\/wp-content\\\/uploads\\\/2017\\\/11\\\/Andreia_Cunha-1-150x150.jpg\",\"contentUrl\":\"https:\\\/\\\/www.altominho.tv\\\/site\\\/wp-content\\\/uploads\\\/2017\\\/11\\\/Andreia_Cunha-1-150x150.jpg\",\"caption\":\"Andreia Cunha\"},\"url\":\"https:\\\/\\\/www.altominho.tv\\\/site\\\/author\\\/andreiacunha\\\/\"}]}<\/script>\n<!-- \/ Yoast SEO Premium plugin. -->","yoast_head_json":{"title":"OTL \u2013 F\u00e9rias de P\u00e1scoa 2026 come\u00e7a segunda-feira com um programa variado","description":"As f\u00e9rias de P\u00e1scoa 2026 come\u00e7am esta segunda-feira com um programa variado.","robots":{"index":"index","follow":"follow","max-snippet":"max-snippet:-1","max-image-preview":"max-image-preview:large","max-video-preview":"max-video-preview:-1"},"canonical":"https:\/\/www.altominho.tv\/site\/2026\/03\/27\/caminha-pascoa-ferias\/","og_locale":"pt_PT","og_type":"article","og_title":"OTL \u2013 F\u00e9rias de P\u00e1scoa 2026 come\u00e7a segunda-feira com um programa variado","og_description":"As f\u00e9rias de P\u00e1scoa 2026 come\u00e7am esta segunda-feira com um programa variado.","og_url":"https:\/\/www.altominho.tv\/site\/2026\/03\/27\/caminha-pascoa-ferias\/","og_site_name":"Altominho.tv","article_publisher":"https:\/\/www.facebook.com\/altominhotv","article_published_time":"2026-03-27T16:22:34+00:00","article_modified_time":"2026-03-27T16:22:36+00:00","og_image":[{"width":1200,"height":630,"url":"https:\/\/www.altominho.tv\/site\/wp-content\/uploads\/2026\/03\/1.png","type":"image\/png"}],"author":"Andreia Cunha","twitter_card":"summary_large_image","twitter_creator":"@altominhoTV","twitter_site":"@altominhoTV","twitter_misc":{"Escrito por":"Andreia Cunha","Tempo estimado de leitura":"2 minutos"},"schema":{"@context":"https:\/\/schema.org","@graph":[{"@type":"Article","@id":"https:\/\/www.altominho.tv\/site\/2026\/03\/27\/caminha-pascoa-ferias\/#article","isPartOf":{"@id":"https:\/\/www.altominho.tv\/site\/2026\/03\/27\/caminha-pascoa-ferias\/"},"author":{"name":"Andreia Cunha","@id":"https:\/\/www.altominho.tv\/site\/#\/schema\/person\/a0e4ef6d041f98ca284393d8f1d97153"},"headline":"OTL \u2013 F\u00e9rias de P\u00e1scoa 2026 come\u00e7a segunda-feira com um programa variado","datePublished":"2026-03-27T16:22:34+00:00","dateModified":"2026-03-27T16:22:36+00:00","mainEntityOfPage":{"@id":"https:\/\/www.altominho.tv\/site\/2026\/03\/27\/caminha-pascoa-ferias\/"},"wordCount":279,"image":{"@id":"https:\/\/www.altominho.tv\/site\/2026\/03\/27\/caminha-pascoa-ferias\/#primaryimage"},"thumbnailUrl":"https:\/\/www.altominho.tv\/site\/wp-content\/uploads\/2026\/03\/1.png","keywords":["Educa\u00e7\u00e3o"],"articleSection":["Caminha"],"inLanguage":"pt-PT","copyrightYear":"2026","copyrightHolder":{"@id":"https:\/\/www.altominho.tv\/site\/#organization"}},{"@type":"WebPage","@id":"https:\/\/www.altominho.tv\/site\/2026\/03\/27\/caminha-pascoa-ferias\/","url":"https:\/\/www.altominho.tv\/site\/2026\/03\/27\/caminha-pascoa-ferias\/","name":"OTL \u2013 F\u00e9rias de P\u00e1scoa 2026 come\u00e7a segunda-feira com um programa variado","isPartOf":{"@id":"https:\/\/www.altominho.tv\/site\/#website"},"primaryImageOfPage":{"@id":"https:\/\/www.altominho.tv\/site\/2026\/03\/27\/caminha-pascoa-ferias\/#primaryimage"},"image":{"@id":"https:\/\/www.altominho.tv\/site\/2026\/03\/27\/caminha-pascoa-ferias\/#primaryimage"},"thumbnailUrl":"https:\/\/www.altominho.tv\/site\/wp-content\/uploads\/2026\/03\/1.png","datePublished":"2026-03-27T16:22:34+00:00","dateModified":"2026-03-27T16:22:36+00:00","author":{"@id":"https:\/\/www.altominho.tv\/site\/#\/schema\/person\/a0e4ef6d041f98ca284393d8f1d97153"},"description":"As f\u00e9rias de P\u00e1scoa 2026 come\u00e7am esta segunda-feira com um programa variado.","breadcrumb":{"@id":"https:\/\/www.altominho.tv\/site\/2026\/03\/27\/caminha-pascoa-ferias\/#breadcrumb"},"inLanguage":"pt-PT","potentialAction":[{"@type":"ReadAction","target":["https:\/\/www.altominho.tv\/site\/2026\/03\/27\/caminha-pascoa-ferias\/"]}]},{"@type":"ImageObject","inLanguage":"pt-PT","@id":"https:\/\/www.altominho.tv\/site\/2026\/03\/27\/caminha-pascoa-ferias\/#primaryimage","url":"https:\/\/www.altominho.tv\/site\/wp-content\/uploads\/2026\/03\/1.png","contentUrl":"https:\/\/www.altominho.tv\/site\/wp-content\/uploads\/2026\/03\/1.png","width":1200,"height":630},{"@type":"BreadcrumbList","@id":"https:\/\/www.altominho.tv\/site\/2026\/03\/27\/caminha-pascoa-ferias\/#breadcrumb","itemListElement":[{"@type":"ListItem","position":1,"name":"In\u00edcio","item":"https:\/\/www.altominho.tv\/site\/"},{"@type":"ListItem","position":2,"name":"OTL \u2013 F\u00e9rias de P\u00e1scoa 2026 come\u00e7a segunda-feira com um programa variado"}]},{"@type":"WebSite","@id":"https:\/\/www.altominho.tv\/site\/#website","url":"https:\/\/www.altominho.tv\/site\/","name":"Altominho.tv","description":"A sua regi\u00e3o \u00e0 dist\u00e2ncia de um clique...","potentialAction":[{"@type":"SearchAction","target":{"@type":"EntryPoint","urlTemplate":"https:\/\/www.altominho.tv\/site\/?s={search_term_string}"},"query-input":{"@type":"PropertyValueSpecification","valueRequired":true,"valueName":"search_term_string"}}],"inLanguage":"pt-PT"},{"@type":"Person","@id":"https:\/\/www.altominho.tv\/site\/#\/schema\/person\/a0e4ef6d041f98ca284393d8f1d97153","name":"Andreia Cunha","image":{"@type":"ImageObject","inLanguage":"pt-PT","@id":"https:\/\/www.altominho.tv\/site\/wp-content\/uploads\/2017\/11\/Andreia_Cunha-1-150x150.jpg","url":"https:\/\/www.altominho.tv\/site\/wp-content\/uploads\/2017\/11\/Andreia_Cunha-1-150x150.jpg","contentUrl":"https:\/\/www.altominho.tv\/site\/wp-content\/uploads\/2017\/11\/Andreia_Cunha-1-150x150.jpg","caption":"Andreia Cunha"},"url":"https:\/\/www.altominho.tv\/site\/author\/andreiacunha\/"}]}},"_links":{"self":[{"href":"https:\/\/www.altominho.tv\/site\/wp-json\/wp\/v2\/posts\/130501","targetHints":{"allow":["GET"]}}],"collection":[{"href":"https:\/\/www.altominho.tv\/site\/wp-json\/wp\/v2\/posts"}],"about":[{"href":"https:\/\/www.altominho.tv\/site\/wp-json\/wp\/v2\/types\/post"}],"author":[{"embeddable":true,"href":"https:\/\/www.altominho.tv\/site\/wp-json\/wp\/v2\/users\/7"}],"replies":[{"embeddable":true,"href":"https:\/\/www.altominho.tv\/site\/wp-json\/wp\/v2\/comments?post=130501"}],"version-history":[{"count":1,"href":"https:\/\/www.altominho.tv\/site\/wp-json\/wp\/v2\/posts\/130501\/revisions"}],"predecessor-version":[{"id":130506,"href":"https:\/\/www.altominho.tv\/site\/wp-json\/wp\/v2\/posts\/130501\/revisions\/130506"}],"wp:featuredmedia":[{"embeddable":true,"href":"https:\/\/www.altominho.tv\/site\/wp-json\/wp\/v2\/media\/130502"}],"wp:attachment":[{"href":"https:\/\/www.altominho.tv\/site\/wp-json\/wp\/v2\/media?parent=130501"}],"wp:term":[{"taxonomy":"category","embeddable":true,"href":"https:\/\/www.altominho.tv\/site\/wp-json\/wp\/v2\/categories?post=130501"},{"taxonomy":"post_tag","embeddable":true,"href":"https:\/\/www.altominho.tv\/site\/wp-json\/wp\/v2\/tags?post=130501"}],"curies":[{"name":"wp","href":"https:\/\/api.w.org\/{rel}","templated":true}]}}