{"id":130483,"date":"2026-03-27T15:05:11","date_gmt":"2026-03-27T15:05:11","guid":{"rendered":"https:\/\/www.altominho.tv\/site\/?p=130483"},"modified":"2026-03-27T15:05:13","modified_gmt":"2026-03-27T15:05:13","slug":"regata-internacional-ponte-da-amizade-adiada-devido-a-previsao-de-ventos-fortes","status":"publish","type":"post","link":"https:\/\/www.altominho.tv\/site\/2026\/03\/27\/regata-internacional-ponte-da-amizade-adiada-devido-a-previsao-de-ventos-fortes\/","title":{"rendered":"Regata Internacional Ponte da Amizade adiada devido \u00e0 previs\u00e3o de ventos fortes"},"content":{"rendered":"<p data-start=\"112\" data-end=\"313\">A 19.\u00aa edi\u00e7\u00e3o da Regata Internacional Ponte da Amizade, inicialmente agendada para este s\u00e1bado, dia 28 de mar\u00e7o, em <span class=\"hover:entity-accent entity-underline inline cursor-pointer align-baseline\"><span class=\"whitespace-normal\">Vila Nova de Cerveira<\/span><\/span>, foi adiada devido \u00e0 previs\u00e3o de ventos fortes.<\/p>\n<p data-start=\"315\" data-end=\"537\">A decis\u00e3o foi tomada pela <span class=\"hover:entity-accent entity-underline inline cursor-pointer align-baseline\"><span class=\"whitespace-normal\">Associa\u00e7\u00e3o Desportiva e Cultural da Juventude de Cerveira<\/span><\/span>, entidade organizadora do evento, que optou por priorizar a seguran\u00e7a dos atletas e de todos os envolvidos.<\/p>\n<p data-start=\"315\" data-end=\"537\">A nova data da competi\u00e7\u00e3o ser\u00e1 anunciada em breve.<\/p>\n<p data-start=\"315\" data-end=\"537\">O percurso previsto mant\u00e9m-se entre a Ponte da Amizade e o cais do rio Minho, incluindo provas para os escal\u00f5es mais jovens, como benjamins, infantis, iniciados e juvenis, com destaque para as provas principais de 4x Juvenil Feminino e 8+ Juvenil Masculino.<\/p>\n<p data-start=\"1010\" data-end=\"1222\">Recorde-se que a edi\u00e7\u00e3o deste ano apresentava um calend\u00e1rio antecipado, cerca de dois meses mais cedo do que o habitual, decis\u00e3o justificada pela elevada concentra\u00e7\u00e3o de competi\u00e7\u00f5es de remo em Portugal e Espanha.<\/p>\n","protected":false},"excerpt":{"rendered":"<p>A 19.\u00aa edi\u00e7\u00e3o da Regata Internacional Ponte da Amizade, inicialmente agendada para este s\u00e1bado, dia 28 de mar\u00e7o, em Vila Nova de Cerveira, foi adiada devido \u00e0 previs\u00e3o de ventos fortes. A decis\u00e3o foi tomada pela Associa\u00e7\u00e3o Desportiva e Cultural da Juventude de Cerveira, entidade organizadora do evento, que optou por priorizar a seguran\u00e7a dos [&hellip;]<\/p>\n","protected":false},"author":1,"featured_media":130484,"comment_status":"closed","ping_status":"closed","sticky":false,"template":"","format":"standard","meta":{"_exactmetrics_skip_tracking":false,"_exactmetrics_sitenote_active":false,"_exactmetrics_sitenote_note":"","_exactmetrics_sitenote_category":0,"footnotes":""},"categories":[15],"tags":[20],"class_list":["post-130483","post","type-post","status-publish","format-standard","has-post-thumbnail","hentry","category-vila-nova-de-cerveira","tag-desporto"],"yoast_head":"<!-- This site is optimized with the Yoast SEO Premium plugin v27.5 (Yoast SEO v27.5) - https:\/\/yoast.com\/product\/yoast-seo-premium-wordpress\/ -->\n<title>Regata Internacional Ponte da Amizade adiada devido \u00e0 previs\u00e3o de ventos fortes<\/title>\n<meta name=\"robots\" content=\"index, follow, max-snippet:-1, max-image-preview:large, max-video-preview:-1\" \/>\n<link rel=\"canonical\" href=\"https:\/\/www.altominho.tv\/site\/2026\/03\/27\/regata-internacional-ponte-da-amizade-adiada-devido-a-previsao-de-ventos-fortes\/\" \/>\n<meta property=\"og:locale\" content=\"pt_PT\" \/>\n<meta property=\"og:type\" content=\"article\" \/>\n<meta property=\"og:title\" content=\"Regata Internacional Ponte da Amizade adiada devido \u00e0 previs\u00e3o de ventos fortes\" \/>\n<meta property=\"og:description\" content=\"A 19.\u00aa edi\u00e7\u00e3o da Regata Internacional Ponte da Amizade, inicialmente agendada para este s\u00e1bado, dia 28 de mar\u00e7o, em Vila Nova de Cerveira, foi adiada devido \u00e0 previs\u00e3o de ventos fortes. A decis\u00e3o foi tomada pela Associa\u00e7\u00e3o Desportiva e Cultural da Juventude de Cerveira, entidade organizadora do evento, que optou por priorizar a seguran\u00e7a dos [&hellip;]\" \/>\n<meta property=\"og:url\" content=\"https:\/\/www.altominho.tv\/site\/2026\/03\/27\/regata-internacional-ponte-da-amizade-adiada-devido-a-previsao-de-ventos-fortes\/\" \/>\n<meta property=\"og:site_name\" content=\"Altominho.tv\" \/>\n<meta property=\"article:publisher\" content=\"https:\/\/www.facebook.com\/altominhotv\" \/>\n<meta property=\"article:published_time\" content=\"2026-03-27T15:05:11+00:00\" \/>\n<meta property=\"article:modified_time\" content=\"2026-03-27T15:05:13+00:00\" \/>\n<meta property=\"og:image\" content=\"https:\/\/www.altominho.tv\/site\/wp-content\/uploads\/2026\/03\/BASE-FB-logo-Branco-1200-x-630-px-5.png\" \/>\n\t<meta property=\"og:image:width\" content=\"1200\" \/>\n\t<meta property=\"og:image:height\" content=\"630\" \/>\n\t<meta property=\"og:image:type\" content=\"image\/png\" \/>\n<meta name=\"author\" content=\"Altominho.tv\" \/>\n<meta name=\"twitter:card\" content=\"summary_large_image\" \/>\n<meta name=\"twitter:creator\" content=\"@altominhoTV\" \/>\n<meta name=\"twitter:site\" content=\"@altominhoTV\" \/>\n<meta name=\"twitter:label1\" content=\"Escrito por\" \/>\n\t<meta name=\"twitter:data1\" content=\"Altominho.tv\" \/>\n\t<meta name=\"twitter:label2\" content=\"Tempo estimado de leitura\" \/>\n\t<meta name=\"twitter:data2\" content=\"2 minutos\" \/>\n<script type=\"application\/ld+json\" class=\"yoast-schema-graph\">{\"@context\":\"https:\\\/\\\/schema.org\",\"@graph\":[{\"@type\":\"Article\",\"@id\":\"https:\\\/\\\/www.altominho.tv\\\/site\\\/2026\\\/03\\\/27\\\/regata-internacional-ponte-da-amizade-adiada-devido-a-previsao-de-ventos-fortes\\\/#article\",\"isPartOf\":{\"@id\":\"https:\\\/\\\/www.altominho.tv\\\/site\\\/2026\\\/03\\\/27\\\/regata-internacional-ponte-da-amizade-adiada-devido-a-previsao-de-ventos-fortes\\\/\"},\"author\":{\"name\":\"Altominho.tv\",\"@id\":\"https:\\\/\\\/www.altominho.tv\\\/site\\\/#\\\/schema\\\/person\\\/4e536851627d7914baf3dac752b6af22\"},\"headline\":\"Regata Internacional Ponte da Amizade adiada devido \u00e0 previs\u00e3o de ventos fortes\",\"datePublished\":\"2026-03-27T15:05:11+00:00\",\"dateModified\":\"2026-03-27T15:05:13+00:00\",\"mainEntityOfPage\":{\"@id\":\"https:\\\/\\\/www.altominho.tv\\\/site\\\/2026\\\/03\\\/27\\\/regata-internacional-ponte-da-amizade-adiada-devido-a-previsao-de-ventos-fortes\\\/\"},\"wordCount\":168,\"image\":{\"@id\":\"https:\\\/\\\/www.altominho.tv\\\/site\\\/2026\\\/03\\\/27\\\/regata-internacional-ponte-da-amizade-adiada-devido-a-previsao-de-ventos-fortes\\\/#primaryimage\"},\"thumbnailUrl\":\"https:\\\/\\\/www.altominho.tv\\\/site\\\/wp-content\\\/uploads\\\/2026\\\/03\\\/BASE-FB-logo-Branco-1200-x-630-px-5.png\",\"keywords\":[\"Desporto\"],\"articleSection\":[\"Vila Nova de Cerveira\"],\"inLanguage\":\"pt-PT\",\"copyrightYear\":\"2026\",\"copyrightHolder\":{\"@id\":\"https:\\\/\\\/www.altominho.tv\\\/site\\\/#organization\"}},{\"@type\":\"WebPage\",\"@id\":\"https:\\\/\\\/www.altominho.tv\\\/site\\\/2026\\\/03\\\/27\\\/regata-internacional-ponte-da-amizade-adiada-devido-a-previsao-de-ventos-fortes\\\/\",\"url\":\"https:\\\/\\\/www.altominho.tv\\\/site\\\/2026\\\/03\\\/27\\\/regata-internacional-ponte-da-amizade-adiada-devido-a-previsao-de-ventos-fortes\\\/\",\"name\":\"Regata Internacional Ponte da Amizade adiada devido \u00e0 previs\u00e3o de ventos fortes\",\"isPartOf\":{\"@id\":\"https:\\\/\\\/www.altominho.tv\\\/site\\\/#website\"},\"primaryImageOfPage\":{\"@id\":\"https:\\\/\\\/www.altominho.tv\\\/site\\\/2026\\\/03\\\/27\\\/regata-internacional-ponte-da-amizade-adiada-devido-a-previsao-de-ventos-fortes\\\/#primaryimage\"},\"image\":{\"@id\":\"https:\\\/\\\/www.altominho.tv\\\/site\\\/2026\\\/03\\\/27\\\/regata-internacional-ponte-da-amizade-adiada-devido-a-previsao-de-ventos-fortes\\\/#primaryimage\"},\"thumbnailUrl\":\"https:\\\/\\\/www.altominho.tv\\\/site\\\/wp-content\\\/uploads\\\/2026\\\/03\\\/BASE-FB-logo-Branco-1200-x-630-px-5.png\",\"datePublished\":\"2026-03-27T15:05:11+00:00\",\"dateModified\":\"2026-03-27T15:05:13+00:00\",\"author\":{\"@id\":\"https:\\\/\\\/www.altominho.tv\\\/site\\\/#\\\/schema\\\/person\\\/4e536851627d7914baf3dac752b6af22\"},\"breadcrumb\":{\"@id\":\"https:\\\/\\\/www.altominho.tv\\\/site\\\/2026\\\/03\\\/27\\\/regata-internacional-ponte-da-amizade-adiada-devido-a-previsao-de-ventos-fortes\\\/#breadcrumb\"},\"inLanguage\":\"pt-PT\",\"potentialAction\":[{\"@type\":\"ReadAction\",\"target\":[\"https:\\\/\\\/www.altominho.tv\\\/site\\\/2026\\\/03\\\/27\\\/regata-internacional-ponte-da-amizade-adiada-devido-a-previsao-de-ventos-fortes\\\/\"]}]},{\"@type\":\"ImageObject\",\"inLanguage\":\"pt-PT\",\"@id\":\"https:\\\/\\\/www.altominho.tv\\\/site\\\/2026\\\/03\\\/27\\\/regata-internacional-ponte-da-amizade-adiada-devido-a-previsao-de-ventos-fortes\\\/#primaryimage\",\"url\":\"https:\\\/\\\/www.altominho.tv\\\/site\\\/wp-content\\\/uploads\\\/2026\\\/03\\\/BASE-FB-logo-Branco-1200-x-630-px-5.png\",\"contentUrl\":\"https:\\\/\\\/www.altominho.tv\\\/site\\\/wp-content\\\/uploads\\\/2026\\\/03\\\/BASE-FB-logo-Branco-1200-x-630-px-5.png\",\"width\":1200,\"height\":630},{\"@type\":\"BreadcrumbList\",\"@id\":\"https:\\\/\\\/www.altominho.tv\\\/site\\\/2026\\\/03\\\/27\\\/regata-internacional-ponte-da-amizade-adiada-devido-a-previsao-de-ventos-fortes\\\/#breadcrumb\",\"itemListElement\":[{\"@type\":\"ListItem\",\"position\":1,\"name\":\"In\u00edcio\",\"item\":\"https:\\\/\\\/www.altominho.tv\\\/site\\\/\"},{\"@type\":\"ListItem\",\"position\":2,\"name\":\"Regata Internacional Ponte da Amizade adiada devido \u00e0 previs\u00e3o de ventos fortes\"}]},{\"@type\":\"WebSite\",\"@id\":\"https:\\\/\\\/www.altominho.tv\\\/site\\\/#website\",\"url\":\"https:\\\/\\\/www.altominho.tv\\\/site\\\/\",\"name\":\"Altominho.tv\",\"description\":\"A sua regi\u00e3o \u00e0 dist\u00e2ncia de um clique...\",\"potentialAction\":[{\"@type\":\"SearchAction\",\"target\":{\"@type\":\"EntryPoint\",\"urlTemplate\":\"https:\\\/\\\/www.altominho.tv\\\/site\\\/?s={search_term_string}\"},\"query-input\":{\"@type\":\"PropertyValueSpecification\",\"valueRequired\":true,\"valueName\":\"search_term_string\"}}],\"inLanguage\":\"pt-PT\"},{\"@type\":\"Person\",\"@id\":\"https:\\\/\\\/www.altominho.tv\\\/site\\\/#\\\/schema\\\/person\\\/4e536851627d7914baf3dac752b6af22\",\"name\":\"Altominho.tv\",\"image\":{\"@type\":\"ImageObject\",\"inLanguage\":\"pt-PT\",\"@id\":\"https:\\\/\\\/www.altominho.tv\\\/site\\\/wp-content\\\/uploads\\\/2019\\\/11\\\/Logo_Avatar_2-150x150.jpg\",\"url\":\"https:\\\/\\\/www.altominho.tv\\\/site\\\/wp-content\\\/uploads\\\/2019\\\/11\\\/Logo_Avatar_2-150x150.jpg\",\"contentUrl\":\"https:\\\/\\\/www.altominho.tv\\\/site\\\/wp-content\\\/uploads\\\/2019\\\/11\\\/Logo_Avatar_2-150x150.jpg\",\"caption\":\"Altominho.tv\"},\"url\":\"https:\\\/\\\/www.altominho.tv\\\/site\\\/author\\\/altominhotv-tecnico\\\/\"}]}<\/script>\n<!-- \/ Yoast SEO Premium plugin. -->","yoast_head_json":{"title":"Regata Internacional Ponte da Amizade adiada devido \u00e0 previs\u00e3o de ventos fortes","robots":{"index":"index","follow":"follow","max-snippet":"max-snippet:-1","max-image-preview":"max-image-preview:large","max-video-preview":"max-video-preview:-1"},"canonical":"https:\/\/www.altominho.tv\/site\/2026\/03\/27\/regata-internacional-ponte-da-amizade-adiada-devido-a-previsao-de-ventos-fortes\/","og_locale":"pt_PT","og_type":"article","og_title":"Regata Internacional Ponte da Amizade adiada devido \u00e0 previs\u00e3o de ventos fortes","og_description":"A 19.\u00aa edi\u00e7\u00e3o da Regata Internacional Ponte da Amizade, inicialmente agendada para este s\u00e1bado, dia 28 de mar\u00e7o, em Vila Nova de Cerveira, foi adiada devido \u00e0 previs\u00e3o de ventos fortes. A decis\u00e3o foi tomada pela Associa\u00e7\u00e3o Desportiva e Cultural da Juventude de Cerveira, entidade organizadora do evento, que optou por priorizar a seguran\u00e7a dos [&hellip;]","og_url":"https:\/\/www.altominho.tv\/site\/2026\/03\/27\/regata-internacional-ponte-da-amizade-adiada-devido-a-previsao-de-ventos-fortes\/","og_site_name":"Altominho.tv","article_publisher":"https:\/\/www.facebook.com\/altominhotv","article_published_time":"2026-03-27T15:05:11+00:00","article_modified_time":"2026-03-27T15:05:13+00:00","og_image":[{"width":1200,"height":630,"url":"https:\/\/www.altominho.tv\/site\/wp-content\/uploads\/2026\/03\/BASE-FB-logo-Branco-1200-x-630-px-5.png","type":"image\/png"}],"author":"Altominho.tv","twitter_card":"summary_large_image","twitter_creator":"@altominhoTV","twitter_site":"@altominhoTV","twitter_misc":{"Escrito por":"Altominho.tv","Tempo estimado de leitura":"2 minutos"},"schema":{"@context":"https:\/\/schema.org","@graph":[{"@type":"Article","@id":"https:\/\/www.altominho.tv\/site\/2026\/03\/27\/regata-internacional-ponte-da-amizade-adiada-devido-a-previsao-de-ventos-fortes\/#article","isPartOf":{"@id":"https:\/\/www.altominho.tv\/site\/2026\/03\/27\/regata-internacional-ponte-da-amizade-adiada-devido-a-previsao-de-ventos-fortes\/"},"author":{"name":"Altominho.tv","@id":"https:\/\/www.altominho.tv\/site\/#\/schema\/person\/4e536851627d7914baf3dac752b6af22"},"headline":"Regata Internacional Ponte da Amizade adiada devido \u00e0 previs\u00e3o de ventos fortes","datePublished":"2026-03-27T15:05:11+00:00","dateModified":"2026-03-27T15:05:13+00:00","mainEntityOfPage":{"@id":"https:\/\/www.altominho.tv\/site\/2026\/03\/27\/regata-internacional-ponte-da-amizade-adiada-devido-a-previsao-de-ventos-fortes\/"},"wordCount":168,"image":{"@id":"https:\/\/www.altominho.tv\/site\/2026\/03\/27\/regata-internacional-ponte-da-amizade-adiada-devido-a-previsao-de-ventos-fortes\/#primaryimage"},"thumbnailUrl":"https:\/\/www.altominho.tv\/site\/wp-content\/uploads\/2026\/03\/BASE-FB-logo-Branco-1200-x-630-px-5.png","keywords":["Desporto"],"articleSection":["Vila Nova de Cerveira"],"inLanguage":"pt-PT","copyrightYear":"2026","copyrightHolder":{"@id":"https:\/\/www.altominho.tv\/site\/#organization"}},{"@type":"WebPage","@id":"https:\/\/www.altominho.tv\/site\/2026\/03\/27\/regata-internacional-ponte-da-amizade-adiada-devido-a-previsao-de-ventos-fortes\/","url":"https:\/\/www.altominho.tv\/site\/2026\/03\/27\/regata-internacional-ponte-da-amizade-adiada-devido-a-previsao-de-ventos-fortes\/","name":"Regata Internacional Ponte da Amizade adiada devido \u00e0 previs\u00e3o de ventos fortes","isPartOf":{"@id":"https:\/\/www.altominho.tv\/site\/#website"},"primaryImageOfPage":{"@id":"https:\/\/www.altominho.tv\/site\/2026\/03\/27\/regata-internacional-ponte-da-amizade-adiada-devido-a-previsao-de-ventos-fortes\/#primaryimage"},"image":{"@id":"https:\/\/www.altominho.tv\/site\/2026\/03\/27\/regata-internacional-ponte-da-amizade-adiada-devido-a-previsao-de-ventos-fortes\/#primaryimage"},"thumbnailUrl":"https:\/\/www.altominho.tv\/site\/wp-content\/uploads\/2026\/03\/BASE-FB-logo-Branco-1200-x-630-px-5.png","datePublished":"2026-03-27T15:05:11+00:00","dateModified":"2026-03-27T15:05:13+00:00","author":{"@id":"https:\/\/www.altominho.tv\/site\/#\/schema\/person\/4e536851627d7914baf3dac752b6af22"},"breadcrumb":{"@id":"https:\/\/www.altominho.tv\/site\/2026\/03\/27\/regata-internacional-ponte-da-amizade-adiada-devido-a-previsao-de-ventos-fortes\/#breadcrumb"},"inLanguage":"pt-PT","potentialAction":[{"@type":"ReadAction","target":["https:\/\/www.altominho.tv\/site\/2026\/03\/27\/regata-internacional-ponte-da-amizade-adiada-devido-a-previsao-de-ventos-fortes\/"]}]},{"@type":"ImageObject","inLanguage":"pt-PT","@id":"https:\/\/www.altominho.tv\/site\/2026\/03\/27\/regata-internacional-ponte-da-amizade-adiada-devido-a-previsao-de-ventos-fortes\/#primaryimage","url":"https:\/\/www.altominho.tv\/site\/wp-content\/uploads\/2026\/03\/BASE-FB-logo-Branco-1200-x-630-px-5.png","contentUrl":"https:\/\/www.altominho.tv\/site\/wp-content\/uploads\/2026\/03\/BASE-FB-logo-Branco-1200-x-630-px-5.png","width":1200,"height":630},{"@type":"BreadcrumbList","@id":"https:\/\/www.altominho.tv\/site\/2026\/03\/27\/regata-internacional-ponte-da-amizade-adiada-devido-a-previsao-de-ventos-fortes\/#breadcrumb","itemListElement":[{"@type":"ListItem","position":1,"name":"In\u00edcio","item":"https:\/\/www.altominho.tv\/site\/"},{"@type":"ListItem","position":2,"name":"Regata Internacional Ponte da Amizade adiada devido \u00e0 previs\u00e3o de ventos fortes"}]},{"@type":"WebSite","@id":"https:\/\/www.altominho.tv\/site\/#website","url":"https:\/\/www.altominho.tv\/site\/","name":"Altominho.tv","description":"A sua regi\u00e3o \u00e0 dist\u00e2ncia de um clique...","potentialAction":[{"@type":"SearchAction","target":{"@type":"EntryPoint","urlTemplate":"https:\/\/www.altominho.tv\/site\/?s={search_term_string}"},"query-input":{"@type":"PropertyValueSpecification","valueRequired":true,"valueName":"search_term_string"}}],"inLanguage":"pt-PT"},{"@type":"Person","@id":"https:\/\/www.altominho.tv\/site\/#\/schema\/person\/4e536851627d7914baf3dac752b6af22","name":"Altominho.tv","image":{"@type":"ImageObject","inLanguage":"pt-PT","@id":"https:\/\/www.altominho.tv\/site\/wp-content\/uploads\/2019\/11\/Logo_Avatar_2-150x150.jpg","url":"https:\/\/www.altominho.tv\/site\/wp-content\/uploads\/2019\/11\/Logo_Avatar_2-150x150.jpg","contentUrl":"https:\/\/www.altominho.tv\/site\/wp-content\/uploads\/2019\/11\/Logo_Avatar_2-150x150.jpg","caption":"Altominho.tv"},"url":"https:\/\/www.altominho.tv\/site\/author\/altominhotv-tecnico\/"}]}},"_links":{"self":[{"href":"https:\/\/www.altominho.tv\/site\/wp-json\/wp\/v2\/posts\/130483","targetHints":{"allow":["GET"]}}],"collection":[{"href":"https:\/\/www.altominho.tv\/site\/wp-json\/wp\/v2\/posts"}],"about":[{"href":"https:\/\/www.altominho.tv\/site\/wp-json\/wp\/v2\/types\/post"}],"author":[{"embeddable":true,"href":"https:\/\/www.altominho.tv\/site\/wp-json\/wp\/v2\/users\/1"}],"replies":[{"embeddable":true,"href":"https:\/\/www.altominho.tv\/site\/wp-json\/wp\/v2\/comments?post=130483"}],"version-history":[{"count":1,"href":"https:\/\/www.altominho.tv\/site\/wp-json\/wp\/v2\/posts\/130483\/revisions"}],"predecessor-version":[{"id":130485,"href":"https:\/\/www.altominho.tv\/site\/wp-json\/wp\/v2\/posts\/130483\/revisions\/130485"}],"wp:featuredmedia":[{"embeddable":true,"href":"https:\/\/www.altominho.tv\/site\/wp-json\/wp\/v2\/media\/130484"}],"wp:attachment":[{"href":"https:\/\/www.altominho.tv\/site\/wp-json\/wp\/v2\/media?parent=130483"}],"wp:term":[{"taxonomy":"category","embeddable":true,"href":"https:\/\/www.altominho.tv\/site\/wp-json\/wp\/v2\/categories?post=130483"},{"taxonomy":"post_tag","embeddable":true,"href":"https:\/\/www.altominho.tv\/site\/wp-json\/wp\/v2\/tags?post=130483"}],"curies":[{"name":"wp","href":"https:\/\/api.w.org\/{rel}","templated":true}]}}