{"id":130465,"date":"2026-03-27T20:30:00","date_gmt":"2026-03-27T20:30:00","guid":{"rendered":"https:\/\/www.altominho.tv\/site\/?p=130465"},"modified":"2026-03-27T10:22:22","modified_gmt":"2026-03-27T10:22:22","slug":"de-lisboa-para-valenca-tradicao-renasce-na-nataria-nova-lisboa","status":"publish","type":"post","link":"https:\/\/www.altominho.tv\/site\/2026\/03\/27\/de-lisboa-para-valenca-tradicao-renasce-na-nataria-nova-lisboa\/","title":{"rendered":"De Lisboa para Valen\u00e7a: tradi\u00e7\u00e3o renasce na Nataria Nova Lisboa"},"content":{"rendered":"<p><iframe loading=\"lazy\" title=\"De Lisboa para Valen\u00e7a: tradi\u00e7\u00e3o renasce na Nataria Nova Lisboa | Altominho TV\" width=\"770\" height=\"433\" src=\"https:\/\/www.youtube.com\/embed\/jbYJVwKO_Ao?feature=oembed\" frameborder=\"0\" allow=\"accelerometer; autoplay; clipboard-write; encrypted-media; gyroscope; picture-in-picture; web-share\" referrerpolicy=\"strict-origin-when-cross-origin\" allowfullscreen><\/iframe><\/p>\n<p>Depois de v\u00e1rios anos \u00e0 frente do restaurante Nova Esta\u00e7\u00e3o, Lu\u00eds e Paula decidiram reinventar o espa\u00e7o e apostar num novo conceito em Valen\u00e7a. Assim nasceu a Nataria Nova Lisboa, um projeto que rapidamente conquistou clientes e onde j\u00e1 se contam toneladas de past\u00e9is vendidos.<\/p>\n<p>O pastel de nata assume o papel principal, resultado de uma parceria com uma reconhecida casa de Lisboa e preparado com respeito pela tradi\u00e7\u00e3o.<\/p>\n<p>A oferta inclui ainda o croissant \u00e0 moda do Porto, fruto de outra colabora\u00e7\u00e3o que refor\u00e7a a aposta na qualidade.<\/p>\n","protected":false},"excerpt":{"rendered":"<p>Depois de v\u00e1rios anos \u00e0 frente do restaurante Nova Esta\u00e7\u00e3o, Lu\u00eds e Paula decidiram reinventar o espa\u00e7o e apostar num novo conceito em Valen\u00e7a. Assim nasceu a Nataria Nova Lisboa, um projeto que rapidamente conquistou clientes e onde j\u00e1 se contam toneladas de past\u00e9is vendidos. O pastel de nata assume o papel principal, resultado de [&hellip;]<\/p>\n","protected":false},"author":10,"featured_media":130467,"comment_status":"closed","ping_status":"closed","sticky":false,"template":"","format":"video","meta":{"_exactmetrics_skip_tracking":false,"_exactmetrics_sitenote_active":false,"_exactmetrics_sitenote_note":"","_exactmetrics_sitenote_category":0,"footnotes":""},"categories":[13],"tags":[81,23],"class_list":["post-130465","post","type-post","status-publish","format-video","has-post-thumbnail","hentry","category-valenca","tag-gastronomia","tag-gente","post_format-post-format-video"],"yoast_head":"<!-- This site is optimized with the Yoast SEO Premium plugin v27.5 (Yoast SEO v27.5) - https:\/\/yoast.com\/product\/yoast-seo-premium-wordpress\/ -->\n<title>De Lisboa para Valen\u00e7a: tradi\u00e7\u00e3o renasce na Nataria Nova Lisboa<\/title>\n<meta name=\"robots\" content=\"index, follow, max-snippet:-1, max-image-preview:large, max-video-preview:-1\" \/>\n<link rel=\"canonical\" href=\"https:\/\/www.altominho.tv\/site\/2026\/03\/27\/de-lisboa-para-valenca-tradicao-renasce-na-nataria-nova-lisboa\/\" \/>\n<meta property=\"og:locale\" content=\"pt_PT\" \/>\n<meta property=\"og:type\" content=\"article\" \/>\n<meta property=\"og:title\" content=\"De Lisboa para Valen\u00e7a: tradi\u00e7\u00e3o renasce na Nataria Nova Lisboa\" \/>\n<meta property=\"og:description\" content=\"Depois de v\u00e1rios anos \u00e0 frente do restaurante Nova Esta\u00e7\u00e3o, Lu\u00eds e Paula decidiram reinventar o espa\u00e7o e apostar num novo conceito em Valen\u00e7a. Assim nasceu a Nataria Nova Lisboa, um projeto que rapidamente conquistou clientes e onde j\u00e1 se contam toneladas de past\u00e9is vendidos. O pastel de nata assume o papel principal, resultado de [&hellip;]\" \/>\n<meta property=\"og:url\" content=\"https:\/\/www.altominho.tv\/site\/2026\/03\/27\/de-lisboa-para-valenca-tradicao-renasce-na-nataria-nova-lisboa\/\" \/>\n<meta property=\"og:site_name\" content=\"Altominho.tv\" \/>\n<meta property=\"article:publisher\" content=\"https:\/\/www.facebook.com\/altominhotv\" \/>\n<meta property=\"article:published_time\" content=\"2026-03-27T20:30:00+00:00\" \/>\n<meta property=\"og:image\" content=\"https:\/\/www.altominho.tv\/site\/wp-content\/uploads\/2026\/03\/Untitled-Project.jpg\" \/>\n\t<meta property=\"og:image:width\" content=\"1920\" \/>\n\t<meta property=\"og:image:height\" content=\"1080\" \/>\n\t<meta property=\"og:image:type\" content=\"image\/jpeg\" \/>\n<meta name=\"author\" content=\"Andreia Barreiro\" \/>\n<meta name=\"twitter:card\" content=\"summary_large_image\" \/>\n<meta name=\"twitter:creator\" content=\"@altominhoTV\" \/>\n<meta name=\"twitter:site\" content=\"@altominhoTV\" \/>\n<meta name=\"twitter:label1\" content=\"Escrito por\" \/>\n\t<meta name=\"twitter:data1\" content=\"Andreia Barreiro\" \/>\n\t<meta name=\"twitter:label2\" content=\"Tempo estimado de leitura\" \/>\n\t<meta name=\"twitter:data2\" content=\"1 minuto\" \/>\n<script type=\"application\/ld+json\" class=\"yoast-schema-graph\">{\"@context\":\"https:\\\/\\\/schema.org\",\"@graph\":[{\"@type\":\"Article\",\"@id\":\"https:\\\/\\\/www.altominho.tv\\\/site\\\/2026\\\/03\\\/27\\\/de-lisboa-para-valenca-tradicao-renasce-na-nataria-nova-lisboa\\\/#article\",\"isPartOf\":{\"@id\":\"https:\\\/\\\/www.altominho.tv\\\/site\\\/2026\\\/03\\\/27\\\/de-lisboa-para-valenca-tradicao-renasce-na-nataria-nova-lisboa\\\/\"},\"author\":{\"name\":\"Andreia Barreiro\",\"@id\":\"https:\\\/\\\/www.altominho.tv\\\/site\\\/#\\\/schema\\\/person\\\/4fa0996d8841f9d6cbb84eb43c555c2c\"},\"headline\":\"De Lisboa para Valen\u00e7a: tradi\u00e7\u00e3o renasce na Nataria Nova Lisboa\",\"datePublished\":\"2026-03-27T20:30:00+00:00\",\"mainEntityOfPage\":{\"@id\":\"https:\\\/\\\/www.altominho.tv\\\/site\\\/2026\\\/03\\\/27\\\/de-lisboa-para-valenca-tradicao-renasce-na-nataria-nova-lisboa\\\/\"},\"wordCount\":113,\"image\":{\"@id\":\"https:\\\/\\\/www.altominho.tv\\\/site\\\/2026\\\/03\\\/27\\\/de-lisboa-para-valenca-tradicao-renasce-na-nataria-nova-lisboa\\\/#primaryimage\"},\"thumbnailUrl\":\"https:\\\/\\\/www.altominho.tv\\\/site\\\/wp-content\\\/uploads\\\/2026\\\/03\\\/Untitled-Project.jpg\",\"keywords\":[\"Gastronomia\",\"Gente\"],\"articleSection\":[\"Valen\u00e7a\"],\"inLanguage\":\"pt-PT\",\"copyrightYear\":\"2026\",\"copyrightHolder\":{\"@id\":\"https:\\\/\\\/www.altominho.tv\\\/site\\\/#organization\"}},{\"@type\":\"WebPage\",\"@id\":\"https:\\\/\\\/www.altominho.tv\\\/site\\\/2026\\\/03\\\/27\\\/de-lisboa-para-valenca-tradicao-renasce-na-nataria-nova-lisboa\\\/\",\"url\":\"https:\\\/\\\/www.altominho.tv\\\/site\\\/2026\\\/03\\\/27\\\/de-lisboa-para-valenca-tradicao-renasce-na-nataria-nova-lisboa\\\/\",\"name\":\"De Lisboa para Valen\u00e7a: tradi\u00e7\u00e3o renasce na Nataria Nova Lisboa\",\"isPartOf\":{\"@id\":\"https:\\\/\\\/www.altominho.tv\\\/site\\\/#website\"},\"primaryImageOfPage\":{\"@id\":\"https:\\\/\\\/www.altominho.tv\\\/site\\\/2026\\\/03\\\/27\\\/de-lisboa-para-valenca-tradicao-renasce-na-nataria-nova-lisboa\\\/#primaryimage\"},\"image\":{\"@id\":\"https:\\\/\\\/www.altominho.tv\\\/site\\\/2026\\\/03\\\/27\\\/de-lisboa-para-valenca-tradicao-renasce-na-nataria-nova-lisboa\\\/#primaryimage\"},\"thumbnailUrl\":\"https:\\\/\\\/www.altominho.tv\\\/site\\\/wp-content\\\/uploads\\\/2026\\\/03\\\/Untitled-Project.jpg\",\"datePublished\":\"2026-03-27T20:30:00+00:00\",\"author\":{\"@id\":\"https:\\\/\\\/www.altominho.tv\\\/site\\\/#\\\/schema\\\/person\\\/4fa0996d8841f9d6cbb84eb43c555c2c\"},\"breadcrumb\":{\"@id\":\"https:\\\/\\\/www.altominho.tv\\\/site\\\/2026\\\/03\\\/27\\\/de-lisboa-para-valenca-tradicao-renasce-na-nataria-nova-lisboa\\\/#breadcrumb\"},\"inLanguage\":\"pt-PT\",\"potentialAction\":[{\"@type\":\"ReadAction\",\"target\":[\"https:\\\/\\\/www.altominho.tv\\\/site\\\/2026\\\/03\\\/27\\\/de-lisboa-para-valenca-tradicao-renasce-na-nataria-nova-lisboa\\\/\"]}]},{\"@type\":\"ImageObject\",\"inLanguage\":\"pt-PT\",\"@id\":\"https:\\\/\\\/www.altominho.tv\\\/site\\\/2026\\\/03\\\/27\\\/de-lisboa-para-valenca-tradicao-renasce-na-nataria-nova-lisboa\\\/#primaryimage\",\"url\":\"https:\\\/\\\/www.altominho.tv\\\/site\\\/wp-content\\\/uploads\\\/2026\\\/03\\\/Untitled-Project.jpg\",\"contentUrl\":\"https:\\\/\\\/www.altominho.tv\\\/site\\\/wp-content\\\/uploads\\\/2026\\\/03\\\/Untitled-Project.jpg\",\"width\":1920,\"height\":1080},{\"@type\":\"BreadcrumbList\",\"@id\":\"https:\\\/\\\/www.altominho.tv\\\/site\\\/2026\\\/03\\\/27\\\/de-lisboa-para-valenca-tradicao-renasce-na-nataria-nova-lisboa\\\/#breadcrumb\",\"itemListElement\":[{\"@type\":\"ListItem\",\"position\":1,\"name\":\"In\u00edcio\",\"item\":\"https:\\\/\\\/www.altominho.tv\\\/site\\\/\"},{\"@type\":\"ListItem\",\"position\":2,\"name\":\"De Lisboa para Valen\u00e7a: tradi\u00e7\u00e3o renasce na Nataria Nova Lisboa\"}]},{\"@type\":\"WebSite\",\"@id\":\"https:\\\/\\\/www.altominho.tv\\\/site\\\/#website\",\"url\":\"https:\\\/\\\/www.altominho.tv\\\/site\\\/\",\"name\":\"Altominho.tv\",\"description\":\"A sua regi\u00e3o \u00e0 dist\u00e2ncia de um clique...\",\"potentialAction\":[{\"@type\":\"SearchAction\",\"target\":{\"@type\":\"EntryPoint\",\"urlTemplate\":\"https:\\\/\\\/www.altominho.tv\\\/site\\\/?s={search_term_string}\"},\"query-input\":{\"@type\":\"PropertyValueSpecification\",\"valueRequired\":true,\"valueName\":\"search_term_string\"}}],\"inLanguage\":\"pt-PT\"},{\"@type\":\"Person\",\"@id\":\"https:\\\/\\\/www.altominho.tv\\\/site\\\/#\\\/schema\\\/person\\\/4fa0996d8841f9d6cbb84eb43c555c2c\",\"name\":\"Andreia Barreiro\",\"image\":{\"@type\":\"ImageObject\",\"inLanguage\":\"pt-PT\",\"@id\":\"https:\\\/\\\/www.altominho.tv\\\/site\\\/wp-content\\\/uploads\\\/2021\\\/01\\\/132443895_3480358142084005_3574327946369834311_o-150x150.jpg\",\"url\":\"https:\\\/\\\/www.altominho.tv\\\/site\\\/wp-content\\\/uploads\\\/2021\\\/01\\\/132443895_3480358142084005_3574327946369834311_o-150x150.jpg\",\"contentUrl\":\"https:\\\/\\\/www.altominho.tv\\\/site\\\/wp-content\\\/uploads\\\/2021\\\/01\\\/132443895_3480358142084005_3574327946369834311_o-150x150.jpg\",\"caption\":\"Andreia Barreiro\"},\"url\":\"https:\\\/\\\/www.altominho.tv\\\/site\\\/author\\\/andreiabarreiro\\\/\"}]}<\/script>\n<meta property=\"og:video\" content=\"https:\/\/www.youtube.com\/embed\/jbYJVwKO_Ao\" \/>\n<meta property=\"og:video:type\" content=\"text\/html\" \/>\n<meta property=\"og:video:duration\" content=\"96\" \/>\n<meta property=\"og:video:width\" content=\"480\" \/>\n<meta property=\"og:video:height\" content=\"270\" \/>\n<meta property=\"ya:ovs:adult\" content=\"false\" \/>\n<meta property=\"ya:ovs:upload_date\" content=\"2026-03-27T20:30:00+00:00\" \/>\n<meta property=\"ya:ovs:allow_embed\" content=\"true\" \/>\n<!-- \/ Yoast SEO Premium plugin. -->","yoast_head_json":{"title":"De Lisboa para Valen\u00e7a: tradi\u00e7\u00e3o renasce na Nataria Nova Lisboa","robots":{"index":"index","follow":"follow","max-snippet":"max-snippet:-1","max-image-preview":"max-image-preview:large","max-video-preview":"max-video-preview:-1"},"canonical":"https:\/\/www.altominho.tv\/site\/2026\/03\/27\/de-lisboa-para-valenca-tradicao-renasce-na-nataria-nova-lisboa\/","og_locale":"pt_PT","og_type":"article","og_title":"De Lisboa para Valen\u00e7a: tradi\u00e7\u00e3o renasce na Nataria Nova Lisboa","og_description":"Depois de v\u00e1rios anos \u00e0 frente do restaurante Nova Esta\u00e7\u00e3o, Lu\u00eds e Paula decidiram reinventar o espa\u00e7o e apostar num novo conceito em Valen\u00e7a. Assim nasceu a Nataria Nova Lisboa, um projeto que rapidamente conquistou clientes e onde j\u00e1 se contam toneladas de past\u00e9is vendidos. O pastel de nata assume o papel principal, resultado de [&hellip;]","og_url":"https:\/\/www.altominho.tv\/site\/2026\/03\/27\/de-lisboa-para-valenca-tradicao-renasce-na-nataria-nova-lisboa\/","og_site_name":"Altominho.tv","article_publisher":"https:\/\/www.facebook.com\/altominhotv","article_published_time":"2026-03-27T20:30:00+00:00","og_image":[{"width":1920,"height":1080,"url":"https:\/\/www.altominho.tv\/site\/wp-content\/uploads\/2026\/03\/Untitled-Project.jpg","type":"image\/jpeg"}],"author":"Andreia Barreiro","twitter_card":"summary_large_image","twitter_creator":"@altominhoTV","twitter_site":"@altominhoTV","twitter_misc":{"Escrito por":"Andreia Barreiro","Tempo estimado de leitura":"1 minuto"},"schema":{"@context":"https:\/\/schema.org","@graph":[{"@type":"Article","@id":"https:\/\/www.altominho.tv\/site\/2026\/03\/27\/de-lisboa-para-valenca-tradicao-renasce-na-nataria-nova-lisboa\/#article","isPartOf":{"@id":"https:\/\/www.altominho.tv\/site\/2026\/03\/27\/de-lisboa-para-valenca-tradicao-renasce-na-nataria-nova-lisboa\/"},"author":{"name":"Andreia Barreiro","@id":"https:\/\/www.altominho.tv\/site\/#\/schema\/person\/4fa0996d8841f9d6cbb84eb43c555c2c"},"headline":"De Lisboa para Valen\u00e7a: tradi\u00e7\u00e3o renasce na Nataria Nova Lisboa","datePublished":"2026-03-27T20:30:00+00:00","mainEntityOfPage":{"@id":"https:\/\/www.altominho.tv\/site\/2026\/03\/27\/de-lisboa-para-valenca-tradicao-renasce-na-nataria-nova-lisboa\/"},"wordCount":113,"image":{"@id":"https:\/\/www.altominho.tv\/site\/2026\/03\/27\/de-lisboa-para-valenca-tradicao-renasce-na-nataria-nova-lisboa\/#primaryimage"},"thumbnailUrl":"https:\/\/www.altominho.tv\/site\/wp-content\/uploads\/2026\/03\/Untitled-Project.jpg","keywords":["Gastronomia","Gente"],"articleSection":["Valen\u00e7a"],"inLanguage":"pt-PT","copyrightYear":"2026","copyrightHolder":{"@id":"https:\/\/www.altominho.tv\/site\/#organization"}},{"@type":"WebPage","@id":"https:\/\/www.altominho.tv\/site\/2026\/03\/27\/de-lisboa-para-valenca-tradicao-renasce-na-nataria-nova-lisboa\/","url":"https:\/\/www.altominho.tv\/site\/2026\/03\/27\/de-lisboa-para-valenca-tradicao-renasce-na-nataria-nova-lisboa\/","name":"De Lisboa para Valen\u00e7a: tradi\u00e7\u00e3o renasce na Nataria Nova Lisboa","isPartOf":{"@id":"https:\/\/www.altominho.tv\/site\/#website"},"primaryImageOfPage":{"@id":"https:\/\/www.altominho.tv\/site\/2026\/03\/27\/de-lisboa-para-valenca-tradicao-renasce-na-nataria-nova-lisboa\/#primaryimage"},"image":{"@id":"https:\/\/www.altominho.tv\/site\/2026\/03\/27\/de-lisboa-para-valenca-tradicao-renasce-na-nataria-nova-lisboa\/#primaryimage"},"thumbnailUrl":"https:\/\/www.altominho.tv\/site\/wp-content\/uploads\/2026\/03\/Untitled-Project.jpg","datePublished":"2026-03-27T20:30:00+00:00","author":{"@id":"https:\/\/www.altominho.tv\/site\/#\/schema\/person\/4fa0996d8841f9d6cbb84eb43c555c2c"},"breadcrumb":{"@id":"https:\/\/www.altominho.tv\/site\/2026\/03\/27\/de-lisboa-para-valenca-tradicao-renasce-na-nataria-nova-lisboa\/#breadcrumb"},"inLanguage":"pt-PT","potentialAction":[{"@type":"ReadAction","target":["https:\/\/www.altominho.tv\/site\/2026\/03\/27\/de-lisboa-para-valenca-tradicao-renasce-na-nataria-nova-lisboa\/"]}]},{"@type":"ImageObject","inLanguage":"pt-PT","@id":"https:\/\/www.altominho.tv\/site\/2026\/03\/27\/de-lisboa-para-valenca-tradicao-renasce-na-nataria-nova-lisboa\/#primaryimage","url":"https:\/\/www.altominho.tv\/site\/wp-content\/uploads\/2026\/03\/Untitled-Project.jpg","contentUrl":"https:\/\/www.altominho.tv\/site\/wp-content\/uploads\/2026\/03\/Untitled-Project.jpg","width":1920,"height":1080},{"@type":"BreadcrumbList","@id":"https:\/\/www.altominho.tv\/site\/2026\/03\/27\/de-lisboa-para-valenca-tradicao-renasce-na-nataria-nova-lisboa\/#breadcrumb","itemListElement":[{"@type":"ListItem","position":1,"name":"In\u00edcio","item":"https:\/\/www.altominho.tv\/site\/"},{"@type":"ListItem","position":2,"name":"De Lisboa para Valen\u00e7a: tradi\u00e7\u00e3o renasce na Nataria Nova Lisboa"}]},{"@type":"WebSite","@id":"https:\/\/www.altominho.tv\/site\/#website","url":"https:\/\/www.altominho.tv\/site\/","name":"Altominho.tv","description":"A sua regi\u00e3o \u00e0 dist\u00e2ncia de um clique...","potentialAction":[{"@type":"SearchAction","target":{"@type":"EntryPoint","urlTemplate":"https:\/\/www.altominho.tv\/site\/?s={search_term_string}"},"query-input":{"@type":"PropertyValueSpecification","valueRequired":true,"valueName":"search_term_string"}}],"inLanguage":"pt-PT"},{"@type":"Person","@id":"https:\/\/www.altominho.tv\/site\/#\/schema\/person\/4fa0996d8841f9d6cbb84eb43c555c2c","name":"Andreia Barreiro","image":{"@type":"ImageObject","inLanguage":"pt-PT","@id":"https:\/\/www.altominho.tv\/site\/wp-content\/uploads\/2021\/01\/132443895_3480358142084005_3574327946369834311_o-150x150.jpg","url":"https:\/\/www.altominho.tv\/site\/wp-content\/uploads\/2021\/01\/132443895_3480358142084005_3574327946369834311_o-150x150.jpg","contentUrl":"https:\/\/www.altominho.tv\/site\/wp-content\/uploads\/2021\/01\/132443895_3480358142084005_3574327946369834311_o-150x150.jpg","caption":"Andreia Barreiro"},"url":"https:\/\/www.altominho.tv\/site\/author\/andreiabarreiro\/"}]},"og_video":"https:\/\/www.youtube.com\/embed\/jbYJVwKO_Ao","og_video_type":"text\/html","og_video_duration":"96","og_video_width":"480","og_video_height":"270","ya_ovs_adult":"false","ya_ovs_upload_date":"2026-03-27T20:30:00+00:00","ya_ovs_allow_embed":"true"},"_links":{"self":[{"href":"https:\/\/www.altominho.tv\/site\/wp-json\/wp\/v2\/posts\/130465","targetHints":{"allow":["GET"]}}],"collection":[{"href":"https:\/\/www.altominho.tv\/site\/wp-json\/wp\/v2\/posts"}],"about":[{"href":"https:\/\/www.altominho.tv\/site\/wp-json\/wp\/v2\/types\/post"}],"author":[{"embeddable":true,"href":"https:\/\/www.altominho.tv\/site\/wp-json\/wp\/v2\/users\/10"}],"replies":[{"embeddable":true,"href":"https:\/\/www.altominho.tv\/site\/wp-json\/wp\/v2\/comments?post=130465"}],"version-history":[{"count":1,"href":"https:\/\/www.altominho.tv\/site\/wp-json\/wp\/v2\/posts\/130465\/revisions"}],"predecessor-version":[{"id":130468,"href":"https:\/\/www.altominho.tv\/site\/wp-json\/wp\/v2\/posts\/130465\/revisions\/130468"}],"wp:featuredmedia":[{"embeddable":true,"href":"https:\/\/www.altominho.tv\/site\/wp-json\/wp\/v2\/media\/130467"}],"wp:attachment":[{"href":"https:\/\/www.altominho.tv\/site\/wp-json\/wp\/v2\/media?parent=130465"}],"wp:term":[{"taxonomy":"category","embeddable":true,"href":"https:\/\/www.altominho.tv\/site\/wp-json\/wp\/v2\/categories?post=130465"},{"taxonomy":"post_tag","embeddable":true,"href":"https:\/\/www.altominho.tv\/site\/wp-json\/wp\/v2\/tags?post=130465"}],"curies":[{"name":"wp","href":"https:\/\/api.w.org\/{rel}","templated":true}]}}