{"id":130463,"date":"2026-03-27T10:21:24","date_gmt":"2026-03-27T10:21:24","guid":{"rendered":"https:\/\/www.altominho.tv\/site\/?p=130463"},"modified":"2026-03-27T10:21:26","modified_gmt":"2026-03-27T10:21:26","slug":"a-dama-e-o-vagabundo-chega-a-cerveira-com-musical-para-toda-a-familia","status":"publish","type":"post","link":"https:\/\/www.altominho.tv\/site\/2026\/03\/27\/a-dama-e-o-vagabundo-chega-a-cerveira-com-musical-para-toda-a-familia\/","title":{"rendered":"\u201cA Dama e o Vagabundo\u201d chega a Cerveira com musical para toda a fam\u00edlia"},"content":{"rendered":"<div class=\"flex flex-col text-sm pb-25\">\n<section class=\"text-token-text-primary w-full focus:outline-none [--shadow-height:45px] has-data-writing-block:pointer-events-none has-data-writing-block:-mt-(--shadow-height) has-data-writing-block:pt-(--shadow-height) [&amp;:has([data-writing-block])&gt;*]:pointer-events-auto scroll-mt-[calc(var(--header-height)+min(200px,max(70px,20svh)))]\" dir=\"auto\" data-turn-id=\"request-WEB:1564f050-1758-4e96-8184-376bfca420bc-0\" data-testid=\"conversation-turn-2\" data-scroll-anchor=\"true\" data-turn=\"assistant\">\n<div class=\"text-base my-auto mx-auto pb-10 [--thread-content-margin:var(--thread-content-margin-xs,calc(var(--spacing)*4))] @w-sm\/main:[--thread-content-margin:var(--thread-content-margin-sm,calc(var(--spacing)*6))] @w-lg\/main:[--thread-content-margin:var(--thread-content-margin-lg,calc(var(--spacing)*16))] px-(--thread-content-margin)\">\n<div class=\"[--thread-content-max-width:40rem] @w-lg\/main:[--thread-content-max-width:48rem] mx-auto max-w-(--thread-content-max-width) flex-1 group\/turn-messages focus-visible:outline-hidden relative flex w-full min-w-0 flex-col agent-turn\">\n<div class=\"flex max-w-full flex-col gap-4 grow\">\n<div class=\"min-h-8 text-message relative flex w-full flex-col items-end gap-2 text-start break-words whitespace-normal outline-none keyboard-focused:focus-ring [.text-message+&amp;]:mt-1\" dir=\"auto\" tabindex=\"0\" data-message-author-role=\"assistant\" data-message-id=\"5363fdb5-efbd-48da-8e87-ad17d566b82f\" data-message-model-slug=\"gpt-5-3\" data-turn-start-message=\"true\">\n<div class=\"flex w-full flex-col gap-1 empty:hidden\">\n<div class=\"markdown prose dark:prose-invert w-full wrap-break-word light markdown-new-styling\">\n<p data-start=\"77\" data-end=\"404\">O Palco das Artes, em Vila Nova de Cerveira, volta a integrar o circuito de grandes produ\u00e7\u00f5es nacionais ao receber, no pr\u00f3ximo dia 2 de maio, \u00e0s 15h30, o espet\u00e1culo \u201cA Dama e o Vagabundo \u2013 O Musical\u201d. A iniciativa destina-se a p\u00fablicos a partir dos tr\u00eas anos e apresenta-se como uma proposta cultural dirigida a toda a fam\u00edlia.<\/p>\n<p data-start=\"406\" data-end=\"605\">Com bilhetes dispon\u00edveis por 12,50 euros, \u00e0 venda na plataforma Ticketline, o musical promete uma experi\u00eancia marcada pela combina\u00e7\u00e3o de m\u00fasica, humor e emo\u00e7\u00e3o, ao longo de 65 minutos, sem intervalo.<\/p>\n<p data-start=\"607\" data-end=\"937\">A narrativa acompanha Dama, uma cadela habituada ao conforto do lar que, perante circunst\u00e2ncias inesperadas, se v\u00ea for\u00e7ada a fugir e a enfrentar um mundo desconhecido. Durante a sua jornada, cruza-se com o chamado Gang dos Carrapatos, liderado por Rebeca, e com Vagabundo, personagem que a ajuda a adaptar-se a uma nova realidade.<\/p>\n<p data-start=\"939\" data-end=\"1208\">O enredo intensifica-se quando Dama \u00e9 raptada por um grupo rival, os Rufi\u00f5es, liderados por Rex, desencadeando uma disputa pelo controlo do \u201cBeco dos Vira-Latas\u201d. Ao longo da hist\u00f3ria, s\u00e3o explorados temas como a amizade, a supera\u00e7\u00e3o e a import\u00e2ncia dos la\u00e7os afetivos.<\/p>\n<p data-start=\"1210\" data-end=\"1359\">O espet\u00e1culo culmina com momentos de surpresa e uma refer\u00eancia simb\u00f3lica ao conhecido epis\u00f3dio do prato de esparguete, associado \u00e0 hist\u00f3ria original.<\/p>\n<p data-start=\"1361\" data-end=\"1539\">Produzido pela Proeza Arrebatadora, o musical constitui uma adapta\u00e7\u00e3o livre do conto \u201cHappy Dan, The Cynical Dog\u201d, de Ward Greene, uma obra cl\u00e1ssica da literatura infantojuvenil.<\/p>\n<p data-start=\"1541\" data-end=\"1700\" data-is-last-node=\"\" data-is-only-node=\"\">O munic\u00edpio destaca o car\u00e1ter intergeracional do espet\u00e1culo, que pretende atrair diferentes faixas et\u00e1rias, refor\u00e7ando a oferta cultural do concelho minhoto.<\/p>\n<\/div>\n<p data-start=\"1541\" data-end=\"1700\" data-is-last-node=\"\" data-is-only-node=\"\">Foto: <strong>Munic\u00edpio de Vila Nova de Cerveira<\/strong><\/p>\n<\/div>\n<\/div>\n<\/div>\n<\/div>\n<\/div>\n<\/section>\n<\/div>\n","protected":false},"excerpt":{"rendered":"<p>O Palco das Artes, em Vila Nova de Cerveira, volta a integrar o circuito de grandes produ\u00e7\u00f5es nacionais ao receber, no pr\u00f3ximo dia 2 de maio, \u00e0s 15h30, o espet\u00e1culo \u201cA Dama e o Vagabundo \u2013 O Musical\u201d. A iniciativa destina-se a p\u00fablicos a partir dos tr\u00eas anos e apresenta-se como uma proposta cultural dirigida [&hellip;]<\/p>\n","protected":false},"author":24,"featured_media":130464,"comment_status":"closed","ping_status":"closed","sticky":false,"template":"","format":"standard","meta":{"_exactmetrics_skip_tracking":false,"_exactmetrics_sitenote_active":false,"_exactmetrics_sitenote_note":"","_exactmetrics_sitenote_category":0,"footnotes":""},"categories":[15],"tags":[24],"class_list":["post-130463","post","type-post","status-publish","format-standard","has-post-thumbnail","hentry","category-vila-nova-de-cerveira","tag-lazer"],"yoast_head":"<!-- This site is optimized with the Yoast SEO Premium plugin v27.5 (Yoast SEO v27.5) - https:\/\/yoast.com\/product\/yoast-seo-premium-wordpress\/ -->\n<title>\u201cA Dama e o Vagabundo\u201d chega a Cerveira com musical para toda a fam\u00edlia<\/title>\n<meta name=\"description\" content=\"O Palco das Artes, em Vila Nova de Cerveira, volta a integrar o circuito de grandes produ\u00e7\u00f5es nacionais ao receber, no pr\u00f3ximo dia 2 de maio, \u00e0s 15h30, o espet\u00e1culo \u201cA Dama e o Vagabundo \u2013 O Musical\u201d. A iniciativa destina-se a p\u00fablicos a partir dos tr\u00eas anos e apresenta-se como uma proposta cultural dirigida a toda a fam\u00edlia.\" \/>\n<meta name=\"robots\" content=\"index, follow, max-snippet:-1, max-image-preview:large, max-video-preview:-1\" \/>\n<link rel=\"canonical\" href=\"https:\/\/www.altominho.tv\/site\/2026\/03\/27\/a-dama-e-o-vagabundo-chega-a-cerveira-com-musical-para-toda-a-familia\/\" \/>\n<meta property=\"og:locale\" content=\"pt_PT\" \/>\n<meta property=\"og:type\" content=\"article\" \/>\n<meta property=\"og:title\" content=\"\u201cA Dama e o Vagabundo\u201d chega a Cerveira com musical para toda a fam\u00edlia\" \/>\n<meta property=\"og:description\" content=\"O Palco das Artes, em Vila Nova de Cerveira, volta a integrar o circuito de grandes produ\u00e7\u00f5es nacionais ao receber, no pr\u00f3ximo dia 2 de maio, \u00e0s 15h30, o espet\u00e1culo \u201cA Dama e o Vagabundo \u2013 O Musical\u201d. A iniciativa destina-se a p\u00fablicos a partir dos tr\u00eas anos e apresenta-se como uma proposta cultural dirigida a toda a fam\u00edlia.\" \/>\n<meta property=\"og:url\" content=\"https:\/\/www.altominho.tv\/site\/2026\/03\/27\/a-dama-e-o-vagabundo-chega-a-cerveira-com-musical-para-toda-a-familia\/\" \/>\n<meta property=\"og:site_name\" content=\"Altominho.tv\" \/>\n<meta property=\"article:publisher\" content=\"https:\/\/www.facebook.com\/altominhotv\" \/>\n<meta property=\"article:published_time\" content=\"2026-03-27T10:21:24+00:00\" \/>\n<meta property=\"article:modified_time\" content=\"2026-03-27T10:21:26+00:00\" \/>\n<meta property=\"og:image\" content=\"https:\/\/www.altominho.tv\/site\/wp-content\/uploads\/2026\/03\/teatro-2.png\" \/>\n\t<meta property=\"og:image:width\" content=\"1200\" \/>\n\t<meta property=\"og:image:height\" content=\"630\" \/>\n\t<meta property=\"og:image:type\" content=\"image\/png\" \/>\n<meta name=\"author\" content=\"Cesar Lopes\" \/>\n<meta name=\"twitter:card\" content=\"summary_large_image\" \/>\n<meta name=\"twitter:creator\" content=\"@altominhoTV\" \/>\n<meta name=\"twitter:site\" content=\"@altominhoTV\" \/>\n<meta name=\"twitter:label1\" content=\"Escrito por\" \/>\n\t<meta name=\"twitter:data1\" content=\"Cesar Lopes\" \/>\n\t<meta name=\"twitter:label2\" content=\"Tempo estimado de leitura\" \/>\n\t<meta name=\"twitter:data2\" content=\"2 minutos\" \/>\n<script type=\"application\/ld+json\" class=\"yoast-schema-graph\">{\"@context\":\"https:\\\/\\\/schema.org\",\"@graph\":[{\"@type\":\"Article\",\"@id\":\"https:\\\/\\\/www.altominho.tv\\\/site\\\/2026\\\/03\\\/27\\\/a-dama-e-o-vagabundo-chega-a-cerveira-com-musical-para-toda-a-familia\\\/#article\",\"isPartOf\":{\"@id\":\"https:\\\/\\\/www.altominho.tv\\\/site\\\/2026\\\/03\\\/27\\\/a-dama-e-o-vagabundo-chega-a-cerveira-com-musical-para-toda-a-familia\\\/\"},\"author\":{\"name\":\"Cesar Lopes\",\"@id\":\"https:\\\/\\\/www.altominho.tv\\\/site\\\/#\\\/schema\\\/person\\\/c5570e5afb933b8d08c43373326ef1b1\"},\"headline\":\"\u201cA Dama e o Vagabundo\u201d chega a Cerveira com musical para toda a fam\u00edlia\",\"datePublished\":\"2026-03-27T10:21:24+00:00\",\"dateModified\":\"2026-03-27T10:21:26+00:00\",\"mainEntityOfPage\":{\"@id\":\"https:\\\/\\\/www.altominho.tv\\\/site\\\/2026\\\/03\\\/27\\\/a-dama-e-o-vagabundo-chega-a-cerveira-com-musical-para-toda-a-familia\\\/\"},\"wordCount\":302,\"image\":{\"@id\":\"https:\\\/\\\/www.altominho.tv\\\/site\\\/2026\\\/03\\\/27\\\/a-dama-e-o-vagabundo-chega-a-cerveira-com-musical-para-toda-a-familia\\\/#primaryimage\"},\"thumbnailUrl\":\"https:\\\/\\\/www.altominho.tv\\\/site\\\/wp-content\\\/uploads\\\/2026\\\/03\\\/teatro-2.png\",\"keywords\":[\"Lazer\"],\"articleSection\":[\"Vila Nova de Cerveira\"],\"inLanguage\":\"pt-PT\",\"copyrightYear\":\"2026\",\"copyrightHolder\":{\"@id\":\"https:\\\/\\\/www.altominho.tv\\\/site\\\/#organization\"}},{\"@type\":\"WebPage\",\"@id\":\"https:\\\/\\\/www.altominho.tv\\\/site\\\/2026\\\/03\\\/27\\\/a-dama-e-o-vagabundo-chega-a-cerveira-com-musical-para-toda-a-familia\\\/\",\"url\":\"https:\\\/\\\/www.altominho.tv\\\/site\\\/2026\\\/03\\\/27\\\/a-dama-e-o-vagabundo-chega-a-cerveira-com-musical-para-toda-a-familia\\\/\",\"name\":\"\u201cA Dama e o Vagabundo\u201d chega a Cerveira com musical para toda a fam\u00edlia\",\"isPartOf\":{\"@id\":\"https:\\\/\\\/www.altominho.tv\\\/site\\\/#website\"},\"primaryImageOfPage\":{\"@id\":\"https:\\\/\\\/www.altominho.tv\\\/site\\\/2026\\\/03\\\/27\\\/a-dama-e-o-vagabundo-chega-a-cerveira-com-musical-para-toda-a-familia\\\/#primaryimage\"},\"image\":{\"@id\":\"https:\\\/\\\/www.altominho.tv\\\/site\\\/2026\\\/03\\\/27\\\/a-dama-e-o-vagabundo-chega-a-cerveira-com-musical-para-toda-a-familia\\\/#primaryimage\"},\"thumbnailUrl\":\"https:\\\/\\\/www.altominho.tv\\\/site\\\/wp-content\\\/uploads\\\/2026\\\/03\\\/teatro-2.png\",\"datePublished\":\"2026-03-27T10:21:24+00:00\",\"dateModified\":\"2026-03-27T10:21:26+00:00\",\"author\":{\"@id\":\"https:\\\/\\\/www.altominho.tv\\\/site\\\/#\\\/schema\\\/person\\\/c5570e5afb933b8d08c43373326ef1b1\"},\"description\":\"O Palco das Artes, em Vila Nova de Cerveira, volta a integrar o circuito de grandes produ\u00e7\u00f5es nacionais ao receber, no pr\u00f3ximo dia 2 de maio, \u00e0s 15h30, o espet\u00e1culo \u201cA Dama e o Vagabundo \u2013 O Musical\u201d. A iniciativa destina-se a p\u00fablicos a partir dos tr\u00eas anos e apresenta-se como uma proposta cultural dirigida a toda a fam\u00edlia.\",\"breadcrumb\":{\"@id\":\"https:\\\/\\\/www.altominho.tv\\\/site\\\/2026\\\/03\\\/27\\\/a-dama-e-o-vagabundo-chega-a-cerveira-com-musical-para-toda-a-familia\\\/#breadcrumb\"},\"inLanguage\":\"pt-PT\",\"potentialAction\":[{\"@type\":\"ReadAction\",\"target\":[\"https:\\\/\\\/www.altominho.tv\\\/site\\\/2026\\\/03\\\/27\\\/a-dama-e-o-vagabundo-chega-a-cerveira-com-musical-para-toda-a-familia\\\/\"]}]},{\"@type\":\"ImageObject\",\"inLanguage\":\"pt-PT\",\"@id\":\"https:\\\/\\\/www.altominho.tv\\\/site\\\/2026\\\/03\\\/27\\\/a-dama-e-o-vagabundo-chega-a-cerveira-com-musical-para-toda-a-familia\\\/#primaryimage\",\"url\":\"https:\\\/\\\/www.altominho.tv\\\/site\\\/wp-content\\\/uploads\\\/2026\\\/03\\\/teatro-2.png\",\"contentUrl\":\"https:\\\/\\\/www.altominho.tv\\\/site\\\/wp-content\\\/uploads\\\/2026\\\/03\\\/teatro-2.png\",\"width\":1200,\"height\":630},{\"@type\":\"BreadcrumbList\",\"@id\":\"https:\\\/\\\/www.altominho.tv\\\/site\\\/2026\\\/03\\\/27\\\/a-dama-e-o-vagabundo-chega-a-cerveira-com-musical-para-toda-a-familia\\\/#breadcrumb\",\"itemListElement\":[{\"@type\":\"ListItem\",\"position\":1,\"name\":\"In\u00edcio\",\"item\":\"https:\\\/\\\/www.altominho.tv\\\/site\\\/\"},{\"@type\":\"ListItem\",\"position\":2,\"name\":\"\u201cA Dama e o Vagabundo\u201d chega a Cerveira com musical para toda a fam\u00edlia\"}]},{\"@type\":\"WebSite\",\"@id\":\"https:\\\/\\\/www.altominho.tv\\\/site\\\/#website\",\"url\":\"https:\\\/\\\/www.altominho.tv\\\/site\\\/\",\"name\":\"Altominho.tv\",\"description\":\"A sua regi\u00e3o \u00e0 dist\u00e2ncia de um clique...\",\"potentialAction\":[{\"@type\":\"SearchAction\",\"target\":{\"@type\":\"EntryPoint\",\"urlTemplate\":\"https:\\\/\\\/www.altominho.tv\\\/site\\\/?s={search_term_string}\"},\"query-input\":{\"@type\":\"PropertyValueSpecification\",\"valueRequired\":true,\"valueName\":\"search_term_string\"}}],\"inLanguage\":\"pt-PT\"},{\"@type\":\"Person\",\"@id\":\"https:\\\/\\\/www.altominho.tv\\\/site\\\/#\\\/schema\\\/person\\\/c5570e5afb933b8d08c43373326ef1b1\",\"name\":\"Cesar Lopes\",\"image\":{\"@type\":\"ImageObject\",\"inLanguage\":\"pt-PT\",\"@id\":\"https:\\\/\\\/www.altominho.tv\\\/site\\\/wp-content\\\/uploads\\\/2022\\\/10\\\/Sem-Titulo-150x150.jpg\",\"url\":\"https:\\\/\\\/www.altominho.tv\\\/site\\\/wp-content\\\/uploads\\\/2022\\\/10\\\/Sem-Titulo-150x150.jpg\",\"contentUrl\":\"https:\\\/\\\/www.altominho.tv\\\/site\\\/wp-content\\\/uploads\\\/2022\\\/10\\\/Sem-Titulo-150x150.jpg\",\"caption\":\"Cesar Lopes\"},\"url\":\"https:\\\/\\\/www.altominho.tv\\\/site\\\/author\\\/cesarlopes\\\/\"}]}<\/script>\n<!-- \/ Yoast SEO Premium plugin. -->","yoast_head_json":{"title":"\u201cA Dama e o Vagabundo\u201d chega a Cerveira com musical para toda a fam\u00edlia","description":"O Palco das Artes, em Vila Nova de Cerveira, volta a integrar o circuito de grandes produ\u00e7\u00f5es nacionais ao receber, no pr\u00f3ximo dia 2 de maio, \u00e0s 15h30, o espet\u00e1culo \u201cA Dama e o Vagabundo \u2013 O Musical\u201d. A iniciativa destina-se a p\u00fablicos a partir dos tr\u00eas anos e apresenta-se como uma proposta cultural dirigida a toda a fam\u00edlia.","robots":{"index":"index","follow":"follow","max-snippet":"max-snippet:-1","max-image-preview":"max-image-preview:large","max-video-preview":"max-video-preview:-1"},"canonical":"https:\/\/www.altominho.tv\/site\/2026\/03\/27\/a-dama-e-o-vagabundo-chega-a-cerveira-com-musical-para-toda-a-familia\/","og_locale":"pt_PT","og_type":"article","og_title":"\u201cA Dama e o Vagabundo\u201d chega a Cerveira com musical para toda a fam\u00edlia","og_description":"O Palco das Artes, em Vila Nova de Cerveira, volta a integrar o circuito de grandes produ\u00e7\u00f5es nacionais ao receber, no pr\u00f3ximo dia 2 de maio, \u00e0s 15h30, o espet\u00e1culo \u201cA Dama e o Vagabundo \u2013 O Musical\u201d. A iniciativa destina-se a p\u00fablicos a partir dos tr\u00eas anos e apresenta-se como uma proposta cultural dirigida a toda a fam\u00edlia.","og_url":"https:\/\/www.altominho.tv\/site\/2026\/03\/27\/a-dama-e-o-vagabundo-chega-a-cerveira-com-musical-para-toda-a-familia\/","og_site_name":"Altominho.tv","article_publisher":"https:\/\/www.facebook.com\/altominhotv","article_published_time":"2026-03-27T10:21:24+00:00","article_modified_time":"2026-03-27T10:21:26+00:00","og_image":[{"width":1200,"height":630,"url":"https:\/\/www.altominho.tv\/site\/wp-content\/uploads\/2026\/03\/teatro-2.png","type":"image\/png"}],"author":"Cesar Lopes","twitter_card":"summary_large_image","twitter_creator":"@altominhoTV","twitter_site":"@altominhoTV","twitter_misc":{"Escrito por":"Cesar Lopes","Tempo estimado de leitura":"2 minutos"},"schema":{"@context":"https:\/\/schema.org","@graph":[{"@type":"Article","@id":"https:\/\/www.altominho.tv\/site\/2026\/03\/27\/a-dama-e-o-vagabundo-chega-a-cerveira-com-musical-para-toda-a-familia\/#article","isPartOf":{"@id":"https:\/\/www.altominho.tv\/site\/2026\/03\/27\/a-dama-e-o-vagabundo-chega-a-cerveira-com-musical-para-toda-a-familia\/"},"author":{"name":"Cesar Lopes","@id":"https:\/\/www.altominho.tv\/site\/#\/schema\/person\/c5570e5afb933b8d08c43373326ef1b1"},"headline":"\u201cA Dama e o Vagabundo\u201d chega a Cerveira com musical para toda a fam\u00edlia","datePublished":"2026-03-27T10:21:24+00:00","dateModified":"2026-03-27T10:21:26+00:00","mainEntityOfPage":{"@id":"https:\/\/www.altominho.tv\/site\/2026\/03\/27\/a-dama-e-o-vagabundo-chega-a-cerveira-com-musical-para-toda-a-familia\/"},"wordCount":302,"image":{"@id":"https:\/\/www.altominho.tv\/site\/2026\/03\/27\/a-dama-e-o-vagabundo-chega-a-cerveira-com-musical-para-toda-a-familia\/#primaryimage"},"thumbnailUrl":"https:\/\/www.altominho.tv\/site\/wp-content\/uploads\/2026\/03\/teatro-2.png","keywords":["Lazer"],"articleSection":["Vila Nova de Cerveira"],"inLanguage":"pt-PT","copyrightYear":"2026","copyrightHolder":{"@id":"https:\/\/www.altominho.tv\/site\/#organization"}},{"@type":"WebPage","@id":"https:\/\/www.altominho.tv\/site\/2026\/03\/27\/a-dama-e-o-vagabundo-chega-a-cerveira-com-musical-para-toda-a-familia\/","url":"https:\/\/www.altominho.tv\/site\/2026\/03\/27\/a-dama-e-o-vagabundo-chega-a-cerveira-com-musical-para-toda-a-familia\/","name":"\u201cA Dama e o Vagabundo\u201d chega a Cerveira com musical para toda a fam\u00edlia","isPartOf":{"@id":"https:\/\/www.altominho.tv\/site\/#website"},"primaryImageOfPage":{"@id":"https:\/\/www.altominho.tv\/site\/2026\/03\/27\/a-dama-e-o-vagabundo-chega-a-cerveira-com-musical-para-toda-a-familia\/#primaryimage"},"image":{"@id":"https:\/\/www.altominho.tv\/site\/2026\/03\/27\/a-dama-e-o-vagabundo-chega-a-cerveira-com-musical-para-toda-a-familia\/#primaryimage"},"thumbnailUrl":"https:\/\/www.altominho.tv\/site\/wp-content\/uploads\/2026\/03\/teatro-2.png","datePublished":"2026-03-27T10:21:24+00:00","dateModified":"2026-03-27T10:21:26+00:00","author":{"@id":"https:\/\/www.altominho.tv\/site\/#\/schema\/person\/c5570e5afb933b8d08c43373326ef1b1"},"description":"O Palco das Artes, em Vila Nova de Cerveira, volta a integrar o circuito de grandes produ\u00e7\u00f5es nacionais ao receber, no pr\u00f3ximo dia 2 de maio, \u00e0s 15h30, o espet\u00e1culo \u201cA Dama e o Vagabundo \u2013 O Musical\u201d. A iniciativa destina-se a p\u00fablicos a partir dos tr\u00eas anos e apresenta-se como uma proposta cultural dirigida a toda a fam\u00edlia.","breadcrumb":{"@id":"https:\/\/www.altominho.tv\/site\/2026\/03\/27\/a-dama-e-o-vagabundo-chega-a-cerveira-com-musical-para-toda-a-familia\/#breadcrumb"},"inLanguage":"pt-PT","potentialAction":[{"@type":"ReadAction","target":["https:\/\/www.altominho.tv\/site\/2026\/03\/27\/a-dama-e-o-vagabundo-chega-a-cerveira-com-musical-para-toda-a-familia\/"]}]},{"@type":"ImageObject","inLanguage":"pt-PT","@id":"https:\/\/www.altominho.tv\/site\/2026\/03\/27\/a-dama-e-o-vagabundo-chega-a-cerveira-com-musical-para-toda-a-familia\/#primaryimage","url":"https:\/\/www.altominho.tv\/site\/wp-content\/uploads\/2026\/03\/teatro-2.png","contentUrl":"https:\/\/www.altominho.tv\/site\/wp-content\/uploads\/2026\/03\/teatro-2.png","width":1200,"height":630},{"@type":"BreadcrumbList","@id":"https:\/\/www.altominho.tv\/site\/2026\/03\/27\/a-dama-e-o-vagabundo-chega-a-cerveira-com-musical-para-toda-a-familia\/#breadcrumb","itemListElement":[{"@type":"ListItem","position":1,"name":"In\u00edcio","item":"https:\/\/www.altominho.tv\/site\/"},{"@type":"ListItem","position":2,"name":"\u201cA Dama e o Vagabundo\u201d chega a Cerveira com musical para toda a fam\u00edlia"}]},{"@type":"WebSite","@id":"https:\/\/www.altominho.tv\/site\/#website","url":"https:\/\/www.altominho.tv\/site\/","name":"Altominho.tv","description":"A sua regi\u00e3o \u00e0 dist\u00e2ncia de um clique...","potentialAction":[{"@type":"SearchAction","target":{"@type":"EntryPoint","urlTemplate":"https:\/\/www.altominho.tv\/site\/?s={search_term_string}"},"query-input":{"@type":"PropertyValueSpecification","valueRequired":true,"valueName":"search_term_string"}}],"inLanguage":"pt-PT"},{"@type":"Person","@id":"https:\/\/www.altominho.tv\/site\/#\/schema\/person\/c5570e5afb933b8d08c43373326ef1b1","name":"Cesar Lopes","image":{"@type":"ImageObject","inLanguage":"pt-PT","@id":"https:\/\/www.altominho.tv\/site\/wp-content\/uploads\/2022\/10\/Sem-Titulo-150x150.jpg","url":"https:\/\/www.altominho.tv\/site\/wp-content\/uploads\/2022\/10\/Sem-Titulo-150x150.jpg","contentUrl":"https:\/\/www.altominho.tv\/site\/wp-content\/uploads\/2022\/10\/Sem-Titulo-150x150.jpg","caption":"Cesar Lopes"},"url":"https:\/\/www.altominho.tv\/site\/author\/cesarlopes\/"}]}},"_links":{"self":[{"href":"https:\/\/www.altominho.tv\/site\/wp-json\/wp\/v2\/posts\/130463","targetHints":{"allow":["GET"]}}],"collection":[{"href":"https:\/\/www.altominho.tv\/site\/wp-json\/wp\/v2\/posts"}],"about":[{"href":"https:\/\/www.altominho.tv\/site\/wp-json\/wp\/v2\/types\/post"}],"author":[{"embeddable":true,"href":"https:\/\/www.altominho.tv\/site\/wp-json\/wp\/v2\/users\/24"}],"replies":[{"embeddable":true,"href":"https:\/\/www.altominho.tv\/site\/wp-json\/wp\/v2\/comments?post=130463"}],"version-history":[{"count":1,"href":"https:\/\/www.altominho.tv\/site\/wp-json\/wp\/v2\/posts\/130463\/revisions"}],"predecessor-version":[{"id":130466,"href":"https:\/\/www.altominho.tv\/site\/wp-json\/wp\/v2\/posts\/130463\/revisions\/130466"}],"wp:featuredmedia":[{"embeddable":true,"href":"https:\/\/www.altominho.tv\/site\/wp-json\/wp\/v2\/media\/130464"}],"wp:attachment":[{"href":"https:\/\/www.altominho.tv\/site\/wp-json\/wp\/v2\/media?parent=130463"}],"wp:term":[{"taxonomy":"category","embeddable":true,"href":"https:\/\/www.altominho.tv\/site\/wp-json\/wp\/v2\/categories?post=130463"},{"taxonomy":"post_tag","embeddable":true,"href":"https:\/\/www.altominho.tv\/site\/wp-json\/wp\/v2\/tags?post=130463"}],"curies":[{"name":"wp","href":"https:\/\/api.w.org\/{rel}","templated":true}]}}