{"id":130443,"date":"2026-03-27T08:21:10","date_gmt":"2026-03-27T08:21:10","guid":{"rendered":"https:\/\/www.altominho.tv\/site\/?p=130443"},"modified":"2026-03-27T08:21:29","modified_gmt":"2026-03-27T08:21:29","slug":"130443","status":"publish","type":"post","link":"https:\/\/www.altominho.tv\/site\/2026\/03\/27\/130443\/","title":{"rendered":"Caminha com 306,5 mil euros para refor\u00e7ar autonomia e qualidade de vida de idosos"},"content":{"rendered":"<p>Rastreios para prevenir dem\u00eancia e uma rede de teleassist\u00eancia para refor\u00e7ar a seguran\u00e7a junto de idosos isolados s\u00e3o algumas das medidas que a C\u00e2mara de Caminha vai implementar num projeto de 306,5 mil euros, foi divulgado.<\/p>\n<p>O programa Caminha +Ativa, que arranca na sexta-feira, conta com um financiamento comunit\u00e1rio de 260,5 mil euros, vai desenvolver-se ao longo de 36 meses e visa promover &#8220;a inclus\u00e3o ativa e o bem-estar da popula\u00e7\u00e3o idosa do concelho&#8221;, revelou a autarquia do distrito de Viana do Castelo.<\/p>\n<p>\u201cCom esta iniciativa, pretende-se promover a longevidade com qualidade de vida, refor\u00e7ar a autonomia e estimular a participa\u00e7\u00e3o ativa das pessoas idosas na comunidade, com especial enfoque nas que se encontram em situa\u00e7\u00e3o de maior vulnerabilidade ou em risco de isolamento social\u201d, explicou o munic\u00edpio.<\/p>\n<p>O projeto prev\u00ea tamb\u00e9m a promo\u00e7\u00e3o de h\u00e1bitos de sa\u00fade, bem-estar e envelhecimento ativo, nomeadamente a promo\u00e7\u00e3o de atividades f\u00edsicas e desportivas, e a promo\u00e7\u00e3o da literacia digital.<\/p>\n<p>A c\u00e2mara espera ainda atuar na preven\u00e7\u00e3o de quedas, burlas e outras situa\u00e7\u00f5es de vulnerabilidade, na capacita\u00e7\u00e3o de t\u00e9cnicos e profissionais e na promo\u00e7\u00e3o de a\u00e7\u00f5es de sensibiliza\u00e7\u00e3o junto da comunidade.<\/p>\n<p>O desenvolvimento do projeto est\u00e1 a cargo de uma equipa multidisciplinar constitu\u00edda por cinco t\u00e9cnicos superiores da \u00e1rea de Educa\u00e7\u00e3o Social, Psicologia, Desporto, Gerontologia e de Terapia Ocupacional.<\/p>\n<p>A sinaliza\u00e7\u00e3o para integrar o Caminha +Ativa pode ser feita pelas juntas de freguesia, for\u00e7as policiais, associa\u00e7\u00f5es, familiares, vizinhos ou pelo pr\u00f3prio mun\u00edcipe.<\/p>\n","protected":false},"excerpt":{"rendered":"<p>Rastreios para prevenir dem\u00eancia e uma rede de teleassist\u00eancia para refor\u00e7ar a seguran\u00e7a junto de idosos isolados s\u00e3o algumas das medidas que a C\u00e2mara de Caminha vai implementar num projeto de 306,5 mil euros, foi divulgado. O programa Caminha +Ativa, que arranca na sexta-feira, conta com um financiamento comunit\u00e1rio de 260,5 mil euros, vai desenvolver-se [&hellip;]<\/p>\n","protected":false},"author":1,"featured_media":130444,"comment_status":"closed","ping_status":"closed","sticky":false,"template":"","format":"standard","meta":{"_exactmetrics_skip_tracking":false,"_exactmetrics_sitenote_active":false,"_exactmetrics_sitenote_note":"","_exactmetrics_sitenote_category":0,"footnotes":""},"categories":[7],"tags":[27],"class_list":["post-130443","post","type-post","status-publish","format-standard","has-post-thumbnail","hentry","category-caminha","tag-sociedade"],"yoast_head":"<!-- This site is optimized with the Yoast SEO Premium plugin v27.5 (Yoast SEO v27.5) - https:\/\/yoast.com\/product\/yoast-seo-premium-wordpress\/ -->\n<title>Caminha com 306,5 mil euros para refor\u00e7ar autonomia e qualidade de vida de idosos<\/title>\n<meta name=\"robots\" content=\"index, follow, max-snippet:-1, max-image-preview:large, max-video-preview:-1\" \/>\n<link rel=\"canonical\" href=\"https:\/\/www.altominho.tv\/site\/2026\/03\/27\/130443\/\" \/>\n<meta property=\"og:locale\" content=\"pt_PT\" \/>\n<meta property=\"og:type\" content=\"article\" \/>\n<meta property=\"og:title\" content=\"Caminha com 306,5 mil euros para refor\u00e7ar autonomia e qualidade de vida de idosos\" \/>\n<meta property=\"og:description\" content=\"Rastreios para prevenir dem\u00eancia e uma rede de teleassist\u00eancia para refor\u00e7ar a seguran\u00e7a junto de idosos isolados s\u00e3o algumas das medidas que a C\u00e2mara de Caminha vai implementar num projeto de 306,5 mil euros, foi divulgado. O programa Caminha +Ativa, que arranca na sexta-feira, conta com um financiamento comunit\u00e1rio de 260,5 mil euros, vai desenvolver-se [&hellip;]\" \/>\n<meta property=\"og:url\" content=\"https:\/\/www.altominho.tv\/site\/2026\/03\/27\/130443\/\" \/>\n<meta property=\"og:site_name\" content=\"Altominho.tv\" \/>\n<meta property=\"article:publisher\" content=\"https:\/\/www.facebook.com\/altominhotv\" \/>\n<meta property=\"article:published_time\" content=\"2026-03-27T08:21:10+00:00\" \/>\n<meta property=\"article:modified_time\" content=\"2026-03-27T08:21:29+00:00\" \/>\n<meta property=\"og:image\" content=\"https:\/\/www.altominho.tv\/site\/wp-content\/uploads\/2026\/03\/BASE-FB-logo-Branco-1200-x-630-px-34.png\" \/>\n\t<meta property=\"og:image:width\" content=\"1200\" \/>\n\t<meta property=\"og:image:height\" content=\"630\" \/>\n\t<meta property=\"og:image:type\" content=\"image\/png\" \/>\n<meta name=\"author\" content=\"Altominho.tv\" \/>\n<meta name=\"twitter:card\" content=\"summary_large_image\" \/>\n<meta name=\"twitter:creator\" content=\"@altominhoTV\" \/>\n<meta name=\"twitter:site\" content=\"@altominhoTV\" \/>\n<meta name=\"twitter:label1\" content=\"Escrito por\" \/>\n\t<meta name=\"twitter:data1\" content=\"Altominho.tv\" \/>\n\t<meta name=\"twitter:label2\" content=\"Tempo estimado de leitura\" \/>\n\t<meta name=\"twitter:data2\" content=\"2 minutos\" \/>\n<script type=\"application\/ld+json\" class=\"yoast-schema-graph\">{\"@context\":\"https:\\\/\\\/schema.org\",\"@graph\":[{\"@type\":\"Article\",\"@id\":\"https:\\\/\\\/www.altominho.tv\\\/site\\\/2026\\\/03\\\/27\\\/130443\\\/#article\",\"isPartOf\":{\"@id\":\"https:\\\/\\\/www.altominho.tv\\\/site\\\/2026\\\/03\\\/27\\\/130443\\\/\"},\"author\":{\"name\":\"Altominho.tv\",\"@id\":\"https:\\\/\\\/www.altominho.tv\\\/site\\\/#\\\/schema\\\/person\\\/4e536851627d7914baf3dac752b6af22\"},\"headline\":\"Caminha com 306,5 mil euros para refor\u00e7ar autonomia e qualidade de vida de idosos\",\"datePublished\":\"2026-03-27T08:21:10+00:00\",\"dateModified\":\"2026-03-27T08:21:29+00:00\",\"mainEntityOfPage\":{\"@id\":\"https:\\\/\\\/www.altominho.tv\\\/site\\\/2026\\\/03\\\/27\\\/130443\\\/\"},\"wordCount\":285,\"image\":{\"@id\":\"https:\\\/\\\/www.altominho.tv\\\/site\\\/2026\\\/03\\\/27\\\/130443\\\/#primaryimage\"},\"thumbnailUrl\":\"https:\\\/\\\/www.altominho.tv\\\/site\\\/wp-content\\\/uploads\\\/2026\\\/03\\\/BASE-FB-logo-Branco-1200-x-630-px-34.png\",\"keywords\":[\"Sociedade\"],\"articleSection\":[\"Caminha\"],\"inLanguage\":\"pt-PT\",\"copyrightYear\":\"2026\",\"copyrightHolder\":{\"@id\":\"https:\\\/\\\/www.altominho.tv\\\/site\\\/#organization\"}},{\"@type\":\"WebPage\",\"@id\":\"https:\\\/\\\/www.altominho.tv\\\/site\\\/2026\\\/03\\\/27\\\/130443\\\/\",\"url\":\"https:\\\/\\\/www.altominho.tv\\\/site\\\/2026\\\/03\\\/27\\\/130443\\\/\",\"name\":\"Caminha com 306,5 mil euros para refor\u00e7ar autonomia e qualidade de vida de idosos\",\"isPartOf\":{\"@id\":\"https:\\\/\\\/www.altominho.tv\\\/site\\\/#website\"},\"primaryImageOfPage\":{\"@id\":\"https:\\\/\\\/www.altominho.tv\\\/site\\\/2026\\\/03\\\/27\\\/130443\\\/#primaryimage\"},\"image\":{\"@id\":\"https:\\\/\\\/www.altominho.tv\\\/site\\\/2026\\\/03\\\/27\\\/130443\\\/#primaryimage\"},\"thumbnailUrl\":\"https:\\\/\\\/www.altominho.tv\\\/site\\\/wp-content\\\/uploads\\\/2026\\\/03\\\/BASE-FB-logo-Branco-1200-x-630-px-34.png\",\"datePublished\":\"2026-03-27T08:21:10+00:00\",\"dateModified\":\"2026-03-27T08:21:29+00:00\",\"author\":{\"@id\":\"https:\\\/\\\/www.altominho.tv\\\/site\\\/#\\\/schema\\\/person\\\/4e536851627d7914baf3dac752b6af22\"},\"breadcrumb\":{\"@id\":\"https:\\\/\\\/www.altominho.tv\\\/site\\\/2026\\\/03\\\/27\\\/130443\\\/#breadcrumb\"},\"inLanguage\":\"pt-PT\",\"potentialAction\":[{\"@type\":\"ReadAction\",\"target\":[\"https:\\\/\\\/www.altominho.tv\\\/site\\\/2026\\\/03\\\/27\\\/130443\\\/\"]}]},{\"@type\":\"ImageObject\",\"inLanguage\":\"pt-PT\",\"@id\":\"https:\\\/\\\/www.altominho.tv\\\/site\\\/2026\\\/03\\\/27\\\/130443\\\/#primaryimage\",\"url\":\"https:\\\/\\\/www.altominho.tv\\\/site\\\/wp-content\\\/uploads\\\/2026\\\/03\\\/BASE-FB-logo-Branco-1200-x-630-px-34.png\",\"contentUrl\":\"https:\\\/\\\/www.altominho.tv\\\/site\\\/wp-content\\\/uploads\\\/2026\\\/03\\\/BASE-FB-logo-Branco-1200-x-630-px-34.png\",\"width\":1200,\"height\":630},{\"@type\":\"BreadcrumbList\",\"@id\":\"https:\\\/\\\/www.altominho.tv\\\/site\\\/2026\\\/03\\\/27\\\/130443\\\/#breadcrumb\",\"itemListElement\":[{\"@type\":\"ListItem\",\"position\":1,\"name\":\"In\u00edcio\",\"item\":\"https:\\\/\\\/www.altominho.tv\\\/site\\\/\"},{\"@type\":\"ListItem\",\"position\":2,\"name\":\"Caminha com 306,5 mil euros para refor\u00e7ar autonomia e qualidade de vida de idosos\"}]},{\"@type\":\"WebSite\",\"@id\":\"https:\\\/\\\/www.altominho.tv\\\/site\\\/#website\",\"url\":\"https:\\\/\\\/www.altominho.tv\\\/site\\\/\",\"name\":\"Altominho.tv\",\"description\":\"A sua regi\u00e3o \u00e0 dist\u00e2ncia de um clique...\",\"potentialAction\":[{\"@type\":\"SearchAction\",\"target\":{\"@type\":\"EntryPoint\",\"urlTemplate\":\"https:\\\/\\\/www.altominho.tv\\\/site\\\/?s={search_term_string}\"},\"query-input\":{\"@type\":\"PropertyValueSpecification\",\"valueRequired\":true,\"valueName\":\"search_term_string\"}}],\"inLanguage\":\"pt-PT\"},{\"@type\":\"Person\",\"@id\":\"https:\\\/\\\/www.altominho.tv\\\/site\\\/#\\\/schema\\\/person\\\/4e536851627d7914baf3dac752b6af22\",\"name\":\"Altominho.tv\",\"image\":{\"@type\":\"ImageObject\",\"inLanguage\":\"pt-PT\",\"@id\":\"https:\\\/\\\/www.altominho.tv\\\/site\\\/wp-content\\\/uploads\\\/2019\\\/11\\\/Logo_Avatar_2-150x150.jpg\",\"url\":\"https:\\\/\\\/www.altominho.tv\\\/site\\\/wp-content\\\/uploads\\\/2019\\\/11\\\/Logo_Avatar_2-150x150.jpg\",\"contentUrl\":\"https:\\\/\\\/www.altominho.tv\\\/site\\\/wp-content\\\/uploads\\\/2019\\\/11\\\/Logo_Avatar_2-150x150.jpg\",\"caption\":\"Altominho.tv\"},\"url\":\"https:\\\/\\\/www.altominho.tv\\\/site\\\/author\\\/altominhotv-tecnico\\\/\"}]}<\/script>\n<!-- \/ Yoast SEO Premium plugin. -->","yoast_head_json":{"title":"Caminha com 306,5 mil euros para refor\u00e7ar autonomia e qualidade de vida de idosos","robots":{"index":"index","follow":"follow","max-snippet":"max-snippet:-1","max-image-preview":"max-image-preview:large","max-video-preview":"max-video-preview:-1"},"canonical":"https:\/\/www.altominho.tv\/site\/2026\/03\/27\/130443\/","og_locale":"pt_PT","og_type":"article","og_title":"Caminha com 306,5 mil euros para refor\u00e7ar autonomia e qualidade de vida de idosos","og_description":"Rastreios para prevenir dem\u00eancia e uma rede de teleassist\u00eancia para refor\u00e7ar a seguran\u00e7a junto de idosos isolados s\u00e3o algumas das medidas que a C\u00e2mara de Caminha vai implementar num projeto de 306,5 mil euros, foi divulgado. O programa Caminha +Ativa, que arranca na sexta-feira, conta com um financiamento comunit\u00e1rio de 260,5 mil euros, vai desenvolver-se [&hellip;]","og_url":"https:\/\/www.altominho.tv\/site\/2026\/03\/27\/130443\/","og_site_name":"Altominho.tv","article_publisher":"https:\/\/www.facebook.com\/altominhotv","article_published_time":"2026-03-27T08:21:10+00:00","article_modified_time":"2026-03-27T08:21:29+00:00","og_image":[{"width":1200,"height":630,"url":"https:\/\/www.altominho.tv\/site\/wp-content\/uploads\/2026\/03\/BASE-FB-logo-Branco-1200-x-630-px-34.png","type":"image\/png"}],"author":"Altominho.tv","twitter_card":"summary_large_image","twitter_creator":"@altominhoTV","twitter_site":"@altominhoTV","twitter_misc":{"Escrito por":"Altominho.tv","Tempo estimado de leitura":"2 minutos"},"schema":{"@context":"https:\/\/schema.org","@graph":[{"@type":"Article","@id":"https:\/\/www.altominho.tv\/site\/2026\/03\/27\/130443\/#article","isPartOf":{"@id":"https:\/\/www.altominho.tv\/site\/2026\/03\/27\/130443\/"},"author":{"name":"Altominho.tv","@id":"https:\/\/www.altominho.tv\/site\/#\/schema\/person\/4e536851627d7914baf3dac752b6af22"},"headline":"Caminha com 306,5 mil euros para refor\u00e7ar autonomia e qualidade de vida de idosos","datePublished":"2026-03-27T08:21:10+00:00","dateModified":"2026-03-27T08:21:29+00:00","mainEntityOfPage":{"@id":"https:\/\/www.altominho.tv\/site\/2026\/03\/27\/130443\/"},"wordCount":285,"image":{"@id":"https:\/\/www.altominho.tv\/site\/2026\/03\/27\/130443\/#primaryimage"},"thumbnailUrl":"https:\/\/www.altominho.tv\/site\/wp-content\/uploads\/2026\/03\/BASE-FB-logo-Branco-1200-x-630-px-34.png","keywords":["Sociedade"],"articleSection":["Caminha"],"inLanguage":"pt-PT","copyrightYear":"2026","copyrightHolder":{"@id":"https:\/\/www.altominho.tv\/site\/#organization"}},{"@type":"WebPage","@id":"https:\/\/www.altominho.tv\/site\/2026\/03\/27\/130443\/","url":"https:\/\/www.altominho.tv\/site\/2026\/03\/27\/130443\/","name":"Caminha com 306,5 mil euros para refor\u00e7ar autonomia e qualidade de vida de idosos","isPartOf":{"@id":"https:\/\/www.altominho.tv\/site\/#website"},"primaryImageOfPage":{"@id":"https:\/\/www.altominho.tv\/site\/2026\/03\/27\/130443\/#primaryimage"},"image":{"@id":"https:\/\/www.altominho.tv\/site\/2026\/03\/27\/130443\/#primaryimage"},"thumbnailUrl":"https:\/\/www.altominho.tv\/site\/wp-content\/uploads\/2026\/03\/BASE-FB-logo-Branco-1200-x-630-px-34.png","datePublished":"2026-03-27T08:21:10+00:00","dateModified":"2026-03-27T08:21:29+00:00","author":{"@id":"https:\/\/www.altominho.tv\/site\/#\/schema\/person\/4e536851627d7914baf3dac752b6af22"},"breadcrumb":{"@id":"https:\/\/www.altominho.tv\/site\/2026\/03\/27\/130443\/#breadcrumb"},"inLanguage":"pt-PT","potentialAction":[{"@type":"ReadAction","target":["https:\/\/www.altominho.tv\/site\/2026\/03\/27\/130443\/"]}]},{"@type":"ImageObject","inLanguage":"pt-PT","@id":"https:\/\/www.altominho.tv\/site\/2026\/03\/27\/130443\/#primaryimage","url":"https:\/\/www.altominho.tv\/site\/wp-content\/uploads\/2026\/03\/BASE-FB-logo-Branco-1200-x-630-px-34.png","contentUrl":"https:\/\/www.altominho.tv\/site\/wp-content\/uploads\/2026\/03\/BASE-FB-logo-Branco-1200-x-630-px-34.png","width":1200,"height":630},{"@type":"BreadcrumbList","@id":"https:\/\/www.altominho.tv\/site\/2026\/03\/27\/130443\/#breadcrumb","itemListElement":[{"@type":"ListItem","position":1,"name":"In\u00edcio","item":"https:\/\/www.altominho.tv\/site\/"},{"@type":"ListItem","position":2,"name":"Caminha com 306,5 mil euros para refor\u00e7ar autonomia e qualidade de vida de idosos"}]},{"@type":"WebSite","@id":"https:\/\/www.altominho.tv\/site\/#website","url":"https:\/\/www.altominho.tv\/site\/","name":"Altominho.tv","description":"A sua regi\u00e3o \u00e0 dist\u00e2ncia de um clique...","potentialAction":[{"@type":"SearchAction","target":{"@type":"EntryPoint","urlTemplate":"https:\/\/www.altominho.tv\/site\/?s={search_term_string}"},"query-input":{"@type":"PropertyValueSpecification","valueRequired":true,"valueName":"search_term_string"}}],"inLanguage":"pt-PT"},{"@type":"Person","@id":"https:\/\/www.altominho.tv\/site\/#\/schema\/person\/4e536851627d7914baf3dac752b6af22","name":"Altominho.tv","image":{"@type":"ImageObject","inLanguage":"pt-PT","@id":"https:\/\/www.altominho.tv\/site\/wp-content\/uploads\/2019\/11\/Logo_Avatar_2-150x150.jpg","url":"https:\/\/www.altominho.tv\/site\/wp-content\/uploads\/2019\/11\/Logo_Avatar_2-150x150.jpg","contentUrl":"https:\/\/www.altominho.tv\/site\/wp-content\/uploads\/2019\/11\/Logo_Avatar_2-150x150.jpg","caption":"Altominho.tv"},"url":"https:\/\/www.altominho.tv\/site\/author\/altominhotv-tecnico\/"}]}},"_links":{"self":[{"href":"https:\/\/www.altominho.tv\/site\/wp-json\/wp\/v2\/posts\/130443","targetHints":{"allow":["GET"]}}],"collection":[{"href":"https:\/\/www.altominho.tv\/site\/wp-json\/wp\/v2\/posts"}],"about":[{"href":"https:\/\/www.altominho.tv\/site\/wp-json\/wp\/v2\/types\/post"}],"author":[{"embeddable":true,"href":"https:\/\/www.altominho.tv\/site\/wp-json\/wp\/v2\/users\/1"}],"replies":[{"embeddable":true,"href":"https:\/\/www.altominho.tv\/site\/wp-json\/wp\/v2\/comments?post=130443"}],"version-history":[{"count":2,"href":"https:\/\/www.altominho.tv\/site\/wp-json\/wp\/v2\/posts\/130443\/revisions"}],"predecessor-version":[{"id":130446,"href":"https:\/\/www.altominho.tv\/site\/wp-json\/wp\/v2\/posts\/130443\/revisions\/130446"}],"wp:featuredmedia":[{"embeddable":true,"href":"https:\/\/www.altominho.tv\/site\/wp-json\/wp\/v2\/media\/130444"}],"wp:attachment":[{"href":"https:\/\/www.altominho.tv\/site\/wp-json\/wp\/v2\/media?parent=130443"}],"wp:term":[{"taxonomy":"category","embeddable":true,"href":"https:\/\/www.altominho.tv\/site\/wp-json\/wp\/v2\/categories?post=130443"},{"taxonomy":"post_tag","embeddable":true,"href":"https:\/\/www.altominho.tv\/site\/wp-json\/wp\/v2\/tags?post=130443"}],"curies":[{"name":"wp","href":"https:\/\/api.w.org\/{rel}","templated":true}]}}