{"id":130436,"date":"2026-03-26T16:55:31","date_gmt":"2026-03-26T16:55:31","guid":{"rendered":"https:\/\/www.altominho.tv\/site\/?p=130436"},"modified":"2026-03-26T16:55:34","modified_gmt":"2026-03-26T16:55:34","slug":"passagem-de-nivel-de-coura-de-seixas-reaberta-apos-mais-de-cinco-anos-encerrada","status":"publish","type":"post","link":"https:\/\/www.altominho.tv\/site\/2026\/03\/26\/passagem-de-nivel-de-coura-de-seixas-reaberta-apos-mais-de-cinco-anos-encerrada\/","title":{"rendered":"Passagem de n\u00edvel de Coura de Seixas reaberta ap\u00f3s mais de cinco anos encerrada"},"content":{"rendered":"<p class=\"p1\">A passagem de n\u00edvel de Coura de Seixas, em Caminha, foi reaberta esta quinta-feira, ap\u00f3s mais de cinco anos encerrada, foi hoje divulgado.<\/p>\n<p class=\"p1\">Esta a\u00e7\u00e3o d\u00e1 resposta a uma antiga reivindica\u00e7\u00e3o da popula\u00e7\u00e3o, restabelecendo um acesso importante para a freguesia de Seixas e para todo o concelho de Caminha.<\/p>\n<p class=\"p1\">A reabertura desta liga\u00e7\u00e3o permitir\u00e1 melhorar a circula\u00e7\u00e3o rodovi\u00e1ria naquela zona, contribuindo para o descongestionamento do tr\u00e2nsito junto aos sem\u00e1foros do cruzamento do Alto da Veiga, bem como facilitar o acesso da popula\u00e7\u00e3o \u00e0 freguesia de Seixas.<\/p>\n<p class=\"p1\">Para a presidente da C\u00e2mara Municipal de Caminha, Liliana Silva, esta reabertura era um \u201cimperativo para a freguesia de Seixas e para todo o concelho de Caminha, uma vez que na altura do ver\u00e3o \u00e9 uma excelente alternativa ao tr\u00e2nsito da via nacional. Esta solu\u00e7\u00e3o j\u00e1 deveria ter sido acautelada h\u00e1 muito tempo, tornando-se agora uma realidade\u201d.<\/p>\n<p><strong>Foto: C\u00e2mara Municipal de Caminha<\/strong><\/p>\n","protected":false},"excerpt":{"rendered":"<p>A passagem de n\u00edvel de Coura de Seixas, em Caminha, foi reaberta esta quinta-feira, ap\u00f3s mais de cinco anos encerrada, foi hoje divulgado. Esta a\u00e7\u00e3o d\u00e1 resposta a uma antiga reivindica\u00e7\u00e3o da popula\u00e7\u00e3o, restabelecendo um acesso importante para a freguesia de Seixas e para todo o concelho de Caminha. A reabertura desta liga\u00e7\u00e3o permitir\u00e1 melhorar [&hellip;]<\/p>\n","protected":false},"author":30,"featured_media":130439,"comment_status":"closed","ping_status":"closed","sticky":false,"template":"","format":"standard","meta":{"_exactmetrics_skip_tracking":false,"_exactmetrics_sitenote_active":false,"_exactmetrics_sitenote_note":"","_exactmetrics_sitenote_category":0,"footnotes":""},"categories":[7],"tags":[27],"class_list":["post-130436","post","type-post","status-publish","format-standard","has-post-thumbnail","hentry","category-caminha","tag-sociedade"],"yoast_head":"<!-- This site is optimized with the Yoast SEO Premium plugin v27.5 (Yoast SEO v27.5) - https:\/\/yoast.com\/product\/yoast-seo-premium-wordpress\/ -->\n<title>Passagem de n\u00edvel de Coura de Seixas reaberta ap\u00f3s mais de cinco anos encerrada<\/title>\n<meta name=\"description\" content=\"A passagem de n\u00edvel de Coura de Seixas, em Caminha, foi reaberta esta quinta-feira, ap\u00f3s mais de cinco anos encerrada, foi hoje divulgado.\" \/>\n<meta name=\"robots\" content=\"index, follow, max-snippet:-1, max-image-preview:large, max-video-preview:-1\" \/>\n<link rel=\"canonical\" href=\"https:\/\/www.altominho.tv\/site\/2026\/03\/26\/passagem-de-nivel-de-coura-de-seixas-reaberta-apos-mais-de-cinco-anos-encerrada\/\" \/>\n<meta property=\"og:locale\" content=\"pt_PT\" \/>\n<meta property=\"og:type\" content=\"article\" \/>\n<meta property=\"og:title\" content=\"Passagem de n\u00edvel de Coura de Seixas reaberta ap\u00f3s mais de cinco anos encerrada\" \/>\n<meta property=\"og:description\" content=\"A passagem de n\u00edvel de Coura de Seixas, em Caminha, foi reaberta esta quinta-feira, ap\u00f3s mais de cinco anos encerrada, foi hoje divulgado.\" \/>\n<meta property=\"og:url\" content=\"https:\/\/www.altominho.tv\/site\/2026\/03\/26\/passagem-de-nivel-de-coura-de-seixas-reaberta-apos-mais-de-cinco-anos-encerrada\/\" \/>\n<meta property=\"og:site_name\" content=\"Altominho.tv\" \/>\n<meta property=\"article:publisher\" content=\"https:\/\/www.facebook.com\/altominhotv\" \/>\n<meta property=\"article:published_time\" content=\"2026-03-26T16:55:31+00:00\" \/>\n<meta property=\"article:modified_time\" content=\"2026-03-26T16:55:34+00:00\" \/>\n<meta property=\"og:image\" content=\"https:\/\/www.altominho.tv\/site\/wp-content\/uploads\/2026\/03\/Passagem-de-nivel-de-Coura-de-Seixas.jpg\" \/>\n\t<meta property=\"og:image:width\" content=\"1200\" \/>\n\t<meta property=\"og:image:height\" content=\"630\" \/>\n\t<meta property=\"og:image:type\" content=\"image\/jpeg\" \/>\n<meta name=\"author\" content=\"Eduarda Cardoso\" \/>\n<meta name=\"twitter:card\" content=\"summary_large_image\" \/>\n<meta name=\"twitter:creator\" content=\"@altominhoTV\" \/>\n<meta name=\"twitter:site\" content=\"@altominhoTV\" \/>\n<meta name=\"twitter:label1\" content=\"Escrito por\" \/>\n\t<meta name=\"twitter:data1\" content=\"Eduarda Cardoso\" \/>\n\t<meta name=\"twitter:label2\" content=\"Tempo estimado de leitura\" \/>\n\t<meta name=\"twitter:data2\" content=\"2 minutos\" \/>\n<script type=\"application\/ld+json\" class=\"yoast-schema-graph\">{\"@context\":\"https:\\\/\\\/schema.org\",\"@graph\":[{\"@type\":\"Article\",\"@id\":\"https:\\\/\\\/www.altominho.tv\\\/site\\\/2026\\\/03\\\/26\\\/passagem-de-nivel-de-coura-de-seixas-reaberta-apos-mais-de-cinco-anos-encerrada\\\/#article\",\"isPartOf\":{\"@id\":\"https:\\\/\\\/www.altominho.tv\\\/site\\\/2026\\\/03\\\/26\\\/passagem-de-nivel-de-coura-de-seixas-reaberta-apos-mais-de-cinco-anos-encerrada\\\/\"},\"author\":{\"name\":\"Eduarda Cardoso\",\"@id\":\"https:\\\/\\\/www.altominho.tv\\\/site\\\/#\\\/schema\\\/person\\\/9e351387b727413d005ccf1152c93539\"},\"headline\":\"Passagem de n\u00edvel de Coura de Seixas reaberta ap\u00f3s mais de cinco anos encerrada\",\"datePublished\":\"2026-03-26T16:55:31+00:00\",\"dateModified\":\"2026-03-26T16:55:34+00:00\",\"mainEntityOfPage\":{\"@id\":\"https:\\\/\\\/www.altominho.tv\\\/site\\\/2026\\\/03\\\/26\\\/passagem-de-nivel-de-coura-de-seixas-reaberta-apos-mais-de-cinco-anos-encerrada\\\/\"},\"wordCount\":178,\"image\":{\"@id\":\"https:\\\/\\\/www.altominho.tv\\\/site\\\/2026\\\/03\\\/26\\\/passagem-de-nivel-de-coura-de-seixas-reaberta-apos-mais-de-cinco-anos-encerrada\\\/#primaryimage\"},\"thumbnailUrl\":\"https:\\\/\\\/www.altominho.tv\\\/site\\\/wp-content\\\/uploads\\\/2026\\\/03\\\/Passagem-de-nivel-de-Coura-de-Seixas.jpg\",\"keywords\":[\"Sociedade\"],\"articleSection\":[\"Caminha\"],\"inLanguage\":\"pt-PT\",\"copyrightYear\":\"2026\",\"copyrightHolder\":{\"@id\":\"https:\\\/\\\/www.altominho.tv\\\/site\\\/#organization\"}},{\"@type\":\"WebPage\",\"@id\":\"https:\\\/\\\/www.altominho.tv\\\/site\\\/2026\\\/03\\\/26\\\/passagem-de-nivel-de-coura-de-seixas-reaberta-apos-mais-de-cinco-anos-encerrada\\\/\",\"url\":\"https:\\\/\\\/www.altominho.tv\\\/site\\\/2026\\\/03\\\/26\\\/passagem-de-nivel-de-coura-de-seixas-reaberta-apos-mais-de-cinco-anos-encerrada\\\/\",\"name\":\"Passagem de n\u00edvel de Coura de Seixas reaberta ap\u00f3s mais de cinco anos encerrada\",\"isPartOf\":{\"@id\":\"https:\\\/\\\/www.altominho.tv\\\/site\\\/#website\"},\"primaryImageOfPage\":{\"@id\":\"https:\\\/\\\/www.altominho.tv\\\/site\\\/2026\\\/03\\\/26\\\/passagem-de-nivel-de-coura-de-seixas-reaberta-apos-mais-de-cinco-anos-encerrada\\\/#primaryimage\"},\"image\":{\"@id\":\"https:\\\/\\\/www.altominho.tv\\\/site\\\/2026\\\/03\\\/26\\\/passagem-de-nivel-de-coura-de-seixas-reaberta-apos-mais-de-cinco-anos-encerrada\\\/#primaryimage\"},\"thumbnailUrl\":\"https:\\\/\\\/www.altominho.tv\\\/site\\\/wp-content\\\/uploads\\\/2026\\\/03\\\/Passagem-de-nivel-de-Coura-de-Seixas.jpg\",\"datePublished\":\"2026-03-26T16:55:31+00:00\",\"dateModified\":\"2026-03-26T16:55:34+00:00\",\"author\":{\"@id\":\"https:\\\/\\\/www.altominho.tv\\\/site\\\/#\\\/schema\\\/person\\\/9e351387b727413d005ccf1152c93539\"},\"description\":\"A passagem de n\u00edvel de Coura de Seixas, em Caminha, foi reaberta esta quinta-feira, ap\u00f3s mais de cinco anos encerrada, foi hoje divulgado.\",\"breadcrumb\":{\"@id\":\"https:\\\/\\\/www.altominho.tv\\\/site\\\/2026\\\/03\\\/26\\\/passagem-de-nivel-de-coura-de-seixas-reaberta-apos-mais-de-cinco-anos-encerrada\\\/#breadcrumb\"},\"inLanguage\":\"pt-PT\",\"potentialAction\":[{\"@type\":\"ReadAction\",\"target\":[\"https:\\\/\\\/www.altominho.tv\\\/site\\\/2026\\\/03\\\/26\\\/passagem-de-nivel-de-coura-de-seixas-reaberta-apos-mais-de-cinco-anos-encerrada\\\/\"]}]},{\"@type\":\"ImageObject\",\"inLanguage\":\"pt-PT\",\"@id\":\"https:\\\/\\\/www.altominho.tv\\\/site\\\/2026\\\/03\\\/26\\\/passagem-de-nivel-de-coura-de-seixas-reaberta-apos-mais-de-cinco-anos-encerrada\\\/#primaryimage\",\"url\":\"https:\\\/\\\/www.altominho.tv\\\/site\\\/wp-content\\\/uploads\\\/2026\\\/03\\\/Passagem-de-nivel-de-Coura-de-Seixas.jpg\",\"contentUrl\":\"https:\\\/\\\/www.altominho.tv\\\/site\\\/wp-content\\\/uploads\\\/2026\\\/03\\\/Passagem-de-nivel-de-Coura-de-Seixas.jpg\",\"width\":1200,\"height\":630},{\"@type\":\"BreadcrumbList\",\"@id\":\"https:\\\/\\\/www.altominho.tv\\\/site\\\/2026\\\/03\\\/26\\\/passagem-de-nivel-de-coura-de-seixas-reaberta-apos-mais-de-cinco-anos-encerrada\\\/#breadcrumb\",\"itemListElement\":[{\"@type\":\"ListItem\",\"position\":1,\"name\":\"In\u00edcio\",\"item\":\"https:\\\/\\\/www.altominho.tv\\\/site\\\/\"},{\"@type\":\"ListItem\",\"position\":2,\"name\":\"Passagem de n\u00edvel de Coura de Seixas reaberta ap\u00f3s mais de cinco anos encerrada\"}]},{\"@type\":\"WebSite\",\"@id\":\"https:\\\/\\\/www.altominho.tv\\\/site\\\/#website\",\"url\":\"https:\\\/\\\/www.altominho.tv\\\/site\\\/\",\"name\":\"Altominho.tv\",\"description\":\"A sua regi\u00e3o \u00e0 dist\u00e2ncia de um clique...\",\"potentialAction\":[{\"@type\":\"SearchAction\",\"target\":{\"@type\":\"EntryPoint\",\"urlTemplate\":\"https:\\\/\\\/www.altominho.tv\\\/site\\\/?s={search_term_string}\"},\"query-input\":{\"@type\":\"PropertyValueSpecification\",\"valueRequired\":true,\"valueName\":\"search_term_string\"}}],\"inLanguage\":\"pt-PT\"},{\"@type\":\"Person\",\"@id\":\"https:\\\/\\\/www.altominho.tv\\\/site\\\/#\\\/schema\\\/person\\\/9e351387b727413d005ccf1152c93539\",\"name\":\"Eduarda Cardoso\",\"image\":{\"@type\":\"ImageObject\",\"inLanguage\":\"pt-PT\",\"@id\":\"https:\\\/\\\/www.altominho.tv\\\/site\\\/wp-content\\\/uploads\\\/2021\\\/01\\\/cropped-Logo-ATV_WEB-150x150.png\",\"url\":\"https:\\\/\\\/www.altominho.tv\\\/site\\\/wp-content\\\/uploads\\\/2021\\\/01\\\/cropped-Logo-ATV_WEB-150x150.png\",\"contentUrl\":\"https:\\\/\\\/www.altominho.tv\\\/site\\\/wp-content\\\/uploads\\\/2021\\\/01\\\/cropped-Logo-ATV_WEB-150x150.png\",\"caption\":\"Eduarda Cardoso\"},\"url\":\"https:\\\/\\\/www.altominho.tv\\\/site\\\/author\\\/eduarda-cardoso\\\/\"}]}<\/script>\n<!-- \/ Yoast SEO Premium plugin. -->","yoast_head_json":{"title":"Passagem de n\u00edvel de Coura de Seixas reaberta ap\u00f3s mais de cinco anos encerrada","description":"A passagem de n\u00edvel de Coura de Seixas, em Caminha, foi reaberta esta quinta-feira, ap\u00f3s mais de cinco anos encerrada, foi hoje divulgado.","robots":{"index":"index","follow":"follow","max-snippet":"max-snippet:-1","max-image-preview":"max-image-preview:large","max-video-preview":"max-video-preview:-1"},"canonical":"https:\/\/www.altominho.tv\/site\/2026\/03\/26\/passagem-de-nivel-de-coura-de-seixas-reaberta-apos-mais-de-cinco-anos-encerrada\/","og_locale":"pt_PT","og_type":"article","og_title":"Passagem de n\u00edvel de Coura de Seixas reaberta ap\u00f3s mais de cinco anos encerrada","og_description":"A passagem de n\u00edvel de Coura de Seixas, em Caminha, foi reaberta esta quinta-feira, ap\u00f3s mais de cinco anos encerrada, foi hoje divulgado.","og_url":"https:\/\/www.altominho.tv\/site\/2026\/03\/26\/passagem-de-nivel-de-coura-de-seixas-reaberta-apos-mais-de-cinco-anos-encerrada\/","og_site_name":"Altominho.tv","article_publisher":"https:\/\/www.facebook.com\/altominhotv","article_published_time":"2026-03-26T16:55:31+00:00","article_modified_time":"2026-03-26T16:55:34+00:00","og_image":[{"width":1200,"height":630,"url":"https:\/\/www.altominho.tv\/site\/wp-content\/uploads\/2026\/03\/Passagem-de-nivel-de-Coura-de-Seixas.jpg","type":"image\/jpeg"}],"author":"Eduarda Cardoso","twitter_card":"summary_large_image","twitter_creator":"@altominhoTV","twitter_site":"@altominhoTV","twitter_misc":{"Escrito por":"Eduarda Cardoso","Tempo estimado de leitura":"2 minutos"},"schema":{"@context":"https:\/\/schema.org","@graph":[{"@type":"Article","@id":"https:\/\/www.altominho.tv\/site\/2026\/03\/26\/passagem-de-nivel-de-coura-de-seixas-reaberta-apos-mais-de-cinco-anos-encerrada\/#article","isPartOf":{"@id":"https:\/\/www.altominho.tv\/site\/2026\/03\/26\/passagem-de-nivel-de-coura-de-seixas-reaberta-apos-mais-de-cinco-anos-encerrada\/"},"author":{"name":"Eduarda Cardoso","@id":"https:\/\/www.altominho.tv\/site\/#\/schema\/person\/9e351387b727413d005ccf1152c93539"},"headline":"Passagem de n\u00edvel de Coura de Seixas reaberta ap\u00f3s mais de cinco anos encerrada","datePublished":"2026-03-26T16:55:31+00:00","dateModified":"2026-03-26T16:55:34+00:00","mainEntityOfPage":{"@id":"https:\/\/www.altominho.tv\/site\/2026\/03\/26\/passagem-de-nivel-de-coura-de-seixas-reaberta-apos-mais-de-cinco-anos-encerrada\/"},"wordCount":178,"image":{"@id":"https:\/\/www.altominho.tv\/site\/2026\/03\/26\/passagem-de-nivel-de-coura-de-seixas-reaberta-apos-mais-de-cinco-anos-encerrada\/#primaryimage"},"thumbnailUrl":"https:\/\/www.altominho.tv\/site\/wp-content\/uploads\/2026\/03\/Passagem-de-nivel-de-Coura-de-Seixas.jpg","keywords":["Sociedade"],"articleSection":["Caminha"],"inLanguage":"pt-PT","copyrightYear":"2026","copyrightHolder":{"@id":"https:\/\/www.altominho.tv\/site\/#organization"}},{"@type":"WebPage","@id":"https:\/\/www.altominho.tv\/site\/2026\/03\/26\/passagem-de-nivel-de-coura-de-seixas-reaberta-apos-mais-de-cinco-anos-encerrada\/","url":"https:\/\/www.altominho.tv\/site\/2026\/03\/26\/passagem-de-nivel-de-coura-de-seixas-reaberta-apos-mais-de-cinco-anos-encerrada\/","name":"Passagem de n\u00edvel de Coura de Seixas reaberta ap\u00f3s mais de cinco anos encerrada","isPartOf":{"@id":"https:\/\/www.altominho.tv\/site\/#website"},"primaryImageOfPage":{"@id":"https:\/\/www.altominho.tv\/site\/2026\/03\/26\/passagem-de-nivel-de-coura-de-seixas-reaberta-apos-mais-de-cinco-anos-encerrada\/#primaryimage"},"image":{"@id":"https:\/\/www.altominho.tv\/site\/2026\/03\/26\/passagem-de-nivel-de-coura-de-seixas-reaberta-apos-mais-de-cinco-anos-encerrada\/#primaryimage"},"thumbnailUrl":"https:\/\/www.altominho.tv\/site\/wp-content\/uploads\/2026\/03\/Passagem-de-nivel-de-Coura-de-Seixas.jpg","datePublished":"2026-03-26T16:55:31+00:00","dateModified":"2026-03-26T16:55:34+00:00","author":{"@id":"https:\/\/www.altominho.tv\/site\/#\/schema\/person\/9e351387b727413d005ccf1152c93539"},"description":"A passagem de n\u00edvel de Coura de Seixas, em Caminha, foi reaberta esta quinta-feira, ap\u00f3s mais de cinco anos encerrada, foi hoje divulgado.","breadcrumb":{"@id":"https:\/\/www.altominho.tv\/site\/2026\/03\/26\/passagem-de-nivel-de-coura-de-seixas-reaberta-apos-mais-de-cinco-anos-encerrada\/#breadcrumb"},"inLanguage":"pt-PT","potentialAction":[{"@type":"ReadAction","target":["https:\/\/www.altominho.tv\/site\/2026\/03\/26\/passagem-de-nivel-de-coura-de-seixas-reaberta-apos-mais-de-cinco-anos-encerrada\/"]}]},{"@type":"ImageObject","inLanguage":"pt-PT","@id":"https:\/\/www.altominho.tv\/site\/2026\/03\/26\/passagem-de-nivel-de-coura-de-seixas-reaberta-apos-mais-de-cinco-anos-encerrada\/#primaryimage","url":"https:\/\/www.altominho.tv\/site\/wp-content\/uploads\/2026\/03\/Passagem-de-nivel-de-Coura-de-Seixas.jpg","contentUrl":"https:\/\/www.altominho.tv\/site\/wp-content\/uploads\/2026\/03\/Passagem-de-nivel-de-Coura-de-Seixas.jpg","width":1200,"height":630},{"@type":"BreadcrumbList","@id":"https:\/\/www.altominho.tv\/site\/2026\/03\/26\/passagem-de-nivel-de-coura-de-seixas-reaberta-apos-mais-de-cinco-anos-encerrada\/#breadcrumb","itemListElement":[{"@type":"ListItem","position":1,"name":"In\u00edcio","item":"https:\/\/www.altominho.tv\/site\/"},{"@type":"ListItem","position":2,"name":"Passagem de n\u00edvel de Coura de Seixas reaberta ap\u00f3s mais de cinco anos encerrada"}]},{"@type":"WebSite","@id":"https:\/\/www.altominho.tv\/site\/#website","url":"https:\/\/www.altominho.tv\/site\/","name":"Altominho.tv","description":"A sua regi\u00e3o \u00e0 dist\u00e2ncia de um clique...","potentialAction":[{"@type":"SearchAction","target":{"@type":"EntryPoint","urlTemplate":"https:\/\/www.altominho.tv\/site\/?s={search_term_string}"},"query-input":{"@type":"PropertyValueSpecification","valueRequired":true,"valueName":"search_term_string"}}],"inLanguage":"pt-PT"},{"@type":"Person","@id":"https:\/\/www.altominho.tv\/site\/#\/schema\/person\/9e351387b727413d005ccf1152c93539","name":"Eduarda Cardoso","image":{"@type":"ImageObject","inLanguage":"pt-PT","@id":"https:\/\/www.altominho.tv\/site\/wp-content\/uploads\/2021\/01\/cropped-Logo-ATV_WEB-150x150.png","url":"https:\/\/www.altominho.tv\/site\/wp-content\/uploads\/2021\/01\/cropped-Logo-ATV_WEB-150x150.png","contentUrl":"https:\/\/www.altominho.tv\/site\/wp-content\/uploads\/2021\/01\/cropped-Logo-ATV_WEB-150x150.png","caption":"Eduarda Cardoso"},"url":"https:\/\/www.altominho.tv\/site\/author\/eduarda-cardoso\/"}]}},"_links":{"self":[{"href":"https:\/\/www.altominho.tv\/site\/wp-json\/wp\/v2\/posts\/130436","targetHints":{"allow":["GET"]}}],"collection":[{"href":"https:\/\/www.altominho.tv\/site\/wp-json\/wp\/v2\/posts"}],"about":[{"href":"https:\/\/www.altominho.tv\/site\/wp-json\/wp\/v2\/types\/post"}],"author":[{"embeddable":true,"href":"https:\/\/www.altominho.tv\/site\/wp-json\/wp\/v2\/users\/30"}],"replies":[{"embeddable":true,"href":"https:\/\/www.altominho.tv\/site\/wp-json\/wp\/v2\/comments?post=130436"}],"version-history":[{"count":1,"href":"https:\/\/www.altominho.tv\/site\/wp-json\/wp\/v2\/posts\/130436\/revisions"}],"predecessor-version":[{"id":130440,"href":"https:\/\/www.altominho.tv\/site\/wp-json\/wp\/v2\/posts\/130436\/revisions\/130440"}],"wp:featuredmedia":[{"embeddable":true,"href":"https:\/\/www.altominho.tv\/site\/wp-json\/wp\/v2\/media\/130439"}],"wp:attachment":[{"href":"https:\/\/www.altominho.tv\/site\/wp-json\/wp\/v2\/media?parent=130436"}],"wp:term":[{"taxonomy":"category","embeddable":true,"href":"https:\/\/www.altominho.tv\/site\/wp-json\/wp\/v2\/categories?post=130436"},{"taxonomy":"post_tag","embeddable":true,"href":"https:\/\/www.altominho.tv\/site\/wp-json\/wp\/v2\/tags?post=130436"}],"curies":[{"name":"wp","href":"https:\/\/api.w.org\/{rel}","templated":true}]}}