{"id":130429,"date":"2026-03-26T15:47:37","date_gmt":"2026-03-26T15:47:37","guid":{"rendered":"https:\/\/www.altominho.tv\/site\/?p=130429"},"modified":"2026-03-26T15:47:40","modified_gmt":"2026-03-26T15:47:40","slug":"luis-nobre-eleito-presidente-da-assembleia-geral-da-empresa-aguas-do-norte","status":"publish","type":"post","link":"https:\/\/www.altominho.tv\/site\/2026\/03\/26\/luis-nobre-eleito-presidente-da-assembleia-geral-da-empresa-aguas-do-norte\/","title":{"rendered":"Lu\u00eds Nobre eleito presidente da Assembleia Geral da empresa \u00c1guas do Norte"},"content":{"rendered":"<p class=\"p1\">O presidente da C\u00e2mara Municipal de Viana do Castelo, Lu\u00eds Nobre, foi ser eleito para presidir \u00e0 Assembleia Geral da empresa \u00c1guas do Norte S.A., esta quinta-feira durante uma reuni\u00e3o daquele \u00f3rg\u00e3o em Vila Real.<\/p>\n<p class=\"p1\">Esta empresa \u00e9 a entidade gestora do sistema multimunicipal em \u201calta\u201d respons\u00e1vel pela capta\u00e7\u00e3o, tratamento e abastecimento de \u00e1gua para consumo p\u00fablico, pela recolha, tratamento e rejei\u00e7\u00e3o de efluentes dom\u00e9sticos, urbanos e industriais e de efluentes provenientes de fossas s\u00e9ticas.<\/p>\n<p class=\"p1\">A explora\u00e7\u00e3o e gest\u00e3o dos referidos sistemas incluem o projeto, a constru\u00e7\u00e3o, a extens\u00e3o, a conserva\u00e7\u00e3o, a repara\u00e7\u00e3o, a renova\u00e7\u00e3o, a manuten\u00e7\u00e3o e a melhoria das obras e das infraestruturas e a aquisi\u00e7\u00e3o dos equipamentos e das instala\u00e7\u00f5es necess\u00e1rios ao desenvolvimento das atividades.<\/p>\n","protected":false},"excerpt":{"rendered":"<p>O presidente da C\u00e2mara Municipal de Viana do Castelo, Lu\u00eds Nobre, foi ser eleito para presidir \u00e0 Assembleia Geral da empresa \u00c1guas do Norte S.A., esta quinta-feira durante uma reuni\u00e3o daquele \u00f3rg\u00e3o em Vila Real. Esta empresa \u00e9 a entidade gestora do sistema multimunicipal em \u201calta\u201d respons\u00e1vel pela capta\u00e7\u00e3o, tratamento e abastecimento de \u00e1gua para [&hellip;]<\/p>\n","protected":false},"author":30,"featured_media":124989,"comment_status":"closed","ping_status":"closed","sticky":false,"template":"","format":"standard","meta":{"_exactmetrics_skip_tracking":false,"_exactmetrics_sitenote_active":false,"_exactmetrics_sitenote_note":"","_exactmetrics_sitenote_category":0,"footnotes":""},"categories":[14],"tags":[27],"class_list":["post-130429","post","type-post","status-publish","format-standard","has-post-thumbnail","hentry","category-viana-do-castelo","tag-sociedade"],"yoast_head":"<!-- This site is optimized with the Yoast SEO Premium plugin v27.5 (Yoast SEO v27.5) - https:\/\/yoast.com\/product\/yoast-seo-premium-wordpress\/ -->\n<title>Lu\u00eds Nobre eleito presidente da Assembleia Geral da empresa \u00c1guas do Norte<\/title>\n<meta name=\"description\" content=\"O presidente da C\u00e2mara Municipal de Viana do Castelo, Lu\u00eds Nobre, foi ser eleito para presidir \u00e0 Assembleia Geral da empresa \u00c1guas do Norte S.A.\" \/>\n<meta name=\"robots\" content=\"index, follow, max-snippet:-1, max-image-preview:large, max-video-preview:-1\" \/>\n<link rel=\"canonical\" href=\"https:\/\/www.altominho.tv\/site\/2026\/03\/26\/luis-nobre-eleito-presidente-da-assembleia-geral-da-empresa-aguas-do-norte\/\" \/>\n<meta property=\"og:locale\" content=\"pt_PT\" \/>\n<meta property=\"og:type\" content=\"article\" \/>\n<meta property=\"og:title\" content=\"Lu\u00eds Nobre eleito presidente da Assembleia Geral da empresa \u00c1guas do Norte\" \/>\n<meta property=\"og:description\" content=\"O presidente da C\u00e2mara Municipal de Viana do Castelo, Lu\u00eds Nobre, foi ser eleito para presidir \u00e0 Assembleia Geral da empresa \u00c1guas do Norte S.A.\" \/>\n<meta property=\"og:url\" content=\"https:\/\/www.altominho.tv\/site\/2026\/03\/26\/luis-nobre-eleito-presidente-da-assembleia-geral-da-empresa-aguas-do-norte\/\" \/>\n<meta property=\"og:site_name\" content=\"Altominho.tv\" \/>\n<meta property=\"article:publisher\" content=\"https:\/\/www.facebook.com\/altominhotv\" \/>\n<meta property=\"article:published_time\" content=\"2026-03-26T15:47:37+00:00\" \/>\n<meta property=\"article:modified_time\" content=\"2026-03-26T15:47:40+00:00\" \/>\n<meta property=\"og:image\" content=\"https:\/\/www.altominho.tv\/site\/wp-content\/uploads\/2025\/11\/Luis_Nobre.jpg\" \/>\n\t<meta property=\"og:image:width\" content=\"1200\" \/>\n\t<meta property=\"og:image:height\" content=\"630\" \/>\n\t<meta property=\"og:image:type\" content=\"image\/jpeg\" \/>\n<meta name=\"author\" content=\"Eduarda Cardoso\" \/>\n<meta name=\"twitter:card\" content=\"summary_large_image\" \/>\n<meta name=\"twitter:creator\" content=\"@altominhoTV\" \/>\n<meta name=\"twitter:site\" content=\"@altominhoTV\" \/>\n<meta name=\"twitter:label1\" content=\"Escrito por\" \/>\n\t<meta name=\"twitter:data1\" content=\"Eduarda Cardoso\" \/>\n\t<meta name=\"twitter:label2\" content=\"Tempo estimado de leitura\" \/>\n\t<meta name=\"twitter:data2\" content=\"1 minuto\" \/>\n<script type=\"application\/ld+json\" class=\"yoast-schema-graph\">{\"@context\":\"https:\\\/\\\/schema.org\",\"@graph\":[{\"@type\":\"Article\",\"@id\":\"https:\\\/\\\/www.altominho.tv\\\/site\\\/2026\\\/03\\\/26\\\/luis-nobre-eleito-presidente-da-assembleia-geral-da-empresa-aguas-do-norte\\\/#article\",\"isPartOf\":{\"@id\":\"https:\\\/\\\/www.altominho.tv\\\/site\\\/2026\\\/03\\\/26\\\/luis-nobre-eleito-presidente-da-assembleia-geral-da-empresa-aguas-do-norte\\\/\"},\"author\":{\"name\":\"Eduarda Cardoso\",\"@id\":\"https:\\\/\\\/www.altominho.tv\\\/site\\\/#\\\/schema\\\/person\\\/9e351387b727413d005ccf1152c93539\"},\"headline\":\"Lu\u00eds Nobre eleito presidente da Assembleia Geral da empresa \u00c1guas do Norte\",\"datePublished\":\"2026-03-26T15:47:37+00:00\",\"dateModified\":\"2026-03-26T15:47:40+00:00\",\"mainEntityOfPage\":{\"@id\":\"https:\\\/\\\/www.altominho.tv\\\/site\\\/2026\\\/03\\\/26\\\/luis-nobre-eleito-presidente-da-assembleia-geral-da-empresa-aguas-do-norte\\\/\"},\"wordCount\":151,\"image\":{\"@id\":\"https:\\\/\\\/www.altominho.tv\\\/site\\\/2026\\\/03\\\/26\\\/luis-nobre-eleito-presidente-da-assembleia-geral-da-empresa-aguas-do-norte\\\/#primaryimage\"},\"thumbnailUrl\":\"https:\\\/\\\/www.altominho.tv\\\/site\\\/wp-content\\\/uploads\\\/2025\\\/11\\\/Luis_Nobre.jpg\",\"keywords\":[\"Sociedade\"],\"articleSection\":[\"Viana do Castelo\"],\"inLanguage\":\"pt-PT\",\"copyrightYear\":\"2026\",\"copyrightHolder\":{\"@id\":\"https:\\\/\\\/www.altominho.tv\\\/site\\\/#organization\"}},{\"@type\":\"WebPage\",\"@id\":\"https:\\\/\\\/www.altominho.tv\\\/site\\\/2026\\\/03\\\/26\\\/luis-nobre-eleito-presidente-da-assembleia-geral-da-empresa-aguas-do-norte\\\/\",\"url\":\"https:\\\/\\\/www.altominho.tv\\\/site\\\/2026\\\/03\\\/26\\\/luis-nobre-eleito-presidente-da-assembleia-geral-da-empresa-aguas-do-norte\\\/\",\"name\":\"Lu\u00eds Nobre eleito presidente da Assembleia Geral da empresa \u00c1guas do Norte\",\"isPartOf\":{\"@id\":\"https:\\\/\\\/www.altominho.tv\\\/site\\\/#website\"},\"primaryImageOfPage\":{\"@id\":\"https:\\\/\\\/www.altominho.tv\\\/site\\\/2026\\\/03\\\/26\\\/luis-nobre-eleito-presidente-da-assembleia-geral-da-empresa-aguas-do-norte\\\/#primaryimage\"},\"image\":{\"@id\":\"https:\\\/\\\/www.altominho.tv\\\/site\\\/2026\\\/03\\\/26\\\/luis-nobre-eleito-presidente-da-assembleia-geral-da-empresa-aguas-do-norte\\\/#primaryimage\"},\"thumbnailUrl\":\"https:\\\/\\\/www.altominho.tv\\\/site\\\/wp-content\\\/uploads\\\/2025\\\/11\\\/Luis_Nobre.jpg\",\"datePublished\":\"2026-03-26T15:47:37+00:00\",\"dateModified\":\"2026-03-26T15:47:40+00:00\",\"author\":{\"@id\":\"https:\\\/\\\/www.altominho.tv\\\/site\\\/#\\\/schema\\\/person\\\/9e351387b727413d005ccf1152c93539\"},\"description\":\"O presidente da C\u00e2mara Municipal de Viana do Castelo, Lu\u00eds Nobre, foi ser eleito para presidir \u00e0 Assembleia Geral da empresa \u00c1guas do Norte S.A.\",\"breadcrumb\":{\"@id\":\"https:\\\/\\\/www.altominho.tv\\\/site\\\/2026\\\/03\\\/26\\\/luis-nobre-eleito-presidente-da-assembleia-geral-da-empresa-aguas-do-norte\\\/#breadcrumb\"},\"inLanguage\":\"pt-PT\",\"potentialAction\":[{\"@type\":\"ReadAction\",\"target\":[\"https:\\\/\\\/www.altominho.tv\\\/site\\\/2026\\\/03\\\/26\\\/luis-nobre-eleito-presidente-da-assembleia-geral-da-empresa-aguas-do-norte\\\/\"]}]},{\"@type\":\"ImageObject\",\"inLanguage\":\"pt-PT\",\"@id\":\"https:\\\/\\\/www.altominho.tv\\\/site\\\/2026\\\/03\\\/26\\\/luis-nobre-eleito-presidente-da-assembleia-geral-da-empresa-aguas-do-norte\\\/#primaryimage\",\"url\":\"https:\\\/\\\/www.altominho.tv\\\/site\\\/wp-content\\\/uploads\\\/2025\\\/11\\\/Luis_Nobre.jpg\",\"contentUrl\":\"https:\\\/\\\/www.altominho.tv\\\/site\\\/wp-content\\\/uploads\\\/2025\\\/11\\\/Luis_Nobre.jpg\",\"width\":1200,\"height\":630},{\"@type\":\"BreadcrumbList\",\"@id\":\"https:\\\/\\\/www.altominho.tv\\\/site\\\/2026\\\/03\\\/26\\\/luis-nobre-eleito-presidente-da-assembleia-geral-da-empresa-aguas-do-norte\\\/#breadcrumb\",\"itemListElement\":[{\"@type\":\"ListItem\",\"position\":1,\"name\":\"In\u00edcio\",\"item\":\"https:\\\/\\\/www.altominho.tv\\\/site\\\/\"},{\"@type\":\"ListItem\",\"position\":2,\"name\":\"Lu\u00eds Nobre eleito presidente da Assembleia Geral da empresa \u00c1guas do Norte\"}]},{\"@type\":\"WebSite\",\"@id\":\"https:\\\/\\\/www.altominho.tv\\\/site\\\/#website\",\"url\":\"https:\\\/\\\/www.altominho.tv\\\/site\\\/\",\"name\":\"Altominho.tv\",\"description\":\"A sua regi\u00e3o \u00e0 dist\u00e2ncia de um clique...\",\"potentialAction\":[{\"@type\":\"SearchAction\",\"target\":{\"@type\":\"EntryPoint\",\"urlTemplate\":\"https:\\\/\\\/www.altominho.tv\\\/site\\\/?s={search_term_string}\"},\"query-input\":{\"@type\":\"PropertyValueSpecification\",\"valueRequired\":true,\"valueName\":\"search_term_string\"}}],\"inLanguage\":\"pt-PT\"},{\"@type\":\"Person\",\"@id\":\"https:\\\/\\\/www.altominho.tv\\\/site\\\/#\\\/schema\\\/person\\\/9e351387b727413d005ccf1152c93539\",\"name\":\"Eduarda Cardoso\",\"image\":{\"@type\":\"ImageObject\",\"inLanguage\":\"pt-PT\",\"@id\":\"https:\\\/\\\/www.altominho.tv\\\/site\\\/wp-content\\\/uploads\\\/2021\\\/01\\\/cropped-Logo-ATV_WEB-150x150.png\",\"url\":\"https:\\\/\\\/www.altominho.tv\\\/site\\\/wp-content\\\/uploads\\\/2021\\\/01\\\/cropped-Logo-ATV_WEB-150x150.png\",\"contentUrl\":\"https:\\\/\\\/www.altominho.tv\\\/site\\\/wp-content\\\/uploads\\\/2021\\\/01\\\/cropped-Logo-ATV_WEB-150x150.png\",\"caption\":\"Eduarda Cardoso\"},\"url\":\"https:\\\/\\\/www.altominho.tv\\\/site\\\/author\\\/eduarda-cardoso\\\/\"}]}<\/script>\n<!-- \/ Yoast SEO Premium plugin. -->","yoast_head_json":{"title":"Lu\u00eds Nobre eleito presidente da Assembleia Geral da empresa \u00c1guas do Norte","description":"O presidente da C\u00e2mara Municipal de Viana do Castelo, Lu\u00eds Nobre, foi ser eleito para presidir \u00e0 Assembleia Geral da empresa \u00c1guas do Norte S.A.","robots":{"index":"index","follow":"follow","max-snippet":"max-snippet:-1","max-image-preview":"max-image-preview:large","max-video-preview":"max-video-preview:-1"},"canonical":"https:\/\/www.altominho.tv\/site\/2026\/03\/26\/luis-nobre-eleito-presidente-da-assembleia-geral-da-empresa-aguas-do-norte\/","og_locale":"pt_PT","og_type":"article","og_title":"Lu\u00eds Nobre eleito presidente da Assembleia Geral da empresa \u00c1guas do Norte","og_description":"O presidente da C\u00e2mara Municipal de Viana do Castelo, Lu\u00eds Nobre, foi ser eleito para presidir \u00e0 Assembleia Geral da empresa \u00c1guas do Norte S.A.","og_url":"https:\/\/www.altominho.tv\/site\/2026\/03\/26\/luis-nobre-eleito-presidente-da-assembleia-geral-da-empresa-aguas-do-norte\/","og_site_name":"Altominho.tv","article_publisher":"https:\/\/www.facebook.com\/altominhotv","article_published_time":"2026-03-26T15:47:37+00:00","article_modified_time":"2026-03-26T15:47:40+00:00","og_image":[{"width":1200,"height":630,"url":"https:\/\/www.altominho.tv\/site\/wp-content\/uploads\/2025\/11\/Luis_Nobre.jpg","type":"image\/jpeg"}],"author":"Eduarda Cardoso","twitter_card":"summary_large_image","twitter_creator":"@altominhoTV","twitter_site":"@altominhoTV","twitter_misc":{"Escrito por":"Eduarda Cardoso","Tempo estimado de leitura":"1 minuto"},"schema":{"@context":"https:\/\/schema.org","@graph":[{"@type":"Article","@id":"https:\/\/www.altominho.tv\/site\/2026\/03\/26\/luis-nobre-eleito-presidente-da-assembleia-geral-da-empresa-aguas-do-norte\/#article","isPartOf":{"@id":"https:\/\/www.altominho.tv\/site\/2026\/03\/26\/luis-nobre-eleito-presidente-da-assembleia-geral-da-empresa-aguas-do-norte\/"},"author":{"name":"Eduarda Cardoso","@id":"https:\/\/www.altominho.tv\/site\/#\/schema\/person\/9e351387b727413d005ccf1152c93539"},"headline":"Lu\u00eds Nobre eleito presidente da Assembleia Geral da empresa \u00c1guas do Norte","datePublished":"2026-03-26T15:47:37+00:00","dateModified":"2026-03-26T15:47:40+00:00","mainEntityOfPage":{"@id":"https:\/\/www.altominho.tv\/site\/2026\/03\/26\/luis-nobre-eleito-presidente-da-assembleia-geral-da-empresa-aguas-do-norte\/"},"wordCount":151,"image":{"@id":"https:\/\/www.altominho.tv\/site\/2026\/03\/26\/luis-nobre-eleito-presidente-da-assembleia-geral-da-empresa-aguas-do-norte\/#primaryimage"},"thumbnailUrl":"https:\/\/www.altominho.tv\/site\/wp-content\/uploads\/2025\/11\/Luis_Nobre.jpg","keywords":["Sociedade"],"articleSection":["Viana do Castelo"],"inLanguage":"pt-PT","copyrightYear":"2026","copyrightHolder":{"@id":"https:\/\/www.altominho.tv\/site\/#organization"}},{"@type":"WebPage","@id":"https:\/\/www.altominho.tv\/site\/2026\/03\/26\/luis-nobre-eleito-presidente-da-assembleia-geral-da-empresa-aguas-do-norte\/","url":"https:\/\/www.altominho.tv\/site\/2026\/03\/26\/luis-nobre-eleito-presidente-da-assembleia-geral-da-empresa-aguas-do-norte\/","name":"Lu\u00eds Nobre eleito presidente da Assembleia Geral da empresa \u00c1guas do Norte","isPartOf":{"@id":"https:\/\/www.altominho.tv\/site\/#website"},"primaryImageOfPage":{"@id":"https:\/\/www.altominho.tv\/site\/2026\/03\/26\/luis-nobre-eleito-presidente-da-assembleia-geral-da-empresa-aguas-do-norte\/#primaryimage"},"image":{"@id":"https:\/\/www.altominho.tv\/site\/2026\/03\/26\/luis-nobre-eleito-presidente-da-assembleia-geral-da-empresa-aguas-do-norte\/#primaryimage"},"thumbnailUrl":"https:\/\/www.altominho.tv\/site\/wp-content\/uploads\/2025\/11\/Luis_Nobre.jpg","datePublished":"2026-03-26T15:47:37+00:00","dateModified":"2026-03-26T15:47:40+00:00","author":{"@id":"https:\/\/www.altominho.tv\/site\/#\/schema\/person\/9e351387b727413d005ccf1152c93539"},"description":"O presidente da C\u00e2mara Municipal de Viana do Castelo, Lu\u00eds Nobre, foi ser eleito para presidir \u00e0 Assembleia Geral da empresa \u00c1guas do Norte S.A.","breadcrumb":{"@id":"https:\/\/www.altominho.tv\/site\/2026\/03\/26\/luis-nobre-eleito-presidente-da-assembleia-geral-da-empresa-aguas-do-norte\/#breadcrumb"},"inLanguage":"pt-PT","potentialAction":[{"@type":"ReadAction","target":["https:\/\/www.altominho.tv\/site\/2026\/03\/26\/luis-nobre-eleito-presidente-da-assembleia-geral-da-empresa-aguas-do-norte\/"]}]},{"@type":"ImageObject","inLanguage":"pt-PT","@id":"https:\/\/www.altominho.tv\/site\/2026\/03\/26\/luis-nobre-eleito-presidente-da-assembleia-geral-da-empresa-aguas-do-norte\/#primaryimage","url":"https:\/\/www.altominho.tv\/site\/wp-content\/uploads\/2025\/11\/Luis_Nobre.jpg","contentUrl":"https:\/\/www.altominho.tv\/site\/wp-content\/uploads\/2025\/11\/Luis_Nobre.jpg","width":1200,"height":630},{"@type":"BreadcrumbList","@id":"https:\/\/www.altominho.tv\/site\/2026\/03\/26\/luis-nobre-eleito-presidente-da-assembleia-geral-da-empresa-aguas-do-norte\/#breadcrumb","itemListElement":[{"@type":"ListItem","position":1,"name":"In\u00edcio","item":"https:\/\/www.altominho.tv\/site\/"},{"@type":"ListItem","position":2,"name":"Lu\u00eds Nobre eleito presidente da Assembleia Geral da empresa \u00c1guas do Norte"}]},{"@type":"WebSite","@id":"https:\/\/www.altominho.tv\/site\/#website","url":"https:\/\/www.altominho.tv\/site\/","name":"Altominho.tv","description":"A sua regi\u00e3o \u00e0 dist\u00e2ncia de um clique...","potentialAction":[{"@type":"SearchAction","target":{"@type":"EntryPoint","urlTemplate":"https:\/\/www.altominho.tv\/site\/?s={search_term_string}"},"query-input":{"@type":"PropertyValueSpecification","valueRequired":true,"valueName":"search_term_string"}}],"inLanguage":"pt-PT"},{"@type":"Person","@id":"https:\/\/www.altominho.tv\/site\/#\/schema\/person\/9e351387b727413d005ccf1152c93539","name":"Eduarda Cardoso","image":{"@type":"ImageObject","inLanguage":"pt-PT","@id":"https:\/\/www.altominho.tv\/site\/wp-content\/uploads\/2021\/01\/cropped-Logo-ATV_WEB-150x150.png","url":"https:\/\/www.altominho.tv\/site\/wp-content\/uploads\/2021\/01\/cropped-Logo-ATV_WEB-150x150.png","contentUrl":"https:\/\/www.altominho.tv\/site\/wp-content\/uploads\/2021\/01\/cropped-Logo-ATV_WEB-150x150.png","caption":"Eduarda Cardoso"},"url":"https:\/\/www.altominho.tv\/site\/author\/eduarda-cardoso\/"}]}},"_links":{"self":[{"href":"https:\/\/www.altominho.tv\/site\/wp-json\/wp\/v2\/posts\/130429","targetHints":{"allow":["GET"]}}],"collection":[{"href":"https:\/\/www.altominho.tv\/site\/wp-json\/wp\/v2\/posts"}],"about":[{"href":"https:\/\/www.altominho.tv\/site\/wp-json\/wp\/v2\/types\/post"}],"author":[{"embeddable":true,"href":"https:\/\/www.altominho.tv\/site\/wp-json\/wp\/v2\/users\/30"}],"replies":[{"embeddable":true,"href":"https:\/\/www.altominho.tv\/site\/wp-json\/wp\/v2\/comments?post=130429"}],"version-history":[{"count":1,"href":"https:\/\/www.altominho.tv\/site\/wp-json\/wp\/v2\/posts\/130429\/revisions"}],"predecessor-version":[{"id":130431,"href":"https:\/\/www.altominho.tv\/site\/wp-json\/wp\/v2\/posts\/130429\/revisions\/130431"}],"wp:featuredmedia":[{"embeddable":true,"href":"https:\/\/www.altominho.tv\/site\/wp-json\/wp\/v2\/media\/124989"}],"wp:attachment":[{"href":"https:\/\/www.altominho.tv\/site\/wp-json\/wp\/v2\/media?parent=130429"}],"wp:term":[{"taxonomy":"category","embeddable":true,"href":"https:\/\/www.altominho.tv\/site\/wp-json\/wp\/v2\/categories?post=130429"},{"taxonomy":"post_tag","embeddable":true,"href":"https:\/\/www.altominho.tv\/site\/wp-json\/wp\/v2\/tags?post=130429"}],"curies":[{"name":"wp","href":"https:\/\/api.w.org\/{rel}","templated":true}]}}