{"id":130404,"date":"2026-03-26T11:35:45","date_gmt":"2026-03-26T11:35:45","guid":{"rendered":"https:\/\/www.altominho.tv\/site\/?p=130404"},"modified":"2026-03-26T11:35:47","modified_gmt":"2026-03-26T11:35:47","slug":"viana-do-castelo-mordomia-senhor-dos-passos","status":"publish","type":"post","link":"https:\/\/www.altominho.tv\/site\/2026\/03\/26\/viana-do-castelo-mordomia-senhor-dos-passos\/","title":{"rendered":"Mais de 200 mordomas integram Mordomia do Senhor dos Passos \u00e0s 16h00 deste s\u00e1bado"},"content":{"rendered":"\n<p>Este s\u00e1bado \u00e0 tarde, \u00e0s 16h00, no \u00e2mbito da programa\u00e7\u00e3o P\u00e1scoa Doce, o centro hist\u00f3rico de Viana do Castelo recebe a Mordomia do Senhor dos Passos, que vai contar com a participa\u00e7\u00e3o de mais de 200 mordomas.<\/p>\n\n\n\n<p>O percurso inicia no Largo de S\u00e3o Domingos, passando pela Rua Manuel Espregueira, Avenida dos Combatentes da Grande Guerra, Rua Grande, Rua de S. Pedro, Rua Mateus Barbosa, Rua Martim Velho, Rua da Bandeira, Pra\u00e7a da Rep\u00fablica, Rua Sacadura Cabral, terminando na S\u00e9 Catedral.<\/p>\n\n\n\n<p>Ser\u00e3o mais de duas centenas de mulheres trajadas, destacando-se a participa\u00e7\u00e3o do Traje de Morgada e Traje de D\u00f3.<\/p>\n\n\n\n<p>No passado, o Traje de Morgada era o vestu\u00e1rio que as mulheres casadas usavam em dias solenes, sendo um traje mais rico, envergado para missas e prociss\u00f5es de festas locais.<\/p>\n\n\n\n<p>J\u00e1 o Traje \u00e0 Vianesa de D\u00f3 era um traje de festa que era usado, no passado, em alturas que exigiam algum recato da lavradeira, momentos em que o vermelho n\u00e3o deveria ser utilizado, como no per\u00edodo da Quaresma.<\/p>\n\n\n\n<p>Na Mordomia do Senhor dos Passos, momento solene que vai contar tamb\u00e9m com a presen\u00e7a de bandas filarm\u00f3nicas, v\u00e3o, assim, marcar presen\u00e7a: Trajes \u00e0 Vianesa de D\u00f3, Trajes \u00e0 Vianesa das Terras de Geraz, Trajes \u00e0 Vianesa da Serra d&#8217;Arga (azul\u00e3o, verde e de d\u00f3), Trajes de Morgada, Trajes de Mordoma e Trajes da Ribeira\u00a0(sem cores berrantes).<\/p>\n\n\n\n<p>Fotografias:<strong> Munic\u00edpio de Viana do Castelo<\/strong><\/p>\n","protected":false},"excerpt":{"rendered":"<p>Este s\u00e1bado \u00e0 tarde, \u00e0s 16h00, no \u00e2mbito da programa\u00e7\u00e3o P\u00e1scoa Doce, o centro hist\u00f3rico de Viana do Castelo recebe a Mordomia do Senhor dos Passos, que vai contar com a participa\u00e7\u00e3o de mais de 200 mordomas. O percurso inicia no Largo de S\u00e3o Domingos, passando pela Rua Manuel Espregueira, Avenida dos Combatentes da Grande [&hellip;]<\/p>\n","protected":false},"author":7,"featured_media":130405,"comment_status":"closed","ping_status":"closed","sticky":false,"template":"","format":"standard","meta":{"_exactmetrics_skip_tracking":false,"_exactmetrics_sitenote_active":false,"_exactmetrics_sitenote_note":"","_exactmetrics_sitenote_category":0,"footnotes":""},"categories":[14],"tags":[19,24],"class_list":["post-130404","post","type-post","status-publish","format-standard","has-post-thumbnail","hentry","category-viana-do-castelo","tag-cultura","tag-lazer"],"yoast_head":"<!-- This site is optimized with the Yoast SEO Premium plugin v27.5 (Yoast SEO v27.5) - https:\/\/yoast.com\/product\/yoast-seo-premium-wordpress\/ -->\n<title>Mais de 200 mordomas integram Mordomia do Senhor dos Passos \u00e0s 16h00 deste s\u00e1bado<\/title>\n<meta name=\"description\" content=\"Mais de 200 mordomas integram a Mordomia do Senhor dos Passos \u00e0s 16h00 deste s\u00e1bado.\" \/>\n<meta name=\"robots\" content=\"index, follow, max-snippet:-1, max-image-preview:large, max-video-preview:-1\" \/>\n<link rel=\"canonical\" href=\"https:\/\/www.altominho.tv\/site\/2026\/03\/26\/viana-do-castelo-mordomia-senhor-dos-passos\/\" \/>\n<meta property=\"og:locale\" content=\"pt_PT\" \/>\n<meta property=\"og:type\" content=\"article\" \/>\n<meta property=\"og:title\" content=\"Mais de 200 mordomas integram Mordomia do Senhor dos Passos \u00e0s 16h00 deste s\u00e1bado\" \/>\n<meta property=\"og:description\" content=\"Mais de 200 mordomas integram a Mordomia do Senhor dos Passos \u00e0s 16h00 deste s\u00e1bado.\" \/>\n<meta property=\"og:url\" content=\"https:\/\/www.altominho.tv\/site\/2026\/03\/26\/viana-do-castelo-mordomia-senhor-dos-passos\/\" \/>\n<meta property=\"og:site_name\" content=\"Altominho.tv\" \/>\n<meta property=\"article:publisher\" content=\"https:\/\/www.facebook.com\/altominhotv\" \/>\n<meta property=\"article:published_time\" content=\"2026-03-26T11:35:45+00:00\" \/>\n<meta property=\"article:modified_time\" content=\"2026-03-26T11:35:47+00:00\" \/>\n<meta property=\"og:image\" content=\"https:\/\/www.altominho.tv\/site\/wp-content\/uploads\/2026\/03\/senhor-dos-passos.png\" \/>\n\t<meta property=\"og:image:width\" content=\"1200\" \/>\n\t<meta property=\"og:image:height\" content=\"630\" \/>\n\t<meta property=\"og:image:type\" content=\"image\/png\" \/>\n<meta name=\"author\" content=\"Andreia Cunha\" \/>\n<meta name=\"twitter:card\" content=\"summary_large_image\" \/>\n<meta name=\"twitter:creator\" content=\"@altominhoTV\" \/>\n<meta name=\"twitter:site\" content=\"@altominhoTV\" \/>\n<meta name=\"twitter:label1\" content=\"Escrito por\" \/>\n\t<meta name=\"twitter:data1\" content=\"Andreia Cunha\" \/>\n\t<meta name=\"twitter:label2\" content=\"Tempo estimado de leitura\" \/>\n\t<meta name=\"twitter:data2\" content=\"2 minutos\" \/>\n<script type=\"application\/ld+json\" class=\"yoast-schema-graph\">{\"@context\":\"https:\\\/\\\/schema.org\",\"@graph\":[{\"@type\":\"Article\",\"@id\":\"https:\\\/\\\/www.altominho.tv\\\/site\\\/2026\\\/03\\\/26\\\/viana-do-castelo-mordomia-senhor-dos-passos\\\/#article\",\"isPartOf\":{\"@id\":\"https:\\\/\\\/www.altominho.tv\\\/site\\\/2026\\\/03\\\/26\\\/viana-do-castelo-mordomia-senhor-dos-passos\\\/\"},\"author\":{\"name\":\"Andreia Cunha\",\"@id\":\"https:\\\/\\\/www.altominho.tv\\\/site\\\/#\\\/schema\\\/person\\\/a0e4ef6d041f98ca284393d8f1d97153\"},\"headline\":\"Mais de 200 mordomas integram Mordomia do Senhor dos Passos \u00e0s 16h00 deste s\u00e1bado\",\"datePublished\":\"2026-03-26T11:35:45+00:00\",\"dateModified\":\"2026-03-26T11:35:47+00:00\",\"mainEntityOfPage\":{\"@id\":\"https:\\\/\\\/www.altominho.tv\\\/site\\\/2026\\\/03\\\/26\\\/viana-do-castelo-mordomia-senhor-dos-passos\\\/\"},\"wordCount\":262,\"image\":{\"@id\":\"https:\\\/\\\/www.altominho.tv\\\/site\\\/2026\\\/03\\\/26\\\/viana-do-castelo-mordomia-senhor-dos-passos\\\/#primaryimage\"},\"thumbnailUrl\":\"https:\\\/\\\/www.altominho.tv\\\/site\\\/wp-content\\\/uploads\\\/2026\\\/03\\\/senhor-dos-passos.png\",\"keywords\":[\"Cultura\",\"Lazer\"],\"articleSection\":[\"Viana do Castelo\"],\"inLanguage\":\"pt-PT\",\"copyrightYear\":\"2026\",\"copyrightHolder\":{\"@id\":\"https:\\\/\\\/www.altominho.tv\\\/site\\\/#organization\"}},{\"@type\":\"WebPage\",\"@id\":\"https:\\\/\\\/www.altominho.tv\\\/site\\\/2026\\\/03\\\/26\\\/viana-do-castelo-mordomia-senhor-dos-passos\\\/\",\"url\":\"https:\\\/\\\/www.altominho.tv\\\/site\\\/2026\\\/03\\\/26\\\/viana-do-castelo-mordomia-senhor-dos-passos\\\/\",\"name\":\"Mais de 200 mordomas integram Mordomia do Senhor dos Passos \u00e0s 16h00 deste s\u00e1bado\",\"isPartOf\":{\"@id\":\"https:\\\/\\\/www.altominho.tv\\\/site\\\/#website\"},\"primaryImageOfPage\":{\"@id\":\"https:\\\/\\\/www.altominho.tv\\\/site\\\/2026\\\/03\\\/26\\\/viana-do-castelo-mordomia-senhor-dos-passos\\\/#primaryimage\"},\"image\":{\"@id\":\"https:\\\/\\\/www.altominho.tv\\\/site\\\/2026\\\/03\\\/26\\\/viana-do-castelo-mordomia-senhor-dos-passos\\\/#primaryimage\"},\"thumbnailUrl\":\"https:\\\/\\\/www.altominho.tv\\\/site\\\/wp-content\\\/uploads\\\/2026\\\/03\\\/senhor-dos-passos.png\",\"datePublished\":\"2026-03-26T11:35:45+00:00\",\"dateModified\":\"2026-03-26T11:35:47+00:00\",\"author\":{\"@id\":\"https:\\\/\\\/www.altominho.tv\\\/site\\\/#\\\/schema\\\/person\\\/a0e4ef6d041f98ca284393d8f1d97153\"},\"description\":\"Mais de 200 mordomas integram a Mordomia do Senhor dos Passos \u00e0s 16h00 deste s\u00e1bado.\",\"breadcrumb\":{\"@id\":\"https:\\\/\\\/www.altominho.tv\\\/site\\\/2026\\\/03\\\/26\\\/viana-do-castelo-mordomia-senhor-dos-passos\\\/#breadcrumb\"},\"inLanguage\":\"pt-PT\",\"potentialAction\":[{\"@type\":\"ReadAction\",\"target\":[\"https:\\\/\\\/www.altominho.tv\\\/site\\\/2026\\\/03\\\/26\\\/viana-do-castelo-mordomia-senhor-dos-passos\\\/\"]}]},{\"@type\":\"ImageObject\",\"inLanguage\":\"pt-PT\",\"@id\":\"https:\\\/\\\/www.altominho.tv\\\/site\\\/2026\\\/03\\\/26\\\/viana-do-castelo-mordomia-senhor-dos-passos\\\/#primaryimage\",\"url\":\"https:\\\/\\\/www.altominho.tv\\\/site\\\/wp-content\\\/uploads\\\/2026\\\/03\\\/senhor-dos-passos.png\",\"contentUrl\":\"https:\\\/\\\/www.altominho.tv\\\/site\\\/wp-content\\\/uploads\\\/2026\\\/03\\\/senhor-dos-passos.png\",\"width\":1200,\"height\":630},{\"@type\":\"BreadcrumbList\",\"@id\":\"https:\\\/\\\/www.altominho.tv\\\/site\\\/2026\\\/03\\\/26\\\/viana-do-castelo-mordomia-senhor-dos-passos\\\/#breadcrumb\",\"itemListElement\":[{\"@type\":\"ListItem\",\"position\":1,\"name\":\"In\u00edcio\",\"item\":\"https:\\\/\\\/www.altominho.tv\\\/site\\\/\"},{\"@type\":\"ListItem\",\"position\":2,\"name\":\"Mais de 200 mordomas integram Mordomia do Senhor dos Passos \u00e0s 16h00 deste s\u00e1bado\"}]},{\"@type\":\"WebSite\",\"@id\":\"https:\\\/\\\/www.altominho.tv\\\/site\\\/#website\",\"url\":\"https:\\\/\\\/www.altominho.tv\\\/site\\\/\",\"name\":\"Altominho.tv\",\"description\":\"A sua regi\u00e3o \u00e0 dist\u00e2ncia de um clique...\",\"potentialAction\":[{\"@type\":\"SearchAction\",\"target\":{\"@type\":\"EntryPoint\",\"urlTemplate\":\"https:\\\/\\\/www.altominho.tv\\\/site\\\/?s={search_term_string}\"},\"query-input\":{\"@type\":\"PropertyValueSpecification\",\"valueRequired\":true,\"valueName\":\"search_term_string\"}}],\"inLanguage\":\"pt-PT\"},{\"@type\":\"Person\",\"@id\":\"https:\\\/\\\/www.altominho.tv\\\/site\\\/#\\\/schema\\\/person\\\/a0e4ef6d041f98ca284393d8f1d97153\",\"name\":\"Andreia Cunha\",\"image\":{\"@type\":\"ImageObject\",\"inLanguage\":\"pt-PT\",\"@id\":\"https:\\\/\\\/www.altominho.tv\\\/site\\\/wp-content\\\/uploads\\\/2017\\\/11\\\/Andreia_Cunha-1-150x150.jpg\",\"url\":\"https:\\\/\\\/www.altominho.tv\\\/site\\\/wp-content\\\/uploads\\\/2017\\\/11\\\/Andreia_Cunha-1-150x150.jpg\",\"contentUrl\":\"https:\\\/\\\/www.altominho.tv\\\/site\\\/wp-content\\\/uploads\\\/2017\\\/11\\\/Andreia_Cunha-1-150x150.jpg\",\"caption\":\"Andreia Cunha\"},\"url\":\"https:\\\/\\\/www.altominho.tv\\\/site\\\/author\\\/andreiacunha\\\/\"}]}<\/script>\n<!-- \/ Yoast SEO Premium plugin. -->","yoast_head_json":{"title":"Mais de 200 mordomas integram Mordomia do Senhor dos Passos \u00e0s 16h00 deste s\u00e1bado","description":"Mais de 200 mordomas integram a Mordomia do Senhor dos Passos \u00e0s 16h00 deste s\u00e1bado.","robots":{"index":"index","follow":"follow","max-snippet":"max-snippet:-1","max-image-preview":"max-image-preview:large","max-video-preview":"max-video-preview:-1"},"canonical":"https:\/\/www.altominho.tv\/site\/2026\/03\/26\/viana-do-castelo-mordomia-senhor-dos-passos\/","og_locale":"pt_PT","og_type":"article","og_title":"Mais de 200 mordomas integram Mordomia do Senhor dos Passos \u00e0s 16h00 deste s\u00e1bado","og_description":"Mais de 200 mordomas integram a Mordomia do Senhor dos Passos \u00e0s 16h00 deste s\u00e1bado.","og_url":"https:\/\/www.altominho.tv\/site\/2026\/03\/26\/viana-do-castelo-mordomia-senhor-dos-passos\/","og_site_name":"Altominho.tv","article_publisher":"https:\/\/www.facebook.com\/altominhotv","article_published_time":"2026-03-26T11:35:45+00:00","article_modified_time":"2026-03-26T11:35:47+00:00","og_image":[{"width":1200,"height":630,"url":"https:\/\/www.altominho.tv\/site\/wp-content\/uploads\/2026\/03\/senhor-dos-passos.png","type":"image\/png"}],"author":"Andreia Cunha","twitter_card":"summary_large_image","twitter_creator":"@altominhoTV","twitter_site":"@altominhoTV","twitter_misc":{"Escrito por":"Andreia Cunha","Tempo estimado de leitura":"2 minutos"},"schema":{"@context":"https:\/\/schema.org","@graph":[{"@type":"Article","@id":"https:\/\/www.altominho.tv\/site\/2026\/03\/26\/viana-do-castelo-mordomia-senhor-dos-passos\/#article","isPartOf":{"@id":"https:\/\/www.altominho.tv\/site\/2026\/03\/26\/viana-do-castelo-mordomia-senhor-dos-passos\/"},"author":{"name":"Andreia Cunha","@id":"https:\/\/www.altominho.tv\/site\/#\/schema\/person\/a0e4ef6d041f98ca284393d8f1d97153"},"headline":"Mais de 200 mordomas integram Mordomia do Senhor dos Passos \u00e0s 16h00 deste s\u00e1bado","datePublished":"2026-03-26T11:35:45+00:00","dateModified":"2026-03-26T11:35:47+00:00","mainEntityOfPage":{"@id":"https:\/\/www.altominho.tv\/site\/2026\/03\/26\/viana-do-castelo-mordomia-senhor-dos-passos\/"},"wordCount":262,"image":{"@id":"https:\/\/www.altominho.tv\/site\/2026\/03\/26\/viana-do-castelo-mordomia-senhor-dos-passos\/#primaryimage"},"thumbnailUrl":"https:\/\/www.altominho.tv\/site\/wp-content\/uploads\/2026\/03\/senhor-dos-passos.png","keywords":["Cultura","Lazer"],"articleSection":["Viana do Castelo"],"inLanguage":"pt-PT","copyrightYear":"2026","copyrightHolder":{"@id":"https:\/\/www.altominho.tv\/site\/#organization"}},{"@type":"WebPage","@id":"https:\/\/www.altominho.tv\/site\/2026\/03\/26\/viana-do-castelo-mordomia-senhor-dos-passos\/","url":"https:\/\/www.altominho.tv\/site\/2026\/03\/26\/viana-do-castelo-mordomia-senhor-dos-passos\/","name":"Mais de 200 mordomas integram Mordomia do Senhor dos Passos \u00e0s 16h00 deste s\u00e1bado","isPartOf":{"@id":"https:\/\/www.altominho.tv\/site\/#website"},"primaryImageOfPage":{"@id":"https:\/\/www.altominho.tv\/site\/2026\/03\/26\/viana-do-castelo-mordomia-senhor-dos-passos\/#primaryimage"},"image":{"@id":"https:\/\/www.altominho.tv\/site\/2026\/03\/26\/viana-do-castelo-mordomia-senhor-dos-passos\/#primaryimage"},"thumbnailUrl":"https:\/\/www.altominho.tv\/site\/wp-content\/uploads\/2026\/03\/senhor-dos-passos.png","datePublished":"2026-03-26T11:35:45+00:00","dateModified":"2026-03-26T11:35:47+00:00","author":{"@id":"https:\/\/www.altominho.tv\/site\/#\/schema\/person\/a0e4ef6d041f98ca284393d8f1d97153"},"description":"Mais de 200 mordomas integram a Mordomia do Senhor dos Passos \u00e0s 16h00 deste s\u00e1bado.","breadcrumb":{"@id":"https:\/\/www.altominho.tv\/site\/2026\/03\/26\/viana-do-castelo-mordomia-senhor-dos-passos\/#breadcrumb"},"inLanguage":"pt-PT","potentialAction":[{"@type":"ReadAction","target":["https:\/\/www.altominho.tv\/site\/2026\/03\/26\/viana-do-castelo-mordomia-senhor-dos-passos\/"]}]},{"@type":"ImageObject","inLanguage":"pt-PT","@id":"https:\/\/www.altominho.tv\/site\/2026\/03\/26\/viana-do-castelo-mordomia-senhor-dos-passos\/#primaryimage","url":"https:\/\/www.altominho.tv\/site\/wp-content\/uploads\/2026\/03\/senhor-dos-passos.png","contentUrl":"https:\/\/www.altominho.tv\/site\/wp-content\/uploads\/2026\/03\/senhor-dos-passos.png","width":1200,"height":630},{"@type":"BreadcrumbList","@id":"https:\/\/www.altominho.tv\/site\/2026\/03\/26\/viana-do-castelo-mordomia-senhor-dos-passos\/#breadcrumb","itemListElement":[{"@type":"ListItem","position":1,"name":"In\u00edcio","item":"https:\/\/www.altominho.tv\/site\/"},{"@type":"ListItem","position":2,"name":"Mais de 200 mordomas integram Mordomia do Senhor dos Passos \u00e0s 16h00 deste s\u00e1bado"}]},{"@type":"WebSite","@id":"https:\/\/www.altominho.tv\/site\/#website","url":"https:\/\/www.altominho.tv\/site\/","name":"Altominho.tv","description":"A sua regi\u00e3o \u00e0 dist\u00e2ncia de um clique...","potentialAction":[{"@type":"SearchAction","target":{"@type":"EntryPoint","urlTemplate":"https:\/\/www.altominho.tv\/site\/?s={search_term_string}"},"query-input":{"@type":"PropertyValueSpecification","valueRequired":true,"valueName":"search_term_string"}}],"inLanguage":"pt-PT"},{"@type":"Person","@id":"https:\/\/www.altominho.tv\/site\/#\/schema\/person\/a0e4ef6d041f98ca284393d8f1d97153","name":"Andreia Cunha","image":{"@type":"ImageObject","inLanguage":"pt-PT","@id":"https:\/\/www.altominho.tv\/site\/wp-content\/uploads\/2017\/11\/Andreia_Cunha-1-150x150.jpg","url":"https:\/\/www.altominho.tv\/site\/wp-content\/uploads\/2017\/11\/Andreia_Cunha-1-150x150.jpg","contentUrl":"https:\/\/www.altominho.tv\/site\/wp-content\/uploads\/2017\/11\/Andreia_Cunha-1-150x150.jpg","caption":"Andreia Cunha"},"url":"https:\/\/www.altominho.tv\/site\/author\/andreiacunha\/"}]}},"_links":{"self":[{"href":"https:\/\/www.altominho.tv\/site\/wp-json\/wp\/v2\/posts\/130404","targetHints":{"allow":["GET"]}}],"collection":[{"href":"https:\/\/www.altominho.tv\/site\/wp-json\/wp\/v2\/posts"}],"about":[{"href":"https:\/\/www.altominho.tv\/site\/wp-json\/wp\/v2\/types\/post"}],"author":[{"embeddable":true,"href":"https:\/\/www.altominho.tv\/site\/wp-json\/wp\/v2\/users\/7"}],"replies":[{"embeddable":true,"href":"https:\/\/www.altominho.tv\/site\/wp-json\/wp\/v2\/comments?post=130404"}],"version-history":[{"count":1,"href":"https:\/\/www.altominho.tv\/site\/wp-json\/wp\/v2\/posts\/130404\/revisions"}],"predecessor-version":[{"id":130406,"href":"https:\/\/www.altominho.tv\/site\/wp-json\/wp\/v2\/posts\/130404\/revisions\/130406"}],"wp:featuredmedia":[{"embeddable":true,"href":"https:\/\/www.altominho.tv\/site\/wp-json\/wp\/v2\/media\/130405"}],"wp:attachment":[{"href":"https:\/\/www.altominho.tv\/site\/wp-json\/wp\/v2\/media?parent=130404"}],"wp:term":[{"taxonomy":"category","embeddable":true,"href":"https:\/\/www.altominho.tv\/site\/wp-json\/wp\/v2\/categories?post=130404"},{"taxonomy":"post_tag","embeddable":true,"href":"https:\/\/www.altominho.tv\/site\/wp-json\/wp\/v2\/tags?post=130404"}],"curies":[{"name":"wp","href":"https:\/\/api.w.org\/{rel}","templated":true}]}}