{"id":130344,"date":"2026-03-25T11:38:05","date_gmt":"2026-03-25T11:38:05","guid":{"rendered":"https:\/\/www.altominho.tv\/site\/?p=130344"},"modified":"2026-03-25T11:44:48","modified_gmt":"2026-03-25T11:44:48","slug":"valenca-assinala-dia-mundial-da-arvore-com-oferta-de-900-kits-de-sementes","status":"publish","type":"post","link":"https:\/\/www.altominho.tv\/site\/2026\/03\/25\/valenca-assinala-dia-mundial-da-arvore-com-oferta-de-900-kits-de-sementes\/","title":{"rendered":"Valen\u00e7a assinala Dia Mundial da \u00c1rvore com oferta de 900 kits de sementes"},"content":{"rendered":"<p data-start=\"143\" data-end=\"328\">O munic\u00edpio de <span class=\"hover:entity-accent entity-underline inline cursor-pointer align-baseline\"><span class=\"whitespace-normal\">Valen\u00e7a<\/span><\/span> assinalou o Dia Mundial da \u00c1rvore com a distribui\u00e7\u00e3o de cerca de 900 kits de sementes a alunos do ensino pr\u00e9-escolar e do 1.\u00ba ciclo.<\/p>\n<p data-start=\"330\" data-end=\"533\">Cada kit inclui sementes de freixo (<em data-start=\"366\" data-end=\"389\">Fraxinus angustifolia<\/em>), desafiando as crian\u00e7as a acompanhar o crescimento de uma \u00e1rvore e a aprender, de forma pr\u00e1tica, sobre a import\u00e2ncia da preserva\u00e7\u00e3o ambiental.<\/p>\n<p data-start=\"535\" data-end=\"734\">A iniciativa teve como objetivo sensibilizar os mais novos para o papel das \u00e1rvores na qualidade do ar, na prote\u00e7\u00e3o dos ecossistemas e no equil\u00edbrio ambiental, envolvendo toda a comunidade educativa.<\/p>\n<p data-start=\"736\" data-end=\"933\">De acordo com a autarquia, a a\u00e7\u00e3o procura incentivar a ado\u00e7\u00e3o de pr\u00e1ticas sustent\u00e1veis desde a inf\u00e2ncia, promovendo a participa\u00e7\u00e3o das crian\u00e7as na sensibiliza\u00e7\u00e3o ambiental junto das fam\u00edlias.<\/p>\n","protected":false},"excerpt":{"rendered":"<p>O munic\u00edpio de Valen\u00e7a assinalou o Dia Mundial da \u00c1rvore com a distribui\u00e7\u00e3o de cerca de 900 kits de sementes a alunos do ensino pr\u00e9-escolar e do 1.\u00ba ciclo. Cada kit inclui sementes de freixo (Fraxinus angustifolia), desafiando as crian\u00e7as a acompanhar o crescimento de uma \u00e1rvore e a aprender, de forma pr\u00e1tica, sobre a [&hellip;]<\/p>\n","protected":false},"author":1,"featured_media":130346,"comment_status":"closed","ping_status":"closed","sticky":false,"template":"","format":"standard","meta":{"_exactmetrics_skip_tracking":false,"_exactmetrics_sitenote_active":false,"_exactmetrics_sitenote_note":"","_exactmetrics_sitenote_category":0,"footnotes":""},"categories":[13],"tags":[22],"class_list":["post-130344","post","type-post","status-publish","format-standard","has-post-thumbnail","hentry","category-valenca","tag-educacao"],"yoast_head":"<!-- This site is optimized with the Yoast SEO Premium plugin v27.5 (Yoast SEO v27.5) - https:\/\/yoast.com\/product\/yoast-seo-premium-wordpress\/ -->\n<title>Valen\u00e7a assinala Dia Mundial da \u00c1rvore com oferta de 900 kits de sementes<\/title>\n<meta name=\"robots\" content=\"index, follow, max-snippet:-1, max-image-preview:large, max-video-preview:-1\" \/>\n<link rel=\"canonical\" href=\"https:\/\/www.altominho.tv\/site\/2026\/03\/25\/valenca-assinala-dia-mundial-da-arvore-com-oferta-de-900-kits-de-sementes\/\" \/>\n<meta property=\"og:locale\" content=\"pt_PT\" \/>\n<meta property=\"og:type\" content=\"article\" \/>\n<meta property=\"og:title\" content=\"Valen\u00e7a assinala Dia Mundial da \u00c1rvore com oferta de 900 kits de sementes\" \/>\n<meta property=\"og:description\" content=\"O munic\u00edpio de Valen\u00e7a assinalou o Dia Mundial da \u00c1rvore com a distribui\u00e7\u00e3o de cerca de 900 kits de sementes a alunos do ensino pr\u00e9-escolar e do 1.\u00ba ciclo. Cada kit inclui sementes de freixo (Fraxinus angustifolia), desafiando as crian\u00e7as a acompanhar o crescimento de uma \u00e1rvore e a aprender, de forma pr\u00e1tica, sobre a [&hellip;]\" \/>\n<meta property=\"og:url\" content=\"https:\/\/www.altominho.tv\/site\/2026\/03\/25\/valenca-assinala-dia-mundial-da-arvore-com-oferta-de-900-kits-de-sementes\/\" \/>\n<meta property=\"og:site_name\" content=\"Altominho.tv\" \/>\n<meta property=\"article:publisher\" content=\"https:\/\/www.facebook.com\/altominhotv\" \/>\n<meta property=\"article:published_time\" content=\"2026-03-25T11:38:05+00:00\" \/>\n<meta property=\"article:modified_time\" content=\"2026-03-25T11:44:48+00:00\" \/>\n<meta property=\"og:image\" content=\"https:\/\/www.altominho.tv\/site\/wp-content\/uploads\/2026\/03\/BASE-FB-logo-Branco-1200-x-630-px-33.png\" \/>\n\t<meta property=\"og:image:width\" content=\"1200\" \/>\n\t<meta property=\"og:image:height\" content=\"630\" \/>\n\t<meta property=\"og:image:type\" content=\"image\/png\" \/>\n<meta name=\"author\" content=\"Altominho.tv\" \/>\n<meta name=\"twitter:card\" content=\"summary_large_image\" \/>\n<meta name=\"twitter:creator\" content=\"@altominhoTV\" \/>\n<meta name=\"twitter:site\" content=\"@altominhoTV\" \/>\n<meta name=\"twitter:label1\" content=\"Escrito por\" \/>\n\t<meta name=\"twitter:data1\" content=\"Altominho.tv\" \/>\n\t<meta name=\"twitter:label2\" content=\"Tempo estimado de leitura\" \/>\n\t<meta name=\"twitter:data2\" content=\"1 minuto\" \/>\n<script type=\"application\/ld+json\" class=\"yoast-schema-graph\">{\"@context\":\"https:\\\/\\\/schema.org\",\"@graph\":[{\"@type\":\"Article\",\"@id\":\"https:\\\/\\\/www.altominho.tv\\\/site\\\/2026\\\/03\\\/25\\\/valenca-assinala-dia-mundial-da-arvore-com-oferta-de-900-kits-de-sementes\\\/#article\",\"isPartOf\":{\"@id\":\"https:\\\/\\\/www.altominho.tv\\\/site\\\/2026\\\/03\\\/25\\\/valenca-assinala-dia-mundial-da-arvore-com-oferta-de-900-kits-de-sementes\\\/\"},\"author\":{\"name\":\"Altominho.tv\",\"@id\":\"https:\\\/\\\/www.altominho.tv\\\/site\\\/#\\\/schema\\\/person\\\/4e536851627d7914baf3dac752b6af22\"},\"headline\":\"Valen\u00e7a assinala Dia Mundial da \u00c1rvore com oferta de 900 kits de sementes\",\"datePublished\":\"2026-03-25T11:38:05+00:00\",\"dateModified\":\"2026-03-25T11:44:48+00:00\",\"mainEntityOfPage\":{\"@id\":\"https:\\\/\\\/www.altominho.tv\\\/site\\\/2026\\\/03\\\/25\\\/valenca-assinala-dia-mundial-da-arvore-com-oferta-de-900-kits-de-sementes\\\/\"},\"wordCount\":148,\"image\":{\"@id\":\"https:\\\/\\\/www.altominho.tv\\\/site\\\/2026\\\/03\\\/25\\\/valenca-assinala-dia-mundial-da-arvore-com-oferta-de-900-kits-de-sementes\\\/#primaryimage\"},\"thumbnailUrl\":\"https:\\\/\\\/www.altominho.tv\\\/site\\\/wp-content\\\/uploads\\\/2026\\\/03\\\/BASE-FB-logo-Branco-1200-x-630-px-33.png\",\"keywords\":[\"Educa\u00e7\u00e3o\"],\"articleSection\":[\"Valen\u00e7a\"],\"inLanguage\":\"pt-PT\",\"copyrightYear\":\"2026\",\"copyrightHolder\":{\"@id\":\"https:\\\/\\\/www.altominho.tv\\\/site\\\/#organization\"}},{\"@type\":\"WebPage\",\"@id\":\"https:\\\/\\\/www.altominho.tv\\\/site\\\/2026\\\/03\\\/25\\\/valenca-assinala-dia-mundial-da-arvore-com-oferta-de-900-kits-de-sementes\\\/\",\"url\":\"https:\\\/\\\/www.altominho.tv\\\/site\\\/2026\\\/03\\\/25\\\/valenca-assinala-dia-mundial-da-arvore-com-oferta-de-900-kits-de-sementes\\\/\",\"name\":\"Valen\u00e7a assinala Dia Mundial da \u00c1rvore com oferta de 900 kits de sementes\",\"isPartOf\":{\"@id\":\"https:\\\/\\\/www.altominho.tv\\\/site\\\/#website\"},\"primaryImageOfPage\":{\"@id\":\"https:\\\/\\\/www.altominho.tv\\\/site\\\/2026\\\/03\\\/25\\\/valenca-assinala-dia-mundial-da-arvore-com-oferta-de-900-kits-de-sementes\\\/#primaryimage\"},\"image\":{\"@id\":\"https:\\\/\\\/www.altominho.tv\\\/site\\\/2026\\\/03\\\/25\\\/valenca-assinala-dia-mundial-da-arvore-com-oferta-de-900-kits-de-sementes\\\/#primaryimage\"},\"thumbnailUrl\":\"https:\\\/\\\/www.altominho.tv\\\/site\\\/wp-content\\\/uploads\\\/2026\\\/03\\\/BASE-FB-logo-Branco-1200-x-630-px-33.png\",\"datePublished\":\"2026-03-25T11:38:05+00:00\",\"dateModified\":\"2026-03-25T11:44:48+00:00\",\"author\":{\"@id\":\"https:\\\/\\\/www.altominho.tv\\\/site\\\/#\\\/schema\\\/person\\\/4e536851627d7914baf3dac752b6af22\"},\"breadcrumb\":{\"@id\":\"https:\\\/\\\/www.altominho.tv\\\/site\\\/2026\\\/03\\\/25\\\/valenca-assinala-dia-mundial-da-arvore-com-oferta-de-900-kits-de-sementes\\\/#breadcrumb\"},\"inLanguage\":\"pt-PT\",\"potentialAction\":[{\"@type\":\"ReadAction\",\"target\":[\"https:\\\/\\\/www.altominho.tv\\\/site\\\/2026\\\/03\\\/25\\\/valenca-assinala-dia-mundial-da-arvore-com-oferta-de-900-kits-de-sementes\\\/\"]}]},{\"@type\":\"ImageObject\",\"inLanguage\":\"pt-PT\",\"@id\":\"https:\\\/\\\/www.altominho.tv\\\/site\\\/2026\\\/03\\\/25\\\/valenca-assinala-dia-mundial-da-arvore-com-oferta-de-900-kits-de-sementes\\\/#primaryimage\",\"url\":\"https:\\\/\\\/www.altominho.tv\\\/site\\\/wp-content\\\/uploads\\\/2026\\\/03\\\/BASE-FB-logo-Branco-1200-x-630-px-33.png\",\"contentUrl\":\"https:\\\/\\\/www.altominho.tv\\\/site\\\/wp-content\\\/uploads\\\/2026\\\/03\\\/BASE-FB-logo-Branco-1200-x-630-px-33.png\",\"width\":1200,\"height\":630},{\"@type\":\"BreadcrumbList\",\"@id\":\"https:\\\/\\\/www.altominho.tv\\\/site\\\/2026\\\/03\\\/25\\\/valenca-assinala-dia-mundial-da-arvore-com-oferta-de-900-kits-de-sementes\\\/#breadcrumb\",\"itemListElement\":[{\"@type\":\"ListItem\",\"position\":1,\"name\":\"In\u00edcio\",\"item\":\"https:\\\/\\\/www.altominho.tv\\\/site\\\/\"},{\"@type\":\"ListItem\",\"position\":2,\"name\":\"Valen\u00e7a assinala Dia Mundial da \u00c1rvore com oferta de 900 kits de sementes\"}]},{\"@type\":\"WebSite\",\"@id\":\"https:\\\/\\\/www.altominho.tv\\\/site\\\/#website\",\"url\":\"https:\\\/\\\/www.altominho.tv\\\/site\\\/\",\"name\":\"Altominho.tv\",\"description\":\"A sua regi\u00e3o \u00e0 dist\u00e2ncia de um clique...\",\"potentialAction\":[{\"@type\":\"SearchAction\",\"target\":{\"@type\":\"EntryPoint\",\"urlTemplate\":\"https:\\\/\\\/www.altominho.tv\\\/site\\\/?s={search_term_string}\"},\"query-input\":{\"@type\":\"PropertyValueSpecification\",\"valueRequired\":true,\"valueName\":\"search_term_string\"}}],\"inLanguage\":\"pt-PT\"},{\"@type\":\"Person\",\"@id\":\"https:\\\/\\\/www.altominho.tv\\\/site\\\/#\\\/schema\\\/person\\\/4e536851627d7914baf3dac752b6af22\",\"name\":\"Altominho.tv\",\"image\":{\"@type\":\"ImageObject\",\"inLanguage\":\"pt-PT\",\"@id\":\"https:\\\/\\\/www.altominho.tv\\\/site\\\/wp-content\\\/uploads\\\/2019\\\/11\\\/Logo_Avatar_2-150x150.jpg\",\"url\":\"https:\\\/\\\/www.altominho.tv\\\/site\\\/wp-content\\\/uploads\\\/2019\\\/11\\\/Logo_Avatar_2-150x150.jpg\",\"contentUrl\":\"https:\\\/\\\/www.altominho.tv\\\/site\\\/wp-content\\\/uploads\\\/2019\\\/11\\\/Logo_Avatar_2-150x150.jpg\",\"caption\":\"Altominho.tv\"},\"url\":\"https:\\\/\\\/www.altominho.tv\\\/site\\\/author\\\/altominhotv-tecnico\\\/\"}]}<\/script>\n<!-- \/ Yoast SEO Premium plugin. -->","yoast_head_json":{"title":"Valen\u00e7a assinala Dia Mundial da \u00c1rvore com oferta de 900 kits de sementes","robots":{"index":"index","follow":"follow","max-snippet":"max-snippet:-1","max-image-preview":"max-image-preview:large","max-video-preview":"max-video-preview:-1"},"canonical":"https:\/\/www.altominho.tv\/site\/2026\/03\/25\/valenca-assinala-dia-mundial-da-arvore-com-oferta-de-900-kits-de-sementes\/","og_locale":"pt_PT","og_type":"article","og_title":"Valen\u00e7a assinala Dia Mundial da \u00c1rvore com oferta de 900 kits de sementes","og_description":"O munic\u00edpio de Valen\u00e7a assinalou o Dia Mundial da \u00c1rvore com a distribui\u00e7\u00e3o de cerca de 900 kits de sementes a alunos do ensino pr\u00e9-escolar e do 1.\u00ba ciclo. Cada kit inclui sementes de freixo (Fraxinus angustifolia), desafiando as crian\u00e7as a acompanhar o crescimento de uma \u00e1rvore e a aprender, de forma pr\u00e1tica, sobre a [&hellip;]","og_url":"https:\/\/www.altominho.tv\/site\/2026\/03\/25\/valenca-assinala-dia-mundial-da-arvore-com-oferta-de-900-kits-de-sementes\/","og_site_name":"Altominho.tv","article_publisher":"https:\/\/www.facebook.com\/altominhotv","article_published_time":"2026-03-25T11:38:05+00:00","article_modified_time":"2026-03-25T11:44:48+00:00","og_image":[{"width":1200,"height":630,"url":"https:\/\/www.altominho.tv\/site\/wp-content\/uploads\/2026\/03\/BASE-FB-logo-Branco-1200-x-630-px-33.png","type":"image\/png"}],"author":"Altominho.tv","twitter_card":"summary_large_image","twitter_creator":"@altominhoTV","twitter_site":"@altominhoTV","twitter_misc":{"Escrito por":"Altominho.tv","Tempo estimado de leitura":"1 minuto"},"schema":{"@context":"https:\/\/schema.org","@graph":[{"@type":"Article","@id":"https:\/\/www.altominho.tv\/site\/2026\/03\/25\/valenca-assinala-dia-mundial-da-arvore-com-oferta-de-900-kits-de-sementes\/#article","isPartOf":{"@id":"https:\/\/www.altominho.tv\/site\/2026\/03\/25\/valenca-assinala-dia-mundial-da-arvore-com-oferta-de-900-kits-de-sementes\/"},"author":{"name":"Altominho.tv","@id":"https:\/\/www.altominho.tv\/site\/#\/schema\/person\/4e536851627d7914baf3dac752b6af22"},"headline":"Valen\u00e7a assinala Dia Mundial da \u00c1rvore com oferta de 900 kits de sementes","datePublished":"2026-03-25T11:38:05+00:00","dateModified":"2026-03-25T11:44:48+00:00","mainEntityOfPage":{"@id":"https:\/\/www.altominho.tv\/site\/2026\/03\/25\/valenca-assinala-dia-mundial-da-arvore-com-oferta-de-900-kits-de-sementes\/"},"wordCount":148,"image":{"@id":"https:\/\/www.altominho.tv\/site\/2026\/03\/25\/valenca-assinala-dia-mundial-da-arvore-com-oferta-de-900-kits-de-sementes\/#primaryimage"},"thumbnailUrl":"https:\/\/www.altominho.tv\/site\/wp-content\/uploads\/2026\/03\/BASE-FB-logo-Branco-1200-x-630-px-33.png","keywords":["Educa\u00e7\u00e3o"],"articleSection":["Valen\u00e7a"],"inLanguage":"pt-PT","copyrightYear":"2026","copyrightHolder":{"@id":"https:\/\/www.altominho.tv\/site\/#organization"}},{"@type":"WebPage","@id":"https:\/\/www.altominho.tv\/site\/2026\/03\/25\/valenca-assinala-dia-mundial-da-arvore-com-oferta-de-900-kits-de-sementes\/","url":"https:\/\/www.altominho.tv\/site\/2026\/03\/25\/valenca-assinala-dia-mundial-da-arvore-com-oferta-de-900-kits-de-sementes\/","name":"Valen\u00e7a assinala Dia Mundial da \u00c1rvore com oferta de 900 kits de sementes","isPartOf":{"@id":"https:\/\/www.altominho.tv\/site\/#website"},"primaryImageOfPage":{"@id":"https:\/\/www.altominho.tv\/site\/2026\/03\/25\/valenca-assinala-dia-mundial-da-arvore-com-oferta-de-900-kits-de-sementes\/#primaryimage"},"image":{"@id":"https:\/\/www.altominho.tv\/site\/2026\/03\/25\/valenca-assinala-dia-mundial-da-arvore-com-oferta-de-900-kits-de-sementes\/#primaryimage"},"thumbnailUrl":"https:\/\/www.altominho.tv\/site\/wp-content\/uploads\/2026\/03\/BASE-FB-logo-Branco-1200-x-630-px-33.png","datePublished":"2026-03-25T11:38:05+00:00","dateModified":"2026-03-25T11:44:48+00:00","author":{"@id":"https:\/\/www.altominho.tv\/site\/#\/schema\/person\/4e536851627d7914baf3dac752b6af22"},"breadcrumb":{"@id":"https:\/\/www.altominho.tv\/site\/2026\/03\/25\/valenca-assinala-dia-mundial-da-arvore-com-oferta-de-900-kits-de-sementes\/#breadcrumb"},"inLanguage":"pt-PT","potentialAction":[{"@type":"ReadAction","target":["https:\/\/www.altominho.tv\/site\/2026\/03\/25\/valenca-assinala-dia-mundial-da-arvore-com-oferta-de-900-kits-de-sementes\/"]}]},{"@type":"ImageObject","inLanguage":"pt-PT","@id":"https:\/\/www.altominho.tv\/site\/2026\/03\/25\/valenca-assinala-dia-mundial-da-arvore-com-oferta-de-900-kits-de-sementes\/#primaryimage","url":"https:\/\/www.altominho.tv\/site\/wp-content\/uploads\/2026\/03\/BASE-FB-logo-Branco-1200-x-630-px-33.png","contentUrl":"https:\/\/www.altominho.tv\/site\/wp-content\/uploads\/2026\/03\/BASE-FB-logo-Branco-1200-x-630-px-33.png","width":1200,"height":630},{"@type":"BreadcrumbList","@id":"https:\/\/www.altominho.tv\/site\/2026\/03\/25\/valenca-assinala-dia-mundial-da-arvore-com-oferta-de-900-kits-de-sementes\/#breadcrumb","itemListElement":[{"@type":"ListItem","position":1,"name":"In\u00edcio","item":"https:\/\/www.altominho.tv\/site\/"},{"@type":"ListItem","position":2,"name":"Valen\u00e7a assinala Dia Mundial da \u00c1rvore com oferta de 900 kits de sementes"}]},{"@type":"WebSite","@id":"https:\/\/www.altominho.tv\/site\/#website","url":"https:\/\/www.altominho.tv\/site\/","name":"Altominho.tv","description":"A sua regi\u00e3o \u00e0 dist\u00e2ncia de um clique...","potentialAction":[{"@type":"SearchAction","target":{"@type":"EntryPoint","urlTemplate":"https:\/\/www.altominho.tv\/site\/?s={search_term_string}"},"query-input":{"@type":"PropertyValueSpecification","valueRequired":true,"valueName":"search_term_string"}}],"inLanguage":"pt-PT"},{"@type":"Person","@id":"https:\/\/www.altominho.tv\/site\/#\/schema\/person\/4e536851627d7914baf3dac752b6af22","name":"Altominho.tv","image":{"@type":"ImageObject","inLanguage":"pt-PT","@id":"https:\/\/www.altominho.tv\/site\/wp-content\/uploads\/2019\/11\/Logo_Avatar_2-150x150.jpg","url":"https:\/\/www.altominho.tv\/site\/wp-content\/uploads\/2019\/11\/Logo_Avatar_2-150x150.jpg","contentUrl":"https:\/\/www.altominho.tv\/site\/wp-content\/uploads\/2019\/11\/Logo_Avatar_2-150x150.jpg","caption":"Altominho.tv"},"url":"https:\/\/www.altominho.tv\/site\/author\/altominhotv-tecnico\/"}]}},"_links":{"self":[{"href":"https:\/\/www.altominho.tv\/site\/wp-json\/wp\/v2\/posts\/130344","targetHints":{"allow":["GET"]}}],"collection":[{"href":"https:\/\/www.altominho.tv\/site\/wp-json\/wp\/v2\/posts"}],"about":[{"href":"https:\/\/www.altominho.tv\/site\/wp-json\/wp\/v2\/types\/post"}],"author":[{"embeddable":true,"href":"https:\/\/www.altominho.tv\/site\/wp-json\/wp\/v2\/users\/1"}],"replies":[{"embeddable":true,"href":"https:\/\/www.altominho.tv\/site\/wp-json\/wp\/v2\/comments?post=130344"}],"version-history":[{"count":1,"href":"https:\/\/www.altominho.tv\/site\/wp-json\/wp\/v2\/posts\/130344\/revisions"}],"predecessor-version":[{"id":130345,"href":"https:\/\/www.altominho.tv\/site\/wp-json\/wp\/v2\/posts\/130344\/revisions\/130345"}],"wp:featuredmedia":[{"embeddable":true,"href":"https:\/\/www.altominho.tv\/site\/wp-json\/wp\/v2\/media\/130346"}],"wp:attachment":[{"href":"https:\/\/www.altominho.tv\/site\/wp-json\/wp\/v2\/media?parent=130344"}],"wp:term":[{"taxonomy":"category","embeddable":true,"href":"https:\/\/www.altominho.tv\/site\/wp-json\/wp\/v2\/categories?post=130344"},{"taxonomy":"post_tag","embeddable":true,"href":"https:\/\/www.altominho.tv\/site\/wp-json\/wp\/v2\/tags?post=130344"}],"curies":[{"name":"wp","href":"https:\/\/api.w.org\/{rel}","templated":true}]}}