{"id":130315,"date":"2026-03-25T19:30:00","date_gmt":"2026-03-25T19:30:00","guid":{"rendered":"https:\/\/www.altominho.tv\/site\/?p=130315"},"modified":"2026-03-24T14:50:36","modified_gmt":"2026-03-24T14:50:36","slug":"pacovio-tradicao-e-irreverencia-a-mesa","status":"publish","type":"post","link":"https:\/\/www.altominho.tv\/site\/2026\/03\/25\/pacovio-tradicao-e-irreverencia-a-mesa\/","title":{"rendered":"Pac\u00f3vio: tradi\u00e7\u00e3o e irrever\u00eancia \u00e0 mesa"},"content":{"rendered":"<p><iframe loading=\"lazy\" title=\"Pac\u00f3vio: tradi\u00e7\u00e3o e irrever\u00eancia \u00e0 mesa | Altominho TV\" width=\"770\" height=\"433\" src=\"https:\/\/www.youtube.com\/embed\/oNHiUlbzqfI?feature=oembed\" frameborder=\"0\" allow=\"accelerometer; autoplay; clipboard-write; encrypted-media; gyroscope; picture-in-picture; web-share\" referrerpolicy=\"strict-origin-when-cross-origin\" allowfullscreen><\/iframe><\/p>\n<p>No centro hist\u00f3rico de Viana do Castelo, Lu\u00eds Magalh\u00e3es e Vanda Balinha decidiram arriscar e abrir o \u201cPac\u00f3vio\u201d, uma tasca que nasce da vontade de fazer diferente, sem esquecer as ra\u00edzes.<\/p>\n<p>Aos 33 anos, o casal aposta num conceito que valoriza a autenticidade e a proximidade. Inspirado na ruralidade, o espa\u00e7o assume o nome com orgulho, transformando-o numa homenagem \u00e0s origens e \u00e0 simplicidade.<\/p>\n<p>Aqui, privilegiam-se produtos locais e nacionais, ingredientes da \u00e9poca e uma cozinha que procura qualidade em cada prato.<\/p>\n","protected":false},"excerpt":{"rendered":"<p>No centro hist\u00f3rico de Viana do Castelo, Lu\u00eds Magalh\u00e3es e Vanda Balinha decidiram arriscar e abrir o \u201cPac\u00f3vio\u201d, uma tasca que nasce da vontade de fazer diferente, sem esquecer as ra\u00edzes. Aos 33 anos, o casal aposta num conceito que valoriza a autenticidade e a proximidade. Inspirado na ruralidade, o espa\u00e7o assume o nome com [&hellip;]<\/p>\n","protected":false},"author":10,"featured_media":130316,"comment_status":"closed","ping_status":"closed","sticky":false,"template":"","format":"video","meta":{"_exactmetrics_skip_tracking":false,"_exactmetrics_sitenote_active":false,"_exactmetrics_sitenote_note":"","_exactmetrics_sitenote_category":0,"footnotes":""},"categories":[14],"tags":[81],"class_list":["post-130315","post","type-post","status-publish","format-video","has-post-thumbnail","hentry","category-viana-do-castelo","tag-gastronomia","post_format-post-format-video"],"yoast_head":"<!-- This site is optimized with the Yoast SEO Premium plugin v27.5 (Yoast SEO v27.5) - https:\/\/yoast.com\/product\/yoast-seo-premium-wordpress\/ -->\n<title>Pac\u00f3vio: tradi\u00e7\u00e3o e irrever\u00eancia \u00e0 mesa<\/title>\n<meta name=\"robots\" content=\"index, follow, max-snippet:-1, max-image-preview:large, max-video-preview:-1\" \/>\n<link rel=\"canonical\" href=\"https:\/\/www.altominho.tv\/site\/2026\/03\/25\/pacovio-tradicao-e-irreverencia-a-mesa\/\" \/>\n<meta property=\"og:locale\" content=\"pt_PT\" \/>\n<meta property=\"og:type\" content=\"article\" \/>\n<meta property=\"og:title\" content=\"Pac\u00f3vio: tradi\u00e7\u00e3o e irrever\u00eancia \u00e0 mesa\" \/>\n<meta property=\"og:description\" content=\"No centro hist\u00f3rico de Viana do Castelo, Lu\u00eds Magalh\u00e3es e Vanda Balinha decidiram arriscar e abrir o \u201cPac\u00f3vio\u201d, uma tasca que nasce da vontade de fazer diferente, sem esquecer as ra\u00edzes. Aos 33 anos, o casal aposta num conceito que valoriza a autenticidade e a proximidade. Inspirado na ruralidade, o espa\u00e7o assume o nome com [&hellip;]\" \/>\n<meta property=\"og:url\" content=\"https:\/\/www.altominho.tv\/site\/2026\/03\/25\/pacovio-tradicao-e-irreverencia-a-mesa\/\" \/>\n<meta property=\"og:site_name\" content=\"Altominho.tv\" \/>\n<meta property=\"article:publisher\" content=\"https:\/\/www.facebook.com\/altominhotv\" \/>\n<meta property=\"article:published_time\" content=\"2026-03-25T19:30:00+00:00\" \/>\n<meta property=\"og:image\" content=\"https:\/\/www.altominho.tv\/site\/wp-content\/uploads\/2026\/03\/Pacovio-.jpg\" \/>\n\t<meta property=\"og:image:width\" content=\"1920\" \/>\n\t<meta property=\"og:image:height\" content=\"1080\" \/>\n\t<meta property=\"og:image:type\" content=\"image\/jpeg\" \/>\n<meta name=\"author\" content=\"Andreia Barreiro\" \/>\n<meta name=\"twitter:card\" content=\"summary_large_image\" \/>\n<meta name=\"twitter:creator\" content=\"@altominhoTV\" \/>\n<meta name=\"twitter:site\" content=\"@altominhoTV\" \/>\n<meta name=\"twitter:label1\" content=\"Escrito por\" \/>\n\t<meta name=\"twitter:data1\" content=\"Andreia Barreiro\" \/>\n\t<meta name=\"twitter:label2\" content=\"Tempo estimado de leitura\" \/>\n\t<meta name=\"twitter:data2\" content=\"1 minuto\" \/>\n<script type=\"application\/ld+json\" class=\"yoast-schema-graph\">{\"@context\":\"https:\\\/\\\/schema.org\",\"@graph\":[{\"@type\":\"Article\",\"@id\":\"https:\\\/\\\/www.altominho.tv\\\/site\\\/2026\\\/03\\\/25\\\/pacovio-tradicao-e-irreverencia-a-mesa\\\/#article\",\"isPartOf\":{\"@id\":\"https:\\\/\\\/www.altominho.tv\\\/site\\\/2026\\\/03\\\/25\\\/pacovio-tradicao-e-irreverencia-a-mesa\\\/\"},\"author\":{\"name\":\"Andreia Barreiro\",\"@id\":\"https:\\\/\\\/www.altominho.tv\\\/site\\\/#\\\/schema\\\/person\\\/4fa0996d8841f9d6cbb84eb43c555c2c\"},\"headline\":\"Pac\u00f3vio: tradi\u00e7\u00e3o e irrever\u00eancia \u00e0 mesa\",\"datePublished\":\"2026-03-25T19:30:00+00:00\",\"mainEntityOfPage\":{\"@id\":\"https:\\\/\\\/www.altominho.tv\\\/site\\\/2026\\\/03\\\/25\\\/pacovio-tradicao-e-irreverencia-a-mesa\\\/\"},\"wordCount\":98,\"image\":{\"@id\":\"https:\\\/\\\/www.altominho.tv\\\/site\\\/2026\\\/03\\\/25\\\/pacovio-tradicao-e-irreverencia-a-mesa\\\/#primaryimage\"},\"thumbnailUrl\":\"https:\\\/\\\/www.altominho.tv\\\/site\\\/wp-content\\\/uploads\\\/2026\\\/03\\\/Pacovio-.jpg\",\"keywords\":[\"Gastronomia\"],\"articleSection\":[\"Viana do Castelo\"],\"inLanguage\":\"pt-PT\",\"copyrightYear\":\"2026\",\"copyrightHolder\":{\"@id\":\"https:\\\/\\\/www.altominho.tv\\\/site\\\/#organization\"}},{\"@type\":\"WebPage\",\"@id\":\"https:\\\/\\\/www.altominho.tv\\\/site\\\/2026\\\/03\\\/25\\\/pacovio-tradicao-e-irreverencia-a-mesa\\\/\",\"url\":\"https:\\\/\\\/www.altominho.tv\\\/site\\\/2026\\\/03\\\/25\\\/pacovio-tradicao-e-irreverencia-a-mesa\\\/\",\"name\":\"Pac\u00f3vio: tradi\u00e7\u00e3o e irrever\u00eancia \u00e0 mesa\",\"isPartOf\":{\"@id\":\"https:\\\/\\\/www.altominho.tv\\\/site\\\/#website\"},\"primaryImageOfPage\":{\"@id\":\"https:\\\/\\\/www.altominho.tv\\\/site\\\/2026\\\/03\\\/25\\\/pacovio-tradicao-e-irreverencia-a-mesa\\\/#primaryimage\"},\"image\":{\"@id\":\"https:\\\/\\\/www.altominho.tv\\\/site\\\/2026\\\/03\\\/25\\\/pacovio-tradicao-e-irreverencia-a-mesa\\\/#primaryimage\"},\"thumbnailUrl\":\"https:\\\/\\\/www.altominho.tv\\\/site\\\/wp-content\\\/uploads\\\/2026\\\/03\\\/Pacovio-.jpg\",\"datePublished\":\"2026-03-25T19:30:00+00:00\",\"author\":{\"@id\":\"https:\\\/\\\/www.altominho.tv\\\/site\\\/#\\\/schema\\\/person\\\/4fa0996d8841f9d6cbb84eb43c555c2c\"},\"breadcrumb\":{\"@id\":\"https:\\\/\\\/www.altominho.tv\\\/site\\\/2026\\\/03\\\/25\\\/pacovio-tradicao-e-irreverencia-a-mesa\\\/#breadcrumb\"},\"inLanguage\":\"pt-PT\",\"potentialAction\":[{\"@type\":\"ReadAction\",\"target\":[\"https:\\\/\\\/www.altominho.tv\\\/site\\\/2026\\\/03\\\/25\\\/pacovio-tradicao-e-irreverencia-a-mesa\\\/\"]}]},{\"@type\":\"ImageObject\",\"inLanguage\":\"pt-PT\",\"@id\":\"https:\\\/\\\/www.altominho.tv\\\/site\\\/2026\\\/03\\\/25\\\/pacovio-tradicao-e-irreverencia-a-mesa\\\/#primaryimage\",\"url\":\"https:\\\/\\\/www.altominho.tv\\\/site\\\/wp-content\\\/uploads\\\/2026\\\/03\\\/Pacovio-.jpg\",\"contentUrl\":\"https:\\\/\\\/www.altominho.tv\\\/site\\\/wp-content\\\/uploads\\\/2026\\\/03\\\/Pacovio-.jpg\",\"width\":1920,\"height\":1080},{\"@type\":\"BreadcrumbList\",\"@id\":\"https:\\\/\\\/www.altominho.tv\\\/site\\\/2026\\\/03\\\/25\\\/pacovio-tradicao-e-irreverencia-a-mesa\\\/#breadcrumb\",\"itemListElement\":[{\"@type\":\"ListItem\",\"position\":1,\"name\":\"In\u00edcio\",\"item\":\"https:\\\/\\\/www.altominho.tv\\\/site\\\/\"},{\"@type\":\"ListItem\",\"position\":2,\"name\":\"Pac\u00f3vio: tradi\u00e7\u00e3o e irrever\u00eancia \u00e0 mesa\"}]},{\"@type\":\"WebSite\",\"@id\":\"https:\\\/\\\/www.altominho.tv\\\/site\\\/#website\",\"url\":\"https:\\\/\\\/www.altominho.tv\\\/site\\\/\",\"name\":\"Altominho.tv\",\"description\":\"A sua regi\u00e3o \u00e0 dist\u00e2ncia de um clique...\",\"potentialAction\":[{\"@type\":\"SearchAction\",\"target\":{\"@type\":\"EntryPoint\",\"urlTemplate\":\"https:\\\/\\\/www.altominho.tv\\\/site\\\/?s={search_term_string}\"},\"query-input\":{\"@type\":\"PropertyValueSpecification\",\"valueRequired\":true,\"valueName\":\"search_term_string\"}}],\"inLanguage\":\"pt-PT\"},{\"@type\":\"Person\",\"@id\":\"https:\\\/\\\/www.altominho.tv\\\/site\\\/#\\\/schema\\\/person\\\/4fa0996d8841f9d6cbb84eb43c555c2c\",\"name\":\"Andreia Barreiro\",\"image\":{\"@type\":\"ImageObject\",\"inLanguage\":\"pt-PT\",\"@id\":\"https:\\\/\\\/www.altominho.tv\\\/site\\\/wp-content\\\/uploads\\\/2021\\\/01\\\/132443895_3480358142084005_3574327946369834311_o-150x150.jpg\",\"url\":\"https:\\\/\\\/www.altominho.tv\\\/site\\\/wp-content\\\/uploads\\\/2021\\\/01\\\/132443895_3480358142084005_3574327946369834311_o-150x150.jpg\",\"contentUrl\":\"https:\\\/\\\/www.altominho.tv\\\/site\\\/wp-content\\\/uploads\\\/2021\\\/01\\\/132443895_3480358142084005_3574327946369834311_o-150x150.jpg\",\"caption\":\"Andreia Barreiro\"},\"url\":\"https:\\\/\\\/www.altominho.tv\\\/site\\\/author\\\/andreiabarreiro\\\/\"}]}<\/script>\n<meta property=\"og:video\" content=\"https:\/\/www.youtube.com\/embed\/oNHiUlbzqfI\" \/>\n<meta property=\"og:video:type\" content=\"text\/html\" \/>\n<meta property=\"og:video:duration\" content=\"131\" \/>\n<meta property=\"og:video:width\" content=\"480\" \/>\n<meta property=\"og:video:height\" content=\"270\" \/>\n<meta property=\"ya:ovs:adult\" content=\"false\" \/>\n<meta property=\"ya:ovs:upload_date\" content=\"2026-03-25T19:30:00+00:00\" \/>\n<meta property=\"ya:ovs:allow_embed\" content=\"true\" \/>\n<!-- \/ Yoast SEO Premium plugin. -->","yoast_head_json":{"title":"Pac\u00f3vio: tradi\u00e7\u00e3o e irrever\u00eancia \u00e0 mesa","robots":{"index":"index","follow":"follow","max-snippet":"max-snippet:-1","max-image-preview":"max-image-preview:large","max-video-preview":"max-video-preview:-1"},"canonical":"https:\/\/www.altominho.tv\/site\/2026\/03\/25\/pacovio-tradicao-e-irreverencia-a-mesa\/","og_locale":"pt_PT","og_type":"article","og_title":"Pac\u00f3vio: tradi\u00e7\u00e3o e irrever\u00eancia \u00e0 mesa","og_description":"No centro hist\u00f3rico de Viana do Castelo, Lu\u00eds Magalh\u00e3es e Vanda Balinha decidiram arriscar e abrir o \u201cPac\u00f3vio\u201d, uma tasca que nasce da vontade de fazer diferente, sem esquecer as ra\u00edzes. Aos 33 anos, o casal aposta num conceito que valoriza a autenticidade e a proximidade. Inspirado na ruralidade, o espa\u00e7o assume o nome com [&hellip;]","og_url":"https:\/\/www.altominho.tv\/site\/2026\/03\/25\/pacovio-tradicao-e-irreverencia-a-mesa\/","og_site_name":"Altominho.tv","article_publisher":"https:\/\/www.facebook.com\/altominhotv","article_published_time":"2026-03-25T19:30:00+00:00","og_image":[{"width":1920,"height":1080,"url":"https:\/\/www.altominho.tv\/site\/wp-content\/uploads\/2026\/03\/Pacovio-.jpg","type":"image\/jpeg"}],"author":"Andreia Barreiro","twitter_card":"summary_large_image","twitter_creator":"@altominhoTV","twitter_site":"@altominhoTV","twitter_misc":{"Escrito por":"Andreia Barreiro","Tempo estimado de leitura":"1 minuto"},"schema":{"@context":"https:\/\/schema.org","@graph":[{"@type":"Article","@id":"https:\/\/www.altominho.tv\/site\/2026\/03\/25\/pacovio-tradicao-e-irreverencia-a-mesa\/#article","isPartOf":{"@id":"https:\/\/www.altominho.tv\/site\/2026\/03\/25\/pacovio-tradicao-e-irreverencia-a-mesa\/"},"author":{"name":"Andreia Barreiro","@id":"https:\/\/www.altominho.tv\/site\/#\/schema\/person\/4fa0996d8841f9d6cbb84eb43c555c2c"},"headline":"Pac\u00f3vio: tradi\u00e7\u00e3o e irrever\u00eancia \u00e0 mesa","datePublished":"2026-03-25T19:30:00+00:00","mainEntityOfPage":{"@id":"https:\/\/www.altominho.tv\/site\/2026\/03\/25\/pacovio-tradicao-e-irreverencia-a-mesa\/"},"wordCount":98,"image":{"@id":"https:\/\/www.altominho.tv\/site\/2026\/03\/25\/pacovio-tradicao-e-irreverencia-a-mesa\/#primaryimage"},"thumbnailUrl":"https:\/\/www.altominho.tv\/site\/wp-content\/uploads\/2026\/03\/Pacovio-.jpg","keywords":["Gastronomia"],"articleSection":["Viana do Castelo"],"inLanguage":"pt-PT","copyrightYear":"2026","copyrightHolder":{"@id":"https:\/\/www.altominho.tv\/site\/#organization"}},{"@type":"WebPage","@id":"https:\/\/www.altominho.tv\/site\/2026\/03\/25\/pacovio-tradicao-e-irreverencia-a-mesa\/","url":"https:\/\/www.altominho.tv\/site\/2026\/03\/25\/pacovio-tradicao-e-irreverencia-a-mesa\/","name":"Pac\u00f3vio: tradi\u00e7\u00e3o e irrever\u00eancia \u00e0 mesa","isPartOf":{"@id":"https:\/\/www.altominho.tv\/site\/#website"},"primaryImageOfPage":{"@id":"https:\/\/www.altominho.tv\/site\/2026\/03\/25\/pacovio-tradicao-e-irreverencia-a-mesa\/#primaryimage"},"image":{"@id":"https:\/\/www.altominho.tv\/site\/2026\/03\/25\/pacovio-tradicao-e-irreverencia-a-mesa\/#primaryimage"},"thumbnailUrl":"https:\/\/www.altominho.tv\/site\/wp-content\/uploads\/2026\/03\/Pacovio-.jpg","datePublished":"2026-03-25T19:30:00+00:00","author":{"@id":"https:\/\/www.altominho.tv\/site\/#\/schema\/person\/4fa0996d8841f9d6cbb84eb43c555c2c"},"breadcrumb":{"@id":"https:\/\/www.altominho.tv\/site\/2026\/03\/25\/pacovio-tradicao-e-irreverencia-a-mesa\/#breadcrumb"},"inLanguage":"pt-PT","potentialAction":[{"@type":"ReadAction","target":["https:\/\/www.altominho.tv\/site\/2026\/03\/25\/pacovio-tradicao-e-irreverencia-a-mesa\/"]}]},{"@type":"ImageObject","inLanguage":"pt-PT","@id":"https:\/\/www.altominho.tv\/site\/2026\/03\/25\/pacovio-tradicao-e-irreverencia-a-mesa\/#primaryimage","url":"https:\/\/www.altominho.tv\/site\/wp-content\/uploads\/2026\/03\/Pacovio-.jpg","contentUrl":"https:\/\/www.altominho.tv\/site\/wp-content\/uploads\/2026\/03\/Pacovio-.jpg","width":1920,"height":1080},{"@type":"BreadcrumbList","@id":"https:\/\/www.altominho.tv\/site\/2026\/03\/25\/pacovio-tradicao-e-irreverencia-a-mesa\/#breadcrumb","itemListElement":[{"@type":"ListItem","position":1,"name":"In\u00edcio","item":"https:\/\/www.altominho.tv\/site\/"},{"@type":"ListItem","position":2,"name":"Pac\u00f3vio: tradi\u00e7\u00e3o e irrever\u00eancia \u00e0 mesa"}]},{"@type":"WebSite","@id":"https:\/\/www.altominho.tv\/site\/#website","url":"https:\/\/www.altominho.tv\/site\/","name":"Altominho.tv","description":"A sua regi\u00e3o \u00e0 dist\u00e2ncia de um clique...","potentialAction":[{"@type":"SearchAction","target":{"@type":"EntryPoint","urlTemplate":"https:\/\/www.altominho.tv\/site\/?s={search_term_string}"},"query-input":{"@type":"PropertyValueSpecification","valueRequired":true,"valueName":"search_term_string"}}],"inLanguage":"pt-PT"},{"@type":"Person","@id":"https:\/\/www.altominho.tv\/site\/#\/schema\/person\/4fa0996d8841f9d6cbb84eb43c555c2c","name":"Andreia Barreiro","image":{"@type":"ImageObject","inLanguage":"pt-PT","@id":"https:\/\/www.altominho.tv\/site\/wp-content\/uploads\/2021\/01\/132443895_3480358142084005_3574327946369834311_o-150x150.jpg","url":"https:\/\/www.altominho.tv\/site\/wp-content\/uploads\/2021\/01\/132443895_3480358142084005_3574327946369834311_o-150x150.jpg","contentUrl":"https:\/\/www.altominho.tv\/site\/wp-content\/uploads\/2021\/01\/132443895_3480358142084005_3574327946369834311_o-150x150.jpg","caption":"Andreia Barreiro"},"url":"https:\/\/www.altominho.tv\/site\/author\/andreiabarreiro\/"}]},"og_video":"https:\/\/www.youtube.com\/embed\/oNHiUlbzqfI","og_video_type":"text\/html","og_video_duration":"131","og_video_width":"480","og_video_height":"270","ya_ovs_adult":"false","ya_ovs_upload_date":"2026-03-25T19:30:00+00:00","ya_ovs_allow_embed":"true"},"_links":{"self":[{"href":"https:\/\/www.altominho.tv\/site\/wp-json\/wp\/v2\/posts\/130315","targetHints":{"allow":["GET"]}}],"collection":[{"href":"https:\/\/www.altominho.tv\/site\/wp-json\/wp\/v2\/posts"}],"about":[{"href":"https:\/\/www.altominho.tv\/site\/wp-json\/wp\/v2\/types\/post"}],"author":[{"embeddable":true,"href":"https:\/\/www.altominho.tv\/site\/wp-json\/wp\/v2\/users\/10"}],"replies":[{"embeddable":true,"href":"https:\/\/www.altominho.tv\/site\/wp-json\/wp\/v2\/comments?post=130315"}],"version-history":[{"count":1,"href":"https:\/\/www.altominho.tv\/site\/wp-json\/wp\/v2\/posts\/130315\/revisions"}],"predecessor-version":[{"id":130317,"href":"https:\/\/www.altominho.tv\/site\/wp-json\/wp\/v2\/posts\/130315\/revisions\/130317"}],"wp:featuredmedia":[{"embeddable":true,"href":"https:\/\/www.altominho.tv\/site\/wp-json\/wp\/v2\/media\/130316"}],"wp:attachment":[{"href":"https:\/\/www.altominho.tv\/site\/wp-json\/wp\/v2\/media?parent=130315"}],"wp:term":[{"taxonomy":"category","embeddable":true,"href":"https:\/\/www.altominho.tv\/site\/wp-json\/wp\/v2\/categories?post=130315"},{"taxonomy":"post_tag","embeddable":true,"href":"https:\/\/www.altominho.tv\/site\/wp-json\/wp\/v2\/tags?post=130315"}],"curies":[{"name":"wp","href":"https:\/\/api.w.org\/{rel}","templated":true}]}}