{"id":130300,"date":"2026-03-24T11:17:53","date_gmt":"2026-03-24T11:17:53","guid":{"rendered":"https:\/\/www.altominho.tv\/site\/?p=130300"},"modified":"2026-03-24T11:17:56","modified_gmt":"2026-03-24T11:17:56","slug":"viana-do-castelo-torneio-desporto-futebol","status":"publish","type":"post","link":"https:\/\/www.altominho.tv\/site\/2026\/03\/24\/viana-do-castelo-torneio-desporto-futebol\/","title":{"rendered":"Torneio Interassociac\u0327o\u0303es de Futsal Feminino leva a Viana mais de 250 atletas"},"content":{"rendered":"\n<p>Viana do Castelo recebe entre os dias 1 e 4 de abril o Torneio Interassocia\u00e7\u00f5es de Futsal feminino sub-17, que leva a campo 21 associa\u00e7\u00f5es distritais e regionais.<\/p>\n\n\n\n<p>A Federa\u00e7\u00e3o Portuguesa de Futebol confiou a organiza\u00e7\u00e3o deste torneio \u00e0 Associa\u00e7\u00e3o de Futebol de Viana do Castelo (AFVC) &#8220;e o objetivo \u00e9 que este seja um momento de celebra\u00e7\u00e3o do futsal feminino, numa faixa et\u00e1ria fundamental para a afirma\u00e7\u00e3o das jogadoras&#8221;.<\/p>\n\n\n\n<p>Para o presidente da AFVC, Ricardo Felgueiras, \u201cesta \u00e9 a oportunidade para descobrir talentos emergentes, fortalecer la\u00e7os entre regi\u00f5es e partilhar experi\u00eancias que transcendem o desporto\u201d.<\/p>\n\n\n\n<p>Ao longo de quatro dias, em seis pavilh\u00f5es de Viana do Castelo: Pavilh\u00e3o Municipal Jos\u00e9 Nat\u00e1rio (Monserrate), Pavilh\u00e3o Escola Santa Maria Maior (Santa Maria Maior), Pavilh\u00e3o Municipal Nicolau Ver\u00edssimo (Meadela), Pavilh\u00e3o Municipal Pra\u00e7a Viana (Arga\u00e7osa), Pavilh\u00e3o Escola Pintor Jos\u00e9 Brito (Santa Marta de Portuzelo), Pavilh\u00e3o Escola 2,3 Monte da Ola (Vila Nova de Anha), as equipas das associa\u00e7\u00f5es de norte a sul do pa\u00eds, atrav\u00e9s das suas jovens atletas &#8220;v\u00e3o demonstrar o seu melhor futsal, numa competi\u00e7\u00e3o que se quer demonstrativa da paix\u00e3o pela modalidade&#8221;.<\/p>\n\n\n\n<p>\u201c\u00c9 com grande entusiasmo que recebemos este torneio e queremos que cada momento passado em Viana do Castelo seja caloroso e memor\u00e1vel, com jogos marcados pelo respeito e pelo fair-play. Que levem consigo n\u00e3o s\u00f3 vit\u00f3rias, mas tamb\u00e9m hist\u00f3rias e emo\u00e7\u00f5es que ficar\u00e3o para sempre ligadas a este concelho\u201d, afirma o presidente da AFVC.<\/p>\n\n\n\n<p>As comitivas v\u00e3o chegar a Viana do Castelo no dia 31 de mar\u00e7o, a partir das 15h00, e trazem at\u00e9 \u00e0 cidade cerca de 500 pessoas que v\u00e3o ter a oportunidade de ficar hospedadas nos hot\u00e9is da cidade e conhecer os pontos mais emblem\u00e1ticos deste territ\u00f3rio.<\/p>\n\n\n\n<figure class=\"wp-block-image size-large\"><img loading=\"lazy\" decoding=\"async\" width=\"1016\" height=\"1024\" src=\"https:\/\/www.altominho.tv\/site\/wp-content\/uploads\/2026\/03\/futebol-1016x1024.png\" alt=\"\" class=\"wp-image-130301\" srcset=\"https:\/\/www.altominho.tv\/site\/wp-content\/uploads\/2026\/03\/futebol-1016x1024.png 1016w, https:\/\/www.altominho.tv\/site\/wp-content\/uploads\/2026\/03\/futebol-430x433.png 430w, https:\/\/www.altominho.tv\/site\/wp-content\/uploads\/2026\/03\/futebol-150x150.png 150w, https:\/\/www.altominho.tv\/site\/wp-content\/uploads\/2026\/03\/futebol-768x774.png 768w, https:\/\/www.altominho.tv\/site\/wp-content\/uploads\/2026\/03\/futebol-370x373.png 370w, https:\/\/www.altominho.tv\/site\/wp-content\/uploads\/2026\/03\/futebol-270x272.png 270w, https:\/\/www.altominho.tv\/site\/wp-content\/uploads\/2026\/03\/futebol-570x574.png 570w, https:\/\/www.altominho.tv\/site\/wp-content\/uploads\/2026\/03\/futebol-740x746.png 740w, https:\/\/www.altominho.tv\/site\/wp-content\/uploads\/2026\/03\/futebol.png 1024w\" sizes=\"auto, (max-width: 1016px) 100vw, 1016px\" \/><\/figure>\n\n\n\n<p>Fotografias: <strong>Associa\u00e7\u00e3o de Futebol de Viana do Castelo \/ DR<\/strong><\/p>\n","protected":false},"excerpt":{"rendered":"<p>Viana do Castelo recebe entre os dias 1 e 4 de abril o Torneio Interassocia\u00e7\u00f5es de Futsal feminino sub-17, que leva a campo 21 associa\u00e7\u00f5es distritais e regionais. A Federa\u00e7\u00e3o Portuguesa de Futebol confiou a organiza\u00e7\u00e3o deste torneio \u00e0 Associa\u00e7\u00e3o de Futebol de Viana do Castelo (AFVC) &#8220;e o objetivo \u00e9 que este seja um [&hellip;]<\/p>\n","protected":false},"author":7,"featured_media":130302,"comment_status":"closed","ping_status":"closed","sticky":false,"template":"","format":"standard","meta":{"_exactmetrics_skip_tracking":false,"_exactmetrics_sitenote_active":false,"_exactmetrics_sitenote_note":"","_exactmetrics_sitenote_category":0,"footnotes":""},"categories":[14],"tags":[20],"class_list":["post-130300","post","type-post","status-publish","format-standard","has-post-thumbnail","hentry","category-viana-do-castelo","tag-desporto"],"yoast_head":"<!-- This site is optimized with the Yoast SEO Premium plugin v27.5 (Yoast SEO v27.5) - https:\/\/yoast.com\/product\/yoast-seo-premium-wordpress\/ -->\n<title>Torneio Interassociac\u0327o\u0303es de Futsal Feminino leva a Viana mais de 250 atletas<\/title>\n<meta name=\"description\" content=\"Torneio Interassociac\u0327o\u0303es de Futsal Feminino leva a Viana mais de 250 atletas.\" \/>\n<meta name=\"robots\" content=\"index, follow, max-snippet:-1, max-image-preview:large, max-video-preview:-1\" \/>\n<link rel=\"canonical\" href=\"https:\/\/www.altominho.tv\/site\/2026\/03\/24\/viana-do-castelo-torneio-desporto-futebol\/\" \/>\n<meta property=\"og:locale\" content=\"pt_PT\" \/>\n<meta property=\"og:type\" content=\"article\" \/>\n<meta property=\"og:title\" content=\"Torneio Interassociac\u0327o\u0303es de Futsal Feminino leva a Viana mais de 250 atletas\" \/>\n<meta property=\"og:description\" content=\"Torneio Interassociac\u0327o\u0303es de Futsal Feminino leva a Viana mais de 250 atletas.\" \/>\n<meta property=\"og:url\" content=\"https:\/\/www.altominho.tv\/site\/2026\/03\/24\/viana-do-castelo-torneio-desporto-futebol\/\" \/>\n<meta property=\"og:site_name\" content=\"Altominho.tv\" \/>\n<meta property=\"article:publisher\" content=\"https:\/\/www.facebook.com\/altominhotv\" \/>\n<meta property=\"article:published_time\" content=\"2026-03-24T11:17:53+00:00\" \/>\n<meta property=\"article:modified_time\" content=\"2026-03-24T11:17:56+00:00\" \/>\n<meta property=\"og:image\" content=\"https:\/\/www.altominho.tv\/site\/wp-content\/uploads\/2026\/03\/viana-1.png\" \/>\n\t<meta property=\"og:image:width\" content=\"1200\" \/>\n\t<meta property=\"og:image:height\" content=\"630\" \/>\n\t<meta property=\"og:image:type\" content=\"image\/png\" \/>\n<meta name=\"author\" content=\"Andreia Cunha\" \/>\n<meta name=\"twitter:card\" content=\"summary_large_image\" \/>\n<meta name=\"twitter:creator\" content=\"@altominhoTV\" \/>\n<meta name=\"twitter:site\" content=\"@altominhoTV\" \/>\n<meta name=\"twitter:label1\" content=\"Escrito por\" \/>\n\t<meta name=\"twitter:data1\" content=\"Andreia Cunha\" \/>\n\t<meta name=\"twitter:label2\" content=\"Tempo estimado de leitura\" \/>\n\t<meta name=\"twitter:data2\" content=\"3 minutos\" \/>\n<script type=\"application\/ld+json\" class=\"yoast-schema-graph\">{\"@context\":\"https:\\\/\\\/schema.org\",\"@graph\":[{\"@type\":\"Article\",\"@id\":\"https:\\\/\\\/www.altominho.tv\\\/site\\\/2026\\\/03\\\/24\\\/viana-do-castelo-torneio-desporto-futebol\\\/#article\",\"isPartOf\":{\"@id\":\"https:\\\/\\\/www.altominho.tv\\\/site\\\/2026\\\/03\\\/24\\\/viana-do-castelo-torneio-desporto-futebol\\\/\"},\"author\":{\"name\":\"Andreia Cunha\",\"@id\":\"https:\\\/\\\/www.altominho.tv\\\/site\\\/#\\\/schema\\\/person\\\/a0e4ef6d041f98ca284393d8f1d97153\"},\"headline\":\"Torneio Interassociac\u0327o\u0303es de Futsal Feminino leva a Viana mais de 250 atletas\",\"datePublished\":\"2026-03-24T11:17:53+00:00\",\"dateModified\":\"2026-03-24T11:17:56+00:00\",\"mainEntityOfPage\":{\"@id\":\"https:\\\/\\\/www.altominho.tv\\\/site\\\/2026\\\/03\\\/24\\\/viana-do-castelo-torneio-desporto-futebol\\\/\"},\"wordCount\":334,\"image\":{\"@id\":\"https:\\\/\\\/www.altominho.tv\\\/site\\\/2026\\\/03\\\/24\\\/viana-do-castelo-torneio-desporto-futebol\\\/#primaryimage\"},\"thumbnailUrl\":\"https:\\\/\\\/www.altominho.tv\\\/site\\\/wp-content\\\/uploads\\\/2026\\\/03\\\/viana-1.png\",\"keywords\":[\"Desporto\"],\"articleSection\":[\"Viana do Castelo\"],\"inLanguage\":\"pt-PT\",\"copyrightYear\":\"2026\",\"copyrightHolder\":{\"@id\":\"https:\\\/\\\/www.altominho.tv\\\/site\\\/#organization\"}},{\"@type\":\"WebPage\",\"@id\":\"https:\\\/\\\/www.altominho.tv\\\/site\\\/2026\\\/03\\\/24\\\/viana-do-castelo-torneio-desporto-futebol\\\/\",\"url\":\"https:\\\/\\\/www.altominho.tv\\\/site\\\/2026\\\/03\\\/24\\\/viana-do-castelo-torneio-desporto-futebol\\\/\",\"name\":\"Torneio Interassociac\u0327o\u0303es de Futsal Feminino leva a Viana mais de 250 atletas\",\"isPartOf\":{\"@id\":\"https:\\\/\\\/www.altominho.tv\\\/site\\\/#website\"},\"primaryImageOfPage\":{\"@id\":\"https:\\\/\\\/www.altominho.tv\\\/site\\\/2026\\\/03\\\/24\\\/viana-do-castelo-torneio-desporto-futebol\\\/#primaryimage\"},\"image\":{\"@id\":\"https:\\\/\\\/www.altominho.tv\\\/site\\\/2026\\\/03\\\/24\\\/viana-do-castelo-torneio-desporto-futebol\\\/#primaryimage\"},\"thumbnailUrl\":\"https:\\\/\\\/www.altominho.tv\\\/site\\\/wp-content\\\/uploads\\\/2026\\\/03\\\/viana-1.png\",\"datePublished\":\"2026-03-24T11:17:53+00:00\",\"dateModified\":\"2026-03-24T11:17:56+00:00\",\"author\":{\"@id\":\"https:\\\/\\\/www.altominho.tv\\\/site\\\/#\\\/schema\\\/person\\\/a0e4ef6d041f98ca284393d8f1d97153\"},\"description\":\"Torneio Interassociac\u0327o\u0303es de Futsal Feminino leva a Viana mais de 250 atletas.\",\"breadcrumb\":{\"@id\":\"https:\\\/\\\/www.altominho.tv\\\/site\\\/2026\\\/03\\\/24\\\/viana-do-castelo-torneio-desporto-futebol\\\/#breadcrumb\"},\"inLanguage\":\"pt-PT\",\"potentialAction\":[{\"@type\":\"ReadAction\",\"target\":[\"https:\\\/\\\/www.altominho.tv\\\/site\\\/2026\\\/03\\\/24\\\/viana-do-castelo-torneio-desporto-futebol\\\/\"]}]},{\"@type\":\"ImageObject\",\"inLanguage\":\"pt-PT\",\"@id\":\"https:\\\/\\\/www.altominho.tv\\\/site\\\/2026\\\/03\\\/24\\\/viana-do-castelo-torneio-desporto-futebol\\\/#primaryimage\",\"url\":\"https:\\\/\\\/www.altominho.tv\\\/site\\\/wp-content\\\/uploads\\\/2026\\\/03\\\/viana-1.png\",\"contentUrl\":\"https:\\\/\\\/www.altominho.tv\\\/site\\\/wp-content\\\/uploads\\\/2026\\\/03\\\/viana-1.png\",\"width\":1200,\"height\":630},{\"@type\":\"BreadcrumbList\",\"@id\":\"https:\\\/\\\/www.altominho.tv\\\/site\\\/2026\\\/03\\\/24\\\/viana-do-castelo-torneio-desporto-futebol\\\/#breadcrumb\",\"itemListElement\":[{\"@type\":\"ListItem\",\"position\":1,\"name\":\"In\u00edcio\",\"item\":\"https:\\\/\\\/www.altominho.tv\\\/site\\\/\"},{\"@type\":\"ListItem\",\"position\":2,\"name\":\"Torneio Interassociac\u0327o\u0303es de Futsal Feminino leva a Viana mais de 250 atletas\"}]},{\"@type\":\"WebSite\",\"@id\":\"https:\\\/\\\/www.altominho.tv\\\/site\\\/#website\",\"url\":\"https:\\\/\\\/www.altominho.tv\\\/site\\\/\",\"name\":\"Altominho.tv\",\"description\":\"A sua regi\u00e3o \u00e0 dist\u00e2ncia de um clique...\",\"potentialAction\":[{\"@type\":\"SearchAction\",\"target\":{\"@type\":\"EntryPoint\",\"urlTemplate\":\"https:\\\/\\\/www.altominho.tv\\\/site\\\/?s={search_term_string}\"},\"query-input\":{\"@type\":\"PropertyValueSpecification\",\"valueRequired\":true,\"valueName\":\"search_term_string\"}}],\"inLanguage\":\"pt-PT\"},{\"@type\":\"Person\",\"@id\":\"https:\\\/\\\/www.altominho.tv\\\/site\\\/#\\\/schema\\\/person\\\/a0e4ef6d041f98ca284393d8f1d97153\",\"name\":\"Andreia Cunha\",\"image\":{\"@type\":\"ImageObject\",\"inLanguage\":\"pt-PT\",\"@id\":\"https:\\\/\\\/www.altominho.tv\\\/site\\\/wp-content\\\/uploads\\\/2017\\\/11\\\/Andreia_Cunha-1-150x150.jpg\",\"url\":\"https:\\\/\\\/www.altominho.tv\\\/site\\\/wp-content\\\/uploads\\\/2017\\\/11\\\/Andreia_Cunha-1-150x150.jpg\",\"contentUrl\":\"https:\\\/\\\/www.altominho.tv\\\/site\\\/wp-content\\\/uploads\\\/2017\\\/11\\\/Andreia_Cunha-1-150x150.jpg\",\"caption\":\"Andreia Cunha\"},\"url\":\"https:\\\/\\\/www.altominho.tv\\\/site\\\/author\\\/andreiacunha\\\/\"}]}<\/script>\n<!-- \/ Yoast SEO Premium plugin. -->","yoast_head_json":{"title":"Torneio Interassociac\u0327o\u0303es de Futsal Feminino leva a Viana mais de 250 atletas","description":"Torneio Interassociac\u0327o\u0303es de Futsal Feminino leva a Viana mais de 250 atletas.","robots":{"index":"index","follow":"follow","max-snippet":"max-snippet:-1","max-image-preview":"max-image-preview:large","max-video-preview":"max-video-preview:-1"},"canonical":"https:\/\/www.altominho.tv\/site\/2026\/03\/24\/viana-do-castelo-torneio-desporto-futebol\/","og_locale":"pt_PT","og_type":"article","og_title":"Torneio Interassociac\u0327o\u0303es de Futsal Feminino leva a Viana mais de 250 atletas","og_description":"Torneio Interassociac\u0327o\u0303es de Futsal Feminino leva a Viana mais de 250 atletas.","og_url":"https:\/\/www.altominho.tv\/site\/2026\/03\/24\/viana-do-castelo-torneio-desporto-futebol\/","og_site_name":"Altominho.tv","article_publisher":"https:\/\/www.facebook.com\/altominhotv","article_published_time":"2026-03-24T11:17:53+00:00","article_modified_time":"2026-03-24T11:17:56+00:00","og_image":[{"width":1200,"height":630,"url":"https:\/\/www.altominho.tv\/site\/wp-content\/uploads\/2026\/03\/viana-1.png","type":"image\/png"}],"author":"Andreia Cunha","twitter_card":"summary_large_image","twitter_creator":"@altominhoTV","twitter_site":"@altominhoTV","twitter_misc":{"Escrito por":"Andreia Cunha","Tempo estimado de leitura":"3 minutos"},"schema":{"@context":"https:\/\/schema.org","@graph":[{"@type":"Article","@id":"https:\/\/www.altominho.tv\/site\/2026\/03\/24\/viana-do-castelo-torneio-desporto-futebol\/#article","isPartOf":{"@id":"https:\/\/www.altominho.tv\/site\/2026\/03\/24\/viana-do-castelo-torneio-desporto-futebol\/"},"author":{"name":"Andreia Cunha","@id":"https:\/\/www.altominho.tv\/site\/#\/schema\/person\/a0e4ef6d041f98ca284393d8f1d97153"},"headline":"Torneio Interassociac\u0327o\u0303es de Futsal Feminino leva a Viana mais de 250 atletas","datePublished":"2026-03-24T11:17:53+00:00","dateModified":"2026-03-24T11:17:56+00:00","mainEntityOfPage":{"@id":"https:\/\/www.altominho.tv\/site\/2026\/03\/24\/viana-do-castelo-torneio-desporto-futebol\/"},"wordCount":334,"image":{"@id":"https:\/\/www.altominho.tv\/site\/2026\/03\/24\/viana-do-castelo-torneio-desporto-futebol\/#primaryimage"},"thumbnailUrl":"https:\/\/www.altominho.tv\/site\/wp-content\/uploads\/2026\/03\/viana-1.png","keywords":["Desporto"],"articleSection":["Viana do Castelo"],"inLanguage":"pt-PT","copyrightYear":"2026","copyrightHolder":{"@id":"https:\/\/www.altominho.tv\/site\/#organization"}},{"@type":"WebPage","@id":"https:\/\/www.altominho.tv\/site\/2026\/03\/24\/viana-do-castelo-torneio-desporto-futebol\/","url":"https:\/\/www.altominho.tv\/site\/2026\/03\/24\/viana-do-castelo-torneio-desporto-futebol\/","name":"Torneio Interassociac\u0327o\u0303es de Futsal Feminino leva a Viana mais de 250 atletas","isPartOf":{"@id":"https:\/\/www.altominho.tv\/site\/#website"},"primaryImageOfPage":{"@id":"https:\/\/www.altominho.tv\/site\/2026\/03\/24\/viana-do-castelo-torneio-desporto-futebol\/#primaryimage"},"image":{"@id":"https:\/\/www.altominho.tv\/site\/2026\/03\/24\/viana-do-castelo-torneio-desporto-futebol\/#primaryimage"},"thumbnailUrl":"https:\/\/www.altominho.tv\/site\/wp-content\/uploads\/2026\/03\/viana-1.png","datePublished":"2026-03-24T11:17:53+00:00","dateModified":"2026-03-24T11:17:56+00:00","author":{"@id":"https:\/\/www.altominho.tv\/site\/#\/schema\/person\/a0e4ef6d041f98ca284393d8f1d97153"},"description":"Torneio Interassociac\u0327o\u0303es de Futsal Feminino leva a Viana mais de 250 atletas.","breadcrumb":{"@id":"https:\/\/www.altominho.tv\/site\/2026\/03\/24\/viana-do-castelo-torneio-desporto-futebol\/#breadcrumb"},"inLanguage":"pt-PT","potentialAction":[{"@type":"ReadAction","target":["https:\/\/www.altominho.tv\/site\/2026\/03\/24\/viana-do-castelo-torneio-desporto-futebol\/"]}]},{"@type":"ImageObject","inLanguage":"pt-PT","@id":"https:\/\/www.altominho.tv\/site\/2026\/03\/24\/viana-do-castelo-torneio-desporto-futebol\/#primaryimage","url":"https:\/\/www.altominho.tv\/site\/wp-content\/uploads\/2026\/03\/viana-1.png","contentUrl":"https:\/\/www.altominho.tv\/site\/wp-content\/uploads\/2026\/03\/viana-1.png","width":1200,"height":630},{"@type":"BreadcrumbList","@id":"https:\/\/www.altominho.tv\/site\/2026\/03\/24\/viana-do-castelo-torneio-desporto-futebol\/#breadcrumb","itemListElement":[{"@type":"ListItem","position":1,"name":"In\u00edcio","item":"https:\/\/www.altominho.tv\/site\/"},{"@type":"ListItem","position":2,"name":"Torneio Interassociac\u0327o\u0303es de Futsal Feminino leva a Viana mais de 250 atletas"}]},{"@type":"WebSite","@id":"https:\/\/www.altominho.tv\/site\/#website","url":"https:\/\/www.altominho.tv\/site\/","name":"Altominho.tv","description":"A sua regi\u00e3o \u00e0 dist\u00e2ncia de um clique...","potentialAction":[{"@type":"SearchAction","target":{"@type":"EntryPoint","urlTemplate":"https:\/\/www.altominho.tv\/site\/?s={search_term_string}"},"query-input":{"@type":"PropertyValueSpecification","valueRequired":true,"valueName":"search_term_string"}}],"inLanguage":"pt-PT"},{"@type":"Person","@id":"https:\/\/www.altominho.tv\/site\/#\/schema\/person\/a0e4ef6d041f98ca284393d8f1d97153","name":"Andreia Cunha","image":{"@type":"ImageObject","inLanguage":"pt-PT","@id":"https:\/\/www.altominho.tv\/site\/wp-content\/uploads\/2017\/11\/Andreia_Cunha-1-150x150.jpg","url":"https:\/\/www.altominho.tv\/site\/wp-content\/uploads\/2017\/11\/Andreia_Cunha-1-150x150.jpg","contentUrl":"https:\/\/www.altominho.tv\/site\/wp-content\/uploads\/2017\/11\/Andreia_Cunha-1-150x150.jpg","caption":"Andreia Cunha"},"url":"https:\/\/www.altominho.tv\/site\/author\/andreiacunha\/"}]}},"_links":{"self":[{"href":"https:\/\/www.altominho.tv\/site\/wp-json\/wp\/v2\/posts\/130300","targetHints":{"allow":["GET"]}}],"collection":[{"href":"https:\/\/www.altominho.tv\/site\/wp-json\/wp\/v2\/posts"}],"about":[{"href":"https:\/\/www.altominho.tv\/site\/wp-json\/wp\/v2\/types\/post"}],"author":[{"embeddable":true,"href":"https:\/\/www.altominho.tv\/site\/wp-json\/wp\/v2\/users\/7"}],"replies":[{"embeddable":true,"href":"https:\/\/www.altominho.tv\/site\/wp-json\/wp\/v2\/comments?post=130300"}],"version-history":[{"count":1,"href":"https:\/\/www.altominho.tv\/site\/wp-json\/wp\/v2\/posts\/130300\/revisions"}],"predecessor-version":[{"id":130303,"href":"https:\/\/www.altominho.tv\/site\/wp-json\/wp\/v2\/posts\/130300\/revisions\/130303"}],"wp:featuredmedia":[{"embeddable":true,"href":"https:\/\/www.altominho.tv\/site\/wp-json\/wp\/v2\/media\/130302"}],"wp:attachment":[{"href":"https:\/\/www.altominho.tv\/site\/wp-json\/wp\/v2\/media?parent=130300"}],"wp:term":[{"taxonomy":"category","embeddable":true,"href":"https:\/\/www.altominho.tv\/site\/wp-json\/wp\/v2\/categories?post=130300"},{"taxonomy":"post_tag","embeddable":true,"href":"https:\/\/www.altominho.tv\/site\/wp-json\/wp\/v2\/tags?post=130300"}],"curies":[{"name":"wp","href":"https:\/\/api.w.org\/{rel}","templated":true}]}}