{"id":130262,"date":"2026-03-23T15:39:54","date_gmt":"2026-03-23T15:39:54","guid":{"rendered":"https:\/\/www.altominho.tv\/site\/?p=130262"},"modified":"2026-03-23T15:39:57","modified_gmt":"2026-03-23T15:39:57","slug":"ocorrencias-de-incendios-rurais-aumentam-mais-de-30-em-2025","status":"publish","type":"post","link":"https:\/\/www.altominho.tv\/site\/2026\/03\/23\/ocorrencias-de-incendios-rurais-aumentam-mais-de-30-em-2025\/","title":{"rendered":"Ocorr\u00eancias de inc\u00eandios rurais aumentam mais de 30% em 2025"},"content":{"rendered":"<p class=\"p1\">A Guarda Nacional Republicana (GNR) assinalou o Dia Mundial da \u00c1rvore e da Floresta refor\u00e7ando o alerta para a preven\u00e7\u00e3o dos inc\u00eandios rurais. At\u00e9 19 de mar\u00e7o de 2026, j\u00e1 foram detidas dez pessoas por este tipo de crime.<\/p>\n<p class=\"p1\">Os dados mais recentes mostram um aumento significativo de ocorr\u00eancias: em 2025 registaram-se 8.278 inc\u00eandios, mais 31% do que em 2024, quando houve 6.304 casos. Este crescimento evidencia a necessidade de continuar a investir na vigil\u00e2ncia, na preven\u00e7\u00e3o e na sensibiliza\u00e7\u00e3o da popula\u00e7\u00e3o.<\/p>\n<p class=\"p1\">No \u00e2mbito da monitoriza\u00e7\u00e3o do territ\u00f3rio, a GNR emitiu mais de 12 mil alertas em 2025, um aumento face aos cerca de 9 mil registados no ano anterior, gra\u00e7as a sistemas de dete\u00e7\u00e3o precoce.<\/p>\n<p class=\"p1\">Relativamente \u00e0 gest\u00e3o de combust\u00edvel, em 2024 foram fiscalizados mais de 10 mil locais, tendo mais de metade sido regularizados voluntariamente ap\u00f3s interven\u00e7\u00e3o da Guarda. Em 2025, a tend\u00eancia manteve-se, com n\u00fameros semelhantes de fiscaliza\u00e7\u00f5es e um elevado n\u00edvel de cumprimento por parte dos propriet\u00e1rios.<\/p>\n<p><strong>Foto: DR<\/strong><\/p>\n","protected":false},"excerpt":{"rendered":"<p>A Guarda Nacional Republicana (GNR) assinalou o Dia Mundial da \u00c1rvore e da Floresta refor\u00e7ando o alerta para a preven\u00e7\u00e3o dos inc\u00eandios rurais. At\u00e9 19 de mar\u00e7o de 2026, j\u00e1 foram detidas dez pessoas por este tipo de crime. Os dados mais recentes mostram um aumento significativo de ocorr\u00eancias: em 2025 registaram-se 8.278 inc\u00eandios, mais [&hellip;]<\/p>\n","protected":false},"author":30,"featured_media":130268,"comment_status":"closed","ping_status":"closed","sticky":false,"template":"","format":"standard","meta":{"_exactmetrics_skip_tracking":false,"_exactmetrics_sitenote_active":false,"_exactmetrics_sitenote_note":"","_exactmetrics_sitenote_category":0,"footnotes":""},"categories":[56325],"tags":[27],"class_list":["post-130262","post","type-post","status-publish","format-standard","has-post-thumbnail","hentry","category-pais","tag-sociedade"],"yoast_head":"<!-- This site is optimized with the Yoast SEO Premium plugin v27.5 (Yoast SEO v27.5) - https:\/\/yoast.com\/product\/yoast-seo-premium-wordpress\/ -->\n<title>Ocorr\u00eancias de inc\u00eandios rurais aumentam mais de 30% em 2025<\/title>\n<meta name=\"description\" content=\"A Guarda Nacional Republicana (GNR) assinalou o Dia Mundial da \u00c1rvore e da Floresta refor\u00e7ando o alerta para a preven\u00e7\u00e3o dos inc\u00eandios rurais.\" \/>\n<meta name=\"robots\" content=\"index, follow, max-snippet:-1, max-image-preview:large, max-video-preview:-1\" \/>\n<link rel=\"canonical\" href=\"https:\/\/www.altominho.tv\/site\/2026\/03\/23\/ocorrencias-de-incendios-rurais-aumentam-mais-de-30-em-2025\/\" \/>\n<meta property=\"og:locale\" content=\"pt_PT\" \/>\n<meta property=\"og:type\" content=\"article\" \/>\n<meta property=\"og:title\" content=\"Ocorr\u00eancias de inc\u00eandios rurais aumentam mais de 30% em 2025\" \/>\n<meta property=\"og:description\" content=\"A Guarda Nacional Republicana (GNR) assinalou o Dia Mundial da \u00c1rvore e da Floresta refor\u00e7ando o alerta para a preven\u00e7\u00e3o dos inc\u00eandios rurais.\" \/>\n<meta property=\"og:url\" content=\"https:\/\/www.altominho.tv\/site\/2026\/03\/23\/ocorrencias-de-incendios-rurais-aumentam-mais-de-30-em-2025\/\" \/>\n<meta property=\"og:site_name\" content=\"Altominho.tv\" \/>\n<meta property=\"article:publisher\" content=\"https:\/\/www.facebook.com\/altominhotv\" \/>\n<meta property=\"article:published_time\" content=\"2026-03-23T15:39:54+00:00\" \/>\n<meta property=\"article:modified_time\" content=\"2026-03-23T15:39:57+00:00\" \/>\n<meta property=\"og:image\" content=\"https:\/\/www.altominho.tv\/site\/wp-content\/uploads\/2026\/03\/incendio-rural-gnr.jpg\" \/>\n\t<meta property=\"og:image:width\" content=\"1200\" \/>\n\t<meta property=\"og:image:height\" content=\"630\" \/>\n\t<meta property=\"og:image:type\" content=\"image\/jpeg\" \/>\n<meta name=\"author\" content=\"Eduarda Cardoso\" \/>\n<meta name=\"twitter:card\" content=\"summary_large_image\" \/>\n<meta name=\"twitter:creator\" content=\"@altominhoTV\" \/>\n<meta name=\"twitter:site\" content=\"@altominhoTV\" \/>\n<meta name=\"twitter:label1\" content=\"Escrito por\" \/>\n\t<meta name=\"twitter:data1\" content=\"Eduarda Cardoso\" \/>\n\t<meta name=\"twitter:label2\" content=\"Tempo estimado de leitura\" \/>\n\t<meta name=\"twitter:data2\" content=\"2 minutos\" \/>\n<script type=\"application\/ld+json\" class=\"yoast-schema-graph\">{\"@context\":\"https:\\\/\\\/schema.org\",\"@graph\":[{\"@type\":\"Article\",\"@id\":\"https:\\\/\\\/www.altominho.tv\\\/site\\\/2026\\\/03\\\/23\\\/ocorrencias-de-incendios-rurais-aumentam-mais-de-30-em-2025\\\/#article\",\"isPartOf\":{\"@id\":\"https:\\\/\\\/www.altominho.tv\\\/site\\\/2026\\\/03\\\/23\\\/ocorrencias-de-incendios-rurais-aumentam-mais-de-30-em-2025\\\/\"},\"author\":{\"name\":\"Eduarda Cardoso\",\"@id\":\"https:\\\/\\\/www.altominho.tv\\\/site\\\/#\\\/schema\\\/person\\\/9e351387b727413d005ccf1152c93539\"},\"headline\":\"Ocorr\u00eancias de inc\u00eandios rurais aumentam mais de 30% em 2025\",\"datePublished\":\"2026-03-23T15:39:54+00:00\",\"dateModified\":\"2026-03-23T15:39:57+00:00\",\"mainEntityOfPage\":{\"@id\":\"https:\\\/\\\/www.altominho.tv\\\/site\\\/2026\\\/03\\\/23\\\/ocorrencias-de-incendios-rurais-aumentam-mais-de-30-em-2025\\\/\"},\"wordCount\":182,\"image\":{\"@id\":\"https:\\\/\\\/www.altominho.tv\\\/site\\\/2026\\\/03\\\/23\\\/ocorrencias-de-incendios-rurais-aumentam-mais-de-30-em-2025\\\/#primaryimage\"},\"thumbnailUrl\":\"https:\\\/\\\/www.altominho.tv\\\/site\\\/wp-content\\\/uploads\\\/2026\\\/03\\\/incendio-rural-gnr.jpg\",\"keywords\":[\"Sociedade\"],\"articleSection\":[\"Pa\u00eds\"],\"inLanguage\":\"pt-PT\",\"copyrightYear\":\"2026\",\"copyrightHolder\":{\"@id\":\"https:\\\/\\\/www.altominho.tv\\\/site\\\/#organization\"}},{\"@type\":\"WebPage\",\"@id\":\"https:\\\/\\\/www.altominho.tv\\\/site\\\/2026\\\/03\\\/23\\\/ocorrencias-de-incendios-rurais-aumentam-mais-de-30-em-2025\\\/\",\"url\":\"https:\\\/\\\/www.altominho.tv\\\/site\\\/2026\\\/03\\\/23\\\/ocorrencias-de-incendios-rurais-aumentam-mais-de-30-em-2025\\\/\",\"name\":\"Ocorr\u00eancias de inc\u00eandios rurais aumentam mais de 30% em 2025\",\"isPartOf\":{\"@id\":\"https:\\\/\\\/www.altominho.tv\\\/site\\\/#website\"},\"primaryImageOfPage\":{\"@id\":\"https:\\\/\\\/www.altominho.tv\\\/site\\\/2026\\\/03\\\/23\\\/ocorrencias-de-incendios-rurais-aumentam-mais-de-30-em-2025\\\/#primaryimage\"},\"image\":{\"@id\":\"https:\\\/\\\/www.altominho.tv\\\/site\\\/2026\\\/03\\\/23\\\/ocorrencias-de-incendios-rurais-aumentam-mais-de-30-em-2025\\\/#primaryimage\"},\"thumbnailUrl\":\"https:\\\/\\\/www.altominho.tv\\\/site\\\/wp-content\\\/uploads\\\/2026\\\/03\\\/incendio-rural-gnr.jpg\",\"datePublished\":\"2026-03-23T15:39:54+00:00\",\"dateModified\":\"2026-03-23T15:39:57+00:00\",\"author\":{\"@id\":\"https:\\\/\\\/www.altominho.tv\\\/site\\\/#\\\/schema\\\/person\\\/9e351387b727413d005ccf1152c93539\"},\"description\":\"A Guarda Nacional Republicana (GNR) assinalou o Dia Mundial da \u00c1rvore e da Floresta refor\u00e7ando o alerta para a preven\u00e7\u00e3o dos inc\u00eandios rurais.\",\"breadcrumb\":{\"@id\":\"https:\\\/\\\/www.altominho.tv\\\/site\\\/2026\\\/03\\\/23\\\/ocorrencias-de-incendios-rurais-aumentam-mais-de-30-em-2025\\\/#breadcrumb\"},\"inLanguage\":\"pt-PT\",\"potentialAction\":[{\"@type\":\"ReadAction\",\"target\":[\"https:\\\/\\\/www.altominho.tv\\\/site\\\/2026\\\/03\\\/23\\\/ocorrencias-de-incendios-rurais-aumentam-mais-de-30-em-2025\\\/\"]}]},{\"@type\":\"ImageObject\",\"inLanguage\":\"pt-PT\",\"@id\":\"https:\\\/\\\/www.altominho.tv\\\/site\\\/2026\\\/03\\\/23\\\/ocorrencias-de-incendios-rurais-aumentam-mais-de-30-em-2025\\\/#primaryimage\",\"url\":\"https:\\\/\\\/www.altominho.tv\\\/site\\\/wp-content\\\/uploads\\\/2026\\\/03\\\/incendio-rural-gnr.jpg\",\"contentUrl\":\"https:\\\/\\\/www.altominho.tv\\\/site\\\/wp-content\\\/uploads\\\/2026\\\/03\\\/incendio-rural-gnr.jpg\",\"width\":1200,\"height\":630},{\"@type\":\"BreadcrumbList\",\"@id\":\"https:\\\/\\\/www.altominho.tv\\\/site\\\/2026\\\/03\\\/23\\\/ocorrencias-de-incendios-rurais-aumentam-mais-de-30-em-2025\\\/#breadcrumb\",\"itemListElement\":[{\"@type\":\"ListItem\",\"position\":1,\"name\":\"In\u00edcio\",\"item\":\"https:\\\/\\\/www.altominho.tv\\\/site\\\/\"},{\"@type\":\"ListItem\",\"position\":2,\"name\":\"Ocorr\u00eancias de inc\u00eandios rurais aumentam mais de 30% em 2025\"}]},{\"@type\":\"WebSite\",\"@id\":\"https:\\\/\\\/www.altominho.tv\\\/site\\\/#website\",\"url\":\"https:\\\/\\\/www.altominho.tv\\\/site\\\/\",\"name\":\"Altominho.tv\",\"description\":\"A sua regi\u00e3o \u00e0 dist\u00e2ncia de um clique...\",\"potentialAction\":[{\"@type\":\"SearchAction\",\"target\":{\"@type\":\"EntryPoint\",\"urlTemplate\":\"https:\\\/\\\/www.altominho.tv\\\/site\\\/?s={search_term_string}\"},\"query-input\":{\"@type\":\"PropertyValueSpecification\",\"valueRequired\":true,\"valueName\":\"search_term_string\"}}],\"inLanguage\":\"pt-PT\"},{\"@type\":\"Person\",\"@id\":\"https:\\\/\\\/www.altominho.tv\\\/site\\\/#\\\/schema\\\/person\\\/9e351387b727413d005ccf1152c93539\",\"name\":\"Eduarda Cardoso\",\"image\":{\"@type\":\"ImageObject\",\"inLanguage\":\"pt-PT\",\"@id\":\"https:\\\/\\\/www.altominho.tv\\\/site\\\/wp-content\\\/uploads\\\/2021\\\/01\\\/cropped-Logo-ATV_WEB-150x150.png\",\"url\":\"https:\\\/\\\/www.altominho.tv\\\/site\\\/wp-content\\\/uploads\\\/2021\\\/01\\\/cropped-Logo-ATV_WEB-150x150.png\",\"contentUrl\":\"https:\\\/\\\/www.altominho.tv\\\/site\\\/wp-content\\\/uploads\\\/2021\\\/01\\\/cropped-Logo-ATV_WEB-150x150.png\",\"caption\":\"Eduarda Cardoso\"},\"url\":\"https:\\\/\\\/www.altominho.tv\\\/site\\\/author\\\/eduarda-cardoso\\\/\"}]}<\/script>\n<!-- \/ Yoast SEO Premium plugin. -->","yoast_head_json":{"title":"Ocorr\u00eancias de inc\u00eandios rurais aumentam mais de 30% em 2025","description":"A Guarda Nacional Republicana (GNR) assinalou o Dia Mundial da \u00c1rvore e da Floresta refor\u00e7ando o alerta para a preven\u00e7\u00e3o dos inc\u00eandios rurais.","robots":{"index":"index","follow":"follow","max-snippet":"max-snippet:-1","max-image-preview":"max-image-preview:large","max-video-preview":"max-video-preview:-1"},"canonical":"https:\/\/www.altominho.tv\/site\/2026\/03\/23\/ocorrencias-de-incendios-rurais-aumentam-mais-de-30-em-2025\/","og_locale":"pt_PT","og_type":"article","og_title":"Ocorr\u00eancias de inc\u00eandios rurais aumentam mais de 30% em 2025","og_description":"A Guarda Nacional Republicana (GNR) assinalou o Dia Mundial da \u00c1rvore e da Floresta refor\u00e7ando o alerta para a preven\u00e7\u00e3o dos inc\u00eandios rurais.","og_url":"https:\/\/www.altominho.tv\/site\/2026\/03\/23\/ocorrencias-de-incendios-rurais-aumentam-mais-de-30-em-2025\/","og_site_name":"Altominho.tv","article_publisher":"https:\/\/www.facebook.com\/altominhotv","article_published_time":"2026-03-23T15:39:54+00:00","article_modified_time":"2026-03-23T15:39:57+00:00","og_image":[{"width":1200,"height":630,"url":"https:\/\/www.altominho.tv\/site\/wp-content\/uploads\/2026\/03\/incendio-rural-gnr.jpg","type":"image\/jpeg"}],"author":"Eduarda Cardoso","twitter_card":"summary_large_image","twitter_creator":"@altominhoTV","twitter_site":"@altominhoTV","twitter_misc":{"Escrito por":"Eduarda Cardoso","Tempo estimado de leitura":"2 minutos"},"schema":{"@context":"https:\/\/schema.org","@graph":[{"@type":"Article","@id":"https:\/\/www.altominho.tv\/site\/2026\/03\/23\/ocorrencias-de-incendios-rurais-aumentam-mais-de-30-em-2025\/#article","isPartOf":{"@id":"https:\/\/www.altominho.tv\/site\/2026\/03\/23\/ocorrencias-de-incendios-rurais-aumentam-mais-de-30-em-2025\/"},"author":{"name":"Eduarda Cardoso","@id":"https:\/\/www.altominho.tv\/site\/#\/schema\/person\/9e351387b727413d005ccf1152c93539"},"headline":"Ocorr\u00eancias de inc\u00eandios rurais aumentam mais de 30% em 2025","datePublished":"2026-03-23T15:39:54+00:00","dateModified":"2026-03-23T15:39:57+00:00","mainEntityOfPage":{"@id":"https:\/\/www.altominho.tv\/site\/2026\/03\/23\/ocorrencias-de-incendios-rurais-aumentam-mais-de-30-em-2025\/"},"wordCount":182,"image":{"@id":"https:\/\/www.altominho.tv\/site\/2026\/03\/23\/ocorrencias-de-incendios-rurais-aumentam-mais-de-30-em-2025\/#primaryimage"},"thumbnailUrl":"https:\/\/www.altominho.tv\/site\/wp-content\/uploads\/2026\/03\/incendio-rural-gnr.jpg","keywords":["Sociedade"],"articleSection":["Pa\u00eds"],"inLanguage":"pt-PT","copyrightYear":"2026","copyrightHolder":{"@id":"https:\/\/www.altominho.tv\/site\/#organization"}},{"@type":"WebPage","@id":"https:\/\/www.altominho.tv\/site\/2026\/03\/23\/ocorrencias-de-incendios-rurais-aumentam-mais-de-30-em-2025\/","url":"https:\/\/www.altominho.tv\/site\/2026\/03\/23\/ocorrencias-de-incendios-rurais-aumentam-mais-de-30-em-2025\/","name":"Ocorr\u00eancias de inc\u00eandios rurais aumentam mais de 30% em 2025","isPartOf":{"@id":"https:\/\/www.altominho.tv\/site\/#website"},"primaryImageOfPage":{"@id":"https:\/\/www.altominho.tv\/site\/2026\/03\/23\/ocorrencias-de-incendios-rurais-aumentam-mais-de-30-em-2025\/#primaryimage"},"image":{"@id":"https:\/\/www.altominho.tv\/site\/2026\/03\/23\/ocorrencias-de-incendios-rurais-aumentam-mais-de-30-em-2025\/#primaryimage"},"thumbnailUrl":"https:\/\/www.altominho.tv\/site\/wp-content\/uploads\/2026\/03\/incendio-rural-gnr.jpg","datePublished":"2026-03-23T15:39:54+00:00","dateModified":"2026-03-23T15:39:57+00:00","author":{"@id":"https:\/\/www.altominho.tv\/site\/#\/schema\/person\/9e351387b727413d005ccf1152c93539"},"description":"A Guarda Nacional Republicana (GNR) assinalou o Dia Mundial da \u00c1rvore e da Floresta refor\u00e7ando o alerta para a preven\u00e7\u00e3o dos inc\u00eandios rurais.","breadcrumb":{"@id":"https:\/\/www.altominho.tv\/site\/2026\/03\/23\/ocorrencias-de-incendios-rurais-aumentam-mais-de-30-em-2025\/#breadcrumb"},"inLanguage":"pt-PT","potentialAction":[{"@type":"ReadAction","target":["https:\/\/www.altominho.tv\/site\/2026\/03\/23\/ocorrencias-de-incendios-rurais-aumentam-mais-de-30-em-2025\/"]}]},{"@type":"ImageObject","inLanguage":"pt-PT","@id":"https:\/\/www.altominho.tv\/site\/2026\/03\/23\/ocorrencias-de-incendios-rurais-aumentam-mais-de-30-em-2025\/#primaryimage","url":"https:\/\/www.altominho.tv\/site\/wp-content\/uploads\/2026\/03\/incendio-rural-gnr.jpg","contentUrl":"https:\/\/www.altominho.tv\/site\/wp-content\/uploads\/2026\/03\/incendio-rural-gnr.jpg","width":1200,"height":630},{"@type":"BreadcrumbList","@id":"https:\/\/www.altominho.tv\/site\/2026\/03\/23\/ocorrencias-de-incendios-rurais-aumentam-mais-de-30-em-2025\/#breadcrumb","itemListElement":[{"@type":"ListItem","position":1,"name":"In\u00edcio","item":"https:\/\/www.altominho.tv\/site\/"},{"@type":"ListItem","position":2,"name":"Ocorr\u00eancias de inc\u00eandios rurais aumentam mais de 30% em 2025"}]},{"@type":"WebSite","@id":"https:\/\/www.altominho.tv\/site\/#website","url":"https:\/\/www.altominho.tv\/site\/","name":"Altominho.tv","description":"A sua regi\u00e3o \u00e0 dist\u00e2ncia de um clique...","potentialAction":[{"@type":"SearchAction","target":{"@type":"EntryPoint","urlTemplate":"https:\/\/www.altominho.tv\/site\/?s={search_term_string}"},"query-input":{"@type":"PropertyValueSpecification","valueRequired":true,"valueName":"search_term_string"}}],"inLanguage":"pt-PT"},{"@type":"Person","@id":"https:\/\/www.altominho.tv\/site\/#\/schema\/person\/9e351387b727413d005ccf1152c93539","name":"Eduarda Cardoso","image":{"@type":"ImageObject","inLanguage":"pt-PT","@id":"https:\/\/www.altominho.tv\/site\/wp-content\/uploads\/2021\/01\/cropped-Logo-ATV_WEB-150x150.png","url":"https:\/\/www.altominho.tv\/site\/wp-content\/uploads\/2021\/01\/cropped-Logo-ATV_WEB-150x150.png","contentUrl":"https:\/\/www.altominho.tv\/site\/wp-content\/uploads\/2021\/01\/cropped-Logo-ATV_WEB-150x150.png","caption":"Eduarda Cardoso"},"url":"https:\/\/www.altominho.tv\/site\/author\/eduarda-cardoso\/"}]}},"_links":{"self":[{"href":"https:\/\/www.altominho.tv\/site\/wp-json\/wp\/v2\/posts\/130262","targetHints":{"allow":["GET"]}}],"collection":[{"href":"https:\/\/www.altominho.tv\/site\/wp-json\/wp\/v2\/posts"}],"about":[{"href":"https:\/\/www.altominho.tv\/site\/wp-json\/wp\/v2\/types\/post"}],"author":[{"embeddable":true,"href":"https:\/\/www.altominho.tv\/site\/wp-json\/wp\/v2\/users\/30"}],"replies":[{"embeddable":true,"href":"https:\/\/www.altominho.tv\/site\/wp-json\/wp\/v2\/comments?post=130262"}],"version-history":[{"count":1,"href":"https:\/\/www.altominho.tv\/site\/wp-json\/wp\/v2\/posts\/130262\/revisions"}],"predecessor-version":[{"id":130271,"href":"https:\/\/www.altominho.tv\/site\/wp-json\/wp\/v2\/posts\/130262\/revisions\/130271"}],"wp:featuredmedia":[{"embeddable":true,"href":"https:\/\/www.altominho.tv\/site\/wp-json\/wp\/v2\/media\/130268"}],"wp:attachment":[{"href":"https:\/\/www.altominho.tv\/site\/wp-json\/wp\/v2\/media?parent=130262"}],"wp:term":[{"taxonomy":"category","embeddable":true,"href":"https:\/\/www.altominho.tv\/site\/wp-json\/wp\/v2\/categories?post=130262"},{"taxonomy":"post_tag","embeddable":true,"href":"https:\/\/www.altominho.tv\/site\/wp-json\/wp\/v2\/tags?post=130262"}],"curies":[{"name":"wp","href":"https:\/\/api.w.org\/{rel}","templated":true}]}}