{"id":130192,"date":"2026-03-20T16:57:26","date_gmt":"2026-03-20T16:57:26","guid":{"rendered":"https:\/\/www.altominho.tv\/site\/?p=130192"},"modified":"2026-03-20T16:57:28","modified_gmt":"2026-03-20T16:57:28","slug":"arcos-de-valdevez-recebe-feira-de-troca-de-sementes","status":"publish","type":"post","link":"https:\/\/www.altominho.tv\/site\/2026\/03\/20\/arcos-de-valdevez-recebe-feira-de-troca-de-sementes\/","title":{"rendered":"Arcos de Valdevez recebe Feira de Troca de Sementes"},"content":{"rendered":"<p class=\"p1\">O munic\u00edpio de Arcos de Valdevez recebe, no dia 28 de mar\u00e7o, pela primeira vez, a Feira de Troca de Sementes, que se realiza habitualmente em Paredes de Coura.<\/p>\n<p class=\"p1\">Este evento vai para a 12\u00aa edi\u00e7\u00e3o e \u00e9 organizada\u00a0pela\u00a0Quinta das \u00c1guias, pelo\u00a0Agrupamento de Escolas de Valdevez\u00a0e pelo\u00a0munic\u00edpio de Arcos de Valdevez, inserindo-se na Semana Concelhia da Leitura, Ci\u00eancia e Arte.<\/p>\n<p class=\"p1\">O dia come\u00e7a com um trilho interpretativo no Mezio, acompanhado por um guia que dar\u00e1 a conhecer melhor a fauna, a flora e o patrim\u00f3nio local, seguindo-se um almo\u00e7o, sujeito a inscri\u00e7\u00e3o pr\u00e9via.<\/p>\n<p class=\"p1\">A\u00a0Feira de Troca de Sementes\u00a0ser\u00e1 o culminar de uma semana de a\u00e7\u00f5es de sensibiliza\u00e7\u00e3o para a preserva\u00e7\u00e3o das\u00a0sementes, nas v\u00e1rias escolas do Agrupamento, proporcionando um momento aberto \u00e0 comunidade para aprender sobre o tema, trocar sementes e celebrar a biodiversidade.<\/p>\n<p class=\"p1\"><strong>Foto: DR<\/strong><\/p>\n\n","protected":false},"excerpt":{"rendered":"<p>O munic\u00edpio de Arcos de Valdevez recebe, no dia 28 de mar\u00e7o, pela primeira vez, a Feira de Troca de Sementes, que se realiza habitualmente em Paredes de Coura. Este evento vai para a 12\u00aa edi\u00e7\u00e3o e \u00e9 organizada\u00a0pela\u00a0Quinta das \u00c1guias, pelo\u00a0Agrupamento de Escolas de Valdevez\u00a0e pelo\u00a0munic\u00edpio de Arcos de Valdevez, inserindo-se na Semana Concelhia [&hellip;]<\/p>\n","protected":false},"author":30,"featured_media":130193,"comment_status":"closed","ping_status":"closed","sticky":false,"template":"","format":"standard","meta":{"_exactmetrics_skip_tracking":false,"_exactmetrics_sitenote_active":false,"_exactmetrics_sitenote_note":"","_exactmetrics_sitenote_category":0,"footnotes":""},"categories":[2],"tags":[27],"class_list":["post-130192","post","type-post","status-publish","format-standard","has-post-thumbnail","hentry","category-arcos-de-valdevez","tag-sociedade"],"yoast_head":"<!-- This site is optimized with the Yoast SEO Premium plugin v27.4 (Yoast SEO v27.4) - https:\/\/yoast.com\/product\/yoast-seo-premium-wordpress\/ -->\n<title>Arcos de Valdevez recebe Feira de Troca de Sementes<\/title>\n<meta name=\"description\" content=\"O munic\u00edpio de Arcos de Valdevez recebe, no dia 28 de mar\u00e7o, pela primeira vez, a Feira de Troca de Sementes, que se realiza habitualmente em Paredes de Coura.\" \/>\n<meta name=\"robots\" content=\"index, follow, max-snippet:-1, max-image-preview:large, max-video-preview:-1\" \/>\n<link rel=\"canonical\" href=\"https:\/\/www.altominho.tv\/site\/2026\/03\/20\/arcos-de-valdevez-recebe-feira-de-troca-de-sementes\/\" \/>\n<meta property=\"og:locale\" content=\"pt_PT\" \/>\n<meta property=\"og:type\" content=\"article\" \/>\n<meta property=\"og:title\" content=\"Arcos de Valdevez recebe Feira de Troca de Sementes\" \/>\n<meta property=\"og:description\" content=\"O munic\u00edpio de Arcos de Valdevez recebe, no dia 28 de mar\u00e7o, pela primeira vez, a Feira de Troca de Sementes, que se realiza habitualmente em Paredes de Coura.\" \/>\n<meta property=\"og:url\" content=\"https:\/\/www.altominho.tv\/site\/2026\/03\/20\/arcos-de-valdevez-recebe-feira-de-troca-de-sementes\/\" \/>\n<meta property=\"og:site_name\" content=\"Altominho.tv\" \/>\n<meta property=\"article:publisher\" content=\"https:\/\/www.facebook.com\/altominhotv\" \/>\n<meta property=\"article:published_time\" content=\"2026-03-20T16:57:26+00:00\" \/>\n<meta property=\"article:modified_time\" content=\"2026-03-20T16:57:28+00:00\" \/>\n<meta property=\"og:image\" content=\"https:\/\/www.altominho.tv\/site\/wp-content\/uploads\/2026\/03\/sementes_.jpg\" \/>\n\t<meta property=\"og:image:width\" content=\"1200\" \/>\n\t<meta property=\"og:image:height\" content=\"630\" \/>\n\t<meta property=\"og:image:type\" content=\"image\/jpeg\" \/>\n<meta name=\"author\" content=\"Eduarda Cardoso\" \/>\n<meta name=\"twitter:card\" content=\"summary_large_image\" \/>\n<meta name=\"twitter:creator\" content=\"@altominhoTV\" \/>\n<meta name=\"twitter:site\" content=\"@altominhoTV\" \/>\n<meta name=\"twitter:label1\" content=\"Escrito por\" \/>\n\t<meta name=\"twitter:data1\" content=\"Eduarda Cardoso\" \/>\n\t<meta name=\"twitter:label2\" content=\"Tempo estimado de leitura\" \/>\n\t<meta name=\"twitter:data2\" content=\"2 minutos\" \/>\n<script type=\"application\/ld+json\" class=\"yoast-schema-graph\">{\"@context\":\"https:\\\/\\\/schema.org\",\"@graph\":[{\"@type\":\"Article\",\"@id\":\"https:\\\/\\\/www.altominho.tv\\\/site\\\/2026\\\/03\\\/20\\\/arcos-de-valdevez-recebe-feira-de-troca-de-sementes\\\/#article\",\"isPartOf\":{\"@id\":\"https:\\\/\\\/www.altominho.tv\\\/site\\\/2026\\\/03\\\/20\\\/arcos-de-valdevez-recebe-feira-de-troca-de-sementes\\\/\"},\"author\":{\"name\":\"Eduarda Cardoso\",\"@id\":\"https:\\\/\\\/www.altominho.tv\\\/site\\\/#\\\/schema\\\/person\\\/9e351387b727413d005ccf1152c93539\"},\"headline\":\"Arcos de Valdevez recebe Feira de Troca de Sementes\",\"datePublished\":\"2026-03-20T16:57:26+00:00\",\"dateModified\":\"2026-03-20T16:57:28+00:00\",\"mainEntityOfPage\":{\"@id\":\"https:\\\/\\\/www.altominho.tv\\\/site\\\/2026\\\/03\\\/20\\\/arcos-de-valdevez-recebe-feira-de-troca-de-sementes\\\/\"},\"wordCount\":162,\"image\":{\"@id\":\"https:\\\/\\\/www.altominho.tv\\\/site\\\/2026\\\/03\\\/20\\\/arcos-de-valdevez-recebe-feira-de-troca-de-sementes\\\/#primaryimage\"},\"thumbnailUrl\":\"https:\\\/\\\/www.altominho.tv\\\/site\\\/wp-content\\\/uploads\\\/2026\\\/03\\\/sementes_.jpg\",\"keywords\":[\"Sociedade\"],\"articleSection\":[\"Arcos de Valdevez\"],\"inLanguage\":\"pt-PT\",\"copyrightYear\":\"2026\",\"copyrightHolder\":{\"@id\":\"https:\\\/\\\/www.altominho.tv\\\/site\\\/#organization\"}},{\"@type\":\"WebPage\",\"@id\":\"https:\\\/\\\/www.altominho.tv\\\/site\\\/2026\\\/03\\\/20\\\/arcos-de-valdevez-recebe-feira-de-troca-de-sementes\\\/\",\"url\":\"https:\\\/\\\/www.altominho.tv\\\/site\\\/2026\\\/03\\\/20\\\/arcos-de-valdevez-recebe-feira-de-troca-de-sementes\\\/\",\"name\":\"Arcos de Valdevez recebe Feira de Troca de Sementes\",\"isPartOf\":{\"@id\":\"https:\\\/\\\/www.altominho.tv\\\/site\\\/#website\"},\"primaryImageOfPage\":{\"@id\":\"https:\\\/\\\/www.altominho.tv\\\/site\\\/2026\\\/03\\\/20\\\/arcos-de-valdevez-recebe-feira-de-troca-de-sementes\\\/#primaryimage\"},\"image\":{\"@id\":\"https:\\\/\\\/www.altominho.tv\\\/site\\\/2026\\\/03\\\/20\\\/arcos-de-valdevez-recebe-feira-de-troca-de-sementes\\\/#primaryimage\"},\"thumbnailUrl\":\"https:\\\/\\\/www.altominho.tv\\\/site\\\/wp-content\\\/uploads\\\/2026\\\/03\\\/sementes_.jpg\",\"datePublished\":\"2026-03-20T16:57:26+00:00\",\"dateModified\":\"2026-03-20T16:57:28+00:00\",\"author\":{\"@id\":\"https:\\\/\\\/www.altominho.tv\\\/site\\\/#\\\/schema\\\/person\\\/9e351387b727413d005ccf1152c93539\"},\"description\":\"O munic\u00edpio de Arcos de Valdevez recebe, no dia 28 de mar\u00e7o, pela primeira vez, a Feira de Troca de Sementes, que se realiza habitualmente em Paredes de Coura.\",\"breadcrumb\":{\"@id\":\"https:\\\/\\\/www.altominho.tv\\\/site\\\/2026\\\/03\\\/20\\\/arcos-de-valdevez-recebe-feira-de-troca-de-sementes\\\/#breadcrumb\"},\"inLanguage\":\"pt-PT\",\"potentialAction\":[{\"@type\":\"ReadAction\",\"target\":[\"https:\\\/\\\/www.altominho.tv\\\/site\\\/2026\\\/03\\\/20\\\/arcos-de-valdevez-recebe-feira-de-troca-de-sementes\\\/\"]}]},{\"@type\":\"ImageObject\",\"inLanguage\":\"pt-PT\",\"@id\":\"https:\\\/\\\/www.altominho.tv\\\/site\\\/2026\\\/03\\\/20\\\/arcos-de-valdevez-recebe-feira-de-troca-de-sementes\\\/#primaryimage\",\"url\":\"https:\\\/\\\/www.altominho.tv\\\/site\\\/wp-content\\\/uploads\\\/2026\\\/03\\\/sementes_.jpg\",\"contentUrl\":\"https:\\\/\\\/www.altominho.tv\\\/site\\\/wp-content\\\/uploads\\\/2026\\\/03\\\/sementes_.jpg\",\"width\":1200,\"height\":630},{\"@type\":\"BreadcrumbList\",\"@id\":\"https:\\\/\\\/www.altominho.tv\\\/site\\\/2026\\\/03\\\/20\\\/arcos-de-valdevez-recebe-feira-de-troca-de-sementes\\\/#breadcrumb\",\"itemListElement\":[{\"@type\":\"ListItem\",\"position\":1,\"name\":\"In\u00edcio\",\"item\":\"https:\\\/\\\/www.altominho.tv\\\/site\\\/\"},{\"@type\":\"ListItem\",\"position\":2,\"name\":\"Arcos de Valdevez recebe Feira de Troca de Sementes\"}]},{\"@type\":\"WebSite\",\"@id\":\"https:\\\/\\\/www.altominho.tv\\\/site\\\/#website\",\"url\":\"https:\\\/\\\/www.altominho.tv\\\/site\\\/\",\"name\":\"Altominho.tv\",\"description\":\"A sua regi\u00e3o \u00e0 dist\u00e2ncia de um clique...\",\"potentialAction\":[{\"@type\":\"SearchAction\",\"target\":{\"@type\":\"EntryPoint\",\"urlTemplate\":\"https:\\\/\\\/www.altominho.tv\\\/site\\\/?s={search_term_string}\"},\"query-input\":{\"@type\":\"PropertyValueSpecification\",\"valueRequired\":true,\"valueName\":\"search_term_string\"}}],\"inLanguage\":\"pt-PT\"},{\"@type\":\"Person\",\"@id\":\"https:\\\/\\\/www.altominho.tv\\\/site\\\/#\\\/schema\\\/person\\\/9e351387b727413d005ccf1152c93539\",\"name\":\"Eduarda Cardoso\",\"image\":{\"@type\":\"ImageObject\",\"inLanguage\":\"pt-PT\",\"@id\":\"https:\\\/\\\/www.altominho.tv\\\/site\\\/wp-content\\\/uploads\\\/2021\\\/01\\\/cropped-Logo-ATV_WEB-150x150.png\",\"url\":\"https:\\\/\\\/www.altominho.tv\\\/site\\\/wp-content\\\/uploads\\\/2021\\\/01\\\/cropped-Logo-ATV_WEB-150x150.png\",\"contentUrl\":\"https:\\\/\\\/www.altominho.tv\\\/site\\\/wp-content\\\/uploads\\\/2021\\\/01\\\/cropped-Logo-ATV_WEB-150x150.png\",\"caption\":\"Eduarda Cardoso\"},\"url\":\"https:\\\/\\\/www.altominho.tv\\\/site\\\/author\\\/eduarda-cardoso\\\/\"}]}<\/script>\n<!-- \/ Yoast SEO Premium plugin. -->","yoast_head_json":{"title":"Arcos de Valdevez recebe Feira de Troca de Sementes","description":"O munic\u00edpio de Arcos de Valdevez recebe, no dia 28 de mar\u00e7o, pela primeira vez, a Feira de Troca de Sementes, que se realiza habitualmente em Paredes de Coura.","robots":{"index":"index","follow":"follow","max-snippet":"max-snippet:-1","max-image-preview":"max-image-preview:large","max-video-preview":"max-video-preview:-1"},"canonical":"https:\/\/www.altominho.tv\/site\/2026\/03\/20\/arcos-de-valdevez-recebe-feira-de-troca-de-sementes\/","og_locale":"pt_PT","og_type":"article","og_title":"Arcos de Valdevez recebe Feira de Troca de Sementes","og_description":"O munic\u00edpio de Arcos de Valdevez recebe, no dia 28 de mar\u00e7o, pela primeira vez, a Feira de Troca de Sementes, que se realiza habitualmente em Paredes de Coura.","og_url":"https:\/\/www.altominho.tv\/site\/2026\/03\/20\/arcos-de-valdevez-recebe-feira-de-troca-de-sementes\/","og_site_name":"Altominho.tv","article_publisher":"https:\/\/www.facebook.com\/altominhotv","article_published_time":"2026-03-20T16:57:26+00:00","article_modified_time":"2026-03-20T16:57:28+00:00","og_image":[{"width":1200,"height":630,"url":"https:\/\/www.altominho.tv\/site\/wp-content\/uploads\/2026\/03\/sementes_.jpg","type":"image\/jpeg"}],"author":"Eduarda Cardoso","twitter_card":"summary_large_image","twitter_creator":"@altominhoTV","twitter_site":"@altominhoTV","twitter_misc":{"Escrito por":"Eduarda Cardoso","Tempo estimado de leitura":"2 minutos"},"schema":{"@context":"https:\/\/schema.org","@graph":[{"@type":"Article","@id":"https:\/\/www.altominho.tv\/site\/2026\/03\/20\/arcos-de-valdevez-recebe-feira-de-troca-de-sementes\/#article","isPartOf":{"@id":"https:\/\/www.altominho.tv\/site\/2026\/03\/20\/arcos-de-valdevez-recebe-feira-de-troca-de-sementes\/"},"author":{"name":"Eduarda Cardoso","@id":"https:\/\/www.altominho.tv\/site\/#\/schema\/person\/9e351387b727413d005ccf1152c93539"},"headline":"Arcos de Valdevez recebe Feira de Troca de Sementes","datePublished":"2026-03-20T16:57:26+00:00","dateModified":"2026-03-20T16:57:28+00:00","mainEntityOfPage":{"@id":"https:\/\/www.altominho.tv\/site\/2026\/03\/20\/arcos-de-valdevez-recebe-feira-de-troca-de-sementes\/"},"wordCount":162,"image":{"@id":"https:\/\/www.altominho.tv\/site\/2026\/03\/20\/arcos-de-valdevez-recebe-feira-de-troca-de-sementes\/#primaryimage"},"thumbnailUrl":"https:\/\/www.altominho.tv\/site\/wp-content\/uploads\/2026\/03\/sementes_.jpg","keywords":["Sociedade"],"articleSection":["Arcos de Valdevez"],"inLanguage":"pt-PT","copyrightYear":"2026","copyrightHolder":{"@id":"https:\/\/www.altominho.tv\/site\/#organization"}},{"@type":"WebPage","@id":"https:\/\/www.altominho.tv\/site\/2026\/03\/20\/arcos-de-valdevez-recebe-feira-de-troca-de-sementes\/","url":"https:\/\/www.altominho.tv\/site\/2026\/03\/20\/arcos-de-valdevez-recebe-feira-de-troca-de-sementes\/","name":"Arcos de Valdevez recebe Feira de Troca de Sementes","isPartOf":{"@id":"https:\/\/www.altominho.tv\/site\/#website"},"primaryImageOfPage":{"@id":"https:\/\/www.altominho.tv\/site\/2026\/03\/20\/arcos-de-valdevez-recebe-feira-de-troca-de-sementes\/#primaryimage"},"image":{"@id":"https:\/\/www.altominho.tv\/site\/2026\/03\/20\/arcos-de-valdevez-recebe-feira-de-troca-de-sementes\/#primaryimage"},"thumbnailUrl":"https:\/\/www.altominho.tv\/site\/wp-content\/uploads\/2026\/03\/sementes_.jpg","datePublished":"2026-03-20T16:57:26+00:00","dateModified":"2026-03-20T16:57:28+00:00","author":{"@id":"https:\/\/www.altominho.tv\/site\/#\/schema\/person\/9e351387b727413d005ccf1152c93539"},"description":"O munic\u00edpio de Arcos de Valdevez recebe, no dia 28 de mar\u00e7o, pela primeira vez, a Feira de Troca de Sementes, que se realiza habitualmente em Paredes de Coura.","breadcrumb":{"@id":"https:\/\/www.altominho.tv\/site\/2026\/03\/20\/arcos-de-valdevez-recebe-feira-de-troca-de-sementes\/#breadcrumb"},"inLanguage":"pt-PT","potentialAction":[{"@type":"ReadAction","target":["https:\/\/www.altominho.tv\/site\/2026\/03\/20\/arcos-de-valdevez-recebe-feira-de-troca-de-sementes\/"]}]},{"@type":"ImageObject","inLanguage":"pt-PT","@id":"https:\/\/www.altominho.tv\/site\/2026\/03\/20\/arcos-de-valdevez-recebe-feira-de-troca-de-sementes\/#primaryimage","url":"https:\/\/www.altominho.tv\/site\/wp-content\/uploads\/2026\/03\/sementes_.jpg","contentUrl":"https:\/\/www.altominho.tv\/site\/wp-content\/uploads\/2026\/03\/sementes_.jpg","width":1200,"height":630},{"@type":"BreadcrumbList","@id":"https:\/\/www.altominho.tv\/site\/2026\/03\/20\/arcos-de-valdevez-recebe-feira-de-troca-de-sementes\/#breadcrumb","itemListElement":[{"@type":"ListItem","position":1,"name":"In\u00edcio","item":"https:\/\/www.altominho.tv\/site\/"},{"@type":"ListItem","position":2,"name":"Arcos de Valdevez recebe Feira de Troca de Sementes"}]},{"@type":"WebSite","@id":"https:\/\/www.altominho.tv\/site\/#website","url":"https:\/\/www.altominho.tv\/site\/","name":"Altominho.tv","description":"A sua regi\u00e3o \u00e0 dist\u00e2ncia de um clique...","potentialAction":[{"@type":"SearchAction","target":{"@type":"EntryPoint","urlTemplate":"https:\/\/www.altominho.tv\/site\/?s={search_term_string}"},"query-input":{"@type":"PropertyValueSpecification","valueRequired":true,"valueName":"search_term_string"}}],"inLanguage":"pt-PT"},{"@type":"Person","@id":"https:\/\/www.altominho.tv\/site\/#\/schema\/person\/9e351387b727413d005ccf1152c93539","name":"Eduarda Cardoso","image":{"@type":"ImageObject","inLanguage":"pt-PT","@id":"https:\/\/www.altominho.tv\/site\/wp-content\/uploads\/2021\/01\/cropped-Logo-ATV_WEB-150x150.png","url":"https:\/\/www.altominho.tv\/site\/wp-content\/uploads\/2021\/01\/cropped-Logo-ATV_WEB-150x150.png","contentUrl":"https:\/\/www.altominho.tv\/site\/wp-content\/uploads\/2021\/01\/cropped-Logo-ATV_WEB-150x150.png","caption":"Eduarda Cardoso"},"url":"https:\/\/www.altominho.tv\/site\/author\/eduarda-cardoso\/"}]}},"_links":{"self":[{"href":"https:\/\/www.altominho.tv\/site\/wp-json\/wp\/v2\/posts\/130192","targetHints":{"allow":["GET"]}}],"collection":[{"href":"https:\/\/www.altominho.tv\/site\/wp-json\/wp\/v2\/posts"}],"about":[{"href":"https:\/\/www.altominho.tv\/site\/wp-json\/wp\/v2\/types\/post"}],"author":[{"embeddable":true,"href":"https:\/\/www.altominho.tv\/site\/wp-json\/wp\/v2\/users\/30"}],"replies":[{"embeddable":true,"href":"https:\/\/www.altominho.tv\/site\/wp-json\/wp\/v2\/comments?post=130192"}],"version-history":[{"count":1,"href":"https:\/\/www.altominho.tv\/site\/wp-json\/wp\/v2\/posts\/130192\/revisions"}],"predecessor-version":[{"id":130194,"href":"https:\/\/www.altominho.tv\/site\/wp-json\/wp\/v2\/posts\/130192\/revisions\/130194"}],"wp:featuredmedia":[{"embeddable":true,"href":"https:\/\/www.altominho.tv\/site\/wp-json\/wp\/v2\/media\/130193"}],"wp:attachment":[{"href":"https:\/\/www.altominho.tv\/site\/wp-json\/wp\/v2\/media?parent=130192"}],"wp:term":[{"taxonomy":"category","embeddable":true,"href":"https:\/\/www.altominho.tv\/site\/wp-json\/wp\/v2\/categories?post=130192"},{"taxonomy":"post_tag","embeddable":true,"href":"https:\/\/www.altominho.tv\/site\/wp-json\/wp\/v2\/tags?post=130192"}],"curies":[{"name":"wp","href":"https:\/\/api.w.org\/{rel}","templated":true}]}}