{"id":130151,"date":"2026-03-20T10:06:53","date_gmt":"2026-03-20T10:06:53","guid":{"rendered":"https:\/\/www.altominho.tv\/site\/?p=130151"},"modified":"2026-03-20T10:06:57","modified_gmt":"2026-03-20T10:06:57","slug":"camara-apoia-juntas-de-freguesia-e-movimento-associativo","status":"publish","type":"post","link":"https:\/\/www.altominho.tv\/site\/2026\/03\/20\/camara-apoia-juntas-de-freguesia-e-movimento-associativo\/","title":{"rendered":"C\u00e2mara apoia Juntas de Freguesia e Movimento Associativo"},"content":{"rendered":"<p class=\"p1\">A C\u00e2mara Municipal de Arcos de Valdevez celebrou protocolos de atividade com v\u00e1rias Juntas de Freguesia e Associa\u00e7\u00f5es do concelho, num investimento superior a um milh\u00e3o de euros, de forma a &#8220;promover melhores condi\u00e7\u00f5es de vida para a popula\u00e7\u00e3o e dinamizar o tecido associativo local&#8221;.<\/p>\n<p class=\"p1\">Relativamente \u00e0s Juntas de Freguesia, a autarquia pretende apoiar a realiza\u00e7\u00e3o de obras e limpeza da rede vicinal e outras espa\u00e7os. J\u00e1 com as Associa\u00e7\u00f5es, os apoios v\u00e3o comparticipar as suas atividades, a desloca\u00e7\u00e3o de atletas, a realiza\u00e7\u00e3o de eventos, apoiar a aquisi\u00e7\u00e3o de viaturas, a realiza\u00e7\u00e3o de obras nas suas sedes, entre outras atividades.<\/p>\n<p class=\"p1\">Ao n\u00edvel das Juntas de Freguesia, foram celebrados protocolos com a Junta de Freguesia de Prozelo, a Junta de Freguesia de Rio de Moinhos, a Junta de Freguesia de Rio Frio, a Junta da Uni\u00e3o de Freguesias de Souto e Taba\u00e7\u00f4, Junta de Freguesia do Vale, Junta de Freguesia de Vilela, S. Cosme e S. Dami\u00e3o e S\u00e1, Junta de Freguesia de Aboim das Cho\u00e7as, Junta de Freguesia de Agui\u00e3, Junta de da uni\u00e3o de Freguesias de Arcos de Valdevez (Salvador) Vila Fonche e Parada, Junta de Freguesia de Cabana Maior, Junta de Freguesia de Cendufe, Junta da Uni\u00e3o de Freguesias de Eiras e Mei, Junta de Freguesia de Miranda, Junta de Freguesia de Oliveira, Junta de Freguesia Padreiro (Salvador e Santa Cristina) e Junta da Uni\u00e3o de Freguesias de Portela e Extremo.<\/p>\n<p class=\"p1\">J\u00e1 no campo do associativismo, a autarquia celebrou protocolos com a ARDAL &#8211; Associa\u00e7\u00e3o Regional de Desenvolvimento do Alto Lima, a Associa\u00e7\u00e3o Recreativa e Cultural de Arcos S. Paio, a Associa\u00e7\u00e3o Social e Recreativa Juventude de Vila Fonche, a R3Volution \u2013 Associa\u00e7\u00e3o RRP, a Associa\u00e7\u00e3o de Arte e Dan\u00e7a de Arcos de Valdevez, os Baldios da Freguesia da Gavieira, o Conselho Diretivo dos Baldios de \u00c1lvora e os Baldios da Freguesia de Cabana Maior.<\/p>\n<p><strong>Foto: CM Arcos de Valdevez<\/strong><\/p>\n","protected":false},"excerpt":{"rendered":"<p>A C\u00e2mara Municipal de Arcos de Valdevez celebrou protocolos de atividade com v\u00e1rias Juntas de Freguesia e Associa\u00e7\u00f5es do concelho, num investimento superior a um milh\u00e3o de euros, de forma a &#8220;promover melhores condi\u00e7\u00f5es de vida para a popula\u00e7\u00e3o e dinamizar o tecido associativo local&#8221;. Relativamente \u00e0s Juntas de Freguesia, a autarquia pretende apoiar a [&hellip;]<\/p>\n","protected":false},"author":30,"featured_media":130152,"comment_status":"closed","ping_status":"closed","sticky":false,"template":"","format":"standard","meta":{"_exactmetrics_skip_tracking":false,"_exactmetrics_sitenote_active":false,"_exactmetrics_sitenote_note":"","_exactmetrics_sitenote_category":0,"footnotes":""},"categories":[2],"tags":[27],"class_list":["post-130151","post","type-post","status-publish","format-standard","has-post-thumbnail","hentry","category-arcos-de-valdevez","tag-sociedade"],"yoast_head":"<!-- This site is optimized with the Yoast SEO Premium plugin v27.4 (Yoast SEO v27.4) - https:\/\/yoast.com\/product\/yoast-seo-premium-wordpress\/ -->\n<title>C\u00e2mara apoia Juntas de Freguesia e Movimento Associativo<\/title>\n<meta name=\"description\" content=\"A C\u00e2mara Municipal de Arcos de Valdevez celebrou protocolos de atividade com v\u00e1rias Juntas de Freguesia e Associa\u00e7\u00f5es do concelho, num investimento superior a um milh\u00e3o de euros\" \/>\n<meta name=\"robots\" content=\"index, follow, max-snippet:-1, max-image-preview:large, max-video-preview:-1\" \/>\n<link rel=\"canonical\" href=\"https:\/\/www.altominho.tv\/site\/2026\/03\/20\/camara-apoia-juntas-de-freguesia-e-movimento-associativo\/\" \/>\n<meta property=\"og:locale\" content=\"pt_PT\" \/>\n<meta property=\"og:type\" content=\"article\" \/>\n<meta property=\"og:title\" content=\"C\u00e2mara apoia Juntas de Freguesia e Movimento Associativo\" \/>\n<meta property=\"og:description\" content=\"A C\u00e2mara Municipal de Arcos de Valdevez celebrou protocolos de atividade com v\u00e1rias Juntas de Freguesia e Associa\u00e7\u00f5es do concelho, num investimento superior a um milh\u00e3o de euros\" \/>\n<meta property=\"og:url\" content=\"https:\/\/www.altominho.tv\/site\/2026\/03\/20\/camara-apoia-juntas-de-freguesia-e-movimento-associativo\/\" \/>\n<meta property=\"og:site_name\" content=\"Altominho.tv\" \/>\n<meta property=\"article:publisher\" content=\"https:\/\/www.facebook.com\/altominhotv\" \/>\n<meta property=\"article:published_time\" content=\"2026-03-20T10:06:53+00:00\" \/>\n<meta property=\"article:modified_time\" content=\"2026-03-20T10:06:57+00:00\" \/>\n<meta property=\"og:image\" content=\"https:\/\/www.altominho.tv\/site\/wp-content\/uploads\/2026\/03\/Olegario-Goncalves.jpg\" \/>\n\t<meta property=\"og:image:width\" content=\"1200\" \/>\n\t<meta property=\"og:image:height\" content=\"630\" \/>\n\t<meta property=\"og:image:type\" content=\"image\/jpeg\" \/>\n<meta name=\"author\" content=\"Eduarda Cardoso\" \/>\n<meta name=\"twitter:card\" content=\"summary_large_image\" \/>\n<meta name=\"twitter:creator\" content=\"@altominhoTV\" \/>\n<meta name=\"twitter:site\" content=\"@altominhoTV\" \/>\n<meta name=\"twitter:label1\" content=\"Escrito por\" \/>\n\t<meta name=\"twitter:data1\" content=\"Eduarda Cardoso\" \/>\n\t<meta name=\"twitter:label2\" content=\"Tempo estimado de leitura\" \/>\n\t<meta name=\"twitter:data2\" content=\"2 minutos\" \/>\n<script type=\"application\/ld+json\" class=\"yoast-schema-graph\">{\"@context\":\"https:\\\/\\\/schema.org\",\"@graph\":[{\"@type\":\"Article\",\"@id\":\"https:\\\/\\\/www.altominho.tv\\\/site\\\/2026\\\/03\\\/20\\\/camara-apoia-juntas-de-freguesia-e-movimento-associativo\\\/#article\",\"isPartOf\":{\"@id\":\"https:\\\/\\\/www.altominho.tv\\\/site\\\/2026\\\/03\\\/20\\\/camara-apoia-juntas-de-freguesia-e-movimento-associativo\\\/\"},\"author\":{\"name\":\"Eduarda Cardoso\",\"@id\":\"https:\\\/\\\/www.altominho.tv\\\/site\\\/#\\\/schema\\\/person\\\/9e351387b727413d005ccf1152c93539\"},\"headline\":\"C\u00e2mara apoia Juntas de Freguesia e Movimento Associativo\",\"datePublished\":\"2026-03-20T10:06:53+00:00\",\"dateModified\":\"2026-03-20T10:06:57+00:00\",\"mainEntityOfPage\":{\"@id\":\"https:\\\/\\\/www.altominho.tv\\\/site\\\/2026\\\/03\\\/20\\\/camara-apoia-juntas-de-freguesia-e-movimento-associativo\\\/\"},\"wordCount\":348,\"image\":{\"@id\":\"https:\\\/\\\/www.altominho.tv\\\/site\\\/2026\\\/03\\\/20\\\/camara-apoia-juntas-de-freguesia-e-movimento-associativo\\\/#primaryimage\"},\"thumbnailUrl\":\"https:\\\/\\\/www.altominho.tv\\\/site\\\/wp-content\\\/uploads\\\/2026\\\/03\\\/Olegario-Goncalves.jpg\",\"keywords\":[\"Sociedade\"],\"articleSection\":[\"Arcos de Valdevez\"],\"inLanguage\":\"pt-PT\",\"copyrightYear\":\"2026\",\"copyrightHolder\":{\"@id\":\"https:\\\/\\\/www.altominho.tv\\\/site\\\/#organization\"}},{\"@type\":\"WebPage\",\"@id\":\"https:\\\/\\\/www.altominho.tv\\\/site\\\/2026\\\/03\\\/20\\\/camara-apoia-juntas-de-freguesia-e-movimento-associativo\\\/\",\"url\":\"https:\\\/\\\/www.altominho.tv\\\/site\\\/2026\\\/03\\\/20\\\/camara-apoia-juntas-de-freguesia-e-movimento-associativo\\\/\",\"name\":\"C\u00e2mara apoia Juntas de Freguesia e Movimento Associativo\",\"isPartOf\":{\"@id\":\"https:\\\/\\\/www.altominho.tv\\\/site\\\/#website\"},\"primaryImageOfPage\":{\"@id\":\"https:\\\/\\\/www.altominho.tv\\\/site\\\/2026\\\/03\\\/20\\\/camara-apoia-juntas-de-freguesia-e-movimento-associativo\\\/#primaryimage\"},\"image\":{\"@id\":\"https:\\\/\\\/www.altominho.tv\\\/site\\\/2026\\\/03\\\/20\\\/camara-apoia-juntas-de-freguesia-e-movimento-associativo\\\/#primaryimage\"},\"thumbnailUrl\":\"https:\\\/\\\/www.altominho.tv\\\/site\\\/wp-content\\\/uploads\\\/2026\\\/03\\\/Olegario-Goncalves.jpg\",\"datePublished\":\"2026-03-20T10:06:53+00:00\",\"dateModified\":\"2026-03-20T10:06:57+00:00\",\"author\":{\"@id\":\"https:\\\/\\\/www.altominho.tv\\\/site\\\/#\\\/schema\\\/person\\\/9e351387b727413d005ccf1152c93539\"},\"description\":\"A C\u00e2mara Municipal de Arcos de Valdevez celebrou protocolos de atividade com v\u00e1rias Juntas de Freguesia e Associa\u00e7\u00f5es do concelho, num investimento superior a um milh\u00e3o de euros\",\"breadcrumb\":{\"@id\":\"https:\\\/\\\/www.altominho.tv\\\/site\\\/2026\\\/03\\\/20\\\/camara-apoia-juntas-de-freguesia-e-movimento-associativo\\\/#breadcrumb\"},\"inLanguage\":\"pt-PT\",\"potentialAction\":[{\"@type\":\"ReadAction\",\"target\":[\"https:\\\/\\\/www.altominho.tv\\\/site\\\/2026\\\/03\\\/20\\\/camara-apoia-juntas-de-freguesia-e-movimento-associativo\\\/\"]}]},{\"@type\":\"ImageObject\",\"inLanguage\":\"pt-PT\",\"@id\":\"https:\\\/\\\/www.altominho.tv\\\/site\\\/2026\\\/03\\\/20\\\/camara-apoia-juntas-de-freguesia-e-movimento-associativo\\\/#primaryimage\",\"url\":\"https:\\\/\\\/www.altominho.tv\\\/site\\\/wp-content\\\/uploads\\\/2026\\\/03\\\/Olegario-Goncalves.jpg\",\"contentUrl\":\"https:\\\/\\\/www.altominho.tv\\\/site\\\/wp-content\\\/uploads\\\/2026\\\/03\\\/Olegario-Goncalves.jpg\",\"width\":1200,\"height\":630},{\"@type\":\"BreadcrumbList\",\"@id\":\"https:\\\/\\\/www.altominho.tv\\\/site\\\/2026\\\/03\\\/20\\\/camara-apoia-juntas-de-freguesia-e-movimento-associativo\\\/#breadcrumb\",\"itemListElement\":[{\"@type\":\"ListItem\",\"position\":1,\"name\":\"In\u00edcio\",\"item\":\"https:\\\/\\\/www.altominho.tv\\\/site\\\/\"},{\"@type\":\"ListItem\",\"position\":2,\"name\":\"C\u00e2mara apoia Juntas de Freguesia e Movimento Associativo\"}]},{\"@type\":\"WebSite\",\"@id\":\"https:\\\/\\\/www.altominho.tv\\\/site\\\/#website\",\"url\":\"https:\\\/\\\/www.altominho.tv\\\/site\\\/\",\"name\":\"Altominho.tv\",\"description\":\"A sua regi\u00e3o \u00e0 dist\u00e2ncia de um clique...\",\"potentialAction\":[{\"@type\":\"SearchAction\",\"target\":{\"@type\":\"EntryPoint\",\"urlTemplate\":\"https:\\\/\\\/www.altominho.tv\\\/site\\\/?s={search_term_string}\"},\"query-input\":{\"@type\":\"PropertyValueSpecification\",\"valueRequired\":true,\"valueName\":\"search_term_string\"}}],\"inLanguage\":\"pt-PT\"},{\"@type\":\"Person\",\"@id\":\"https:\\\/\\\/www.altominho.tv\\\/site\\\/#\\\/schema\\\/person\\\/9e351387b727413d005ccf1152c93539\",\"name\":\"Eduarda Cardoso\",\"image\":{\"@type\":\"ImageObject\",\"inLanguage\":\"pt-PT\",\"@id\":\"https:\\\/\\\/www.altominho.tv\\\/site\\\/wp-content\\\/uploads\\\/2021\\\/01\\\/cropped-Logo-ATV_WEB-150x150.png\",\"url\":\"https:\\\/\\\/www.altominho.tv\\\/site\\\/wp-content\\\/uploads\\\/2021\\\/01\\\/cropped-Logo-ATV_WEB-150x150.png\",\"contentUrl\":\"https:\\\/\\\/www.altominho.tv\\\/site\\\/wp-content\\\/uploads\\\/2021\\\/01\\\/cropped-Logo-ATV_WEB-150x150.png\",\"caption\":\"Eduarda Cardoso\"},\"url\":\"https:\\\/\\\/www.altominho.tv\\\/site\\\/author\\\/eduarda-cardoso\\\/\"}]}<\/script>\n<!-- \/ Yoast SEO Premium plugin. -->","yoast_head_json":{"title":"C\u00e2mara apoia Juntas de Freguesia e Movimento Associativo","description":"A C\u00e2mara Municipal de Arcos de Valdevez celebrou protocolos de atividade com v\u00e1rias Juntas de Freguesia e Associa\u00e7\u00f5es do concelho, num investimento superior a um milh\u00e3o de euros","robots":{"index":"index","follow":"follow","max-snippet":"max-snippet:-1","max-image-preview":"max-image-preview:large","max-video-preview":"max-video-preview:-1"},"canonical":"https:\/\/www.altominho.tv\/site\/2026\/03\/20\/camara-apoia-juntas-de-freguesia-e-movimento-associativo\/","og_locale":"pt_PT","og_type":"article","og_title":"C\u00e2mara apoia Juntas de Freguesia e Movimento Associativo","og_description":"A C\u00e2mara Municipal de Arcos de Valdevez celebrou protocolos de atividade com v\u00e1rias Juntas de Freguesia e Associa\u00e7\u00f5es do concelho, num investimento superior a um milh\u00e3o de euros","og_url":"https:\/\/www.altominho.tv\/site\/2026\/03\/20\/camara-apoia-juntas-de-freguesia-e-movimento-associativo\/","og_site_name":"Altominho.tv","article_publisher":"https:\/\/www.facebook.com\/altominhotv","article_published_time":"2026-03-20T10:06:53+00:00","article_modified_time":"2026-03-20T10:06:57+00:00","og_image":[{"width":1200,"height":630,"url":"https:\/\/www.altominho.tv\/site\/wp-content\/uploads\/2026\/03\/Olegario-Goncalves.jpg","type":"image\/jpeg"}],"author":"Eduarda Cardoso","twitter_card":"summary_large_image","twitter_creator":"@altominhoTV","twitter_site":"@altominhoTV","twitter_misc":{"Escrito por":"Eduarda Cardoso","Tempo estimado de leitura":"2 minutos"},"schema":{"@context":"https:\/\/schema.org","@graph":[{"@type":"Article","@id":"https:\/\/www.altominho.tv\/site\/2026\/03\/20\/camara-apoia-juntas-de-freguesia-e-movimento-associativo\/#article","isPartOf":{"@id":"https:\/\/www.altominho.tv\/site\/2026\/03\/20\/camara-apoia-juntas-de-freguesia-e-movimento-associativo\/"},"author":{"name":"Eduarda Cardoso","@id":"https:\/\/www.altominho.tv\/site\/#\/schema\/person\/9e351387b727413d005ccf1152c93539"},"headline":"C\u00e2mara apoia Juntas de Freguesia e Movimento Associativo","datePublished":"2026-03-20T10:06:53+00:00","dateModified":"2026-03-20T10:06:57+00:00","mainEntityOfPage":{"@id":"https:\/\/www.altominho.tv\/site\/2026\/03\/20\/camara-apoia-juntas-de-freguesia-e-movimento-associativo\/"},"wordCount":348,"image":{"@id":"https:\/\/www.altominho.tv\/site\/2026\/03\/20\/camara-apoia-juntas-de-freguesia-e-movimento-associativo\/#primaryimage"},"thumbnailUrl":"https:\/\/www.altominho.tv\/site\/wp-content\/uploads\/2026\/03\/Olegario-Goncalves.jpg","keywords":["Sociedade"],"articleSection":["Arcos de Valdevez"],"inLanguage":"pt-PT","copyrightYear":"2026","copyrightHolder":{"@id":"https:\/\/www.altominho.tv\/site\/#organization"}},{"@type":"WebPage","@id":"https:\/\/www.altominho.tv\/site\/2026\/03\/20\/camara-apoia-juntas-de-freguesia-e-movimento-associativo\/","url":"https:\/\/www.altominho.tv\/site\/2026\/03\/20\/camara-apoia-juntas-de-freguesia-e-movimento-associativo\/","name":"C\u00e2mara apoia Juntas de Freguesia e Movimento Associativo","isPartOf":{"@id":"https:\/\/www.altominho.tv\/site\/#website"},"primaryImageOfPage":{"@id":"https:\/\/www.altominho.tv\/site\/2026\/03\/20\/camara-apoia-juntas-de-freguesia-e-movimento-associativo\/#primaryimage"},"image":{"@id":"https:\/\/www.altominho.tv\/site\/2026\/03\/20\/camara-apoia-juntas-de-freguesia-e-movimento-associativo\/#primaryimage"},"thumbnailUrl":"https:\/\/www.altominho.tv\/site\/wp-content\/uploads\/2026\/03\/Olegario-Goncalves.jpg","datePublished":"2026-03-20T10:06:53+00:00","dateModified":"2026-03-20T10:06:57+00:00","author":{"@id":"https:\/\/www.altominho.tv\/site\/#\/schema\/person\/9e351387b727413d005ccf1152c93539"},"description":"A C\u00e2mara Municipal de Arcos de Valdevez celebrou protocolos de atividade com v\u00e1rias Juntas de Freguesia e Associa\u00e7\u00f5es do concelho, num investimento superior a um milh\u00e3o de euros","breadcrumb":{"@id":"https:\/\/www.altominho.tv\/site\/2026\/03\/20\/camara-apoia-juntas-de-freguesia-e-movimento-associativo\/#breadcrumb"},"inLanguage":"pt-PT","potentialAction":[{"@type":"ReadAction","target":["https:\/\/www.altominho.tv\/site\/2026\/03\/20\/camara-apoia-juntas-de-freguesia-e-movimento-associativo\/"]}]},{"@type":"ImageObject","inLanguage":"pt-PT","@id":"https:\/\/www.altominho.tv\/site\/2026\/03\/20\/camara-apoia-juntas-de-freguesia-e-movimento-associativo\/#primaryimage","url":"https:\/\/www.altominho.tv\/site\/wp-content\/uploads\/2026\/03\/Olegario-Goncalves.jpg","contentUrl":"https:\/\/www.altominho.tv\/site\/wp-content\/uploads\/2026\/03\/Olegario-Goncalves.jpg","width":1200,"height":630},{"@type":"BreadcrumbList","@id":"https:\/\/www.altominho.tv\/site\/2026\/03\/20\/camara-apoia-juntas-de-freguesia-e-movimento-associativo\/#breadcrumb","itemListElement":[{"@type":"ListItem","position":1,"name":"In\u00edcio","item":"https:\/\/www.altominho.tv\/site\/"},{"@type":"ListItem","position":2,"name":"C\u00e2mara apoia Juntas de Freguesia e Movimento Associativo"}]},{"@type":"WebSite","@id":"https:\/\/www.altominho.tv\/site\/#website","url":"https:\/\/www.altominho.tv\/site\/","name":"Altominho.tv","description":"A sua regi\u00e3o \u00e0 dist\u00e2ncia de um clique...","potentialAction":[{"@type":"SearchAction","target":{"@type":"EntryPoint","urlTemplate":"https:\/\/www.altominho.tv\/site\/?s={search_term_string}"},"query-input":{"@type":"PropertyValueSpecification","valueRequired":true,"valueName":"search_term_string"}}],"inLanguage":"pt-PT"},{"@type":"Person","@id":"https:\/\/www.altominho.tv\/site\/#\/schema\/person\/9e351387b727413d005ccf1152c93539","name":"Eduarda Cardoso","image":{"@type":"ImageObject","inLanguage":"pt-PT","@id":"https:\/\/www.altominho.tv\/site\/wp-content\/uploads\/2021\/01\/cropped-Logo-ATV_WEB-150x150.png","url":"https:\/\/www.altominho.tv\/site\/wp-content\/uploads\/2021\/01\/cropped-Logo-ATV_WEB-150x150.png","contentUrl":"https:\/\/www.altominho.tv\/site\/wp-content\/uploads\/2021\/01\/cropped-Logo-ATV_WEB-150x150.png","caption":"Eduarda Cardoso"},"url":"https:\/\/www.altominho.tv\/site\/author\/eduarda-cardoso\/"}]}},"_links":{"self":[{"href":"https:\/\/www.altominho.tv\/site\/wp-json\/wp\/v2\/posts\/130151","targetHints":{"allow":["GET"]}}],"collection":[{"href":"https:\/\/www.altominho.tv\/site\/wp-json\/wp\/v2\/posts"}],"about":[{"href":"https:\/\/www.altominho.tv\/site\/wp-json\/wp\/v2\/types\/post"}],"author":[{"embeddable":true,"href":"https:\/\/www.altominho.tv\/site\/wp-json\/wp\/v2\/users\/30"}],"replies":[{"embeddable":true,"href":"https:\/\/www.altominho.tv\/site\/wp-json\/wp\/v2\/comments?post=130151"}],"version-history":[{"count":1,"href":"https:\/\/www.altominho.tv\/site\/wp-json\/wp\/v2\/posts\/130151\/revisions"}],"predecessor-version":[{"id":130153,"href":"https:\/\/www.altominho.tv\/site\/wp-json\/wp\/v2\/posts\/130151\/revisions\/130153"}],"wp:featuredmedia":[{"embeddable":true,"href":"https:\/\/www.altominho.tv\/site\/wp-json\/wp\/v2\/media\/130152"}],"wp:attachment":[{"href":"https:\/\/www.altominho.tv\/site\/wp-json\/wp\/v2\/media?parent=130151"}],"wp:term":[{"taxonomy":"category","embeddable":true,"href":"https:\/\/www.altominho.tv\/site\/wp-json\/wp\/v2\/categories?post=130151"},{"taxonomy":"post_tag","embeddable":true,"href":"https:\/\/www.altominho.tv\/site\/wp-json\/wp\/v2\/tags?post=130151"}],"curies":[{"name":"wp","href":"https:\/\/api.w.org\/{rel}","templated":true}]}}