{"id":130125,"date":"2026-03-19T14:49:53","date_gmt":"2026-03-19T14:49:53","guid":{"rendered":"https:\/\/www.altominho.tv\/site\/?p=130125"},"modified":"2026-03-19T14:49:56","modified_gmt":"2026-03-19T14:49:56","slug":"agencia-portuguesa-do-ambiente-intervencao-de-urgencia-na-praia-de-moledo","status":"publish","type":"post","link":"https:\/\/www.altominho.tv\/site\/2026\/03\/19\/agencia-portuguesa-do-ambiente-intervencao-de-urgencia-na-praia-de-moledo\/","title":{"rendered":"Ag\u00eancia Portuguesa do Ambiente vai iniciar \u201cinterven\u00e7\u00e3o de urg\u00eancia\u201d na praia de Moledo"},"content":{"rendered":"<p>A presidente da C\u00e2mara de Caminha revelou hoje que a Ag\u00eancia Portuguesa do Ambiente (APA) inicia, na pr\u00f3xima semana, uma \u201cinterven\u00e7\u00e3o de urg\u00eancia\u201d na praia de Moledo, depois de o mar ter levado parte da esplanada de um bar e amea\u00e7ar o farolim de aviso \u00e0 navega\u00e7\u00e3o.<\/p>\n<p>\u201cParte da esplanada do bar caiu. O farolim de aviso \u00e0 navega\u00e7\u00e3o, tamb\u00e9m est\u00e1 em risco de derrocada. A capitania j\u00e1 foi hoje deslig\u00e1-lo, porque vai cair nas pr\u00f3ximas horas. Mal suba a mar\u00e9 \u00e0s 15h30, vai cair, porque j\u00e1 se v\u00ea as funda\u00e7\u00f5es todas do farolim, situado \u00e0 entrada da barra\u201d, afirmou Liliana Silva.<\/p>\n<p>Em declara\u00e7\u00f5es \u00e0 ag\u00eancia Lusa, a autarca social-democrata adiantou que os engenheiros da APA estiveram hoje no local a avaliar a situa\u00e7\u00e3o.<\/p>\n<p>\u201cV\u00e3o fazer uma interven\u00e7\u00e3o de urg\u00eancia at\u00e9 avan\u00e7ar a obra estrutural. O objetivo \u00e9 haver condi\u00e7\u00f5es para que as pessoas possam fluir, para os carros circularem, mas \u00e9 sempre uma obra de remedeio. A interven\u00e7\u00e3o vai demorar cerca de tr\u00eas a quatro semanas\u201d, frisou.<\/p>\n<p>Segundo Liliana Silva, a interven\u00e7\u00e3o passa por \u201cretirar as pedras que ca\u00edram e guard\u00e1-las, porque na interven\u00e7\u00e3o mais profunda v\u00e3o fazer falta\u201d.<\/p>\n<p>\u201cV\u00e3o colocar geot\u00eaxtil, um muro com um material muito espec\u00edfico, e depois v\u00e3o fazer um enroscamento \u00e0 frente, tipo um puzzle, que vai funcionar como muro e o passeio vai ser feito em cimento. \u00c9 uma mera obra de conten\u00e7\u00e3o para, pelo menos, voltarmos a ter alguma fluidez, para as pessoas poderem andar em seguran\u00e7a, para os carros poderem parar agora na \u00e9poca de balnear e, para a praia n\u00e3o estar com o ar de destrui\u00e7\u00e3o que hoje apresenta\u201d, especificou.<\/p>\n<p>Liliana Silva adiantou que s\u00f3 no final desta interven\u00e7\u00e3o imediata \u00e9 que poder\u00e1 ser avaliado se o bar tem condi\u00e7\u00f5es para abrir este ver\u00e3o.<\/p>\n<p>Para a interven\u00e7\u00e3o na Duna dos Caldeir\u00f5es, a C\u00e2mara de Caminha vai assinar um protocolo com a APA \u00a0\u201cpara retirar a areia do molhe sul e coloc\u00e1-la em frente \u00e0s Dunas dos Caldeir\u00f5es\u201d.<\/p>\n<p>\u201cVai ser feito um restabelecimento de areia, porque temos uma mancha de empr\u00e9stimo no molhe sul que vai ser transferida para a Duna dos Caldeir\u00f5es\u201d, em Vila Praia de \u00c2ncora.<\/p>\n<p>Liliana Silva espera tamb\u00e9m que a Docapesca reponha o telhado da lota de Vila Praia de \u00c2ncora, que levantou durante uma das tempestades dos \u00faltimos meses.<\/p>\n<p>\u201cJ\u00e1 o devia ter feito interven\u00e7\u00e3o. Hoje recebi um telefonema e fui informada que, durante a pr\u00f3xima semana, v\u00e3o p\u00f4r o telhado da lota. Eles dizem que a partida para a semana come\u00e7a a obra, mas no caso da Docapesca n\u00e3o sei\u201d, afirmou.<\/p>\n<p><strong>Foto: caminhensevoador<\/strong><\/p>\n","protected":false},"excerpt":{"rendered":"<p>A presidente da C\u00e2mara de Caminha revelou hoje que a Ag\u00eancia Portuguesa do Ambiente (APA) inicia, na pr\u00f3xima semana, uma \u201cinterven\u00e7\u00e3o de urg\u00eancia\u201d na praia de Moledo, depois de o mar ter levado parte da esplanada de um bar e amea\u00e7ar o farolim de aviso \u00e0 navega\u00e7\u00e3o. \u201cParte da esplanada do bar caiu. O farolim [&hellip;]<\/p>\n","protected":false},"author":13,"featured_media":130126,"comment_status":"closed","ping_status":"closed","sticky":false,"template":"","format":"standard","meta":{"_exactmetrics_skip_tracking":false,"_exactmetrics_sitenote_active":false,"_exactmetrics_sitenote_note":"","_exactmetrics_sitenote_category":0,"footnotes":""},"categories":[7],"tags":[27],"class_list":["post-130125","post","type-post","status-publish","format-standard","has-post-thumbnail","hentry","category-caminha","tag-sociedade"],"yoast_head":"<!-- This site is optimized with the Yoast SEO Premium plugin v27.5 (Yoast SEO v27.5) - https:\/\/yoast.com\/product\/yoast-seo-premium-wordpress\/ -->\n<title>Ag\u00eancia Portuguesa do Ambiente vai iniciar \u201cinterven\u00e7\u00e3o de urg\u00eancia\u201d na praia de Moledo<\/title>\n<meta name=\"description\" content=\"\u00a0A presidente da C\u00e2mara de Caminha revelou hoje que a Ag\u00eancia Portuguesa do Ambiente (APA) inicia, na pr\u00f3xima semana, uma \u201cinterven\u00e7\u00e3o de urg\u00eancia\u201d na praia de Moledo, depois de o mar ter levado parte da esplanada de um bar e amea\u00e7ar o farolim de aviso \u00e0 navega\u00e7\u00e3o.\" \/>\n<meta name=\"robots\" content=\"index, follow, max-snippet:-1, max-image-preview:large, max-video-preview:-1\" \/>\n<link rel=\"canonical\" href=\"https:\/\/www.altominho.tv\/site\/2026\/03\/19\/agencia-portuguesa-do-ambiente-intervencao-de-urgencia-na-praia-de-moledo\/\" \/>\n<meta property=\"og:locale\" content=\"pt_PT\" \/>\n<meta property=\"og:type\" content=\"article\" \/>\n<meta property=\"og:title\" content=\"Ag\u00eancia Portuguesa do Ambiente vai iniciar \u201cinterven\u00e7\u00e3o de urg\u00eancia\u201d na praia de Moledo\" \/>\n<meta property=\"og:description\" content=\"\u00a0A presidente da C\u00e2mara de Caminha revelou hoje que a Ag\u00eancia Portuguesa do Ambiente (APA) inicia, na pr\u00f3xima semana, uma \u201cinterven\u00e7\u00e3o de urg\u00eancia\u201d na praia de Moledo, depois de o mar ter levado parte da esplanada de um bar e amea\u00e7ar o farolim de aviso \u00e0 navega\u00e7\u00e3o.\" \/>\n<meta property=\"og:url\" content=\"https:\/\/www.altominho.tv\/site\/2026\/03\/19\/agencia-portuguesa-do-ambiente-intervencao-de-urgencia-na-praia-de-moledo\/\" \/>\n<meta property=\"og:site_name\" content=\"Altominho.tv\" \/>\n<meta property=\"article:publisher\" content=\"https:\/\/www.facebook.com\/altominhotv\" \/>\n<meta property=\"article:published_time\" content=\"2026-03-19T14:49:53+00:00\" \/>\n<meta property=\"article:modified_time\" content=\"2026-03-19T14:49:56+00:00\" \/>\n<meta property=\"og:image\" content=\"https:\/\/www.altominho.tv\/site\/wp-content\/uploads\/2026\/03\/paredao-moledo.jpg\" \/>\n\t<meta property=\"og:image:width\" content=\"1200\" \/>\n\t<meta property=\"og:image:height\" content=\"630\" \/>\n\t<meta property=\"og:image:type\" content=\"image\/jpeg\" \/>\n<meta name=\"author\" content=\"Lusa\" \/>\n<meta name=\"twitter:card\" content=\"summary_large_image\" \/>\n<meta name=\"twitter:creator\" content=\"@altominhoTV\" \/>\n<meta name=\"twitter:site\" content=\"@altominhoTV\" \/>\n<meta name=\"twitter:label1\" content=\"Escrito por\" \/>\n\t<meta name=\"twitter:data1\" content=\"Lusa\" \/>\n\t<meta name=\"twitter:label2\" content=\"Tempo estimado de leitura\" \/>\n\t<meta name=\"twitter:data2\" content=\"3 minutos\" \/>\n<script type=\"application\/ld+json\" class=\"yoast-schema-graph\">{\"@context\":\"https:\\\/\\\/schema.org\",\"@graph\":[{\"@type\":\"Article\",\"@id\":\"https:\\\/\\\/www.altominho.tv\\\/site\\\/2026\\\/03\\\/19\\\/agencia-portuguesa-do-ambiente-intervencao-de-urgencia-na-praia-de-moledo\\\/#article\",\"isPartOf\":{\"@id\":\"https:\\\/\\\/www.altominho.tv\\\/site\\\/2026\\\/03\\\/19\\\/agencia-portuguesa-do-ambiente-intervencao-de-urgencia-na-praia-de-moledo\\\/\"},\"author\":{\"name\":\"Lusa\",\"@id\":\"https:\\\/\\\/www.altominho.tv\\\/site\\\/#\\\/schema\\\/person\\\/63f693da3e1899361cbe955c46f3232e\"},\"headline\":\"Ag\u00eancia Portuguesa do Ambiente vai iniciar \u201cinterven\u00e7\u00e3o de urg\u00eancia\u201d na praia de Moledo\",\"datePublished\":\"2026-03-19T14:49:53+00:00\",\"dateModified\":\"2026-03-19T14:49:56+00:00\",\"mainEntityOfPage\":{\"@id\":\"https:\\\/\\\/www.altominho.tv\\\/site\\\/2026\\\/03\\\/19\\\/agencia-portuguesa-do-ambiente-intervencao-de-urgencia-na-praia-de-moledo\\\/\"},\"wordCount\":487,\"image\":{\"@id\":\"https:\\\/\\\/www.altominho.tv\\\/site\\\/2026\\\/03\\\/19\\\/agencia-portuguesa-do-ambiente-intervencao-de-urgencia-na-praia-de-moledo\\\/#primaryimage\"},\"thumbnailUrl\":\"https:\\\/\\\/www.altominho.tv\\\/site\\\/wp-content\\\/uploads\\\/2026\\\/03\\\/paredao-moledo.jpg\",\"keywords\":[\"Sociedade\"],\"articleSection\":[\"Caminha\"],\"inLanguage\":\"pt-PT\",\"copyrightYear\":\"2026\",\"copyrightHolder\":{\"@id\":\"https:\\\/\\\/www.altominho.tv\\\/site\\\/#organization\"}},{\"@type\":\"WebPage\",\"@id\":\"https:\\\/\\\/www.altominho.tv\\\/site\\\/2026\\\/03\\\/19\\\/agencia-portuguesa-do-ambiente-intervencao-de-urgencia-na-praia-de-moledo\\\/\",\"url\":\"https:\\\/\\\/www.altominho.tv\\\/site\\\/2026\\\/03\\\/19\\\/agencia-portuguesa-do-ambiente-intervencao-de-urgencia-na-praia-de-moledo\\\/\",\"name\":\"Ag\u00eancia Portuguesa do Ambiente vai iniciar \u201cinterven\u00e7\u00e3o de urg\u00eancia\u201d na praia de Moledo\",\"isPartOf\":{\"@id\":\"https:\\\/\\\/www.altominho.tv\\\/site\\\/#website\"},\"primaryImageOfPage\":{\"@id\":\"https:\\\/\\\/www.altominho.tv\\\/site\\\/2026\\\/03\\\/19\\\/agencia-portuguesa-do-ambiente-intervencao-de-urgencia-na-praia-de-moledo\\\/#primaryimage\"},\"image\":{\"@id\":\"https:\\\/\\\/www.altominho.tv\\\/site\\\/2026\\\/03\\\/19\\\/agencia-portuguesa-do-ambiente-intervencao-de-urgencia-na-praia-de-moledo\\\/#primaryimage\"},\"thumbnailUrl\":\"https:\\\/\\\/www.altominho.tv\\\/site\\\/wp-content\\\/uploads\\\/2026\\\/03\\\/paredao-moledo.jpg\",\"datePublished\":\"2026-03-19T14:49:53+00:00\",\"dateModified\":\"2026-03-19T14:49:56+00:00\",\"author\":{\"@id\":\"https:\\\/\\\/www.altominho.tv\\\/site\\\/#\\\/schema\\\/person\\\/63f693da3e1899361cbe955c46f3232e\"},\"description\":\"\u00a0A presidente da C\u00e2mara de Caminha revelou hoje que a Ag\u00eancia Portuguesa do Ambiente (APA) inicia, na pr\u00f3xima semana, uma \u201cinterven\u00e7\u00e3o de urg\u00eancia\u201d na praia de Moledo, depois de o mar ter levado parte da esplanada de um bar e amea\u00e7ar o farolim de aviso \u00e0 navega\u00e7\u00e3o.\",\"breadcrumb\":{\"@id\":\"https:\\\/\\\/www.altominho.tv\\\/site\\\/2026\\\/03\\\/19\\\/agencia-portuguesa-do-ambiente-intervencao-de-urgencia-na-praia-de-moledo\\\/#breadcrumb\"},\"inLanguage\":\"pt-PT\",\"potentialAction\":[{\"@type\":\"ReadAction\",\"target\":[\"https:\\\/\\\/www.altominho.tv\\\/site\\\/2026\\\/03\\\/19\\\/agencia-portuguesa-do-ambiente-intervencao-de-urgencia-na-praia-de-moledo\\\/\"]}]},{\"@type\":\"ImageObject\",\"inLanguage\":\"pt-PT\",\"@id\":\"https:\\\/\\\/www.altominho.tv\\\/site\\\/2026\\\/03\\\/19\\\/agencia-portuguesa-do-ambiente-intervencao-de-urgencia-na-praia-de-moledo\\\/#primaryimage\",\"url\":\"https:\\\/\\\/www.altominho.tv\\\/site\\\/wp-content\\\/uploads\\\/2026\\\/03\\\/paredao-moledo.jpg\",\"contentUrl\":\"https:\\\/\\\/www.altominho.tv\\\/site\\\/wp-content\\\/uploads\\\/2026\\\/03\\\/paredao-moledo.jpg\",\"width\":1200,\"height\":630},{\"@type\":\"BreadcrumbList\",\"@id\":\"https:\\\/\\\/www.altominho.tv\\\/site\\\/2026\\\/03\\\/19\\\/agencia-portuguesa-do-ambiente-intervencao-de-urgencia-na-praia-de-moledo\\\/#breadcrumb\",\"itemListElement\":[{\"@type\":\"ListItem\",\"position\":1,\"name\":\"In\u00edcio\",\"item\":\"https:\\\/\\\/www.altominho.tv\\\/site\\\/\"},{\"@type\":\"ListItem\",\"position\":2,\"name\":\"Ag\u00eancia Portuguesa do Ambiente vai iniciar \u201cinterven\u00e7\u00e3o de urg\u00eancia\u201d na praia de Moledo\"}]},{\"@type\":\"WebSite\",\"@id\":\"https:\\\/\\\/www.altominho.tv\\\/site\\\/#website\",\"url\":\"https:\\\/\\\/www.altominho.tv\\\/site\\\/\",\"name\":\"Altominho.tv\",\"description\":\"A sua regi\u00e3o \u00e0 dist\u00e2ncia de um clique...\",\"potentialAction\":[{\"@type\":\"SearchAction\",\"target\":{\"@type\":\"EntryPoint\",\"urlTemplate\":\"https:\\\/\\\/www.altominho.tv\\\/site\\\/?s={search_term_string}\"},\"query-input\":{\"@type\":\"PropertyValueSpecification\",\"valueRequired\":true,\"valueName\":\"search_term_string\"}}],\"inLanguage\":\"pt-PT\"},{\"@type\":\"Person\",\"@id\":\"https:\\\/\\\/www.altominho.tv\\\/site\\\/#\\\/schema\\\/person\\\/63f693da3e1899361cbe955c46f3232e\",\"name\":\"Lusa\",\"image\":{\"@type\":\"ImageObject\",\"inLanguage\":\"pt-PT\",\"@id\":\"https:\\\/\\\/www.altominho.tv\\\/site\\\/wp-content\\\/uploads\\\/2019\\\/08\\\/LUSA_Logo.gif\",\"url\":\"https:\\\/\\\/www.altominho.tv\\\/site\\\/wp-content\\\/uploads\\\/2019\\\/08\\\/LUSA_Logo.gif\",\"contentUrl\":\"https:\\\/\\\/www.altominho.tv\\\/site\\\/wp-content\\\/uploads\\\/2019\\\/08\\\/LUSA_Logo.gif\",\"caption\":\"Lusa\"},\"sameAs\":[\"http:\\\/\\\/\\\/\\\/www.altominho.tv\\\/site\"],\"url\":\"https:\\\/\\\/www.altominho.tv\\\/site\\\/author\\\/lusa\\\/\"}]}<\/script>\n<!-- \/ Yoast SEO Premium plugin. -->","yoast_head_json":{"title":"Ag\u00eancia Portuguesa do Ambiente vai iniciar \u201cinterven\u00e7\u00e3o de urg\u00eancia\u201d na praia de Moledo","description":"\u00a0A presidente da C\u00e2mara de Caminha revelou hoje que a Ag\u00eancia Portuguesa do Ambiente (APA) inicia, na pr\u00f3xima semana, uma \u201cinterven\u00e7\u00e3o de urg\u00eancia\u201d na praia de Moledo, depois de o mar ter levado parte da esplanada de um bar e amea\u00e7ar o farolim de aviso \u00e0 navega\u00e7\u00e3o.","robots":{"index":"index","follow":"follow","max-snippet":"max-snippet:-1","max-image-preview":"max-image-preview:large","max-video-preview":"max-video-preview:-1"},"canonical":"https:\/\/www.altominho.tv\/site\/2026\/03\/19\/agencia-portuguesa-do-ambiente-intervencao-de-urgencia-na-praia-de-moledo\/","og_locale":"pt_PT","og_type":"article","og_title":"Ag\u00eancia Portuguesa do Ambiente vai iniciar \u201cinterven\u00e7\u00e3o de urg\u00eancia\u201d na praia de Moledo","og_description":"\u00a0A presidente da C\u00e2mara de Caminha revelou hoje que a Ag\u00eancia Portuguesa do Ambiente (APA) inicia, na pr\u00f3xima semana, uma \u201cinterven\u00e7\u00e3o de urg\u00eancia\u201d na praia de Moledo, depois de o mar ter levado parte da esplanada de um bar e amea\u00e7ar o farolim de aviso \u00e0 navega\u00e7\u00e3o.","og_url":"https:\/\/www.altominho.tv\/site\/2026\/03\/19\/agencia-portuguesa-do-ambiente-intervencao-de-urgencia-na-praia-de-moledo\/","og_site_name":"Altominho.tv","article_publisher":"https:\/\/www.facebook.com\/altominhotv","article_published_time":"2026-03-19T14:49:53+00:00","article_modified_time":"2026-03-19T14:49:56+00:00","og_image":[{"width":1200,"height":630,"url":"https:\/\/www.altominho.tv\/site\/wp-content\/uploads\/2026\/03\/paredao-moledo.jpg","type":"image\/jpeg"}],"author":"Lusa","twitter_card":"summary_large_image","twitter_creator":"@altominhoTV","twitter_site":"@altominhoTV","twitter_misc":{"Escrito por":"Lusa","Tempo estimado de leitura":"3 minutos"},"schema":{"@context":"https:\/\/schema.org","@graph":[{"@type":"Article","@id":"https:\/\/www.altominho.tv\/site\/2026\/03\/19\/agencia-portuguesa-do-ambiente-intervencao-de-urgencia-na-praia-de-moledo\/#article","isPartOf":{"@id":"https:\/\/www.altominho.tv\/site\/2026\/03\/19\/agencia-portuguesa-do-ambiente-intervencao-de-urgencia-na-praia-de-moledo\/"},"author":{"name":"Lusa","@id":"https:\/\/www.altominho.tv\/site\/#\/schema\/person\/63f693da3e1899361cbe955c46f3232e"},"headline":"Ag\u00eancia Portuguesa do Ambiente vai iniciar \u201cinterven\u00e7\u00e3o de urg\u00eancia\u201d na praia de Moledo","datePublished":"2026-03-19T14:49:53+00:00","dateModified":"2026-03-19T14:49:56+00:00","mainEntityOfPage":{"@id":"https:\/\/www.altominho.tv\/site\/2026\/03\/19\/agencia-portuguesa-do-ambiente-intervencao-de-urgencia-na-praia-de-moledo\/"},"wordCount":487,"image":{"@id":"https:\/\/www.altominho.tv\/site\/2026\/03\/19\/agencia-portuguesa-do-ambiente-intervencao-de-urgencia-na-praia-de-moledo\/#primaryimage"},"thumbnailUrl":"https:\/\/www.altominho.tv\/site\/wp-content\/uploads\/2026\/03\/paredao-moledo.jpg","keywords":["Sociedade"],"articleSection":["Caminha"],"inLanguage":"pt-PT","copyrightYear":"2026","copyrightHolder":{"@id":"https:\/\/www.altominho.tv\/site\/#organization"}},{"@type":"WebPage","@id":"https:\/\/www.altominho.tv\/site\/2026\/03\/19\/agencia-portuguesa-do-ambiente-intervencao-de-urgencia-na-praia-de-moledo\/","url":"https:\/\/www.altominho.tv\/site\/2026\/03\/19\/agencia-portuguesa-do-ambiente-intervencao-de-urgencia-na-praia-de-moledo\/","name":"Ag\u00eancia Portuguesa do Ambiente vai iniciar \u201cinterven\u00e7\u00e3o de urg\u00eancia\u201d na praia de Moledo","isPartOf":{"@id":"https:\/\/www.altominho.tv\/site\/#website"},"primaryImageOfPage":{"@id":"https:\/\/www.altominho.tv\/site\/2026\/03\/19\/agencia-portuguesa-do-ambiente-intervencao-de-urgencia-na-praia-de-moledo\/#primaryimage"},"image":{"@id":"https:\/\/www.altominho.tv\/site\/2026\/03\/19\/agencia-portuguesa-do-ambiente-intervencao-de-urgencia-na-praia-de-moledo\/#primaryimage"},"thumbnailUrl":"https:\/\/www.altominho.tv\/site\/wp-content\/uploads\/2026\/03\/paredao-moledo.jpg","datePublished":"2026-03-19T14:49:53+00:00","dateModified":"2026-03-19T14:49:56+00:00","author":{"@id":"https:\/\/www.altominho.tv\/site\/#\/schema\/person\/63f693da3e1899361cbe955c46f3232e"},"description":"\u00a0A presidente da C\u00e2mara de Caminha revelou hoje que a Ag\u00eancia Portuguesa do Ambiente (APA) inicia, na pr\u00f3xima semana, uma \u201cinterven\u00e7\u00e3o de urg\u00eancia\u201d na praia de Moledo, depois de o mar ter levado parte da esplanada de um bar e amea\u00e7ar o farolim de aviso \u00e0 navega\u00e7\u00e3o.","breadcrumb":{"@id":"https:\/\/www.altominho.tv\/site\/2026\/03\/19\/agencia-portuguesa-do-ambiente-intervencao-de-urgencia-na-praia-de-moledo\/#breadcrumb"},"inLanguage":"pt-PT","potentialAction":[{"@type":"ReadAction","target":["https:\/\/www.altominho.tv\/site\/2026\/03\/19\/agencia-portuguesa-do-ambiente-intervencao-de-urgencia-na-praia-de-moledo\/"]}]},{"@type":"ImageObject","inLanguage":"pt-PT","@id":"https:\/\/www.altominho.tv\/site\/2026\/03\/19\/agencia-portuguesa-do-ambiente-intervencao-de-urgencia-na-praia-de-moledo\/#primaryimage","url":"https:\/\/www.altominho.tv\/site\/wp-content\/uploads\/2026\/03\/paredao-moledo.jpg","contentUrl":"https:\/\/www.altominho.tv\/site\/wp-content\/uploads\/2026\/03\/paredao-moledo.jpg","width":1200,"height":630},{"@type":"BreadcrumbList","@id":"https:\/\/www.altominho.tv\/site\/2026\/03\/19\/agencia-portuguesa-do-ambiente-intervencao-de-urgencia-na-praia-de-moledo\/#breadcrumb","itemListElement":[{"@type":"ListItem","position":1,"name":"In\u00edcio","item":"https:\/\/www.altominho.tv\/site\/"},{"@type":"ListItem","position":2,"name":"Ag\u00eancia Portuguesa do Ambiente vai iniciar \u201cinterven\u00e7\u00e3o de urg\u00eancia\u201d na praia de Moledo"}]},{"@type":"WebSite","@id":"https:\/\/www.altominho.tv\/site\/#website","url":"https:\/\/www.altominho.tv\/site\/","name":"Altominho.tv","description":"A sua regi\u00e3o \u00e0 dist\u00e2ncia de um clique...","potentialAction":[{"@type":"SearchAction","target":{"@type":"EntryPoint","urlTemplate":"https:\/\/www.altominho.tv\/site\/?s={search_term_string}"},"query-input":{"@type":"PropertyValueSpecification","valueRequired":true,"valueName":"search_term_string"}}],"inLanguage":"pt-PT"},{"@type":"Person","@id":"https:\/\/www.altominho.tv\/site\/#\/schema\/person\/63f693da3e1899361cbe955c46f3232e","name":"Lusa","image":{"@type":"ImageObject","inLanguage":"pt-PT","@id":"https:\/\/www.altominho.tv\/site\/wp-content\/uploads\/2019\/08\/LUSA_Logo.gif","url":"https:\/\/www.altominho.tv\/site\/wp-content\/uploads\/2019\/08\/LUSA_Logo.gif","contentUrl":"https:\/\/www.altominho.tv\/site\/wp-content\/uploads\/2019\/08\/LUSA_Logo.gif","caption":"Lusa"},"sameAs":["http:\/\/\/\/www.altominho.tv\/site"],"url":"https:\/\/www.altominho.tv\/site\/author\/lusa\/"}]}},"_links":{"self":[{"href":"https:\/\/www.altominho.tv\/site\/wp-json\/wp\/v2\/posts\/130125","targetHints":{"allow":["GET"]}}],"collection":[{"href":"https:\/\/www.altominho.tv\/site\/wp-json\/wp\/v2\/posts"}],"about":[{"href":"https:\/\/www.altominho.tv\/site\/wp-json\/wp\/v2\/types\/post"}],"author":[{"embeddable":true,"href":"https:\/\/www.altominho.tv\/site\/wp-json\/wp\/v2\/users\/13"}],"replies":[{"embeddable":true,"href":"https:\/\/www.altominho.tv\/site\/wp-json\/wp\/v2\/comments?post=130125"}],"version-history":[{"count":1,"href":"https:\/\/www.altominho.tv\/site\/wp-json\/wp\/v2\/posts\/130125\/revisions"}],"predecessor-version":[{"id":130127,"href":"https:\/\/www.altominho.tv\/site\/wp-json\/wp\/v2\/posts\/130125\/revisions\/130127"}],"wp:featuredmedia":[{"embeddable":true,"href":"https:\/\/www.altominho.tv\/site\/wp-json\/wp\/v2\/media\/130126"}],"wp:attachment":[{"href":"https:\/\/www.altominho.tv\/site\/wp-json\/wp\/v2\/media?parent=130125"}],"wp:term":[{"taxonomy":"category","embeddable":true,"href":"https:\/\/www.altominho.tv\/site\/wp-json\/wp\/v2\/categories?post=130125"},{"taxonomy":"post_tag","embeddable":true,"href":"https:\/\/www.altominho.tv\/site\/wp-json\/wp\/v2\/tags?post=130125"}],"curies":[{"name":"wp","href":"https:\/\/api.w.org\/{rel}","templated":true}]}}