{"id":130109,"date":"2026-03-19T10:16:47","date_gmt":"2026-03-19T10:16:47","guid":{"rendered":"https:\/\/www.altominho.tv\/site\/?p=130109"},"modified":"2026-03-19T10:16:49","modified_gmt":"2026-03-19T10:16:49","slug":"pascoa-no-jardim-anima-caminha-com-quatro-dias-de-atividades","status":"publish","type":"post","link":"https:\/\/www.altominho.tv\/site\/2026\/03\/19\/pascoa-no-jardim-anima-caminha-com-quatro-dias-de-atividades\/","title":{"rendered":"\u201cP\u00e1scoa no Jardim\u201d anima Caminha com quatro dias de atividades"},"content":{"rendered":"<p class=\"p1\">O munic\u00edpio de Caminha vai promover, entre os dias 2 e 5 de abril, o evento \u201cP\u00e1scoa no Jardim\u201d, que ter\u00e1 lugar no Parque 25 de Abril. A iniciativa, pensada para crian\u00e7as e fam\u00edlias, pretende assinalar a \u00e9poca pascal com um conjunto diversificado de atividades e, simultaneamente, dinamizar o turismo e a economia local.<\/p>\n<p class=\"p1\">A abertura est\u00e1 marcada para o dia 2 de abril, \u00e0s 14h00, decorrendo at\u00e9 \u00e0s 19h00. Nos restantes dias (3 a 5 de abril), o evento funcionar\u00e1 entre as 10h00 e as 19h00.<\/p>\n<p class=\"p1\">Durante quatro dias, o espa\u00e7o ser\u00e1 transformado num ambiente tem\u00e1tico com v\u00e1rias propostas de anima\u00e7\u00e3o, incluindo hora do conto, insufl\u00e1veis, jogos tradicionais, arborismo, workshops de manualidades e pinturas de ovos, bem como a habitual ca\u00e7a aos ovos.<\/p>\n<p class=\"p1\">Para al\u00e9m das atividades dirigidas \u00e0s fam\u00edlias, o evento contar\u00e1 ainda com uma pra\u00e7a de alimenta\u00e7\u00e3o e uma \u00e1rea dedicada ao artesanato, garantindo anima\u00e7\u00e3o cont\u00ednua ao longo de todo o programa.<\/p>\n<p class=\"p1\">Ap\u00f3s o sucesso de iniciativas anteriores como a Camaril\u00e2ndia, a autarquia aposta agora na \u201cP\u00e1scoa no Jardim\u201d como forma de criar momentos de conv\u00edvio familiar e refor\u00e7ar a atratividade do concelho de Caminha nesta \u00e9poca festiva.<\/p>\n<p><strong>Foto: DR<\/strong><\/p>\n","protected":false},"excerpt":{"rendered":"<p>O munic\u00edpio de Caminha vai promover, entre os dias 2 e 5 de abril, o evento \u201cP\u00e1scoa no Jardim\u201d, que ter\u00e1 lugar no Parque 25 de Abril. A iniciativa, pensada para crian\u00e7as e fam\u00edlias, pretende assinalar a \u00e9poca pascal com um conjunto diversificado de atividades e, simultaneamente, dinamizar o turismo e a economia local. A [&hellip;]<\/p>\n","protected":false},"author":30,"featured_media":130110,"comment_status":"closed","ping_status":"closed","sticky":false,"template":"","format":"standard","meta":{"_exactmetrics_skip_tracking":false,"_exactmetrics_sitenote_active":false,"_exactmetrics_sitenote_note":"","_exactmetrics_sitenote_category":0,"footnotes":""},"categories":[7],"tags":[24],"class_list":["post-130109","post","type-post","status-publish","format-standard","has-post-thumbnail","hentry","category-caminha","tag-lazer"],"yoast_head":"<!-- This site is optimized with the Yoast SEO Premium plugin v27.5 (Yoast SEO v27.5) - https:\/\/yoast.com\/product\/yoast-seo-premium-wordpress\/ -->\n<title>\u201cP\u00e1scoa no Jardim\u201d anima Caminha com quatro dias de atividades<\/title>\n<meta name=\"description\" content=\"O munic\u00edpio de Caminha vai promover, entre os dias 2 e 5 de abril, o evento \u201cP\u00e1scoa no Jardim\u201d, que ter\u00e1 lugar no Parque 25 de Abril\" \/>\n<meta name=\"robots\" content=\"index, follow, max-snippet:-1, max-image-preview:large, max-video-preview:-1\" \/>\n<link rel=\"canonical\" href=\"https:\/\/www.altominho.tv\/site\/2026\/03\/19\/pascoa-no-jardim-anima-caminha-com-quatro-dias-de-atividades\/\" \/>\n<meta property=\"og:locale\" content=\"pt_PT\" \/>\n<meta property=\"og:type\" content=\"article\" \/>\n<meta property=\"og:title\" content=\"\u201cP\u00e1scoa no Jardim\u201d anima Caminha com quatro dias de atividades\" \/>\n<meta property=\"og:description\" content=\"O munic\u00edpio de Caminha vai promover, entre os dias 2 e 5 de abril, o evento \u201cP\u00e1scoa no Jardim\u201d, que ter\u00e1 lugar no Parque 25 de Abril\" \/>\n<meta property=\"og:url\" content=\"https:\/\/www.altominho.tv\/site\/2026\/03\/19\/pascoa-no-jardim-anima-caminha-com-quatro-dias-de-atividades\/\" \/>\n<meta property=\"og:site_name\" content=\"Altominho.tv\" \/>\n<meta property=\"article:publisher\" content=\"https:\/\/www.facebook.com\/altominhotv\" \/>\n<meta property=\"article:published_time\" content=\"2026-03-19T10:16:47+00:00\" \/>\n<meta property=\"article:modified_time\" content=\"2026-03-19T10:16:49+00:00\" \/>\n<meta property=\"og:image\" content=\"https:\/\/www.altominho.tv\/site\/wp-content\/uploads\/2026\/03\/criacas_pascoa.jpg\" \/>\n\t<meta property=\"og:image:width\" content=\"1200\" \/>\n\t<meta property=\"og:image:height\" content=\"630\" \/>\n\t<meta property=\"og:image:type\" content=\"image\/jpeg\" \/>\n<meta name=\"author\" content=\"Eduarda Cardoso\" \/>\n<meta name=\"twitter:card\" content=\"summary_large_image\" \/>\n<meta name=\"twitter:creator\" content=\"@altominhoTV\" \/>\n<meta name=\"twitter:site\" content=\"@altominhoTV\" \/>\n<meta name=\"twitter:label1\" content=\"Escrito por\" \/>\n\t<meta name=\"twitter:data1\" content=\"Eduarda Cardoso\" \/>\n\t<meta name=\"twitter:label2\" content=\"Tempo estimado de leitura\" \/>\n\t<meta name=\"twitter:data2\" content=\"2 minutos\" \/>\n<script type=\"application\/ld+json\" class=\"yoast-schema-graph\">{\"@context\":\"https:\\\/\\\/schema.org\",\"@graph\":[{\"@type\":\"Article\",\"@id\":\"https:\\\/\\\/www.altominho.tv\\\/site\\\/2026\\\/03\\\/19\\\/pascoa-no-jardim-anima-caminha-com-quatro-dias-de-atividades\\\/#article\",\"isPartOf\":{\"@id\":\"https:\\\/\\\/www.altominho.tv\\\/site\\\/2026\\\/03\\\/19\\\/pascoa-no-jardim-anima-caminha-com-quatro-dias-de-atividades\\\/\"},\"author\":{\"name\":\"Eduarda Cardoso\",\"@id\":\"https:\\\/\\\/www.altominho.tv\\\/site\\\/#\\\/schema\\\/person\\\/9e351387b727413d005ccf1152c93539\"},\"headline\":\"\u201cP\u00e1scoa no Jardim\u201d anima Caminha com quatro dias de atividades\",\"datePublished\":\"2026-03-19T10:16:47+00:00\",\"dateModified\":\"2026-03-19T10:16:49+00:00\",\"mainEntityOfPage\":{\"@id\":\"https:\\\/\\\/www.altominho.tv\\\/site\\\/2026\\\/03\\\/19\\\/pascoa-no-jardim-anima-caminha-com-quatro-dias-de-atividades\\\/\"},\"wordCount\":219,\"image\":{\"@id\":\"https:\\\/\\\/www.altominho.tv\\\/site\\\/2026\\\/03\\\/19\\\/pascoa-no-jardim-anima-caminha-com-quatro-dias-de-atividades\\\/#primaryimage\"},\"thumbnailUrl\":\"https:\\\/\\\/www.altominho.tv\\\/site\\\/wp-content\\\/uploads\\\/2026\\\/03\\\/criacas_pascoa.jpg\",\"keywords\":[\"Lazer\"],\"articleSection\":[\"Caminha\"],\"inLanguage\":\"pt-PT\",\"copyrightYear\":\"2026\",\"copyrightHolder\":{\"@id\":\"https:\\\/\\\/www.altominho.tv\\\/site\\\/#organization\"}},{\"@type\":\"WebPage\",\"@id\":\"https:\\\/\\\/www.altominho.tv\\\/site\\\/2026\\\/03\\\/19\\\/pascoa-no-jardim-anima-caminha-com-quatro-dias-de-atividades\\\/\",\"url\":\"https:\\\/\\\/www.altominho.tv\\\/site\\\/2026\\\/03\\\/19\\\/pascoa-no-jardim-anima-caminha-com-quatro-dias-de-atividades\\\/\",\"name\":\"\u201cP\u00e1scoa no Jardim\u201d anima Caminha com quatro dias de atividades\",\"isPartOf\":{\"@id\":\"https:\\\/\\\/www.altominho.tv\\\/site\\\/#website\"},\"primaryImageOfPage\":{\"@id\":\"https:\\\/\\\/www.altominho.tv\\\/site\\\/2026\\\/03\\\/19\\\/pascoa-no-jardim-anima-caminha-com-quatro-dias-de-atividades\\\/#primaryimage\"},\"image\":{\"@id\":\"https:\\\/\\\/www.altominho.tv\\\/site\\\/2026\\\/03\\\/19\\\/pascoa-no-jardim-anima-caminha-com-quatro-dias-de-atividades\\\/#primaryimage\"},\"thumbnailUrl\":\"https:\\\/\\\/www.altominho.tv\\\/site\\\/wp-content\\\/uploads\\\/2026\\\/03\\\/criacas_pascoa.jpg\",\"datePublished\":\"2026-03-19T10:16:47+00:00\",\"dateModified\":\"2026-03-19T10:16:49+00:00\",\"author\":{\"@id\":\"https:\\\/\\\/www.altominho.tv\\\/site\\\/#\\\/schema\\\/person\\\/9e351387b727413d005ccf1152c93539\"},\"description\":\"O munic\u00edpio de Caminha vai promover, entre os dias 2 e 5 de abril, o evento \u201cP\u00e1scoa no Jardim\u201d, que ter\u00e1 lugar no Parque 25 de Abril\",\"breadcrumb\":{\"@id\":\"https:\\\/\\\/www.altominho.tv\\\/site\\\/2026\\\/03\\\/19\\\/pascoa-no-jardim-anima-caminha-com-quatro-dias-de-atividades\\\/#breadcrumb\"},\"inLanguage\":\"pt-PT\",\"potentialAction\":[{\"@type\":\"ReadAction\",\"target\":[\"https:\\\/\\\/www.altominho.tv\\\/site\\\/2026\\\/03\\\/19\\\/pascoa-no-jardim-anima-caminha-com-quatro-dias-de-atividades\\\/\"]}]},{\"@type\":\"ImageObject\",\"inLanguage\":\"pt-PT\",\"@id\":\"https:\\\/\\\/www.altominho.tv\\\/site\\\/2026\\\/03\\\/19\\\/pascoa-no-jardim-anima-caminha-com-quatro-dias-de-atividades\\\/#primaryimage\",\"url\":\"https:\\\/\\\/www.altominho.tv\\\/site\\\/wp-content\\\/uploads\\\/2026\\\/03\\\/criacas_pascoa.jpg\",\"contentUrl\":\"https:\\\/\\\/www.altominho.tv\\\/site\\\/wp-content\\\/uploads\\\/2026\\\/03\\\/criacas_pascoa.jpg\",\"width\":1200,\"height\":630},{\"@type\":\"BreadcrumbList\",\"@id\":\"https:\\\/\\\/www.altominho.tv\\\/site\\\/2026\\\/03\\\/19\\\/pascoa-no-jardim-anima-caminha-com-quatro-dias-de-atividades\\\/#breadcrumb\",\"itemListElement\":[{\"@type\":\"ListItem\",\"position\":1,\"name\":\"In\u00edcio\",\"item\":\"https:\\\/\\\/www.altominho.tv\\\/site\\\/\"},{\"@type\":\"ListItem\",\"position\":2,\"name\":\"\u201cP\u00e1scoa no Jardim\u201d anima Caminha com quatro dias de atividades\"}]},{\"@type\":\"WebSite\",\"@id\":\"https:\\\/\\\/www.altominho.tv\\\/site\\\/#website\",\"url\":\"https:\\\/\\\/www.altominho.tv\\\/site\\\/\",\"name\":\"Altominho.tv\",\"description\":\"A sua regi\u00e3o \u00e0 dist\u00e2ncia de um clique...\",\"potentialAction\":[{\"@type\":\"SearchAction\",\"target\":{\"@type\":\"EntryPoint\",\"urlTemplate\":\"https:\\\/\\\/www.altominho.tv\\\/site\\\/?s={search_term_string}\"},\"query-input\":{\"@type\":\"PropertyValueSpecification\",\"valueRequired\":true,\"valueName\":\"search_term_string\"}}],\"inLanguage\":\"pt-PT\"},{\"@type\":\"Person\",\"@id\":\"https:\\\/\\\/www.altominho.tv\\\/site\\\/#\\\/schema\\\/person\\\/9e351387b727413d005ccf1152c93539\",\"name\":\"Eduarda Cardoso\",\"image\":{\"@type\":\"ImageObject\",\"inLanguage\":\"pt-PT\",\"@id\":\"https:\\\/\\\/www.altominho.tv\\\/site\\\/wp-content\\\/uploads\\\/2021\\\/01\\\/cropped-Logo-ATV_WEB-150x150.png\",\"url\":\"https:\\\/\\\/www.altominho.tv\\\/site\\\/wp-content\\\/uploads\\\/2021\\\/01\\\/cropped-Logo-ATV_WEB-150x150.png\",\"contentUrl\":\"https:\\\/\\\/www.altominho.tv\\\/site\\\/wp-content\\\/uploads\\\/2021\\\/01\\\/cropped-Logo-ATV_WEB-150x150.png\",\"caption\":\"Eduarda Cardoso\"},\"url\":\"https:\\\/\\\/www.altominho.tv\\\/site\\\/author\\\/eduarda-cardoso\\\/\"}]}<\/script>\n<!-- \/ Yoast SEO Premium plugin. -->","yoast_head_json":{"title":"\u201cP\u00e1scoa no Jardim\u201d anima Caminha com quatro dias de atividades","description":"O munic\u00edpio de Caminha vai promover, entre os dias 2 e 5 de abril, o evento \u201cP\u00e1scoa no Jardim\u201d, que ter\u00e1 lugar no Parque 25 de Abril","robots":{"index":"index","follow":"follow","max-snippet":"max-snippet:-1","max-image-preview":"max-image-preview:large","max-video-preview":"max-video-preview:-1"},"canonical":"https:\/\/www.altominho.tv\/site\/2026\/03\/19\/pascoa-no-jardim-anima-caminha-com-quatro-dias-de-atividades\/","og_locale":"pt_PT","og_type":"article","og_title":"\u201cP\u00e1scoa no Jardim\u201d anima Caminha com quatro dias de atividades","og_description":"O munic\u00edpio de Caminha vai promover, entre os dias 2 e 5 de abril, o evento \u201cP\u00e1scoa no Jardim\u201d, que ter\u00e1 lugar no Parque 25 de Abril","og_url":"https:\/\/www.altominho.tv\/site\/2026\/03\/19\/pascoa-no-jardim-anima-caminha-com-quatro-dias-de-atividades\/","og_site_name":"Altominho.tv","article_publisher":"https:\/\/www.facebook.com\/altominhotv","article_published_time":"2026-03-19T10:16:47+00:00","article_modified_time":"2026-03-19T10:16:49+00:00","og_image":[{"width":1200,"height":630,"url":"https:\/\/www.altominho.tv\/site\/wp-content\/uploads\/2026\/03\/criacas_pascoa.jpg","type":"image\/jpeg"}],"author":"Eduarda Cardoso","twitter_card":"summary_large_image","twitter_creator":"@altominhoTV","twitter_site":"@altominhoTV","twitter_misc":{"Escrito por":"Eduarda Cardoso","Tempo estimado de leitura":"2 minutos"},"schema":{"@context":"https:\/\/schema.org","@graph":[{"@type":"Article","@id":"https:\/\/www.altominho.tv\/site\/2026\/03\/19\/pascoa-no-jardim-anima-caminha-com-quatro-dias-de-atividades\/#article","isPartOf":{"@id":"https:\/\/www.altominho.tv\/site\/2026\/03\/19\/pascoa-no-jardim-anima-caminha-com-quatro-dias-de-atividades\/"},"author":{"name":"Eduarda Cardoso","@id":"https:\/\/www.altominho.tv\/site\/#\/schema\/person\/9e351387b727413d005ccf1152c93539"},"headline":"\u201cP\u00e1scoa no Jardim\u201d anima Caminha com quatro dias de atividades","datePublished":"2026-03-19T10:16:47+00:00","dateModified":"2026-03-19T10:16:49+00:00","mainEntityOfPage":{"@id":"https:\/\/www.altominho.tv\/site\/2026\/03\/19\/pascoa-no-jardim-anima-caminha-com-quatro-dias-de-atividades\/"},"wordCount":219,"image":{"@id":"https:\/\/www.altominho.tv\/site\/2026\/03\/19\/pascoa-no-jardim-anima-caminha-com-quatro-dias-de-atividades\/#primaryimage"},"thumbnailUrl":"https:\/\/www.altominho.tv\/site\/wp-content\/uploads\/2026\/03\/criacas_pascoa.jpg","keywords":["Lazer"],"articleSection":["Caminha"],"inLanguage":"pt-PT","copyrightYear":"2026","copyrightHolder":{"@id":"https:\/\/www.altominho.tv\/site\/#organization"}},{"@type":"WebPage","@id":"https:\/\/www.altominho.tv\/site\/2026\/03\/19\/pascoa-no-jardim-anima-caminha-com-quatro-dias-de-atividades\/","url":"https:\/\/www.altominho.tv\/site\/2026\/03\/19\/pascoa-no-jardim-anima-caminha-com-quatro-dias-de-atividades\/","name":"\u201cP\u00e1scoa no Jardim\u201d anima Caminha com quatro dias de atividades","isPartOf":{"@id":"https:\/\/www.altominho.tv\/site\/#website"},"primaryImageOfPage":{"@id":"https:\/\/www.altominho.tv\/site\/2026\/03\/19\/pascoa-no-jardim-anima-caminha-com-quatro-dias-de-atividades\/#primaryimage"},"image":{"@id":"https:\/\/www.altominho.tv\/site\/2026\/03\/19\/pascoa-no-jardim-anima-caminha-com-quatro-dias-de-atividades\/#primaryimage"},"thumbnailUrl":"https:\/\/www.altominho.tv\/site\/wp-content\/uploads\/2026\/03\/criacas_pascoa.jpg","datePublished":"2026-03-19T10:16:47+00:00","dateModified":"2026-03-19T10:16:49+00:00","author":{"@id":"https:\/\/www.altominho.tv\/site\/#\/schema\/person\/9e351387b727413d005ccf1152c93539"},"description":"O munic\u00edpio de Caminha vai promover, entre os dias 2 e 5 de abril, o evento \u201cP\u00e1scoa no Jardim\u201d, que ter\u00e1 lugar no Parque 25 de Abril","breadcrumb":{"@id":"https:\/\/www.altominho.tv\/site\/2026\/03\/19\/pascoa-no-jardim-anima-caminha-com-quatro-dias-de-atividades\/#breadcrumb"},"inLanguage":"pt-PT","potentialAction":[{"@type":"ReadAction","target":["https:\/\/www.altominho.tv\/site\/2026\/03\/19\/pascoa-no-jardim-anima-caminha-com-quatro-dias-de-atividades\/"]}]},{"@type":"ImageObject","inLanguage":"pt-PT","@id":"https:\/\/www.altominho.tv\/site\/2026\/03\/19\/pascoa-no-jardim-anima-caminha-com-quatro-dias-de-atividades\/#primaryimage","url":"https:\/\/www.altominho.tv\/site\/wp-content\/uploads\/2026\/03\/criacas_pascoa.jpg","contentUrl":"https:\/\/www.altominho.tv\/site\/wp-content\/uploads\/2026\/03\/criacas_pascoa.jpg","width":1200,"height":630},{"@type":"BreadcrumbList","@id":"https:\/\/www.altominho.tv\/site\/2026\/03\/19\/pascoa-no-jardim-anima-caminha-com-quatro-dias-de-atividades\/#breadcrumb","itemListElement":[{"@type":"ListItem","position":1,"name":"In\u00edcio","item":"https:\/\/www.altominho.tv\/site\/"},{"@type":"ListItem","position":2,"name":"\u201cP\u00e1scoa no Jardim\u201d anima Caminha com quatro dias de atividades"}]},{"@type":"WebSite","@id":"https:\/\/www.altominho.tv\/site\/#website","url":"https:\/\/www.altominho.tv\/site\/","name":"Altominho.tv","description":"A sua regi\u00e3o \u00e0 dist\u00e2ncia de um clique...","potentialAction":[{"@type":"SearchAction","target":{"@type":"EntryPoint","urlTemplate":"https:\/\/www.altominho.tv\/site\/?s={search_term_string}"},"query-input":{"@type":"PropertyValueSpecification","valueRequired":true,"valueName":"search_term_string"}}],"inLanguage":"pt-PT"},{"@type":"Person","@id":"https:\/\/www.altominho.tv\/site\/#\/schema\/person\/9e351387b727413d005ccf1152c93539","name":"Eduarda Cardoso","image":{"@type":"ImageObject","inLanguage":"pt-PT","@id":"https:\/\/www.altominho.tv\/site\/wp-content\/uploads\/2021\/01\/cropped-Logo-ATV_WEB-150x150.png","url":"https:\/\/www.altominho.tv\/site\/wp-content\/uploads\/2021\/01\/cropped-Logo-ATV_WEB-150x150.png","contentUrl":"https:\/\/www.altominho.tv\/site\/wp-content\/uploads\/2021\/01\/cropped-Logo-ATV_WEB-150x150.png","caption":"Eduarda Cardoso"},"url":"https:\/\/www.altominho.tv\/site\/author\/eduarda-cardoso\/"}]}},"_links":{"self":[{"href":"https:\/\/www.altominho.tv\/site\/wp-json\/wp\/v2\/posts\/130109","targetHints":{"allow":["GET"]}}],"collection":[{"href":"https:\/\/www.altominho.tv\/site\/wp-json\/wp\/v2\/posts"}],"about":[{"href":"https:\/\/www.altominho.tv\/site\/wp-json\/wp\/v2\/types\/post"}],"author":[{"embeddable":true,"href":"https:\/\/www.altominho.tv\/site\/wp-json\/wp\/v2\/users\/30"}],"replies":[{"embeddable":true,"href":"https:\/\/www.altominho.tv\/site\/wp-json\/wp\/v2\/comments?post=130109"}],"version-history":[{"count":1,"href":"https:\/\/www.altominho.tv\/site\/wp-json\/wp\/v2\/posts\/130109\/revisions"}],"predecessor-version":[{"id":130111,"href":"https:\/\/www.altominho.tv\/site\/wp-json\/wp\/v2\/posts\/130109\/revisions\/130111"}],"wp:featuredmedia":[{"embeddable":true,"href":"https:\/\/www.altominho.tv\/site\/wp-json\/wp\/v2\/media\/130110"}],"wp:attachment":[{"href":"https:\/\/www.altominho.tv\/site\/wp-json\/wp\/v2\/media?parent=130109"}],"wp:term":[{"taxonomy":"category","embeddable":true,"href":"https:\/\/www.altominho.tv\/site\/wp-json\/wp\/v2\/categories?post=130109"},{"taxonomy":"post_tag","embeddable":true,"href":"https:\/\/www.altominho.tv\/site\/wp-json\/wp\/v2\/tags?post=130109"}],"curies":[{"name":"wp","href":"https:\/\/api.w.org\/{rel}","templated":true}]}}