{"id":130083,"date":"2026-03-18T16:00:00","date_gmt":"2026-03-18T16:00:00","guid":{"rendered":"https:\/\/www.altominho.tv\/site\/?p=130083"},"modified":"2026-03-18T15:33:56","modified_gmt":"2026-03-18T15:33:56","slug":"arcos-de-valdevez-apresenta-programacao-para-os-proximos-meses","status":"publish","type":"post","link":"https:\/\/www.altominho.tv\/site\/2026\/03\/18\/arcos-de-valdevez-apresenta-programacao-para-os-proximos-meses\/","title":{"rendered":"Arcos de Valdevez apresenta programa\u00e7\u00e3o para os pr\u00f3ximos meses"},"content":{"rendered":"\n<p>Arcos de Valdevez apresentou esta manh\u00e3 a programa\u00e7\u00e3o para os pr\u00f3ximos meses, que contempla algumas novidades.<\/p>\n\n\n\n<p>A \u201cP\u00e1scoa Encantada\u201d, na Porta do Mezio, realiza-se este ano pela primeira vez, e junta-se a outras iniciativas que t\u00eam lugar nos pr\u00f3ximos tempos, como a Expo Vez, o Arcos Fado Fest ou o Desfile de Bois de P\u00e1scoa.<\/p>\n\n\n\n<figure class=\"wp-block-embed is-type-video is-provider-youtube wp-block-embed-youtube wp-embed-aspect-4-3 wp-has-aspect-ratio\"><div class=\"wp-block-embed__wrapper\">\n<iframe loading=\"lazy\" title=\"Arcos de Valdevez apresenta programa\u00e7\u00e3o para os pr\u00f3ximos meses | Altominho TV\" width=\"770\" height=\"578\" src=\"https:\/\/www.youtube.com\/embed\/W6qzI09RFzE?feature=oembed\" frameborder=\"0\" allow=\"accelerometer; autoplay; clipboard-write; encrypted-media; gyroscope; picture-in-picture; web-share\" referrerpolicy=\"strict-origin-when-cross-origin\" allowfullscreen><\/iframe>\n<\/div><\/figure>\n","protected":false},"excerpt":{"rendered":"<p>Arcos de Valdevez apresentou esta manh\u00e3 a programa\u00e7\u00e3o para os pr\u00f3ximos meses, que contempla algumas novidades. A \u201cP\u00e1scoa Encantada\u201d, na Porta do Mezio, realiza-se este ano pela primeira vez, e junta-se a outras iniciativas que t\u00eam lugar nos pr\u00f3ximos tempos, como a Expo Vez, o Arcos Fado Fest ou o Desfile de Bois de P\u00e1scoa.<\/p>\n","protected":false},"author":9,"featured_media":130084,"comment_status":"closed","ping_status":"closed","sticky":false,"template":"","format":"video","meta":{"_exactmetrics_skip_tracking":false,"_exactmetrics_sitenote_active":false,"_exactmetrics_sitenote_note":"","_exactmetrics_sitenote_category":0,"footnotes":""},"categories":[2],"tags":[27],"class_list":["post-130083","post","type-post","status-publish","format-video","has-post-thumbnail","hentry","category-arcos-de-valdevez","tag-sociedade","post_format-post-format-video"],"yoast_head":"<!-- This site is optimized with the Yoast SEO Premium plugin v27.4 (Yoast SEO v27.4) - https:\/\/yoast.com\/product\/yoast-seo-premium-wordpress\/ -->\n<title>Arcos de Valdevez apresenta programa\u00e7\u00e3o para os pr\u00f3ximos meses<\/title>\n<meta name=\"robots\" content=\"index, follow, max-snippet:-1, max-image-preview:large, max-video-preview:-1\" \/>\n<link rel=\"canonical\" href=\"https:\/\/www.altominho.tv\/site\/2026\/03\/18\/arcos-de-valdevez-apresenta-programacao-para-os-proximos-meses\/\" \/>\n<meta property=\"og:locale\" content=\"pt_PT\" \/>\n<meta property=\"og:type\" content=\"article\" \/>\n<meta property=\"og:title\" content=\"Arcos de Valdevez apresenta programa\u00e7\u00e3o para os pr\u00f3ximos meses\" \/>\n<meta property=\"og:description\" content=\"Arcos de Valdevez apresentou esta manh\u00e3 a programa\u00e7\u00e3o para os pr\u00f3ximos meses, que contempla algumas novidades. A \u201cP\u00e1scoa Encantada\u201d, na Porta do Mezio, realiza-se este ano pela primeira vez, e junta-se a outras iniciativas que t\u00eam lugar nos pr\u00f3ximos tempos, como a Expo Vez, o Arcos Fado Fest ou o Desfile de Bois de P\u00e1scoa.\" \/>\n<meta property=\"og:url\" content=\"https:\/\/www.altominho.tv\/site\/2026\/03\/18\/arcos-de-valdevez-apresenta-programacao-para-os-proximos-meses\/\" \/>\n<meta property=\"og:site_name\" content=\"Altominho.tv\" \/>\n<meta property=\"article:publisher\" content=\"https:\/\/www.facebook.com\/altominhotv\" \/>\n<meta property=\"article:published_time\" content=\"2026-03-18T16:00:00+00:00\" \/>\n<meta property=\"og:image\" content=\"https:\/\/www.altominho.tv\/site\/wp-content\/uploads\/2026\/03\/arcos-.jpg\" \/>\n\t<meta property=\"og:image:width\" content=\"1920\" \/>\n\t<meta property=\"og:image:height\" content=\"1080\" \/>\n\t<meta property=\"og:image:type\" content=\"image\/jpeg\" \/>\n<meta name=\"author\" content=\"Rafael Pereira\" \/>\n<meta name=\"twitter:card\" content=\"summary_large_image\" \/>\n<meta name=\"twitter:creator\" content=\"@altominhoTV\" \/>\n<meta name=\"twitter:site\" content=\"@altominhoTV\" \/>\n<meta name=\"twitter:label1\" content=\"Escrito por\" \/>\n\t<meta name=\"twitter:data1\" content=\"Rafael Pereira\" \/>\n\t<meta name=\"twitter:label2\" content=\"Tempo estimado de leitura\" \/>\n\t<meta name=\"twitter:data2\" content=\"1 minuto\" \/>\n<script type=\"application\/ld+json\" class=\"yoast-schema-graph\">{\"@context\":\"https:\\\/\\\/schema.org\",\"@graph\":[{\"@type\":\"Article\",\"@id\":\"https:\\\/\\\/www.altominho.tv\\\/site\\\/2026\\\/03\\\/18\\\/arcos-de-valdevez-apresenta-programacao-para-os-proximos-meses\\\/#article\",\"isPartOf\":{\"@id\":\"https:\\\/\\\/www.altominho.tv\\\/site\\\/2026\\\/03\\\/18\\\/arcos-de-valdevez-apresenta-programacao-para-os-proximos-meses\\\/\"},\"author\":{\"name\":\"Rafael Pereira\",\"@id\":\"https:\\\/\\\/www.altominho.tv\\\/site\\\/#\\\/schema\\\/person\\\/2690abd4f0b3984514ce0607afbfced7\"},\"headline\":\"Arcos de Valdevez apresenta programa\u00e7\u00e3o para os pr\u00f3ximos meses\",\"datePublished\":\"2026-03-18T16:00:00+00:00\",\"mainEntityOfPage\":{\"@id\":\"https:\\\/\\\/www.altominho.tv\\\/site\\\/2026\\\/03\\\/18\\\/arcos-de-valdevez-apresenta-programacao-para-os-proximos-meses\\\/\"},\"wordCount\":78,\"image\":{\"@id\":\"https:\\\/\\\/www.altominho.tv\\\/site\\\/2026\\\/03\\\/18\\\/arcos-de-valdevez-apresenta-programacao-para-os-proximos-meses\\\/#primaryimage\"},\"thumbnailUrl\":\"https:\\\/\\\/www.altominho.tv\\\/site\\\/wp-content\\\/uploads\\\/2026\\\/03\\\/arcos-.jpg\",\"keywords\":[\"Sociedade\"],\"articleSection\":[\"Arcos de Valdevez\"],\"inLanguage\":\"pt-PT\",\"copyrightYear\":\"2026\",\"copyrightHolder\":{\"@id\":\"https:\\\/\\\/www.altominho.tv\\\/site\\\/#organization\"}},{\"@type\":\"WebPage\",\"@id\":\"https:\\\/\\\/www.altominho.tv\\\/site\\\/2026\\\/03\\\/18\\\/arcos-de-valdevez-apresenta-programacao-para-os-proximos-meses\\\/\",\"url\":\"https:\\\/\\\/www.altominho.tv\\\/site\\\/2026\\\/03\\\/18\\\/arcos-de-valdevez-apresenta-programacao-para-os-proximos-meses\\\/\",\"name\":\"Arcos de Valdevez apresenta programa\u00e7\u00e3o para os pr\u00f3ximos meses\",\"isPartOf\":{\"@id\":\"https:\\\/\\\/www.altominho.tv\\\/site\\\/#website\"},\"primaryImageOfPage\":{\"@id\":\"https:\\\/\\\/www.altominho.tv\\\/site\\\/2026\\\/03\\\/18\\\/arcos-de-valdevez-apresenta-programacao-para-os-proximos-meses\\\/#primaryimage\"},\"image\":{\"@id\":\"https:\\\/\\\/www.altominho.tv\\\/site\\\/2026\\\/03\\\/18\\\/arcos-de-valdevez-apresenta-programacao-para-os-proximos-meses\\\/#primaryimage\"},\"thumbnailUrl\":\"https:\\\/\\\/www.altominho.tv\\\/site\\\/wp-content\\\/uploads\\\/2026\\\/03\\\/arcos-.jpg\",\"datePublished\":\"2026-03-18T16:00:00+00:00\",\"author\":{\"@id\":\"https:\\\/\\\/www.altominho.tv\\\/site\\\/#\\\/schema\\\/person\\\/2690abd4f0b3984514ce0607afbfced7\"},\"breadcrumb\":{\"@id\":\"https:\\\/\\\/www.altominho.tv\\\/site\\\/2026\\\/03\\\/18\\\/arcos-de-valdevez-apresenta-programacao-para-os-proximos-meses\\\/#breadcrumb\"},\"inLanguage\":\"pt-PT\",\"potentialAction\":[{\"@type\":\"ReadAction\",\"target\":[\"https:\\\/\\\/www.altominho.tv\\\/site\\\/2026\\\/03\\\/18\\\/arcos-de-valdevez-apresenta-programacao-para-os-proximos-meses\\\/\"]}]},{\"@type\":\"ImageObject\",\"inLanguage\":\"pt-PT\",\"@id\":\"https:\\\/\\\/www.altominho.tv\\\/site\\\/2026\\\/03\\\/18\\\/arcos-de-valdevez-apresenta-programacao-para-os-proximos-meses\\\/#primaryimage\",\"url\":\"https:\\\/\\\/www.altominho.tv\\\/site\\\/wp-content\\\/uploads\\\/2026\\\/03\\\/arcos-.jpg\",\"contentUrl\":\"https:\\\/\\\/www.altominho.tv\\\/site\\\/wp-content\\\/uploads\\\/2026\\\/03\\\/arcos-.jpg\",\"width\":1920,\"height\":1080},{\"@type\":\"BreadcrumbList\",\"@id\":\"https:\\\/\\\/www.altominho.tv\\\/site\\\/2026\\\/03\\\/18\\\/arcos-de-valdevez-apresenta-programacao-para-os-proximos-meses\\\/#breadcrumb\",\"itemListElement\":[{\"@type\":\"ListItem\",\"position\":1,\"name\":\"In\u00edcio\",\"item\":\"https:\\\/\\\/www.altominho.tv\\\/site\\\/\"},{\"@type\":\"ListItem\",\"position\":2,\"name\":\"Arcos de Valdevez apresenta programa\u00e7\u00e3o para os pr\u00f3ximos meses\"}]},{\"@type\":\"WebSite\",\"@id\":\"https:\\\/\\\/www.altominho.tv\\\/site\\\/#website\",\"url\":\"https:\\\/\\\/www.altominho.tv\\\/site\\\/\",\"name\":\"Altominho.tv\",\"description\":\"A sua regi\u00e3o \u00e0 dist\u00e2ncia de um clique...\",\"potentialAction\":[{\"@type\":\"SearchAction\",\"target\":{\"@type\":\"EntryPoint\",\"urlTemplate\":\"https:\\\/\\\/www.altominho.tv\\\/site\\\/?s={search_term_string}\"},\"query-input\":{\"@type\":\"PropertyValueSpecification\",\"valueRequired\":true,\"valueName\":\"search_term_string\"}}],\"inLanguage\":\"pt-PT\"},{\"@type\":\"Person\",\"@id\":\"https:\\\/\\\/www.altominho.tv\\\/site\\\/#\\\/schema\\\/person\\\/2690abd4f0b3984514ce0607afbfced7\",\"name\":\"Rafael Pereira\",\"image\":{\"@type\":\"ImageObject\",\"inLanguage\":\"pt-PT\",\"@id\":\"https:\\\/\\\/www.altominho.tv\\\/site\\\/wp-content\\\/uploads\\\/2021\\\/08\\\/42996867_1705603802900752_8292335788369117184_n-150x150.jpeg\",\"url\":\"https:\\\/\\\/www.altominho.tv\\\/site\\\/wp-content\\\/uploads\\\/2021\\\/08\\\/42996867_1705603802900752_8292335788369117184_n-150x150.jpeg\",\"contentUrl\":\"https:\\\/\\\/www.altominho.tv\\\/site\\\/wp-content\\\/uploads\\\/2021\\\/08\\\/42996867_1705603802900752_8292335788369117184_n-150x150.jpeg\",\"caption\":\"Rafael Pereira\"},\"url\":\"https:\\\/\\\/www.altominho.tv\\\/site\\\/author\\\/rafaelpereira\\\/\"}]}<\/script>\n<meta property=\"og:video\" content=\"https:\/\/www.youtube.com\/embed\/W6qzI09RFzE\" \/>\n<meta property=\"og:video:type\" content=\"text\/html\" \/>\n<meta property=\"og:video:duration\" content=\"121\" \/>\n<meta property=\"og:video:width\" content=\"480\" \/>\n<meta property=\"og:video:height\" content=\"270\" \/>\n<meta property=\"ya:ovs:adult\" content=\"false\" \/>\n<meta property=\"ya:ovs:upload_date\" content=\"2026-03-18T16:00:00+00:00\" \/>\n<meta property=\"ya:ovs:allow_embed\" content=\"true\" \/>\n<!-- \/ Yoast SEO Premium plugin. -->","yoast_head_json":{"title":"Arcos de Valdevez apresenta programa\u00e7\u00e3o para os pr\u00f3ximos meses","robots":{"index":"index","follow":"follow","max-snippet":"max-snippet:-1","max-image-preview":"max-image-preview:large","max-video-preview":"max-video-preview:-1"},"canonical":"https:\/\/www.altominho.tv\/site\/2026\/03\/18\/arcos-de-valdevez-apresenta-programacao-para-os-proximos-meses\/","og_locale":"pt_PT","og_type":"article","og_title":"Arcos de Valdevez apresenta programa\u00e7\u00e3o para os pr\u00f3ximos meses","og_description":"Arcos de Valdevez apresentou esta manh\u00e3 a programa\u00e7\u00e3o para os pr\u00f3ximos meses, que contempla algumas novidades. A \u201cP\u00e1scoa Encantada\u201d, na Porta do Mezio, realiza-se este ano pela primeira vez, e junta-se a outras iniciativas que t\u00eam lugar nos pr\u00f3ximos tempos, como a Expo Vez, o Arcos Fado Fest ou o Desfile de Bois de P\u00e1scoa.","og_url":"https:\/\/www.altominho.tv\/site\/2026\/03\/18\/arcos-de-valdevez-apresenta-programacao-para-os-proximos-meses\/","og_site_name":"Altominho.tv","article_publisher":"https:\/\/www.facebook.com\/altominhotv","article_published_time":"2026-03-18T16:00:00+00:00","og_image":[{"width":1920,"height":1080,"url":"https:\/\/www.altominho.tv\/site\/wp-content\/uploads\/2026\/03\/arcos-.jpg","type":"image\/jpeg"}],"author":"Rafael Pereira","twitter_card":"summary_large_image","twitter_creator":"@altominhoTV","twitter_site":"@altominhoTV","twitter_misc":{"Escrito por":"Rafael Pereira","Tempo estimado de leitura":"1 minuto"},"schema":{"@context":"https:\/\/schema.org","@graph":[{"@type":"Article","@id":"https:\/\/www.altominho.tv\/site\/2026\/03\/18\/arcos-de-valdevez-apresenta-programacao-para-os-proximos-meses\/#article","isPartOf":{"@id":"https:\/\/www.altominho.tv\/site\/2026\/03\/18\/arcos-de-valdevez-apresenta-programacao-para-os-proximos-meses\/"},"author":{"name":"Rafael Pereira","@id":"https:\/\/www.altominho.tv\/site\/#\/schema\/person\/2690abd4f0b3984514ce0607afbfced7"},"headline":"Arcos de Valdevez apresenta programa\u00e7\u00e3o para os pr\u00f3ximos meses","datePublished":"2026-03-18T16:00:00+00:00","mainEntityOfPage":{"@id":"https:\/\/www.altominho.tv\/site\/2026\/03\/18\/arcos-de-valdevez-apresenta-programacao-para-os-proximos-meses\/"},"wordCount":78,"image":{"@id":"https:\/\/www.altominho.tv\/site\/2026\/03\/18\/arcos-de-valdevez-apresenta-programacao-para-os-proximos-meses\/#primaryimage"},"thumbnailUrl":"https:\/\/www.altominho.tv\/site\/wp-content\/uploads\/2026\/03\/arcos-.jpg","keywords":["Sociedade"],"articleSection":["Arcos de Valdevez"],"inLanguage":"pt-PT","copyrightYear":"2026","copyrightHolder":{"@id":"https:\/\/www.altominho.tv\/site\/#organization"}},{"@type":"WebPage","@id":"https:\/\/www.altominho.tv\/site\/2026\/03\/18\/arcos-de-valdevez-apresenta-programacao-para-os-proximos-meses\/","url":"https:\/\/www.altominho.tv\/site\/2026\/03\/18\/arcos-de-valdevez-apresenta-programacao-para-os-proximos-meses\/","name":"Arcos de Valdevez apresenta programa\u00e7\u00e3o para os pr\u00f3ximos meses","isPartOf":{"@id":"https:\/\/www.altominho.tv\/site\/#website"},"primaryImageOfPage":{"@id":"https:\/\/www.altominho.tv\/site\/2026\/03\/18\/arcos-de-valdevez-apresenta-programacao-para-os-proximos-meses\/#primaryimage"},"image":{"@id":"https:\/\/www.altominho.tv\/site\/2026\/03\/18\/arcos-de-valdevez-apresenta-programacao-para-os-proximos-meses\/#primaryimage"},"thumbnailUrl":"https:\/\/www.altominho.tv\/site\/wp-content\/uploads\/2026\/03\/arcos-.jpg","datePublished":"2026-03-18T16:00:00+00:00","author":{"@id":"https:\/\/www.altominho.tv\/site\/#\/schema\/person\/2690abd4f0b3984514ce0607afbfced7"},"breadcrumb":{"@id":"https:\/\/www.altominho.tv\/site\/2026\/03\/18\/arcos-de-valdevez-apresenta-programacao-para-os-proximos-meses\/#breadcrumb"},"inLanguage":"pt-PT","potentialAction":[{"@type":"ReadAction","target":["https:\/\/www.altominho.tv\/site\/2026\/03\/18\/arcos-de-valdevez-apresenta-programacao-para-os-proximos-meses\/"]}]},{"@type":"ImageObject","inLanguage":"pt-PT","@id":"https:\/\/www.altominho.tv\/site\/2026\/03\/18\/arcos-de-valdevez-apresenta-programacao-para-os-proximos-meses\/#primaryimage","url":"https:\/\/www.altominho.tv\/site\/wp-content\/uploads\/2026\/03\/arcos-.jpg","contentUrl":"https:\/\/www.altominho.tv\/site\/wp-content\/uploads\/2026\/03\/arcos-.jpg","width":1920,"height":1080},{"@type":"BreadcrumbList","@id":"https:\/\/www.altominho.tv\/site\/2026\/03\/18\/arcos-de-valdevez-apresenta-programacao-para-os-proximos-meses\/#breadcrumb","itemListElement":[{"@type":"ListItem","position":1,"name":"In\u00edcio","item":"https:\/\/www.altominho.tv\/site\/"},{"@type":"ListItem","position":2,"name":"Arcos de Valdevez apresenta programa\u00e7\u00e3o para os pr\u00f3ximos meses"}]},{"@type":"WebSite","@id":"https:\/\/www.altominho.tv\/site\/#website","url":"https:\/\/www.altominho.tv\/site\/","name":"Altominho.tv","description":"A sua regi\u00e3o \u00e0 dist\u00e2ncia de um clique...","potentialAction":[{"@type":"SearchAction","target":{"@type":"EntryPoint","urlTemplate":"https:\/\/www.altominho.tv\/site\/?s={search_term_string}"},"query-input":{"@type":"PropertyValueSpecification","valueRequired":true,"valueName":"search_term_string"}}],"inLanguage":"pt-PT"},{"@type":"Person","@id":"https:\/\/www.altominho.tv\/site\/#\/schema\/person\/2690abd4f0b3984514ce0607afbfced7","name":"Rafael Pereira","image":{"@type":"ImageObject","inLanguage":"pt-PT","@id":"https:\/\/www.altominho.tv\/site\/wp-content\/uploads\/2021\/08\/42996867_1705603802900752_8292335788369117184_n-150x150.jpeg","url":"https:\/\/www.altominho.tv\/site\/wp-content\/uploads\/2021\/08\/42996867_1705603802900752_8292335788369117184_n-150x150.jpeg","contentUrl":"https:\/\/www.altominho.tv\/site\/wp-content\/uploads\/2021\/08\/42996867_1705603802900752_8292335788369117184_n-150x150.jpeg","caption":"Rafael Pereira"},"url":"https:\/\/www.altominho.tv\/site\/author\/rafaelpereira\/"}]},"og_video":"https:\/\/www.youtube.com\/embed\/W6qzI09RFzE","og_video_type":"text\/html","og_video_duration":"121","og_video_width":"480","og_video_height":"270","ya_ovs_adult":"false","ya_ovs_upload_date":"2026-03-18T16:00:00+00:00","ya_ovs_allow_embed":"true"},"_links":{"self":[{"href":"https:\/\/www.altominho.tv\/site\/wp-json\/wp\/v2\/posts\/130083","targetHints":{"allow":["GET"]}}],"collection":[{"href":"https:\/\/www.altominho.tv\/site\/wp-json\/wp\/v2\/posts"}],"about":[{"href":"https:\/\/www.altominho.tv\/site\/wp-json\/wp\/v2\/types\/post"}],"author":[{"embeddable":true,"href":"https:\/\/www.altominho.tv\/site\/wp-json\/wp\/v2\/users\/9"}],"replies":[{"embeddable":true,"href":"https:\/\/www.altominho.tv\/site\/wp-json\/wp\/v2\/comments?post=130083"}],"version-history":[{"count":1,"href":"https:\/\/www.altominho.tv\/site\/wp-json\/wp\/v2\/posts\/130083\/revisions"}],"predecessor-version":[{"id":130089,"href":"https:\/\/www.altominho.tv\/site\/wp-json\/wp\/v2\/posts\/130083\/revisions\/130089"}],"wp:featuredmedia":[{"embeddable":true,"href":"https:\/\/www.altominho.tv\/site\/wp-json\/wp\/v2\/media\/130084"}],"wp:attachment":[{"href":"https:\/\/www.altominho.tv\/site\/wp-json\/wp\/v2\/media?parent=130083"}],"wp:term":[{"taxonomy":"category","embeddable":true,"href":"https:\/\/www.altominho.tv\/site\/wp-json\/wp\/v2\/categories?post=130083"},{"taxonomy":"post_tag","embeddable":true,"href":"https:\/\/www.altominho.tv\/site\/wp-json\/wp\/v2\/tags?post=130083"}],"curies":[{"name":"wp","href":"https:\/\/api.w.org\/{rel}","templated":true}]}}