{"id":130069,"date":"2026-03-18T13:23:56","date_gmt":"2026-03-18T13:23:56","guid":{"rendered":"https:\/\/www.altominho.tv\/site\/?p=130069"},"modified":"2026-03-18T13:23:59","modified_gmt":"2026-03-18T13:23:59","slug":"homem-morre-atropelado-pelo-proprio-carro-em-garagem","status":"publish","type":"post","link":"https:\/\/www.altominho.tv\/site\/2026\/03\/18\/homem-morre-atropelado-pelo-proprio-carro-em-garagem\/","title":{"rendered":"Homem morre atropelado pelo pr\u00f3prio carro em garagem"},"content":{"rendered":"<p data-start=\"78\" data-end=\"277\">Um homem morreu na manh\u00e3 desta quarta-feira na sequ\u00eancia de um acidente ocorrido na garagem da sua habita\u00e7\u00e3o, na freguesia de Nogueira, em <span class=\"hover:entity-accent entity-underline inline cursor-pointer align-baseline\"><span class=\"whitespace-normal\">Viana do Castelo<\/span><\/span>.<\/p>\n<p data-start=\"279\" data-end=\"432\">Ao que a\u00a0 <strong>Altominho TV<\/strong> apurou junto de fonte do Comando Sub-Regional do Alto Minho, a v\u00edtima, com cerca de 70 anos, ter\u00e1 ficado &#8220;entalada&#8221; entre a viatura e uma parede, ap\u00f3s ser atingida pelo pr\u00f3prio autom\u00f3vel.<\/p>\n<p data-start=\"434\" data-end=\"618\">O alerta foi dado pelas 11h30.<\/p>\n<p data-start=\"434\" data-end=\"618\">O \u00f3bito foi declarado no local.<\/p>\n<p data-start=\"620\" data-end=\"807\">Para a ocorr\u00eancia foram mobilizados 17 operacionais dos\u00a0<span class=\"hover:entity-accent entity-underline inline cursor-pointer align-baseline\"><span class=\"whitespace-normal\">Bombeiros Sapadores e dos Bombeiros Volunt\u00e1rios de Viana do Castelo<\/span><\/span>, assim como a <span class=\"hover:entity-accent entity-underline inline cursor-pointer align-baseline\"><span class=\"whitespace-normal\">VMER.<\/span><\/span><\/p>\n<p data-start=\"809\" data-end=\"921\" data-is-last-node=\"\" data-is-only-node=\"\">A <span class=\"hover:entity-accent entity-underline inline cursor-pointer align-baseline\"><span class=\"whitespace-normal\">GNR<\/span><\/span> tomou conta da ocorr\u00eancia.<\/p>\n<p data-start=\"809\" data-end=\"921\" data-is-last-node=\"\" data-is-only-node=\"\">Foto: <strong>DR<\/strong><\/p>\n","protected":false},"excerpt":{"rendered":"<p>Um homem morreu na manh\u00e3 desta quarta-feira na sequ\u00eancia de um acidente ocorrido na garagem da sua habita\u00e7\u00e3o, na freguesia de Nogueira, em Viana do Castelo. Ao que a\u00a0 Altominho TV apurou junto de fonte do Comando Sub-Regional do Alto Minho, a v\u00edtima, com cerca de 70 anos, ter\u00e1 ficado &#8220;entalada&#8221; entre a viatura e [&hellip;]<\/p>\n","protected":false},"author":24,"featured_media":130070,"comment_status":"closed","ping_status":"closed","sticky":false,"template":"","format":"standard","meta":{"_exactmetrics_skip_tracking":false,"_exactmetrics_sitenote_active":false,"_exactmetrics_sitenote_note":"","_exactmetrics_sitenote_category":0,"footnotes":""},"categories":[14],"tags":[27],"class_list":["post-130069","post","type-post","status-publish","format-standard","has-post-thumbnail","hentry","category-viana-do-castelo","tag-sociedade"],"yoast_head":"<!-- This site is optimized with the Yoast SEO Premium plugin v27.4 (Yoast SEO v27.4) - https:\/\/yoast.com\/product\/yoast-seo-premium-wordpress\/ -->\n<title>Homem morre atropelado pelo pr\u00f3prio carro em garagem<\/title>\n<meta name=\"description\" content=\"Um homem morreu na manh\u00e3 desta quarta-feira na sequ\u00eancia de um acidente ocorrido na garagem da sua habita\u00e7\u00e3o, na freguesia de Nogueira, em Viana do Castelo.\" \/>\n<meta name=\"robots\" content=\"index, follow, max-snippet:-1, max-image-preview:large, max-video-preview:-1\" \/>\n<link rel=\"canonical\" href=\"https:\/\/www.altominho.tv\/site\/2026\/03\/18\/homem-morre-atropelado-pelo-proprio-carro-em-garagem\/\" \/>\n<meta property=\"og:locale\" content=\"pt_PT\" \/>\n<meta property=\"og:type\" content=\"article\" \/>\n<meta property=\"og:title\" content=\"Homem morre atropelado pelo pr\u00f3prio carro em garagem\" \/>\n<meta property=\"og:description\" content=\"Um homem morreu na manh\u00e3 desta quarta-feira na sequ\u00eancia de um acidente ocorrido na garagem da sua habita\u00e7\u00e3o, na freguesia de Nogueira, em Viana do Castelo.\" \/>\n<meta property=\"og:url\" content=\"https:\/\/www.altominho.tv\/site\/2026\/03\/18\/homem-morre-atropelado-pelo-proprio-carro-em-garagem\/\" \/>\n<meta property=\"og:site_name\" content=\"Altominho.tv\" \/>\n<meta property=\"article:publisher\" content=\"https:\/\/www.facebook.com\/altominhotv\" \/>\n<meta property=\"article:published_time\" content=\"2026-03-18T13:23:56+00:00\" \/>\n<meta property=\"article:modified_time\" content=\"2026-03-18T13:23:59+00:00\" \/>\n<meta property=\"og:image\" content=\"https:\/\/www.altominho.tv\/site\/wp-content\/uploads\/2026\/03\/vmer.png\" \/>\n\t<meta property=\"og:image:width\" content=\"1200\" \/>\n\t<meta property=\"og:image:height\" content=\"630\" \/>\n\t<meta property=\"og:image:type\" content=\"image\/png\" \/>\n<meta name=\"author\" content=\"Cesar Lopes\" \/>\n<meta name=\"twitter:card\" content=\"summary_large_image\" \/>\n<meta name=\"twitter:creator\" content=\"@altominhoTV\" \/>\n<meta name=\"twitter:site\" content=\"@altominhoTV\" \/>\n<meta name=\"twitter:label1\" content=\"Escrito por\" \/>\n\t<meta name=\"twitter:data1\" content=\"Cesar Lopes\" \/>\n\t<meta name=\"twitter:label2\" content=\"Tempo estimado de leitura\" \/>\n\t<meta name=\"twitter:data2\" content=\"1 minuto\" \/>\n<script type=\"application\/ld+json\" class=\"yoast-schema-graph\">{\"@context\":\"https:\\\/\\\/schema.org\",\"@graph\":[{\"@type\":\"Article\",\"@id\":\"https:\\\/\\\/www.altominho.tv\\\/site\\\/2026\\\/03\\\/18\\\/homem-morre-atropelado-pelo-proprio-carro-em-garagem\\\/#article\",\"isPartOf\":{\"@id\":\"https:\\\/\\\/www.altominho.tv\\\/site\\\/2026\\\/03\\\/18\\\/homem-morre-atropelado-pelo-proprio-carro-em-garagem\\\/\"},\"author\":{\"name\":\"Cesar Lopes\",\"@id\":\"https:\\\/\\\/www.altominho.tv\\\/site\\\/#\\\/schema\\\/person\\\/c5570e5afb933b8d08c43373326ef1b1\"},\"headline\":\"Homem morre atropelado pelo pr\u00f3prio carro em garagem\",\"datePublished\":\"2026-03-18T13:23:56+00:00\",\"dateModified\":\"2026-03-18T13:23:59+00:00\",\"mainEntityOfPage\":{\"@id\":\"https:\\\/\\\/www.altominho.tv\\\/site\\\/2026\\\/03\\\/18\\\/homem-morre-atropelado-pelo-proprio-carro-em-garagem\\\/\"},\"wordCount\":121,\"image\":{\"@id\":\"https:\\\/\\\/www.altominho.tv\\\/site\\\/2026\\\/03\\\/18\\\/homem-morre-atropelado-pelo-proprio-carro-em-garagem\\\/#primaryimage\"},\"thumbnailUrl\":\"https:\\\/\\\/www.altominho.tv\\\/site\\\/wp-content\\\/uploads\\\/2026\\\/03\\\/vmer.png\",\"keywords\":[\"Sociedade\"],\"articleSection\":[\"Viana do Castelo\"],\"inLanguage\":\"pt-PT\",\"copyrightYear\":\"2026\",\"copyrightHolder\":{\"@id\":\"https:\\\/\\\/www.altominho.tv\\\/site\\\/#organization\"}},{\"@type\":\"WebPage\",\"@id\":\"https:\\\/\\\/www.altominho.tv\\\/site\\\/2026\\\/03\\\/18\\\/homem-morre-atropelado-pelo-proprio-carro-em-garagem\\\/\",\"url\":\"https:\\\/\\\/www.altominho.tv\\\/site\\\/2026\\\/03\\\/18\\\/homem-morre-atropelado-pelo-proprio-carro-em-garagem\\\/\",\"name\":\"Homem morre atropelado pelo pr\u00f3prio carro em garagem\",\"isPartOf\":{\"@id\":\"https:\\\/\\\/www.altominho.tv\\\/site\\\/#website\"},\"primaryImageOfPage\":{\"@id\":\"https:\\\/\\\/www.altominho.tv\\\/site\\\/2026\\\/03\\\/18\\\/homem-morre-atropelado-pelo-proprio-carro-em-garagem\\\/#primaryimage\"},\"image\":{\"@id\":\"https:\\\/\\\/www.altominho.tv\\\/site\\\/2026\\\/03\\\/18\\\/homem-morre-atropelado-pelo-proprio-carro-em-garagem\\\/#primaryimage\"},\"thumbnailUrl\":\"https:\\\/\\\/www.altominho.tv\\\/site\\\/wp-content\\\/uploads\\\/2026\\\/03\\\/vmer.png\",\"datePublished\":\"2026-03-18T13:23:56+00:00\",\"dateModified\":\"2026-03-18T13:23:59+00:00\",\"author\":{\"@id\":\"https:\\\/\\\/www.altominho.tv\\\/site\\\/#\\\/schema\\\/person\\\/c5570e5afb933b8d08c43373326ef1b1\"},\"description\":\"Um homem morreu na manh\u00e3 desta quarta-feira na sequ\u00eancia de um acidente ocorrido na garagem da sua habita\u00e7\u00e3o, na freguesia de Nogueira, em Viana do Castelo.\",\"breadcrumb\":{\"@id\":\"https:\\\/\\\/www.altominho.tv\\\/site\\\/2026\\\/03\\\/18\\\/homem-morre-atropelado-pelo-proprio-carro-em-garagem\\\/#breadcrumb\"},\"inLanguage\":\"pt-PT\",\"potentialAction\":[{\"@type\":\"ReadAction\",\"target\":[\"https:\\\/\\\/www.altominho.tv\\\/site\\\/2026\\\/03\\\/18\\\/homem-morre-atropelado-pelo-proprio-carro-em-garagem\\\/\"]}]},{\"@type\":\"ImageObject\",\"inLanguage\":\"pt-PT\",\"@id\":\"https:\\\/\\\/www.altominho.tv\\\/site\\\/2026\\\/03\\\/18\\\/homem-morre-atropelado-pelo-proprio-carro-em-garagem\\\/#primaryimage\",\"url\":\"https:\\\/\\\/www.altominho.tv\\\/site\\\/wp-content\\\/uploads\\\/2026\\\/03\\\/vmer.png\",\"contentUrl\":\"https:\\\/\\\/www.altominho.tv\\\/site\\\/wp-content\\\/uploads\\\/2026\\\/03\\\/vmer.png\",\"width\":1200,\"height\":630},{\"@type\":\"BreadcrumbList\",\"@id\":\"https:\\\/\\\/www.altominho.tv\\\/site\\\/2026\\\/03\\\/18\\\/homem-morre-atropelado-pelo-proprio-carro-em-garagem\\\/#breadcrumb\",\"itemListElement\":[{\"@type\":\"ListItem\",\"position\":1,\"name\":\"In\u00edcio\",\"item\":\"https:\\\/\\\/www.altominho.tv\\\/site\\\/\"},{\"@type\":\"ListItem\",\"position\":2,\"name\":\"Homem morre atropelado pelo pr\u00f3prio carro em garagem\"}]},{\"@type\":\"WebSite\",\"@id\":\"https:\\\/\\\/www.altominho.tv\\\/site\\\/#website\",\"url\":\"https:\\\/\\\/www.altominho.tv\\\/site\\\/\",\"name\":\"Altominho.tv\",\"description\":\"A sua regi\u00e3o \u00e0 dist\u00e2ncia de um clique...\",\"potentialAction\":[{\"@type\":\"SearchAction\",\"target\":{\"@type\":\"EntryPoint\",\"urlTemplate\":\"https:\\\/\\\/www.altominho.tv\\\/site\\\/?s={search_term_string}\"},\"query-input\":{\"@type\":\"PropertyValueSpecification\",\"valueRequired\":true,\"valueName\":\"search_term_string\"}}],\"inLanguage\":\"pt-PT\"},{\"@type\":\"Person\",\"@id\":\"https:\\\/\\\/www.altominho.tv\\\/site\\\/#\\\/schema\\\/person\\\/c5570e5afb933b8d08c43373326ef1b1\",\"name\":\"Cesar Lopes\",\"image\":{\"@type\":\"ImageObject\",\"inLanguage\":\"pt-PT\",\"@id\":\"https:\\\/\\\/www.altominho.tv\\\/site\\\/wp-content\\\/uploads\\\/2022\\\/10\\\/Sem-Titulo-150x150.jpg\",\"url\":\"https:\\\/\\\/www.altominho.tv\\\/site\\\/wp-content\\\/uploads\\\/2022\\\/10\\\/Sem-Titulo-150x150.jpg\",\"contentUrl\":\"https:\\\/\\\/www.altominho.tv\\\/site\\\/wp-content\\\/uploads\\\/2022\\\/10\\\/Sem-Titulo-150x150.jpg\",\"caption\":\"Cesar Lopes\"},\"url\":\"https:\\\/\\\/www.altominho.tv\\\/site\\\/author\\\/cesarlopes\\\/\"}]}<\/script>\n<!-- \/ Yoast SEO Premium plugin. -->","yoast_head_json":{"title":"Homem morre atropelado pelo pr\u00f3prio carro em garagem","description":"Um homem morreu na manh\u00e3 desta quarta-feira na sequ\u00eancia de um acidente ocorrido na garagem da sua habita\u00e7\u00e3o, na freguesia de Nogueira, em Viana do Castelo.","robots":{"index":"index","follow":"follow","max-snippet":"max-snippet:-1","max-image-preview":"max-image-preview:large","max-video-preview":"max-video-preview:-1"},"canonical":"https:\/\/www.altominho.tv\/site\/2026\/03\/18\/homem-morre-atropelado-pelo-proprio-carro-em-garagem\/","og_locale":"pt_PT","og_type":"article","og_title":"Homem morre atropelado pelo pr\u00f3prio carro em garagem","og_description":"Um homem morreu na manh\u00e3 desta quarta-feira na sequ\u00eancia de um acidente ocorrido na garagem da sua habita\u00e7\u00e3o, na freguesia de Nogueira, em Viana do Castelo.","og_url":"https:\/\/www.altominho.tv\/site\/2026\/03\/18\/homem-morre-atropelado-pelo-proprio-carro-em-garagem\/","og_site_name":"Altominho.tv","article_publisher":"https:\/\/www.facebook.com\/altominhotv","article_published_time":"2026-03-18T13:23:56+00:00","article_modified_time":"2026-03-18T13:23:59+00:00","og_image":[{"width":1200,"height":630,"url":"https:\/\/www.altominho.tv\/site\/wp-content\/uploads\/2026\/03\/vmer.png","type":"image\/png"}],"author":"Cesar Lopes","twitter_card":"summary_large_image","twitter_creator":"@altominhoTV","twitter_site":"@altominhoTV","twitter_misc":{"Escrito por":"Cesar Lopes","Tempo estimado de leitura":"1 minuto"},"schema":{"@context":"https:\/\/schema.org","@graph":[{"@type":"Article","@id":"https:\/\/www.altominho.tv\/site\/2026\/03\/18\/homem-morre-atropelado-pelo-proprio-carro-em-garagem\/#article","isPartOf":{"@id":"https:\/\/www.altominho.tv\/site\/2026\/03\/18\/homem-morre-atropelado-pelo-proprio-carro-em-garagem\/"},"author":{"name":"Cesar Lopes","@id":"https:\/\/www.altominho.tv\/site\/#\/schema\/person\/c5570e5afb933b8d08c43373326ef1b1"},"headline":"Homem morre atropelado pelo pr\u00f3prio carro em garagem","datePublished":"2026-03-18T13:23:56+00:00","dateModified":"2026-03-18T13:23:59+00:00","mainEntityOfPage":{"@id":"https:\/\/www.altominho.tv\/site\/2026\/03\/18\/homem-morre-atropelado-pelo-proprio-carro-em-garagem\/"},"wordCount":121,"image":{"@id":"https:\/\/www.altominho.tv\/site\/2026\/03\/18\/homem-morre-atropelado-pelo-proprio-carro-em-garagem\/#primaryimage"},"thumbnailUrl":"https:\/\/www.altominho.tv\/site\/wp-content\/uploads\/2026\/03\/vmer.png","keywords":["Sociedade"],"articleSection":["Viana do Castelo"],"inLanguage":"pt-PT","copyrightYear":"2026","copyrightHolder":{"@id":"https:\/\/www.altominho.tv\/site\/#organization"}},{"@type":"WebPage","@id":"https:\/\/www.altominho.tv\/site\/2026\/03\/18\/homem-morre-atropelado-pelo-proprio-carro-em-garagem\/","url":"https:\/\/www.altominho.tv\/site\/2026\/03\/18\/homem-morre-atropelado-pelo-proprio-carro-em-garagem\/","name":"Homem morre atropelado pelo pr\u00f3prio carro em garagem","isPartOf":{"@id":"https:\/\/www.altominho.tv\/site\/#website"},"primaryImageOfPage":{"@id":"https:\/\/www.altominho.tv\/site\/2026\/03\/18\/homem-morre-atropelado-pelo-proprio-carro-em-garagem\/#primaryimage"},"image":{"@id":"https:\/\/www.altominho.tv\/site\/2026\/03\/18\/homem-morre-atropelado-pelo-proprio-carro-em-garagem\/#primaryimage"},"thumbnailUrl":"https:\/\/www.altominho.tv\/site\/wp-content\/uploads\/2026\/03\/vmer.png","datePublished":"2026-03-18T13:23:56+00:00","dateModified":"2026-03-18T13:23:59+00:00","author":{"@id":"https:\/\/www.altominho.tv\/site\/#\/schema\/person\/c5570e5afb933b8d08c43373326ef1b1"},"description":"Um homem morreu na manh\u00e3 desta quarta-feira na sequ\u00eancia de um acidente ocorrido na garagem da sua habita\u00e7\u00e3o, na freguesia de Nogueira, em Viana do Castelo.","breadcrumb":{"@id":"https:\/\/www.altominho.tv\/site\/2026\/03\/18\/homem-morre-atropelado-pelo-proprio-carro-em-garagem\/#breadcrumb"},"inLanguage":"pt-PT","potentialAction":[{"@type":"ReadAction","target":["https:\/\/www.altominho.tv\/site\/2026\/03\/18\/homem-morre-atropelado-pelo-proprio-carro-em-garagem\/"]}]},{"@type":"ImageObject","inLanguage":"pt-PT","@id":"https:\/\/www.altominho.tv\/site\/2026\/03\/18\/homem-morre-atropelado-pelo-proprio-carro-em-garagem\/#primaryimage","url":"https:\/\/www.altominho.tv\/site\/wp-content\/uploads\/2026\/03\/vmer.png","contentUrl":"https:\/\/www.altominho.tv\/site\/wp-content\/uploads\/2026\/03\/vmer.png","width":1200,"height":630},{"@type":"BreadcrumbList","@id":"https:\/\/www.altominho.tv\/site\/2026\/03\/18\/homem-morre-atropelado-pelo-proprio-carro-em-garagem\/#breadcrumb","itemListElement":[{"@type":"ListItem","position":1,"name":"In\u00edcio","item":"https:\/\/www.altominho.tv\/site\/"},{"@type":"ListItem","position":2,"name":"Homem morre atropelado pelo pr\u00f3prio carro em garagem"}]},{"@type":"WebSite","@id":"https:\/\/www.altominho.tv\/site\/#website","url":"https:\/\/www.altominho.tv\/site\/","name":"Altominho.tv","description":"A sua regi\u00e3o \u00e0 dist\u00e2ncia de um clique...","potentialAction":[{"@type":"SearchAction","target":{"@type":"EntryPoint","urlTemplate":"https:\/\/www.altominho.tv\/site\/?s={search_term_string}"},"query-input":{"@type":"PropertyValueSpecification","valueRequired":true,"valueName":"search_term_string"}}],"inLanguage":"pt-PT"},{"@type":"Person","@id":"https:\/\/www.altominho.tv\/site\/#\/schema\/person\/c5570e5afb933b8d08c43373326ef1b1","name":"Cesar Lopes","image":{"@type":"ImageObject","inLanguage":"pt-PT","@id":"https:\/\/www.altominho.tv\/site\/wp-content\/uploads\/2022\/10\/Sem-Titulo-150x150.jpg","url":"https:\/\/www.altominho.tv\/site\/wp-content\/uploads\/2022\/10\/Sem-Titulo-150x150.jpg","contentUrl":"https:\/\/www.altominho.tv\/site\/wp-content\/uploads\/2022\/10\/Sem-Titulo-150x150.jpg","caption":"Cesar Lopes"},"url":"https:\/\/www.altominho.tv\/site\/author\/cesarlopes\/"}]}},"_links":{"self":[{"href":"https:\/\/www.altominho.tv\/site\/wp-json\/wp\/v2\/posts\/130069","targetHints":{"allow":["GET"]}}],"collection":[{"href":"https:\/\/www.altominho.tv\/site\/wp-json\/wp\/v2\/posts"}],"about":[{"href":"https:\/\/www.altominho.tv\/site\/wp-json\/wp\/v2\/types\/post"}],"author":[{"embeddable":true,"href":"https:\/\/www.altominho.tv\/site\/wp-json\/wp\/v2\/users\/24"}],"replies":[{"embeddable":true,"href":"https:\/\/www.altominho.tv\/site\/wp-json\/wp\/v2\/comments?post=130069"}],"version-history":[{"count":1,"href":"https:\/\/www.altominho.tv\/site\/wp-json\/wp\/v2\/posts\/130069\/revisions"}],"predecessor-version":[{"id":130071,"href":"https:\/\/www.altominho.tv\/site\/wp-json\/wp\/v2\/posts\/130069\/revisions\/130071"}],"wp:featuredmedia":[{"embeddable":true,"href":"https:\/\/www.altominho.tv\/site\/wp-json\/wp\/v2\/media\/130070"}],"wp:attachment":[{"href":"https:\/\/www.altominho.tv\/site\/wp-json\/wp\/v2\/media?parent=130069"}],"wp:term":[{"taxonomy":"category","embeddable":true,"href":"https:\/\/www.altominho.tv\/site\/wp-json\/wp\/v2\/categories?post=130069"},{"taxonomy":"post_tag","embeddable":true,"href":"https:\/\/www.altominho.tv\/site\/wp-json\/wp\/v2\/tags?post=130069"}],"curies":[{"name":"wp","href":"https:\/\/api.w.org\/{rel}","templated":true}]}}