{"id":130037,"date":"2026-03-18T09:22:36","date_gmt":"2026-03-18T09:22:36","guid":{"rendered":"https:\/\/www.altominho.tv\/site\/?p=130037"},"modified":"2026-03-18T09:22:40","modified_gmt":"2026-03-18T09:22:40","slug":"tuna-academica-do-ipvc-conquista-premio-no-porto","status":"publish","type":"post","link":"https:\/\/www.altominho.tv\/site\/2026\/03\/18\/tuna-academica-do-ipvc-conquista-premio-no-porto\/","title":{"rendered":"Tuna Acad\u00e9mica do IPVC conquista pr\u00e9mio no Porto"},"content":{"rendered":"<p class=\"p1\">A Hinoportuna \u2013 Tuna Acad\u00e9mica do Polit\u00e9cnico de Viana do Castelo venceu o pr\u00e9mio de Melhor Instrumental no XXVI FITUP \u2013 Festival Internacional de Tunas da Universidade Portucalense, que teve lugar no Porto. Organizado pela TAUP \u2013 Tuna Acad\u00e9mica da Universidade Portucalense, o XXVI FITUP reuniu, ao longo de dois dias, seis tunas a concurso.<\/p>\n<p class=\"p1\">A Hinoportuna subiu ao palco na primeira noite do festival com uma atua\u00e7\u00e3o que conquistou o p\u00fablico e o j\u00fari. A performance da Tuna Acad\u00e9mica do Polit\u00e9cnico de Viana do Castelo destacou-se pela qualidade musical e pelo rigor t\u00e9cnico, valendo-lhe o pr\u00e9mio de Melhor Instrumental.<\/p>\n<p class=\"p1\">O grupo prepara-se agora para a pr\u00f3xima edi\u00e7\u00e3o do Lethes, que ir\u00e1 decorrer nos dias 8 e 9 de maio. O festival ir\u00e1 contar com a tradicional Serenata na S\u00e9 Catedral de Viana do Castelo, onde ser\u00e3o apresentadas as tunas \u00e0 cidade, no primeiro dia. J\u00e1 na noite seguinte, o espet\u00e1culo muda-se para o Teatro S\u00e1 de Miranda.<\/p>\n","protected":false},"excerpt":{"rendered":"<p>A Hinoportuna \u2013 Tuna Acad\u00e9mica do Polit\u00e9cnico de Viana do Castelo venceu o pr\u00e9mio de Melhor Instrumental no XXVI FITUP \u2013 Festival Internacional de Tunas da Universidade Portucalense, que teve lugar no Porto. Organizado pela TAUP \u2013 Tuna Acad\u00e9mica da Universidade Portucalense, o XXVI FITUP reuniu, ao longo de dois dias, seis tunas a concurso. [&hellip;]<\/p>\n","protected":false},"author":30,"featured_media":130038,"comment_status":"closed","ping_status":"closed","sticky":false,"template":"","format":"standard","meta":{"_exactmetrics_skip_tracking":false,"_exactmetrics_sitenote_active":false,"_exactmetrics_sitenote_note":"","_exactmetrics_sitenote_category":0,"footnotes":""},"categories":[14],"tags":[27],"class_list":["post-130037","post","type-post","status-publish","format-standard","has-post-thumbnail","hentry","category-viana-do-castelo","tag-sociedade"],"yoast_head":"<!-- This site is optimized with the Yoast SEO Premium plugin v27.4 (Yoast SEO v27.4) - https:\/\/yoast.com\/product\/yoast-seo-premium-wordpress\/ -->\n<title>Tuna Acad\u00e9mica do IPVC conquista pr\u00e9mio no Porto<\/title>\n<meta name=\"description\" content=\"A Hinoportuna \u2013 Tuna Acad\u00e9mica do Polit\u00e9cnico de Viana do Castelo venceu o pr\u00e9mio de Melhor Instrumental no XXVI FITUP \u2013 Festival Internacional de Tunas da Universidade Portucalense, que teve lugar no Porto\" \/>\n<meta name=\"robots\" content=\"index, follow, max-snippet:-1, max-image-preview:large, max-video-preview:-1\" \/>\n<link rel=\"canonical\" href=\"https:\/\/www.altominho.tv\/site\/2026\/03\/18\/tuna-academica-do-ipvc-conquista-premio-no-porto\/\" \/>\n<meta property=\"og:locale\" content=\"pt_PT\" \/>\n<meta property=\"og:type\" content=\"article\" \/>\n<meta property=\"og:title\" content=\"Tuna Acad\u00e9mica do IPVC conquista pr\u00e9mio no Porto\" \/>\n<meta property=\"og:description\" content=\"A Hinoportuna \u2013 Tuna Acad\u00e9mica do Polit\u00e9cnico de Viana do Castelo venceu o pr\u00e9mio de Melhor Instrumental no XXVI FITUP \u2013 Festival Internacional de Tunas da Universidade Portucalense, que teve lugar no Porto\" \/>\n<meta property=\"og:url\" content=\"https:\/\/www.altominho.tv\/site\/2026\/03\/18\/tuna-academica-do-ipvc-conquista-premio-no-porto\/\" \/>\n<meta property=\"og:site_name\" content=\"Altominho.tv\" \/>\n<meta property=\"article:publisher\" content=\"https:\/\/www.facebook.com\/altominhotv\" \/>\n<meta property=\"article:published_time\" content=\"2026-03-18T09:22:36+00:00\" \/>\n<meta property=\"article:modified_time\" content=\"2026-03-18T09:22:40+00:00\" \/>\n<meta property=\"og:image\" content=\"https:\/\/www.altominho.tv\/site\/wp-content\/uploads\/2026\/03\/Hinoportuna.jpg\" \/>\n\t<meta property=\"og:image:width\" content=\"1200\" \/>\n\t<meta property=\"og:image:height\" content=\"630\" \/>\n\t<meta property=\"og:image:type\" content=\"image\/jpeg\" \/>\n<meta name=\"author\" content=\"Eduarda Cardoso\" \/>\n<meta name=\"twitter:card\" content=\"summary_large_image\" \/>\n<meta name=\"twitter:creator\" content=\"@altominhoTV\" \/>\n<meta name=\"twitter:site\" content=\"@altominhoTV\" \/>\n<meta name=\"twitter:label1\" content=\"Escrito por\" \/>\n\t<meta name=\"twitter:data1\" content=\"Eduarda Cardoso\" \/>\n\t<meta name=\"twitter:label2\" content=\"Tempo estimado de leitura\" \/>\n\t<meta name=\"twitter:data2\" content=\"2 minutos\" \/>\n<script type=\"application\/ld+json\" class=\"yoast-schema-graph\">{\"@context\":\"https:\\\/\\\/schema.org\",\"@graph\":[{\"@type\":\"Article\",\"@id\":\"https:\\\/\\\/www.altominho.tv\\\/site\\\/2026\\\/03\\\/18\\\/tuna-academica-do-ipvc-conquista-premio-no-porto\\\/#article\",\"isPartOf\":{\"@id\":\"https:\\\/\\\/www.altominho.tv\\\/site\\\/2026\\\/03\\\/18\\\/tuna-academica-do-ipvc-conquista-premio-no-porto\\\/\"},\"author\":{\"name\":\"Eduarda Cardoso\",\"@id\":\"https:\\\/\\\/www.altominho.tv\\\/site\\\/#\\\/schema\\\/person\\\/9e351387b727413d005ccf1152c93539\"},\"headline\":\"Tuna Acad\u00e9mica do IPVC conquista pr\u00e9mio no Porto\",\"datePublished\":\"2026-03-18T09:22:36+00:00\",\"dateModified\":\"2026-03-18T09:22:40+00:00\",\"mainEntityOfPage\":{\"@id\":\"https:\\\/\\\/www.altominho.tv\\\/site\\\/2026\\\/03\\\/18\\\/tuna-academica-do-ipvc-conquista-premio-no-porto\\\/\"},\"wordCount\":177,\"image\":{\"@id\":\"https:\\\/\\\/www.altominho.tv\\\/site\\\/2026\\\/03\\\/18\\\/tuna-academica-do-ipvc-conquista-premio-no-porto\\\/#primaryimage\"},\"thumbnailUrl\":\"https:\\\/\\\/www.altominho.tv\\\/site\\\/wp-content\\\/uploads\\\/2026\\\/03\\\/Hinoportuna.jpg\",\"keywords\":[\"Sociedade\"],\"articleSection\":[\"Viana do Castelo\"],\"inLanguage\":\"pt-PT\",\"copyrightYear\":\"2026\",\"copyrightHolder\":{\"@id\":\"https:\\\/\\\/www.altominho.tv\\\/site\\\/#organization\"}},{\"@type\":\"WebPage\",\"@id\":\"https:\\\/\\\/www.altominho.tv\\\/site\\\/2026\\\/03\\\/18\\\/tuna-academica-do-ipvc-conquista-premio-no-porto\\\/\",\"url\":\"https:\\\/\\\/www.altominho.tv\\\/site\\\/2026\\\/03\\\/18\\\/tuna-academica-do-ipvc-conquista-premio-no-porto\\\/\",\"name\":\"Tuna Acad\u00e9mica do IPVC conquista pr\u00e9mio no Porto\",\"isPartOf\":{\"@id\":\"https:\\\/\\\/www.altominho.tv\\\/site\\\/#website\"},\"primaryImageOfPage\":{\"@id\":\"https:\\\/\\\/www.altominho.tv\\\/site\\\/2026\\\/03\\\/18\\\/tuna-academica-do-ipvc-conquista-premio-no-porto\\\/#primaryimage\"},\"image\":{\"@id\":\"https:\\\/\\\/www.altominho.tv\\\/site\\\/2026\\\/03\\\/18\\\/tuna-academica-do-ipvc-conquista-premio-no-porto\\\/#primaryimage\"},\"thumbnailUrl\":\"https:\\\/\\\/www.altominho.tv\\\/site\\\/wp-content\\\/uploads\\\/2026\\\/03\\\/Hinoportuna.jpg\",\"datePublished\":\"2026-03-18T09:22:36+00:00\",\"dateModified\":\"2026-03-18T09:22:40+00:00\",\"author\":{\"@id\":\"https:\\\/\\\/www.altominho.tv\\\/site\\\/#\\\/schema\\\/person\\\/9e351387b727413d005ccf1152c93539\"},\"description\":\"A Hinoportuna \u2013 Tuna Acad\u00e9mica do Polit\u00e9cnico de Viana do Castelo venceu o pr\u00e9mio de Melhor Instrumental no XXVI FITUP \u2013 Festival Internacional de Tunas da Universidade Portucalense, que teve lugar no Porto\",\"breadcrumb\":{\"@id\":\"https:\\\/\\\/www.altominho.tv\\\/site\\\/2026\\\/03\\\/18\\\/tuna-academica-do-ipvc-conquista-premio-no-porto\\\/#breadcrumb\"},\"inLanguage\":\"pt-PT\",\"potentialAction\":[{\"@type\":\"ReadAction\",\"target\":[\"https:\\\/\\\/www.altominho.tv\\\/site\\\/2026\\\/03\\\/18\\\/tuna-academica-do-ipvc-conquista-premio-no-porto\\\/\"]}]},{\"@type\":\"ImageObject\",\"inLanguage\":\"pt-PT\",\"@id\":\"https:\\\/\\\/www.altominho.tv\\\/site\\\/2026\\\/03\\\/18\\\/tuna-academica-do-ipvc-conquista-premio-no-porto\\\/#primaryimage\",\"url\":\"https:\\\/\\\/www.altominho.tv\\\/site\\\/wp-content\\\/uploads\\\/2026\\\/03\\\/Hinoportuna.jpg\",\"contentUrl\":\"https:\\\/\\\/www.altominho.tv\\\/site\\\/wp-content\\\/uploads\\\/2026\\\/03\\\/Hinoportuna.jpg\",\"width\":1200,\"height\":630},{\"@type\":\"BreadcrumbList\",\"@id\":\"https:\\\/\\\/www.altominho.tv\\\/site\\\/2026\\\/03\\\/18\\\/tuna-academica-do-ipvc-conquista-premio-no-porto\\\/#breadcrumb\",\"itemListElement\":[{\"@type\":\"ListItem\",\"position\":1,\"name\":\"In\u00edcio\",\"item\":\"https:\\\/\\\/www.altominho.tv\\\/site\\\/\"},{\"@type\":\"ListItem\",\"position\":2,\"name\":\"Tuna Acad\u00e9mica do IPVC conquista pr\u00e9mio no Porto\"}]},{\"@type\":\"WebSite\",\"@id\":\"https:\\\/\\\/www.altominho.tv\\\/site\\\/#website\",\"url\":\"https:\\\/\\\/www.altominho.tv\\\/site\\\/\",\"name\":\"Altominho.tv\",\"description\":\"A sua regi\u00e3o \u00e0 dist\u00e2ncia de um clique...\",\"potentialAction\":[{\"@type\":\"SearchAction\",\"target\":{\"@type\":\"EntryPoint\",\"urlTemplate\":\"https:\\\/\\\/www.altominho.tv\\\/site\\\/?s={search_term_string}\"},\"query-input\":{\"@type\":\"PropertyValueSpecification\",\"valueRequired\":true,\"valueName\":\"search_term_string\"}}],\"inLanguage\":\"pt-PT\"},{\"@type\":\"Person\",\"@id\":\"https:\\\/\\\/www.altominho.tv\\\/site\\\/#\\\/schema\\\/person\\\/9e351387b727413d005ccf1152c93539\",\"name\":\"Eduarda Cardoso\",\"image\":{\"@type\":\"ImageObject\",\"inLanguage\":\"pt-PT\",\"@id\":\"https:\\\/\\\/www.altominho.tv\\\/site\\\/wp-content\\\/uploads\\\/2021\\\/01\\\/cropped-Logo-ATV_WEB-150x150.png\",\"url\":\"https:\\\/\\\/www.altominho.tv\\\/site\\\/wp-content\\\/uploads\\\/2021\\\/01\\\/cropped-Logo-ATV_WEB-150x150.png\",\"contentUrl\":\"https:\\\/\\\/www.altominho.tv\\\/site\\\/wp-content\\\/uploads\\\/2021\\\/01\\\/cropped-Logo-ATV_WEB-150x150.png\",\"caption\":\"Eduarda Cardoso\"},\"url\":\"https:\\\/\\\/www.altominho.tv\\\/site\\\/author\\\/eduarda-cardoso\\\/\"}]}<\/script>\n<!-- \/ Yoast SEO Premium plugin. -->","yoast_head_json":{"title":"Tuna Acad\u00e9mica do IPVC conquista pr\u00e9mio no Porto","description":"A Hinoportuna \u2013 Tuna Acad\u00e9mica do Polit\u00e9cnico de Viana do Castelo venceu o pr\u00e9mio de Melhor Instrumental no XXVI FITUP \u2013 Festival Internacional de Tunas da Universidade Portucalense, que teve lugar no Porto","robots":{"index":"index","follow":"follow","max-snippet":"max-snippet:-1","max-image-preview":"max-image-preview:large","max-video-preview":"max-video-preview:-1"},"canonical":"https:\/\/www.altominho.tv\/site\/2026\/03\/18\/tuna-academica-do-ipvc-conquista-premio-no-porto\/","og_locale":"pt_PT","og_type":"article","og_title":"Tuna Acad\u00e9mica do IPVC conquista pr\u00e9mio no Porto","og_description":"A Hinoportuna \u2013 Tuna Acad\u00e9mica do Polit\u00e9cnico de Viana do Castelo venceu o pr\u00e9mio de Melhor Instrumental no XXVI FITUP \u2013 Festival Internacional de Tunas da Universidade Portucalense, que teve lugar no Porto","og_url":"https:\/\/www.altominho.tv\/site\/2026\/03\/18\/tuna-academica-do-ipvc-conquista-premio-no-porto\/","og_site_name":"Altominho.tv","article_publisher":"https:\/\/www.facebook.com\/altominhotv","article_published_time":"2026-03-18T09:22:36+00:00","article_modified_time":"2026-03-18T09:22:40+00:00","og_image":[{"width":1200,"height":630,"url":"https:\/\/www.altominho.tv\/site\/wp-content\/uploads\/2026\/03\/Hinoportuna.jpg","type":"image\/jpeg"}],"author":"Eduarda Cardoso","twitter_card":"summary_large_image","twitter_creator":"@altominhoTV","twitter_site":"@altominhoTV","twitter_misc":{"Escrito por":"Eduarda Cardoso","Tempo estimado de leitura":"2 minutos"},"schema":{"@context":"https:\/\/schema.org","@graph":[{"@type":"Article","@id":"https:\/\/www.altominho.tv\/site\/2026\/03\/18\/tuna-academica-do-ipvc-conquista-premio-no-porto\/#article","isPartOf":{"@id":"https:\/\/www.altominho.tv\/site\/2026\/03\/18\/tuna-academica-do-ipvc-conquista-premio-no-porto\/"},"author":{"name":"Eduarda Cardoso","@id":"https:\/\/www.altominho.tv\/site\/#\/schema\/person\/9e351387b727413d005ccf1152c93539"},"headline":"Tuna Acad\u00e9mica do IPVC conquista pr\u00e9mio no Porto","datePublished":"2026-03-18T09:22:36+00:00","dateModified":"2026-03-18T09:22:40+00:00","mainEntityOfPage":{"@id":"https:\/\/www.altominho.tv\/site\/2026\/03\/18\/tuna-academica-do-ipvc-conquista-premio-no-porto\/"},"wordCount":177,"image":{"@id":"https:\/\/www.altominho.tv\/site\/2026\/03\/18\/tuna-academica-do-ipvc-conquista-premio-no-porto\/#primaryimage"},"thumbnailUrl":"https:\/\/www.altominho.tv\/site\/wp-content\/uploads\/2026\/03\/Hinoportuna.jpg","keywords":["Sociedade"],"articleSection":["Viana do Castelo"],"inLanguage":"pt-PT","copyrightYear":"2026","copyrightHolder":{"@id":"https:\/\/www.altominho.tv\/site\/#organization"}},{"@type":"WebPage","@id":"https:\/\/www.altominho.tv\/site\/2026\/03\/18\/tuna-academica-do-ipvc-conquista-premio-no-porto\/","url":"https:\/\/www.altominho.tv\/site\/2026\/03\/18\/tuna-academica-do-ipvc-conquista-premio-no-porto\/","name":"Tuna Acad\u00e9mica do IPVC conquista pr\u00e9mio no Porto","isPartOf":{"@id":"https:\/\/www.altominho.tv\/site\/#website"},"primaryImageOfPage":{"@id":"https:\/\/www.altominho.tv\/site\/2026\/03\/18\/tuna-academica-do-ipvc-conquista-premio-no-porto\/#primaryimage"},"image":{"@id":"https:\/\/www.altominho.tv\/site\/2026\/03\/18\/tuna-academica-do-ipvc-conquista-premio-no-porto\/#primaryimage"},"thumbnailUrl":"https:\/\/www.altominho.tv\/site\/wp-content\/uploads\/2026\/03\/Hinoportuna.jpg","datePublished":"2026-03-18T09:22:36+00:00","dateModified":"2026-03-18T09:22:40+00:00","author":{"@id":"https:\/\/www.altominho.tv\/site\/#\/schema\/person\/9e351387b727413d005ccf1152c93539"},"description":"A Hinoportuna \u2013 Tuna Acad\u00e9mica do Polit\u00e9cnico de Viana do Castelo venceu o pr\u00e9mio de Melhor Instrumental no XXVI FITUP \u2013 Festival Internacional de Tunas da Universidade Portucalense, que teve lugar no Porto","breadcrumb":{"@id":"https:\/\/www.altominho.tv\/site\/2026\/03\/18\/tuna-academica-do-ipvc-conquista-premio-no-porto\/#breadcrumb"},"inLanguage":"pt-PT","potentialAction":[{"@type":"ReadAction","target":["https:\/\/www.altominho.tv\/site\/2026\/03\/18\/tuna-academica-do-ipvc-conquista-premio-no-porto\/"]}]},{"@type":"ImageObject","inLanguage":"pt-PT","@id":"https:\/\/www.altominho.tv\/site\/2026\/03\/18\/tuna-academica-do-ipvc-conquista-premio-no-porto\/#primaryimage","url":"https:\/\/www.altominho.tv\/site\/wp-content\/uploads\/2026\/03\/Hinoportuna.jpg","contentUrl":"https:\/\/www.altominho.tv\/site\/wp-content\/uploads\/2026\/03\/Hinoportuna.jpg","width":1200,"height":630},{"@type":"BreadcrumbList","@id":"https:\/\/www.altominho.tv\/site\/2026\/03\/18\/tuna-academica-do-ipvc-conquista-premio-no-porto\/#breadcrumb","itemListElement":[{"@type":"ListItem","position":1,"name":"In\u00edcio","item":"https:\/\/www.altominho.tv\/site\/"},{"@type":"ListItem","position":2,"name":"Tuna Acad\u00e9mica do IPVC conquista pr\u00e9mio no Porto"}]},{"@type":"WebSite","@id":"https:\/\/www.altominho.tv\/site\/#website","url":"https:\/\/www.altominho.tv\/site\/","name":"Altominho.tv","description":"A sua regi\u00e3o \u00e0 dist\u00e2ncia de um clique...","potentialAction":[{"@type":"SearchAction","target":{"@type":"EntryPoint","urlTemplate":"https:\/\/www.altominho.tv\/site\/?s={search_term_string}"},"query-input":{"@type":"PropertyValueSpecification","valueRequired":true,"valueName":"search_term_string"}}],"inLanguage":"pt-PT"},{"@type":"Person","@id":"https:\/\/www.altominho.tv\/site\/#\/schema\/person\/9e351387b727413d005ccf1152c93539","name":"Eduarda Cardoso","image":{"@type":"ImageObject","inLanguage":"pt-PT","@id":"https:\/\/www.altominho.tv\/site\/wp-content\/uploads\/2021\/01\/cropped-Logo-ATV_WEB-150x150.png","url":"https:\/\/www.altominho.tv\/site\/wp-content\/uploads\/2021\/01\/cropped-Logo-ATV_WEB-150x150.png","contentUrl":"https:\/\/www.altominho.tv\/site\/wp-content\/uploads\/2021\/01\/cropped-Logo-ATV_WEB-150x150.png","caption":"Eduarda Cardoso"},"url":"https:\/\/www.altominho.tv\/site\/author\/eduarda-cardoso\/"}]}},"_links":{"self":[{"href":"https:\/\/www.altominho.tv\/site\/wp-json\/wp\/v2\/posts\/130037","targetHints":{"allow":["GET"]}}],"collection":[{"href":"https:\/\/www.altominho.tv\/site\/wp-json\/wp\/v2\/posts"}],"about":[{"href":"https:\/\/www.altominho.tv\/site\/wp-json\/wp\/v2\/types\/post"}],"author":[{"embeddable":true,"href":"https:\/\/www.altominho.tv\/site\/wp-json\/wp\/v2\/users\/30"}],"replies":[{"embeddable":true,"href":"https:\/\/www.altominho.tv\/site\/wp-json\/wp\/v2\/comments?post=130037"}],"version-history":[{"count":1,"href":"https:\/\/www.altominho.tv\/site\/wp-json\/wp\/v2\/posts\/130037\/revisions"}],"predecessor-version":[{"id":130040,"href":"https:\/\/www.altominho.tv\/site\/wp-json\/wp\/v2\/posts\/130037\/revisions\/130040"}],"wp:featuredmedia":[{"embeddable":true,"href":"https:\/\/www.altominho.tv\/site\/wp-json\/wp\/v2\/media\/130038"}],"wp:attachment":[{"href":"https:\/\/www.altominho.tv\/site\/wp-json\/wp\/v2\/media?parent=130037"}],"wp:term":[{"taxonomy":"category","embeddable":true,"href":"https:\/\/www.altominho.tv\/site\/wp-json\/wp\/v2\/categories?post=130037"},{"taxonomy":"post_tag","embeddable":true,"href":"https:\/\/www.altominho.tv\/site\/wp-json\/wp\/v2\/tags?post=130037"}],"curies":[{"name":"wp","href":"https:\/\/api.w.org\/{rel}","templated":true}]}}