{"id":130027,"date":"2026-03-18T08:26:21","date_gmt":"2026-03-18T08:26:21","guid":{"rendered":"https:\/\/www.altominho.tv\/site\/?p=130027"},"modified":"2026-03-18T08:26:24","modified_gmt":"2026-03-18T08:26:24","slug":"escavacoes-arqueologicas-e-obras-do-mercado-de-viana-do-castelo-decorrem-em-paralelo","status":"publish","type":"post","link":"https:\/\/www.altominho.tv\/site\/2026\/03\/18\/escavacoes-arqueologicas-e-obras-do-mercado-de-viana-do-castelo-decorrem-em-paralelo\/","title":{"rendered":"Escava\u00e7\u00f5es arqueol\u00f3gicas e obras do mercado de Viana do Castelo decorrem em paralelo"},"content":{"rendered":"<p>O presidente da C\u00e2mara de Viana do Castelo disse\u00a0 que as escava\u00e7\u00f5es arqueol\u00f3gicas no local onde existiu o pr\u00e9dio Coutinho come\u00e7am segunda-feira e as obras de constru\u00e7\u00e3o do novo mercado v\u00e3o poder decorrer em simult\u00e2neo.<\/p>\n<p>\u201cNa segunda-feira s\u00e3o retomadas as escava\u00e7\u00f5es arqueol\u00f3gicas, mas vai ser poss\u00edvel compatibilizar essa tarefa com os trabalhos de constru\u00e7\u00e3o do novo mercado\u201d, afirmou Lu\u00eds Nobre.<\/p>\n<p>O autarca socialista, que falava \u00e0 comunica\u00e7\u00e3o social no final da reuni\u00e3o ordin\u00e1ria do executivo municipal, adiantou que a constru\u00e7\u00e3o do novo mercado \u201cn\u00e3o vai ser com densidade pretendida enquanto houver arque\u00f3logos no local\u201d.<\/p>\n<p>\u201cNo entanto, mas vai ser poss\u00edvel vai ser poss\u00edvel fazer as duas tarefas em simult\u00e2neo. J\u00e1 tivemos uma reuni\u00e3o com a empresa respons\u00e1vel pelas escava\u00e7\u00f5es arqueol\u00f3gicas e com o empreiteiro para trabalharem em conjunto, com as entidades do patrim\u00f3nio cultural envolvidas para agilizar o processo\u201d, adiantou.<\/p>\n<p>O tema da constru\u00e7\u00e3o do novo mercado surgiu no per\u00edodo antes da ordem de trabalhos, a prop\u00f3sito de uma interpela\u00e7\u00e3o de Paulo de Morais, da bancada do PSD (tr\u00eas vereadores) sobre o estacionamento na cidade que classificou de \u201cinsuficiente, desconexo e incoerente\u201d, considerando que os parques \u201cmais centrais s\u00e3o inacess\u00edveis e caros\u201d, referindo-se ao parque privado do 1\u00ba Maio e ao concessionado na Avenida dos Combatentes, a principal art\u00e9ria da cidade.<\/p>\n<p>Na resposta, Lu\u00eds Nobre a autarquia n\u00e3o pode interferir no valor praticado e adiantou que a concess\u00e3o do parque da avenida vai ser revista em 2029.<\/p>\n<p>Disse ainda que a capacidade de estacionamento na cidade vai aumentar quando estiver constru\u00eddo o parque de estacionamento de apoio ao novo mercado municipal.<\/p>\n<p>Lu\u00eds Nobre adiantou que n\u00e3o v\u00e3o surgir vest\u00edgios \u201csignificativos\u201d devido \u201c\u00e0 densidade das interven\u00e7\u00f5es de constru\u00e7\u00e3o do pr\u00e9dio Coutinho\u201d.<\/p>\n<p>As obras de constru\u00e7\u00e3o do mercado municipal foram interrompidas por ter aumentado a \u00e1rea de escava\u00e7\u00f5es depois de descobertos achados.<\/p>\n<p>A empreitada de constru\u00e7\u00e3o do novo mercado, avaliada em 13,37 milh\u00f5es de euros, come\u00e7ou em 29 de setembro e tinha como prazo de conclus\u00e3o 18 meses, sendo que a descoberta de achados arqueol\u00f3gicos j\u00e1 fez derrapar a obra em tr\u00eas meses.<\/p>\n<p>Vest\u00edgios do antigo convento de S\u00e3o Bento foram encontrados em outubro de 2025, durante as escava\u00e7\u00f5es no parque de estacionamento \u00e0 superf\u00edcie que existia nas traseiras do pr\u00e9dio Coutinho, desconstru\u00eddo em 2022 para instala\u00e7\u00e3o do novo mercado municipal.<\/p>\n<p>\u201cPor mais que nos complique o calend\u00e1rio temos de cumprir sen\u00e3o embargava-nos a obra e, era certamente mais dif\u00edcil de gerir esse processo. O calend\u00e1rio agora s\u00e3o 18 meses a contar a partir de segunda-feira\u201d, frisou.<\/p>\n<p>Lu\u00eds Nobre disse ainda, na sequ\u00eancia de uma interpela\u00e7\u00e3o de Duarte Martins da bancada do PSD, sobre transportes p\u00fablicos, que o servi\u00e7o p\u00fablico de transportes assegurado pela autarquia, \u201cfoi gratuito durante seis meses\u201d, apontando para breve a entrada em vigor do tarif\u00e1rio do TUViana, por &#8220;ja ter sido enviado para p+publica\u00e7\u00e3o em Di\u00e1rio da Rep\u00fablica&#8221;.<\/p>\n<p>O tarif\u00e1rio tem um passe \u00fanico de 20 euros. Para deficientes e seniores, o valor reduz para 10 euros. Para jovens e antigos combatentes, o passe \u00e9 gratuito.<\/p>\n<p>Os bilhetes ocasionais, adquiridos a bordo, custam 1,5 euros e o bilhete pr\u00e9-comprado um euro.<\/p>\n<p>J\u00e1 os bilhetes de utiliza\u00e7\u00e3o di\u00e1ria custar\u00e3o cinco euros para um dia ou 12 euros para tr\u00eas dias.<\/p>\n","protected":false},"excerpt":{"rendered":"<p>O presidente da C\u00e2mara de Viana do Castelo disse\u00a0 que as escava\u00e7\u00f5es arqueol\u00f3gicas no local onde existiu o pr\u00e9dio Coutinho come\u00e7am segunda-feira e as obras de constru\u00e7\u00e3o do novo mercado v\u00e3o poder decorrer em simult\u00e2neo. \u201cNa segunda-feira s\u00e3o retomadas as escava\u00e7\u00f5es arqueol\u00f3gicas, mas vai ser poss\u00edvel compatibilizar essa tarefa com os trabalhos de constru\u00e7\u00e3o do [&hellip;]<\/p>\n","protected":false},"author":1,"featured_media":106746,"comment_status":"closed","ping_status":"closed","sticky":false,"template":"","format":"standard","meta":{"_exactmetrics_skip_tracking":false,"_exactmetrics_sitenote_active":false,"_exactmetrics_sitenote_note":"","_exactmetrics_sitenote_category":0,"footnotes":""},"categories":[14],"tags":[27],"class_list":["post-130027","post","type-post","status-publish","format-standard","has-post-thumbnail","hentry","category-viana-do-castelo","tag-sociedade"],"yoast_head":"<!-- This site is optimized with the Yoast SEO Premium plugin v27.4 (Yoast SEO v27.4) - https:\/\/yoast.com\/product\/yoast-seo-premium-wordpress\/ -->\n<title>Escava\u00e7\u00f5es arqueol\u00f3gicas e obras do mercado de Viana do Castelo decorrem em paralelo<\/title>\n<meta name=\"robots\" content=\"index, follow, max-snippet:-1, max-image-preview:large, max-video-preview:-1\" \/>\n<link rel=\"canonical\" href=\"https:\/\/www.altominho.tv\/site\/2026\/03\/18\/escavacoes-arqueologicas-e-obras-do-mercado-de-viana-do-castelo-decorrem-em-paralelo\/\" \/>\n<meta property=\"og:locale\" content=\"pt_PT\" \/>\n<meta property=\"og:type\" content=\"article\" \/>\n<meta property=\"og:title\" content=\"Escava\u00e7\u00f5es arqueol\u00f3gicas e obras do mercado de Viana do Castelo decorrem em paralelo\" \/>\n<meta property=\"og:description\" content=\"O presidente da C\u00e2mara de Viana do Castelo disse\u00a0 que as escava\u00e7\u00f5es arqueol\u00f3gicas no local onde existiu o pr\u00e9dio Coutinho come\u00e7am segunda-feira e as obras de constru\u00e7\u00e3o do novo mercado v\u00e3o poder decorrer em simult\u00e2neo. \u201cNa segunda-feira s\u00e3o retomadas as escava\u00e7\u00f5es arqueol\u00f3gicas, mas vai ser poss\u00edvel compatibilizar essa tarefa com os trabalhos de constru\u00e7\u00e3o do [&hellip;]\" \/>\n<meta property=\"og:url\" content=\"https:\/\/www.altominho.tv\/site\/2026\/03\/18\/escavacoes-arqueologicas-e-obras-do-mercado-de-viana-do-castelo-decorrem-em-paralelo\/\" \/>\n<meta property=\"og:site_name\" content=\"Altominho.tv\" \/>\n<meta property=\"article:publisher\" content=\"https:\/\/www.facebook.com\/altominhotv\" \/>\n<meta property=\"article:published_time\" content=\"2026-03-18T08:26:21+00:00\" \/>\n<meta property=\"article:modified_time\" content=\"2026-03-18T08:26:24+00:00\" \/>\n<meta property=\"og:image\" content=\"https:\/\/www.altominho.tv\/site\/wp-content\/uploads\/2024\/04\/mercado-viana-.jpg\" \/>\n\t<meta property=\"og:image:width\" content=\"1920\" \/>\n\t<meta property=\"og:image:height\" content=\"1080\" \/>\n\t<meta property=\"og:image:type\" content=\"image\/jpeg\" \/>\n<meta name=\"author\" content=\"Altominho.tv\" \/>\n<meta name=\"twitter:card\" content=\"summary_large_image\" \/>\n<meta name=\"twitter:creator\" content=\"@altominhoTV\" \/>\n<meta name=\"twitter:site\" content=\"@altominhoTV\" \/>\n<meta name=\"twitter:label1\" content=\"Escrito por\" \/>\n\t<meta name=\"twitter:data1\" content=\"Altominho.tv\" \/>\n\t<meta name=\"twitter:label2\" content=\"Tempo estimado de leitura\" \/>\n\t<meta name=\"twitter:data2\" content=\"4 minutos\" \/>\n<script type=\"application\/ld+json\" class=\"yoast-schema-graph\">{\"@context\":\"https:\\\/\\\/schema.org\",\"@graph\":[{\"@type\":\"Article\",\"@id\":\"https:\\\/\\\/www.altominho.tv\\\/site\\\/2026\\\/03\\\/18\\\/escavacoes-arqueologicas-e-obras-do-mercado-de-viana-do-castelo-decorrem-em-paralelo\\\/#article\",\"isPartOf\":{\"@id\":\"https:\\\/\\\/www.altominho.tv\\\/site\\\/2026\\\/03\\\/18\\\/escavacoes-arqueologicas-e-obras-do-mercado-de-viana-do-castelo-decorrem-em-paralelo\\\/\"},\"author\":{\"name\":\"Altominho.tv\",\"@id\":\"https:\\\/\\\/www.altominho.tv\\\/site\\\/#\\\/schema\\\/person\\\/4e536851627d7914baf3dac752b6af22\"},\"headline\":\"Escava\u00e7\u00f5es arqueol\u00f3gicas e obras do mercado de Viana do Castelo decorrem em paralelo\",\"datePublished\":\"2026-03-18T08:26:21+00:00\",\"dateModified\":\"2026-03-18T08:26:24+00:00\",\"mainEntityOfPage\":{\"@id\":\"https:\\\/\\\/www.altominho.tv\\\/site\\\/2026\\\/03\\\/18\\\/escavacoes-arqueologicas-e-obras-do-mercado-de-viana-do-castelo-decorrem-em-paralelo\\\/\"},\"wordCount\":614,\"image\":{\"@id\":\"https:\\\/\\\/www.altominho.tv\\\/site\\\/2026\\\/03\\\/18\\\/escavacoes-arqueologicas-e-obras-do-mercado-de-viana-do-castelo-decorrem-em-paralelo\\\/#primaryimage\"},\"thumbnailUrl\":\"https:\\\/\\\/www.altominho.tv\\\/site\\\/wp-content\\\/uploads\\\/2024\\\/04\\\/mercado-viana-.jpg\",\"keywords\":[\"Sociedade\"],\"articleSection\":[\"Viana do Castelo\"],\"inLanguage\":\"pt-PT\",\"copyrightYear\":\"2026\",\"copyrightHolder\":{\"@id\":\"https:\\\/\\\/www.altominho.tv\\\/site\\\/#organization\"}},{\"@type\":\"WebPage\",\"@id\":\"https:\\\/\\\/www.altominho.tv\\\/site\\\/2026\\\/03\\\/18\\\/escavacoes-arqueologicas-e-obras-do-mercado-de-viana-do-castelo-decorrem-em-paralelo\\\/\",\"url\":\"https:\\\/\\\/www.altominho.tv\\\/site\\\/2026\\\/03\\\/18\\\/escavacoes-arqueologicas-e-obras-do-mercado-de-viana-do-castelo-decorrem-em-paralelo\\\/\",\"name\":\"Escava\u00e7\u00f5es arqueol\u00f3gicas e obras do mercado de Viana do Castelo decorrem em paralelo\",\"isPartOf\":{\"@id\":\"https:\\\/\\\/www.altominho.tv\\\/site\\\/#website\"},\"primaryImageOfPage\":{\"@id\":\"https:\\\/\\\/www.altominho.tv\\\/site\\\/2026\\\/03\\\/18\\\/escavacoes-arqueologicas-e-obras-do-mercado-de-viana-do-castelo-decorrem-em-paralelo\\\/#primaryimage\"},\"image\":{\"@id\":\"https:\\\/\\\/www.altominho.tv\\\/site\\\/2026\\\/03\\\/18\\\/escavacoes-arqueologicas-e-obras-do-mercado-de-viana-do-castelo-decorrem-em-paralelo\\\/#primaryimage\"},\"thumbnailUrl\":\"https:\\\/\\\/www.altominho.tv\\\/site\\\/wp-content\\\/uploads\\\/2024\\\/04\\\/mercado-viana-.jpg\",\"datePublished\":\"2026-03-18T08:26:21+00:00\",\"dateModified\":\"2026-03-18T08:26:24+00:00\",\"author\":{\"@id\":\"https:\\\/\\\/www.altominho.tv\\\/site\\\/#\\\/schema\\\/person\\\/4e536851627d7914baf3dac752b6af22\"},\"breadcrumb\":{\"@id\":\"https:\\\/\\\/www.altominho.tv\\\/site\\\/2026\\\/03\\\/18\\\/escavacoes-arqueologicas-e-obras-do-mercado-de-viana-do-castelo-decorrem-em-paralelo\\\/#breadcrumb\"},\"inLanguage\":\"pt-PT\",\"potentialAction\":[{\"@type\":\"ReadAction\",\"target\":[\"https:\\\/\\\/www.altominho.tv\\\/site\\\/2026\\\/03\\\/18\\\/escavacoes-arqueologicas-e-obras-do-mercado-de-viana-do-castelo-decorrem-em-paralelo\\\/\"]}]},{\"@type\":\"ImageObject\",\"inLanguage\":\"pt-PT\",\"@id\":\"https:\\\/\\\/www.altominho.tv\\\/site\\\/2026\\\/03\\\/18\\\/escavacoes-arqueologicas-e-obras-do-mercado-de-viana-do-castelo-decorrem-em-paralelo\\\/#primaryimage\",\"url\":\"https:\\\/\\\/www.altominho.tv\\\/site\\\/wp-content\\\/uploads\\\/2024\\\/04\\\/mercado-viana-.jpg\",\"contentUrl\":\"https:\\\/\\\/www.altominho.tv\\\/site\\\/wp-content\\\/uploads\\\/2024\\\/04\\\/mercado-viana-.jpg\",\"width\":1920,\"height\":1080},{\"@type\":\"BreadcrumbList\",\"@id\":\"https:\\\/\\\/www.altominho.tv\\\/site\\\/2026\\\/03\\\/18\\\/escavacoes-arqueologicas-e-obras-do-mercado-de-viana-do-castelo-decorrem-em-paralelo\\\/#breadcrumb\",\"itemListElement\":[{\"@type\":\"ListItem\",\"position\":1,\"name\":\"In\u00edcio\",\"item\":\"https:\\\/\\\/www.altominho.tv\\\/site\\\/\"},{\"@type\":\"ListItem\",\"position\":2,\"name\":\"Escava\u00e7\u00f5es arqueol\u00f3gicas e obras do mercado de Viana do Castelo decorrem em paralelo\"}]},{\"@type\":\"WebSite\",\"@id\":\"https:\\\/\\\/www.altominho.tv\\\/site\\\/#website\",\"url\":\"https:\\\/\\\/www.altominho.tv\\\/site\\\/\",\"name\":\"Altominho.tv\",\"description\":\"A sua regi\u00e3o \u00e0 dist\u00e2ncia de um clique...\",\"potentialAction\":[{\"@type\":\"SearchAction\",\"target\":{\"@type\":\"EntryPoint\",\"urlTemplate\":\"https:\\\/\\\/www.altominho.tv\\\/site\\\/?s={search_term_string}\"},\"query-input\":{\"@type\":\"PropertyValueSpecification\",\"valueRequired\":true,\"valueName\":\"search_term_string\"}}],\"inLanguage\":\"pt-PT\"},{\"@type\":\"Person\",\"@id\":\"https:\\\/\\\/www.altominho.tv\\\/site\\\/#\\\/schema\\\/person\\\/4e536851627d7914baf3dac752b6af22\",\"name\":\"Altominho.tv\",\"image\":{\"@type\":\"ImageObject\",\"inLanguage\":\"pt-PT\",\"@id\":\"https:\\\/\\\/www.altominho.tv\\\/site\\\/wp-content\\\/uploads\\\/2019\\\/11\\\/Logo_Avatar_2-150x150.jpg\",\"url\":\"https:\\\/\\\/www.altominho.tv\\\/site\\\/wp-content\\\/uploads\\\/2019\\\/11\\\/Logo_Avatar_2-150x150.jpg\",\"contentUrl\":\"https:\\\/\\\/www.altominho.tv\\\/site\\\/wp-content\\\/uploads\\\/2019\\\/11\\\/Logo_Avatar_2-150x150.jpg\",\"caption\":\"Altominho.tv\"},\"url\":\"https:\\\/\\\/www.altominho.tv\\\/site\\\/author\\\/altominhotv-tecnico\\\/\"}]}<\/script>\n<!-- \/ Yoast SEO Premium plugin. -->","yoast_head_json":{"title":"Escava\u00e7\u00f5es arqueol\u00f3gicas e obras do mercado de Viana do Castelo decorrem em paralelo","robots":{"index":"index","follow":"follow","max-snippet":"max-snippet:-1","max-image-preview":"max-image-preview:large","max-video-preview":"max-video-preview:-1"},"canonical":"https:\/\/www.altominho.tv\/site\/2026\/03\/18\/escavacoes-arqueologicas-e-obras-do-mercado-de-viana-do-castelo-decorrem-em-paralelo\/","og_locale":"pt_PT","og_type":"article","og_title":"Escava\u00e7\u00f5es arqueol\u00f3gicas e obras do mercado de Viana do Castelo decorrem em paralelo","og_description":"O presidente da C\u00e2mara de Viana do Castelo disse\u00a0 que as escava\u00e7\u00f5es arqueol\u00f3gicas no local onde existiu o pr\u00e9dio Coutinho come\u00e7am segunda-feira e as obras de constru\u00e7\u00e3o do novo mercado v\u00e3o poder decorrer em simult\u00e2neo. \u201cNa segunda-feira s\u00e3o retomadas as escava\u00e7\u00f5es arqueol\u00f3gicas, mas vai ser poss\u00edvel compatibilizar essa tarefa com os trabalhos de constru\u00e7\u00e3o do [&hellip;]","og_url":"https:\/\/www.altominho.tv\/site\/2026\/03\/18\/escavacoes-arqueologicas-e-obras-do-mercado-de-viana-do-castelo-decorrem-em-paralelo\/","og_site_name":"Altominho.tv","article_publisher":"https:\/\/www.facebook.com\/altominhotv","article_published_time":"2026-03-18T08:26:21+00:00","article_modified_time":"2026-03-18T08:26:24+00:00","og_image":[{"width":1920,"height":1080,"url":"https:\/\/www.altominho.tv\/site\/wp-content\/uploads\/2024\/04\/mercado-viana-.jpg","type":"image\/jpeg"}],"author":"Altominho.tv","twitter_card":"summary_large_image","twitter_creator":"@altominhoTV","twitter_site":"@altominhoTV","twitter_misc":{"Escrito por":"Altominho.tv","Tempo estimado de leitura":"4 minutos"},"schema":{"@context":"https:\/\/schema.org","@graph":[{"@type":"Article","@id":"https:\/\/www.altominho.tv\/site\/2026\/03\/18\/escavacoes-arqueologicas-e-obras-do-mercado-de-viana-do-castelo-decorrem-em-paralelo\/#article","isPartOf":{"@id":"https:\/\/www.altominho.tv\/site\/2026\/03\/18\/escavacoes-arqueologicas-e-obras-do-mercado-de-viana-do-castelo-decorrem-em-paralelo\/"},"author":{"name":"Altominho.tv","@id":"https:\/\/www.altominho.tv\/site\/#\/schema\/person\/4e536851627d7914baf3dac752b6af22"},"headline":"Escava\u00e7\u00f5es arqueol\u00f3gicas e obras do mercado de Viana do Castelo decorrem em paralelo","datePublished":"2026-03-18T08:26:21+00:00","dateModified":"2026-03-18T08:26:24+00:00","mainEntityOfPage":{"@id":"https:\/\/www.altominho.tv\/site\/2026\/03\/18\/escavacoes-arqueologicas-e-obras-do-mercado-de-viana-do-castelo-decorrem-em-paralelo\/"},"wordCount":614,"image":{"@id":"https:\/\/www.altominho.tv\/site\/2026\/03\/18\/escavacoes-arqueologicas-e-obras-do-mercado-de-viana-do-castelo-decorrem-em-paralelo\/#primaryimage"},"thumbnailUrl":"https:\/\/www.altominho.tv\/site\/wp-content\/uploads\/2024\/04\/mercado-viana-.jpg","keywords":["Sociedade"],"articleSection":["Viana do Castelo"],"inLanguage":"pt-PT","copyrightYear":"2026","copyrightHolder":{"@id":"https:\/\/www.altominho.tv\/site\/#organization"}},{"@type":"WebPage","@id":"https:\/\/www.altominho.tv\/site\/2026\/03\/18\/escavacoes-arqueologicas-e-obras-do-mercado-de-viana-do-castelo-decorrem-em-paralelo\/","url":"https:\/\/www.altominho.tv\/site\/2026\/03\/18\/escavacoes-arqueologicas-e-obras-do-mercado-de-viana-do-castelo-decorrem-em-paralelo\/","name":"Escava\u00e7\u00f5es arqueol\u00f3gicas e obras do mercado de Viana do Castelo decorrem em paralelo","isPartOf":{"@id":"https:\/\/www.altominho.tv\/site\/#website"},"primaryImageOfPage":{"@id":"https:\/\/www.altominho.tv\/site\/2026\/03\/18\/escavacoes-arqueologicas-e-obras-do-mercado-de-viana-do-castelo-decorrem-em-paralelo\/#primaryimage"},"image":{"@id":"https:\/\/www.altominho.tv\/site\/2026\/03\/18\/escavacoes-arqueologicas-e-obras-do-mercado-de-viana-do-castelo-decorrem-em-paralelo\/#primaryimage"},"thumbnailUrl":"https:\/\/www.altominho.tv\/site\/wp-content\/uploads\/2024\/04\/mercado-viana-.jpg","datePublished":"2026-03-18T08:26:21+00:00","dateModified":"2026-03-18T08:26:24+00:00","author":{"@id":"https:\/\/www.altominho.tv\/site\/#\/schema\/person\/4e536851627d7914baf3dac752b6af22"},"breadcrumb":{"@id":"https:\/\/www.altominho.tv\/site\/2026\/03\/18\/escavacoes-arqueologicas-e-obras-do-mercado-de-viana-do-castelo-decorrem-em-paralelo\/#breadcrumb"},"inLanguage":"pt-PT","potentialAction":[{"@type":"ReadAction","target":["https:\/\/www.altominho.tv\/site\/2026\/03\/18\/escavacoes-arqueologicas-e-obras-do-mercado-de-viana-do-castelo-decorrem-em-paralelo\/"]}]},{"@type":"ImageObject","inLanguage":"pt-PT","@id":"https:\/\/www.altominho.tv\/site\/2026\/03\/18\/escavacoes-arqueologicas-e-obras-do-mercado-de-viana-do-castelo-decorrem-em-paralelo\/#primaryimage","url":"https:\/\/www.altominho.tv\/site\/wp-content\/uploads\/2024\/04\/mercado-viana-.jpg","contentUrl":"https:\/\/www.altominho.tv\/site\/wp-content\/uploads\/2024\/04\/mercado-viana-.jpg","width":1920,"height":1080},{"@type":"BreadcrumbList","@id":"https:\/\/www.altominho.tv\/site\/2026\/03\/18\/escavacoes-arqueologicas-e-obras-do-mercado-de-viana-do-castelo-decorrem-em-paralelo\/#breadcrumb","itemListElement":[{"@type":"ListItem","position":1,"name":"In\u00edcio","item":"https:\/\/www.altominho.tv\/site\/"},{"@type":"ListItem","position":2,"name":"Escava\u00e7\u00f5es arqueol\u00f3gicas e obras do mercado de Viana do Castelo decorrem em paralelo"}]},{"@type":"WebSite","@id":"https:\/\/www.altominho.tv\/site\/#website","url":"https:\/\/www.altominho.tv\/site\/","name":"Altominho.tv","description":"A sua regi\u00e3o \u00e0 dist\u00e2ncia de um clique...","potentialAction":[{"@type":"SearchAction","target":{"@type":"EntryPoint","urlTemplate":"https:\/\/www.altominho.tv\/site\/?s={search_term_string}"},"query-input":{"@type":"PropertyValueSpecification","valueRequired":true,"valueName":"search_term_string"}}],"inLanguage":"pt-PT"},{"@type":"Person","@id":"https:\/\/www.altominho.tv\/site\/#\/schema\/person\/4e536851627d7914baf3dac752b6af22","name":"Altominho.tv","image":{"@type":"ImageObject","inLanguage":"pt-PT","@id":"https:\/\/www.altominho.tv\/site\/wp-content\/uploads\/2019\/11\/Logo_Avatar_2-150x150.jpg","url":"https:\/\/www.altominho.tv\/site\/wp-content\/uploads\/2019\/11\/Logo_Avatar_2-150x150.jpg","contentUrl":"https:\/\/www.altominho.tv\/site\/wp-content\/uploads\/2019\/11\/Logo_Avatar_2-150x150.jpg","caption":"Altominho.tv"},"url":"https:\/\/www.altominho.tv\/site\/author\/altominhotv-tecnico\/"}]}},"_links":{"self":[{"href":"https:\/\/www.altominho.tv\/site\/wp-json\/wp\/v2\/posts\/130027","targetHints":{"allow":["GET"]}}],"collection":[{"href":"https:\/\/www.altominho.tv\/site\/wp-json\/wp\/v2\/posts"}],"about":[{"href":"https:\/\/www.altominho.tv\/site\/wp-json\/wp\/v2\/types\/post"}],"author":[{"embeddable":true,"href":"https:\/\/www.altominho.tv\/site\/wp-json\/wp\/v2\/users\/1"}],"replies":[{"embeddable":true,"href":"https:\/\/www.altominho.tv\/site\/wp-json\/wp\/v2\/comments?post=130027"}],"version-history":[{"count":1,"href":"https:\/\/www.altominho.tv\/site\/wp-json\/wp\/v2\/posts\/130027\/revisions"}],"predecessor-version":[{"id":130028,"href":"https:\/\/www.altominho.tv\/site\/wp-json\/wp\/v2\/posts\/130027\/revisions\/130028"}],"wp:featuredmedia":[{"embeddable":true,"href":"https:\/\/www.altominho.tv\/site\/wp-json\/wp\/v2\/media\/106746"}],"wp:attachment":[{"href":"https:\/\/www.altominho.tv\/site\/wp-json\/wp\/v2\/media?parent=130027"}],"wp:term":[{"taxonomy":"category","embeddable":true,"href":"https:\/\/www.altominho.tv\/site\/wp-json\/wp\/v2\/categories?post=130027"},{"taxonomy":"post_tag","embeddable":true,"href":"https:\/\/www.altominho.tv\/site\/wp-json\/wp\/v2\/tags?post=130027"}],"curies":[{"name":"wp","href":"https:\/\/api.w.org\/{rel}","templated":true}]}}