{"id":129987,"date":"2026-03-16T17:51:49","date_gmt":"2026-03-16T17:51:49","guid":{"rendered":"https:\/\/www.altominho.tv\/site\/?p=129987"},"modified":"2026-03-16T17:51:52","modified_gmt":"2026-03-16T17:51:52","slug":"pcp-exige-ao-governo-respostas-para-problemas-dos-pescadores-de-vila-praia-de-ancora","status":"publish","type":"post","link":"https:\/\/www.altominho.tv\/site\/2026\/03\/16\/pcp-exige-ao-governo-respostas-para-problemas-dos-pescadores-de-vila-praia-de-ancora\/","title":{"rendered":"PCP exige ao Governo respostas para problemas dos pescadores de Vila Praia de \u00c2ncora"},"content":{"rendered":"<p>A l\u00edder parlamentar do PCP exigiu hoje respostas do Governo aos problemas enfrentados pelo setor da pesca em Vila Praia de \u00c2ncora relacionados com as infraestruturas do porto, a regulamenta\u00e7\u00e3o europeia e o aumento do pre\u00e7o dos combust\u00edveis.<\/p>\n<p>A tarde do primeiro dia das jornadas parlamentares do PCP, em Viana do Castelo, come\u00e7ou com uma visita de um grupo de trabalho do partido, com a presen\u00e7a da l\u00edder parlamentar, Paula Santos, e do antigo candidato presidencial Ant\u00f3nio Filipe, ao porto de Vila Praia de \u00c2ncora, onde se ouviram as reivindica\u00e7\u00f5es dos pescadores desta vila do munic\u00edpio de Caminha.<\/p>\n<p>Neste ponto do programa, que durou mais de uma hora, o grupo escutou Carlos Sampaio, dirigente da Associa\u00e7\u00e3o de Pescadores de Vila Praia de \u00c2ncora, que come\u00e7ou por alertar para a situa\u00e7\u00e3o do porto de mar da localidade e para os problemas da sua constru\u00e7\u00e3o, em particular relacionados com o assoreamento constante &#8211; uma quest\u00e3o recorrente devido \u00e0 configura\u00e7\u00e3o do porto, constru\u00eddo h\u00e1 mais de uma d\u00e9cada.<\/p>\n<p>A falta de condi\u00e7\u00f5es do porto, denunciou o pescador, tem levado ao abandono da atividade na regi\u00e3o, \u00e0 venda de embarca\u00e7\u00f5es ou \u00e0 mudan\u00e7a dos trabalhadores para outros portos, por falta de garantias de seguran\u00e7a para os barcos e devido \u00e0 incerteza sobre quando ser\u00e3o feitas as obras de requalifica\u00e7\u00e3o.<\/p>\n<p>Al\u00e9m das dificuldades infraestruturais, os pescadores contestam ainda o novo Regulamento Europeu de Controlo de Pescas, que obriga, por exemplo, \u00e0 utiliza\u00e7\u00e3o de balan\u00e7as a bordo e di\u00e1rios eletr\u00f3nicos, exig\u00eancias que as embarca\u00e7\u00f5es da pesca artesanal portuguesa n\u00e3o conseguem cumprir.<\/p>\n<p>Carlos Sampaio transmitiu ao PCP que a associa\u00e7\u00e3o que representa, em conjunto com outras dez associa\u00e7\u00f5es de pescadores do norte do pa\u00eds, enviou dois documentos ao ministro da Agricultura e das Pescas, Jos\u00e9 Manuel Fernandes, no passado dia 20 de fevereiro, a pedir medidas para mitigar os preju\u00edzos causados pelas tempestades e uma interven\u00e7\u00e3o no sentido de suspender a aplica\u00e7\u00e3o das novas regras europeias.<\/p>\n<p>Estas missivas foram enviadas no passado dia 20 de fevereiro e pedia-se que fosse dada uma resposta no prazo de 15 dias. No entanto, tendo j\u00e1 passado mais de 24 dias, n\u00e3o chegou a estes pescadores qualquer resposta do executivo.<\/p>\n<p>Questionada pelos jornalistas, no final da visita, sobre a falta de resposta do Governo a estes trabalhadores, Paula Santos afirmou que \u201cn\u00e3o se compreende\u201d a postura do executivo e adiantou que o PCP, no quadro parlamentar, ir\u00e1 procurar \u201ccontribuir para que haja respostas e solu\u00e7\u00f5es concretas\u201d para os problemas.<\/p>\n<p>\u201cAquilo que aqui foi colocado foi, de facto, um conjunto de problemas vastos que exigem respostas por parte do Governo, que n\u00e3o t\u00eam tido, para resolver problemas concretos com que os pescadores se est\u00e3o a confrontar neste momento\u201d, disse.<\/p>\n<p>Para a deputada, est\u00e1 em causa um \u201cprofundo desrespeito e desconsidera\u00e7\u00e3o\u201d por um setor de atividade do pa\u00eds que \u201cn\u00e3o pode ficar numa situa\u00e7\u00e3o de abandono\u201d.<\/p>\n<p>Neste encontro, outro dos problemas apontados pelos pescadores foi a crescente press\u00e3o econ\u00f3mica sobre a atividade, causada pelo aumento dos pre\u00e7os dos combust\u00edveis e pela falta de apoios adequados para as embarca\u00e7\u00f5es que utilizam gasolina.<\/p>\n<p>Sobre esta mat\u00e9ria, Paula Santos aproveitou para recordar o conjunto de iniciativas apresentadas pelo Grupo Parlamentar do PCP, na semana passada, para combater a especula\u00e7\u00e3o nos bens alimentares e nos combust\u00edveis, na sequ\u00eancia da guerra no Ir\u00e3o.<\/p>\n<p>\u201cTudo isto decorreu na sequ\u00eancia da guerra no M\u00e9dio Oriente, mas verificamos que h\u00e1 tamb\u00e9m um grande aproveitamento por parte dos grupos econ\u00f3micos, com pre\u00e7os que est\u00e3o a ser implementados no nosso pa\u00eds absolutamente especulativos\u201d, sublinhou.<\/p>\n<p>Paula Santos disse ainda ter registado as preocupa\u00e7\u00f5es relativas \u00e0 regulamenta\u00e7\u00e3o europeia e ao pre\u00e7o da venda em lota, que, afirmou, \u201cn\u00e3o garante o rendimento dos pescadores\u201d.<\/p>\n<p>Foto: <strong>DR<\/strong><\/p>\n","protected":false},"excerpt":{"rendered":"<p>A l\u00edder parlamentar do PCP exigiu hoje respostas do Governo aos problemas enfrentados pelo setor da pesca em Vila Praia de \u00c2ncora relacionados com as infraestruturas do porto, a regulamenta\u00e7\u00e3o europeia e o aumento do pre\u00e7o dos combust\u00edveis. A tarde do primeiro dia das jornadas parlamentares do PCP, em Viana do Castelo, come\u00e7ou com uma [&hellip;]<\/p>\n","protected":false},"author":13,"featured_media":129988,"comment_status":"closed","ping_status":"closed","sticky":false,"template":"","format":"standard","meta":{"_exactmetrics_skip_tracking":false,"_exactmetrics_sitenote_active":false,"_exactmetrics_sitenote_note":"","_exactmetrics_sitenote_category":0,"footnotes":""},"categories":[7],"tags":[27],"class_list":["post-129987","post","type-post","status-publish","format-standard","has-post-thumbnail","hentry","category-caminha","tag-sociedade"],"yoast_head":"<!-- This site is optimized with the Yoast SEO Premium plugin v27.5 (Yoast SEO v27.5) - https:\/\/yoast.com\/product\/yoast-seo-premium-wordpress\/ -->\n<title>PCP exige ao Governo respostas para problemas dos pescadores de Vila Praia de \u00c2ncora<\/title>\n<meta name=\"description\" content=\"A l\u00edder parlamentar do PCP exigiu hoje respostas do Governo aos problemas enfrentados pelo setor da pesca em Vila Praia de \u00c2ncora relacionados com as infraestruturas do porto, a regulamenta\u00e7\u00e3o europeia e o aumento do pre\u00e7o dos combust\u00edveis.\" \/>\n<meta name=\"robots\" content=\"index, follow, max-snippet:-1, max-image-preview:large, max-video-preview:-1\" \/>\n<link rel=\"canonical\" href=\"https:\/\/www.altominho.tv\/site\/2026\/03\/16\/pcp-exige-ao-governo-respostas-para-problemas-dos-pescadores-de-vila-praia-de-ancora\/\" \/>\n<meta property=\"og:locale\" content=\"pt_PT\" \/>\n<meta property=\"og:type\" content=\"article\" \/>\n<meta property=\"og:title\" content=\"PCP exige ao Governo respostas para problemas dos pescadores de Vila Praia de \u00c2ncora\" \/>\n<meta property=\"og:description\" content=\"A l\u00edder parlamentar do PCP exigiu hoje respostas do Governo aos problemas enfrentados pelo setor da pesca em Vila Praia de \u00c2ncora relacionados com as infraestruturas do porto, a regulamenta\u00e7\u00e3o europeia e o aumento do pre\u00e7o dos combust\u00edveis.\" \/>\n<meta property=\"og:url\" content=\"https:\/\/www.altominho.tv\/site\/2026\/03\/16\/pcp-exige-ao-governo-respostas-para-problemas-dos-pescadores-de-vila-praia-de-ancora\/\" \/>\n<meta property=\"og:site_name\" content=\"Altominho.tv\" \/>\n<meta property=\"article:publisher\" content=\"https:\/\/www.facebook.com\/altominhotv\" \/>\n<meta property=\"article:published_time\" content=\"2026-03-16T17:51:49+00:00\" \/>\n<meta property=\"article:modified_time\" content=\"2026-03-16T17:51:52+00:00\" \/>\n<meta property=\"og:image\" content=\"https:\/\/www.altominho.tv\/site\/wp-content\/uploads\/2026\/03\/pescador.png\" \/>\n\t<meta property=\"og:image:width\" content=\"1200\" \/>\n\t<meta property=\"og:image:height\" content=\"630\" \/>\n\t<meta property=\"og:image:type\" content=\"image\/png\" \/>\n<meta name=\"author\" content=\"Lusa\" \/>\n<meta name=\"twitter:card\" content=\"summary_large_image\" \/>\n<meta name=\"twitter:creator\" content=\"@altominhoTV\" \/>\n<meta name=\"twitter:site\" content=\"@altominhoTV\" \/>\n<meta name=\"twitter:label1\" content=\"Escrito por\" \/>\n\t<meta name=\"twitter:data1\" content=\"Lusa\" \/>\n\t<meta name=\"twitter:label2\" content=\"Tempo estimado de leitura\" \/>\n\t<meta name=\"twitter:data2\" content=\"4 minutos\" \/>\n<script type=\"application\/ld+json\" class=\"yoast-schema-graph\">{\"@context\":\"https:\\\/\\\/schema.org\",\"@graph\":[{\"@type\":\"Article\",\"@id\":\"https:\\\/\\\/www.altominho.tv\\\/site\\\/2026\\\/03\\\/16\\\/pcp-exige-ao-governo-respostas-para-problemas-dos-pescadores-de-vila-praia-de-ancora\\\/#article\",\"isPartOf\":{\"@id\":\"https:\\\/\\\/www.altominho.tv\\\/site\\\/2026\\\/03\\\/16\\\/pcp-exige-ao-governo-respostas-para-problemas-dos-pescadores-de-vila-praia-de-ancora\\\/\"},\"author\":{\"name\":\"Lusa\",\"@id\":\"https:\\\/\\\/www.altominho.tv\\\/site\\\/#\\\/schema\\\/person\\\/63f693da3e1899361cbe955c46f3232e\"},\"headline\":\"PCP exige ao Governo respostas para problemas dos pescadores de Vila Praia de \u00c2ncora\",\"datePublished\":\"2026-03-16T17:51:49+00:00\",\"dateModified\":\"2026-03-16T17:51:52+00:00\",\"mainEntityOfPage\":{\"@id\":\"https:\\\/\\\/www.altominho.tv\\\/site\\\/2026\\\/03\\\/16\\\/pcp-exige-ao-governo-respostas-para-problemas-dos-pescadores-de-vila-praia-de-ancora\\\/\"},\"wordCount\":684,\"image\":{\"@id\":\"https:\\\/\\\/www.altominho.tv\\\/site\\\/2026\\\/03\\\/16\\\/pcp-exige-ao-governo-respostas-para-problemas-dos-pescadores-de-vila-praia-de-ancora\\\/#primaryimage\"},\"thumbnailUrl\":\"https:\\\/\\\/www.altominho.tv\\\/site\\\/wp-content\\\/uploads\\\/2026\\\/03\\\/pescador.png\",\"keywords\":[\"Sociedade\"],\"articleSection\":[\"Caminha\"],\"inLanguage\":\"pt-PT\",\"copyrightYear\":\"2026\",\"copyrightHolder\":{\"@id\":\"https:\\\/\\\/www.altominho.tv\\\/site\\\/#organization\"}},{\"@type\":\"WebPage\",\"@id\":\"https:\\\/\\\/www.altominho.tv\\\/site\\\/2026\\\/03\\\/16\\\/pcp-exige-ao-governo-respostas-para-problemas-dos-pescadores-de-vila-praia-de-ancora\\\/\",\"url\":\"https:\\\/\\\/www.altominho.tv\\\/site\\\/2026\\\/03\\\/16\\\/pcp-exige-ao-governo-respostas-para-problemas-dos-pescadores-de-vila-praia-de-ancora\\\/\",\"name\":\"PCP exige ao Governo respostas para problemas dos pescadores de Vila Praia de \u00c2ncora\",\"isPartOf\":{\"@id\":\"https:\\\/\\\/www.altominho.tv\\\/site\\\/#website\"},\"primaryImageOfPage\":{\"@id\":\"https:\\\/\\\/www.altominho.tv\\\/site\\\/2026\\\/03\\\/16\\\/pcp-exige-ao-governo-respostas-para-problemas-dos-pescadores-de-vila-praia-de-ancora\\\/#primaryimage\"},\"image\":{\"@id\":\"https:\\\/\\\/www.altominho.tv\\\/site\\\/2026\\\/03\\\/16\\\/pcp-exige-ao-governo-respostas-para-problemas-dos-pescadores-de-vila-praia-de-ancora\\\/#primaryimage\"},\"thumbnailUrl\":\"https:\\\/\\\/www.altominho.tv\\\/site\\\/wp-content\\\/uploads\\\/2026\\\/03\\\/pescador.png\",\"datePublished\":\"2026-03-16T17:51:49+00:00\",\"dateModified\":\"2026-03-16T17:51:52+00:00\",\"author\":{\"@id\":\"https:\\\/\\\/www.altominho.tv\\\/site\\\/#\\\/schema\\\/person\\\/63f693da3e1899361cbe955c46f3232e\"},\"description\":\"A l\u00edder parlamentar do PCP exigiu hoje respostas do Governo aos problemas enfrentados pelo setor da pesca em Vila Praia de \u00c2ncora relacionados com as infraestruturas do porto, a regulamenta\u00e7\u00e3o europeia e o aumento do pre\u00e7o dos combust\u00edveis.\",\"breadcrumb\":{\"@id\":\"https:\\\/\\\/www.altominho.tv\\\/site\\\/2026\\\/03\\\/16\\\/pcp-exige-ao-governo-respostas-para-problemas-dos-pescadores-de-vila-praia-de-ancora\\\/#breadcrumb\"},\"inLanguage\":\"pt-PT\",\"potentialAction\":[{\"@type\":\"ReadAction\",\"target\":[\"https:\\\/\\\/www.altominho.tv\\\/site\\\/2026\\\/03\\\/16\\\/pcp-exige-ao-governo-respostas-para-problemas-dos-pescadores-de-vila-praia-de-ancora\\\/\"]}]},{\"@type\":\"ImageObject\",\"inLanguage\":\"pt-PT\",\"@id\":\"https:\\\/\\\/www.altominho.tv\\\/site\\\/2026\\\/03\\\/16\\\/pcp-exige-ao-governo-respostas-para-problemas-dos-pescadores-de-vila-praia-de-ancora\\\/#primaryimage\",\"url\":\"https:\\\/\\\/www.altominho.tv\\\/site\\\/wp-content\\\/uploads\\\/2026\\\/03\\\/pescador.png\",\"contentUrl\":\"https:\\\/\\\/www.altominho.tv\\\/site\\\/wp-content\\\/uploads\\\/2026\\\/03\\\/pescador.png\",\"width\":1200,\"height\":630},{\"@type\":\"BreadcrumbList\",\"@id\":\"https:\\\/\\\/www.altominho.tv\\\/site\\\/2026\\\/03\\\/16\\\/pcp-exige-ao-governo-respostas-para-problemas-dos-pescadores-de-vila-praia-de-ancora\\\/#breadcrumb\",\"itemListElement\":[{\"@type\":\"ListItem\",\"position\":1,\"name\":\"In\u00edcio\",\"item\":\"https:\\\/\\\/www.altominho.tv\\\/site\\\/\"},{\"@type\":\"ListItem\",\"position\":2,\"name\":\"PCP exige ao Governo respostas para problemas dos pescadores de Vila Praia de \u00c2ncora\"}]},{\"@type\":\"WebSite\",\"@id\":\"https:\\\/\\\/www.altominho.tv\\\/site\\\/#website\",\"url\":\"https:\\\/\\\/www.altominho.tv\\\/site\\\/\",\"name\":\"Altominho.tv\",\"description\":\"A sua regi\u00e3o \u00e0 dist\u00e2ncia de um clique...\",\"potentialAction\":[{\"@type\":\"SearchAction\",\"target\":{\"@type\":\"EntryPoint\",\"urlTemplate\":\"https:\\\/\\\/www.altominho.tv\\\/site\\\/?s={search_term_string}\"},\"query-input\":{\"@type\":\"PropertyValueSpecification\",\"valueRequired\":true,\"valueName\":\"search_term_string\"}}],\"inLanguage\":\"pt-PT\"},{\"@type\":\"Person\",\"@id\":\"https:\\\/\\\/www.altominho.tv\\\/site\\\/#\\\/schema\\\/person\\\/63f693da3e1899361cbe955c46f3232e\",\"name\":\"Lusa\",\"image\":{\"@type\":\"ImageObject\",\"inLanguage\":\"pt-PT\",\"@id\":\"https:\\\/\\\/www.altominho.tv\\\/site\\\/wp-content\\\/uploads\\\/2019\\\/08\\\/LUSA_Logo.gif\",\"url\":\"https:\\\/\\\/www.altominho.tv\\\/site\\\/wp-content\\\/uploads\\\/2019\\\/08\\\/LUSA_Logo.gif\",\"contentUrl\":\"https:\\\/\\\/www.altominho.tv\\\/site\\\/wp-content\\\/uploads\\\/2019\\\/08\\\/LUSA_Logo.gif\",\"caption\":\"Lusa\"},\"sameAs\":[\"http:\\\/\\\/\\\/\\\/www.altominho.tv\\\/site\"],\"url\":\"https:\\\/\\\/www.altominho.tv\\\/site\\\/author\\\/lusa\\\/\"}]}<\/script>\n<!-- \/ Yoast SEO Premium plugin. -->","yoast_head_json":{"title":"PCP exige ao Governo respostas para problemas dos pescadores de Vila Praia de \u00c2ncora","description":"A l\u00edder parlamentar do PCP exigiu hoje respostas do Governo aos problemas enfrentados pelo setor da pesca em Vila Praia de \u00c2ncora relacionados com as infraestruturas do porto, a regulamenta\u00e7\u00e3o europeia e o aumento do pre\u00e7o dos combust\u00edveis.","robots":{"index":"index","follow":"follow","max-snippet":"max-snippet:-1","max-image-preview":"max-image-preview:large","max-video-preview":"max-video-preview:-1"},"canonical":"https:\/\/www.altominho.tv\/site\/2026\/03\/16\/pcp-exige-ao-governo-respostas-para-problemas-dos-pescadores-de-vila-praia-de-ancora\/","og_locale":"pt_PT","og_type":"article","og_title":"PCP exige ao Governo respostas para problemas dos pescadores de Vila Praia de \u00c2ncora","og_description":"A l\u00edder parlamentar do PCP exigiu hoje respostas do Governo aos problemas enfrentados pelo setor da pesca em Vila Praia de \u00c2ncora relacionados com as infraestruturas do porto, a regulamenta\u00e7\u00e3o europeia e o aumento do pre\u00e7o dos combust\u00edveis.","og_url":"https:\/\/www.altominho.tv\/site\/2026\/03\/16\/pcp-exige-ao-governo-respostas-para-problemas-dos-pescadores-de-vila-praia-de-ancora\/","og_site_name":"Altominho.tv","article_publisher":"https:\/\/www.facebook.com\/altominhotv","article_published_time":"2026-03-16T17:51:49+00:00","article_modified_time":"2026-03-16T17:51:52+00:00","og_image":[{"width":1200,"height":630,"url":"https:\/\/www.altominho.tv\/site\/wp-content\/uploads\/2026\/03\/pescador.png","type":"image\/png"}],"author":"Lusa","twitter_card":"summary_large_image","twitter_creator":"@altominhoTV","twitter_site":"@altominhoTV","twitter_misc":{"Escrito por":"Lusa","Tempo estimado de leitura":"4 minutos"},"schema":{"@context":"https:\/\/schema.org","@graph":[{"@type":"Article","@id":"https:\/\/www.altominho.tv\/site\/2026\/03\/16\/pcp-exige-ao-governo-respostas-para-problemas-dos-pescadores-de-vila-praia-de-ancora\/#article","isPartOf":{"@id":"https:\/\/www.altominho.tv\/site\/2026\/03\/16\/pcp-exige-ao-governo-respostas-para-problemas-dos-pescadores-de-vila-praia-de-ancora\/"},"author":{"name":"Lusa","@id":"https:\/\/www.altominho.tv\/site\/#\/schema\/person\/63f693da3e1899361cbe955c46f3232e"},"headline":"PCP exige ao Governo respostas para problemas dos pescadores de Vila Praia de \u00c2ncora","datePublished":"2026-03-16T17:51:49+00:00","dateModified":"2026-03-16T17:51:52+00:00","mainEntityOfPage":{"@id":"https:\/\/www.altominho.tv\/site\/2026\/03\/16\/pcp-exige-ao-governo-respostas-para-problemas-dos-pescadores-de-vila-praia-de-ancora\/"},"wordCount":684,"image":{"@id":"https:\/\/www.altominho.tv\/site\/2026\/03\/16\/pcp-exige-ao-governo-respostas-para-problemas-dos-pescadores-de-vila-praia-de-ancora\/#primaryimage"},"thumbnailUrl":"https:\/\/www.altominho.tv\/site\/wp-content\/uploads\/2026\/03\/pescador.png","keywords":["Sociedade"],"articleSection":["Caminha"],"inLanguage":"pt-PT","copyrightYear":"2026","copyrightHolder":{"@id":"https:\/\/www.altominho.tv\/site\/#organization"}},{"@type":"WebPage","@id":"https:\/\/www.altominho.tv\/site\/2026\/03\/16\/pcp-exige-ao-governo-respostas-para-problemas-dos-pescadores-de-vila-praia-de-ancora\/","url":"https:\/\/www.altominho.tv\/site\/2026\/03\/16\/pcp-exige-ao-governo-respostas-para-problemas-dos-pescadores-de-vila-praia-de-ancora\/","name":"PCP exige ao Governo respostas para problemas dos pescadores de Vila Praia de \u00c2ncora","isPartOf":{"@id":"https:\/\/www.altominho.tv\/site\/#website"},"primaryImageOfPage":{"@id":"https:\/\/www.altominho.tv\/site\/2026\/03\/16\/pcp-exige-ao-governo-respostas-para-problemas-dos-pescadores-de-vila-praia-de-ancora\/#primaryimage"},"image":{"@id":"https:\/\/www.altominho.tv\/site\/2026\/03\/16\/pcp-exige-ao-governo-respostas-para-problemas-dos-pescadores-de-vila-praia-de-ancora\/#primaryimage"},"thumbnailUrl":"https:\/\/www.altominho.tv\/site\/wp-content\/uploads\/2026\/03\/pescador.png","datePublished":"2026-03-16T17:51:49+00:00","dateModified":"2026-03-16T17:51:52+00:00","author":{"@id":"https:\/\/www.altominho.tv\/site\/#\/schema\/person\/63f693da3e1899361cbe955c46f3232e"},"description":"A l\u00edder parlamentar do PCP exigiu hoje respostas do Governo aos problemas enfrentados pelo setor da pesca em Vila Praia de \u00c2ncora relacionados com as infraestruturas do porto, a regulamenta\u00e7\u00e3o europeia e o aumento do pre\u00e7o dos combust\u00edveis.","breadcrumb":{"@id":"https:\/\/www.altominho.tv\/site\/2026\/03\/16\/pcp-exige-ao-governo-respostas-para-problemas-dos-pescadores-de-vila-praia-de-ancora\/#breadcrumb"},"inLanguage":"pt-PT","potentialAction":[{"@type":"ReadAction","target":["https:\/\/www.altominho.tv\/site\/2026\/03\/16\/pcp-exige-ao-governo-respostas-para-problemas-dos-pescadores-de-vila-praia-de-ancora\/"]}]},{"@type":"ImageObject","inLanguage":"pt-PT","@id":"https:\/\/www.altominho.tv\/site\/2026\/03\/16\/pcp-exige-ao-governo-respostas-para-problemas-dos-pescadores-de-vila-praia-de-ancora\/#primaryimage","url":"https:\/\/www.altominho.tv\/site\/wp-content\/uploads\/2026\/03\/pescador.png","contentUrl":"https:\/\/www.altominho.tv\/site\/wp-content\/uploads\/2026\/03\/pescador.png","width":1200,"height":630},{"@type":"BreadcrumbList","@id":"https:\/\/www.altominho.tv\/site\/2026\/03\/16\/pcp-exige-ao-governo-respostas-para-problemas-dos-pescadores-de-vila-praia-de-ancora\/#breadcrumb","itemListElement":[{"@type":"ListItem","position":1,"name":"In\u00edcio","item":"https:\/\/www.altominho.tv\/site\/"},{"@type":"ListItem","position":2,"name":"PCP exige ao Governo respostas para problemas dos pescadores de Vila Praia de \u00c2ncora"}]},{"@type":"WebSite","@id":"https:\/\/www.altominho.tv\/site\/#website","url":"https:\/\/www.altominho.tv\/site\/","name":"Altominho.tv","description":"A sua regi\u00e3o \u00e0 dist\u00e2ncia de um clique...","potentialAction":[{"@type":"SearchAction","target":{"@type":"EntryPoint","urlTemplate":"https:\/\/www.altominho.tv\/site\/?s={search_term_string}"},"query-input":{"@type":"PropertyValueSpecification","valueRequired":true,"valueName":"search_term_string"}}],"inLanguage":"pt-PT"},{"@type":"Person","@id":"https:\/\/www.altominho.tv\/site\/#\/schema\/person\/63f693da3e1899361cbe955c46f3232e","name":"Lusa","image":{"@type":"ImageObject","inLanguage":"pt-PT","@id":"https:\/\/www.altominho.tv\/site\/wp-content\/uploads\/2019\/08\/LUSA_Logo.gif","url":"https:\/\/www.altominho.tv\/site\/wp-content\/uploads\/2019\/08\/LUSA_Logo.gif","contentUrl":"https:\/\/www.altominho.tv\/site\/wp-content\/uploads\/2019\/08\/LUSA_Logo.gif","caption":"Lusa"},"sameAs":["http:\/\/\/\/www.altominho.tv\/site"],"url":"https:\/\/www.altominho.tv\/site\/author\/lusa\/"}]}},"_links":{"self":[{"href":"https:\/\/www.altominho.tv\/site\/wp-json\/wp\/v2\/posts\/129987","targetHints":{"allow":["GET"]}}],"collection":[{"href":"https:\/\/www.altominho.tv\/site\/wp-json\/wp\/v2\/posts"}],"about":[{"href":"https:\/\/www.altominho.tv\/site\/wp-json\/wp\/v2\/types\/post"}],"author":[{"embeddable":true,"href":"https:\/\/www.altominho.tv\/site\/wp-json\/wp\/v2\/users\/13"}],"replies":[{"embeddable":true,"href":"https:\/\/www.altominho.tv\/site\/wp-json\/wp\/v2\/comments?post=129987"}],"version-history":[{"count":1,"href":"https:\/\/www.altominho.tv\/site\/wp-json\/wp\/v2\/posts\/129987\/revisions"}],"predecessor-version":[{"id":129989,"href":"https:\/\/www.altominho.tv\/site\/wp-json\/wp\/v2\/posts\/129987\/revisions\/129989"}],"wp:featuredmedia":[{"embeddable":true,"href":"https:\/\/www.altominho.tv\/site\/wp-json\/wp\/v2\/media\/129988"}],"wp:attachment":[{"href":"https:\/\/www.altominho.tv\/site\/wp-json\/wp\/v2\/media?parent=129987"}],"wp:term":[{"taxonomy":"category","embeddable":true,"href":"https:\/\/www.altominho.tv\/site\/wp-json\/wp\/v2\/categories?post=129987"},{"taxonomy":"post_tag","embeddable":true,"href":"https:\/\/www.altominho.tv\/site\/wp-json\/wp\/v2\/tags?post=129987"}],"curies":[{"name":"wp","href":"https:\/\/api.w.org\/{rel}","templated":true}]}}