{"id":129969,"date":"2026-03-16T13:05:47","date_gmt":"2026-03-16T13:05:47","guid":{"rendered":"https:\/\/www.altominho.tv\/site\/?p=129969"},"modified":"2026-03-16T13:05:51","modified_gmt":"2026-03-16T13:05:51","slug":"arcos-de-valdevez-assinala-dia-da-mulher-com-iniciativas-ao-longo-de-todo-o-mes","status":"publish","type":"post","link":"https:\/\/www.altominho.tv\/site\/2026\/03\/16\/arcos-de-valdevez-assinala-dia-da-mulher-com-iniciativas-ao-longo-de-todo-o-mes\/","title":{"rendered":"Arcos de Valdevez assinala Dia da Mulher com iniciativas ao longo de todo o m\u00eas"},"content":{"rendered":"<p data-start=\"85\" data-end=\"449\">O Munic\u00edpio de <span class=\"hover:entity-accent entity-underline inline cursor-pointer align-baseline\"><span class=\"whitespace-normal\">Arcos de Valdevez<\/span><\/span> est\u00e1 a assinalar o <span class=\"hover:entity-accent entity-underline inline cursor-pointer align-baseline\"><span class=\"whitespace-normal\">Dia Internacional da Mulher<\/span><\/span>, celebrado a 8 de mar\u00e7o, com um conjunto de iniciativas que se prolongam ao longo de todo o m\u00eas. A programa\u00e7\u00e3o pretende reconhecer o papel das mulheres na sociedade, destacando a sua resili\u00eancia, conquistas e contributo em diferentes \u00e1reas da comunidade.<\/p>\n<p data-start=\"451\" data-end=\"957\">No \u00e2mbito destas comemora\u00e7\u00f5es, a vereadora da A\u00e7\u00e3o Social, <span class=\"hover:entity-accent entity-underline inline cursor-pointer align-baseline\"><span class=\"whitespace-normal\">Marlene Barros<\/span><\/span>, acompanhada pelos servi\u00e7os sociais da autarquia, realizou visitas a v\u00e1rias unidades fabris do concelho, ao Tribunal, ao Registo Civil, \u00e0s escolas do agrupamento, ao edif\u00edcio da C\u00e2mara Municipal e a equipamentos da rede cultural. Durante estas visitas foram entregues pequenas lembran\u00e7as simb\u00f3licas \u00e0s mulheres, acompanhadas de mensagens alusivas ao significado da data e \u00e0 import\u00e2ncia da luta pela igualdade.<\/p>\n<p data-start=\"959\" data-end=\"1280\">Nas escolas do concelho foram tamb\u00e9m dinamizados quizzes dirigidos a turmas do 3.\u00ba ciclo, centrados na tem\u00e1tica da emancipa\u00e7\u00e3o feminina ao longo da hist\u00f3ria. J\u00e1 nos Pa\u00e7os do Concelho, os colaboradores participaram num momento de conv\u00edvio que incluiu a oferta de um pequeno lanche e a leitura de poemas dedicados \u00e0 mulher.<\/p>\n<p data-start=\"1282\" data-end=\"1594\">A vice-presidente da autarquia, <span class=\"hover:entity-accent entity-underline inline cursor-pointer align-baseline\"><span class=\"whitespace-normal\">Em\u00edlia Cerdeira<\/span><\/span>, marcou igualmente presen\u00e7a numa das iniciativas, sublinhando a import\u00e2ncia do contributo das mulheres na sociedade e lembrando que, apesar dos avan\u00e7os alcan\u00e7ados, ainda persistem desigualdades em diferentes contextos sociais e profissionais.<\/p>\n<p data-start=\"1596\" data-end=\"2000\" data-is-last-node=\"\" data-is-only-node=\"\">As iniciativas integram-se no Plano Municipal para a Igualdade e N\u00e3o Discrimina\u00e7\u00e3o e t\u00eam como objetivo sensibilizar a popula\u00e7\u00e3o para a promo\u00e7\u00e3o da igualdade de g\u00e9nero enquanto princ\u00edpio fundamental dos direitos humanos. O programa \u201cMar\u00e7o, M\u00eas da Mulher\u201d inclui ainda sess\u00f5es de cinema, exposi\u00e7\u00f5es, palestras e momentos de contacto com mulheres do concelho que se destacam em diversas \u00e1reas profissionais.<\/p>\n<p data-start=\"1596\" data-end=\"2000\" data-is-last-node=\"\" data-is-only-node=\"\">\n<p data-start=\"1596\" data-end=\"2000\" data-is-last-node=\"\" data-is-only-node=\"\">Fotos: <strong>Munic\u00edpio de Arcos de Valdevez<\/strong><\/p>\n","protected":false},"excerpt":{"rendered":"<p>O Munic\u00edpio de Arcos de Valdevez est\u00e1 a assinalar o Dia Internacional da Mulher, celebrado a 8 de mar\u00e7o, com um conjunto de iniciativas que se prolongam ao longo de todo o m\u00eas. A programa\u00e7\u00e3o pretende reconhecer o papel das mulheres na sociedade, destacando a sua resili\u00eancia, conquistas e contributo em diferentes \u00e1reas da comunidade. [&hellip;]<\/p>\n","protected":false},"author":24,"featured_media":129970,"comment_status":"closed","ping_status":"closed","sticky":false,"template":"","format":"standard","meta":{"_exactmetrics_skip_tracking":false,"_exactmetrics_sitenote_active":false,"_exactmetrics_sitenote_note":"","_exactmetrics_sitenote_category":0,"footnotes":""},"categories":[2],"tags":[27],"class_list":["post-129969","post","type-post","status-publish","format-standard","has-post-thumbnail","hentry","category-arcos-de-valdevez","tag-sociedade"],"yoast_head":"<!-- This site is optimized with the Yoast SEO Premium plugin v27.5 (Yoast SEO v27.5) - https:\/\/yoast.com\/product\/yoast-seo-premium-wordpress\/ -->\n<title>Arcos de Valdevez assinala Dia da Mulher com iniciativas ao longo de todo o m\u00eas<\/title>\n<meta name=\"description\" content=\"O Munic\u00edpio de Arcos de Valdevez est\u00e1 a assinalar o Dia Internacional da Mulher, celebrado a 8 de mar\u00e7o, com um conjunto de iniciativas que se prolongam ao longo de todo o m\u00eas. A programa\u00e7\u00e3o pretende reconhecer o papel das mulheres na sociedade, destacando a sua resili\u00eancia, conquistas e contributo em diferentes \u00e1reas da comunidade.\" \/>\n<meta name=\"robots\" content=\"index, follow, max-snippet:-1, max-image-preview:large, max-video-preview:-1\" \/>\n<link rel=\"canonical\" href=\"https:\/\/www.altominho.tv\/site\/2026\/03\/16\/arcos-de-valdevez-assinala-dia-da-mulher-com-iniciativas-ao-longo-de-todo-o-mes\/\" \/>\n<meta property=\"og:locale\" content=\"pt_PT\" \/>\n<meta property=\"og:type\" content=\"article\" \/>\n<meta property=\"og:title\" content=\"Arcos de Valdevez assinala Dia da Mulher com iniciativas ao longo de todo o m\u00eas\" \/>\n<meta property=\"og:description\" content=\"O Munic\u00edpio de Arcos de Valdevez est\u00e1 a assinalar o Dia Internacional da Mulher, celebrado a 8 de mar\u00e7o, com um conjunto de iniciativas que se prolongam ao longo de todo o m\u00eas. A programa\u00e7\u00e3o pretende reconhecer o papel das mulheres na sociedade, destacando a sua resili\u00eancia, conquistas e contributo em diferentes \u00e1reas da comunidade.\" \/>\n<meta property=\"og:url\" content=\"https:\/\/www.altominho.tv\/site\/2026\/03\/16\/arcos-de-valdevez-assinala-dia-da-mulher-com-iniciativas-ao-longo-de-todo-o-mes\/\" \/>\n<meta property=\"og:site_name\" content=\"Altominho.tv\" \/>\n<meta property=\"article:publisher\" content=\"https:\/\/www.facebook.com\/altominhotv\" \/>\n<meta property=\"article:published_time\" content=\"2026-03-16T13:05:47+00:00\" \/>\n<meta property=\"article:modified_time\" content=\"2026-03-16T13:05:51+00:00\" \/>\n<meta property=\"og:image\" content=\"https:\/\/www.altominho.tv\/site\/wp-content\/uploads\/2026\/03\/DIA-DA-MULHER.png\" \/>\n\t<meta property=\"og:image:width\" content=\"1200\" \/>\n\t<meta property=\"og:image:height\" content=\"630\" \/>\n\t<meta property=\"og:image:type\" content=\"image\/png\" \/>\n<meta name=\"author\" content=\"Cesar Lopes\" \/>\n<meta name=\"twitter:card\" content=\"summary_large_image\" \/>\n<meta name=\"twitter:creator\" content=\"@altominhoTV\" \/>\n<meta name=\"twitter:site\" content=\"@altominhoTV\" \/>\n<meta name=\"twitter:label1\" content=\"Escrito por\" \/>\n\t<meta name=\"twitter:data1\" content=\"Cesar Lopes\" \/>\n\t<meta name=\"twitter:label2\" content=\"Tempo estimado de leitura\" \/>\n\t<meta name=\"twitter:data2\" content=\"2 minutos\" \/>\n<script type=\"application\/ld+json\" class=\"yoast-schema-graph\">{\"@context\":\"https:\\\/\\\/schema.org\",\"@graph\":[{\"@type\":\"Article\",\"@id\":\"https:\\\/\\\/www.altominho.tv\\\/site\\\/2026\\\/03\\\/16\\\/arcos-de-valdevez-assinala-dia-da-mulher-com-iniciativas-ao-longo-de-todo-o-mes\\\/#article\",\"isPartOf\":{\"@id\":\"https:\\\/\\\/www.altominho.tv\\\/site\\\/2026\\\/03\\\/16\\\/arcos-de-valdevez-assinala-dia-da-mulher-com-iniciativas-ao-longo-de-todo-o-mes\\\/\"},\"author\":{\"name\":\"Cesar Lopes\",\"@id\":\"https:\\\/\\\/www.altominho.tv\\\/site\\\/#\\\/schema\\\/person\\\/c5570e5afb933b8d08c43373326ef1b1\"},\"headline\":\"Arcos de Valdevez assinala Dia da Mulher com iniciativas ao longo de todo o m\u00eas\",\"datePublished\":\"2026-03-16T13:05:47+00:00\",\"dateModified\":\"2026-03-16T13:05:51+00:00\",\"mainEntityOfPage\":{\"@id\":\"https:\\\/\\\/www.altominho.tv\\\/site\\\/2026\\\/03\\\/16\\\/arcos-de-valdevez-assinala-dia-da-mulher-com-iniciativas-ao-longo-de-todo-o-mes\\\/\"},\"wordCount\":329,\"image\":{\"@id\":\"https:\\\/\\\/www.altominho.tv\\\/site\\\/2026\\\/03\\\/16\\\/arcos-de-valdevez-assinala-dia-da-mulher-com-iniciativas-ao-longo-de-todo-o-mes\\\/#primaryimage\"},\"thumbnailUrl\":\"https:\\\/\\\/www.altominho.tv\\\/site\\\/wp-content\\\/uploads\\\/2026\\\/03\\\/DIA-DA-MULHER.png\",\"keywords\":[\"Sociedade\"],\"articleSection\":[\"Arcos de Valdevez\"],\"inLanguage\":\"pt-PT\",\"copyrightYear\":\"2026\",\"copyrightHolder\":{\"@id\":\"https:\\\/\\\/www.altominho.tv\\\/site\\\/#organization\"}},{\"@type\":\"WebPage\",\"@id\":\"https:\\\/\\\/www.altominho.tv\\\/site\\\/2026\\\/03\\\/16\\\/arcos-de-valdevez-assinala-dia-da-mulher-com-iniciativas-ao-longo-de-todo-o-mes\\\/\",\"url\":\"https:\\\/\\\/www.altominho.tv\\\/site\\\/2026\\\/03\\\/16\\\/arcos-de-valdevez-assinala-dia-da-mulher-com-iniciativas-ao-longo-de-todo-o-mes\\\/\",\"name\":\"Arcos de Valdevez assinala Dia da Mulher com iniciativas ao longo de todo o m\u00eas\",\"isPartOf\":{\"@id\":\"https:\\\/\\\/www.altominho.tv\\\/site\\\/#website\"},\"primaryImageOfPage\":{\"@id\":\"https:\\\/\\\/www.altominho.tv\\\/site\\\/2026\\\/03\\\/16\\\/arcos-de-valdevez-assinala-dia-da-mulher-com-iniciativas-ao-longo-de-todo-o-mes\\\/#primaryimage\"},\"image\":{\"@id\":\"https:\\\/\\\/www.altominho.tv\\\/site\\\/2026\\\/03\\\/16\\\/arcos-de-valdevez-assinala-dia-da-mulher-com-iniciativas-ao-longo-de-todo-o-mes\\\/#primaryimage\"},\"thumbnailUrl\":\"https:\\\/\\\/www.altominho.tv\\\/site\\\/wp-content\\\/uploads\\\/2026\\\/03\\\/DIA-DA-MULHER.png\",\"datePublished\":\"2026-03-16T13:05:47+00:00\",\"dateModified\":\"2026-03-16T13:05:51+00:00\",\"author\":{\"@id\":\"https:\\\/\\\/www.altominho.tv\\\/site\\\/#\\\/schema\\\/person\\\/c5570e5afb933b8d08c43373326ef1b1\"},\"description\":\"O Munic\u00edpio de Arcos de Valdevez est\u00e1 a assinalar o Dia Internacional da Mulher, celebrado a 8 de mar\u00e7o, com um conjunto de iniciativas que se prolongam ao longo de todo o m\u00eas. A programa\u00e7\u00e3o pretende reconhecer o papel das mulheres na sociedade, destacando a sua resili\u00eancia, conquistas e contributo em diferentes \u00e1reas da comunidade.\",\"breadcrumb\":{\"@id\":\"https:\\\/\\\/www.altominho.tv\\\/site\\\/2026\\\/03\\\/16\\\/arcos-de-valdevez-assinala-dia-da-mulher-com-iniciativas-ao-longo-de-todo-o-mes\\\/#breadcrumb\"},\"inLanguage\":\"pt-PT\",\"potentialAction\":[{\"@type\":\"ReadAction\",\"target\":[\"https:\\\/\\\/www.altominho.tv\\\/site\\\/2026\\\/03\\\/16\\\/arcos-de-valdevez-assinala-dia-da-mulher-com-iniciativas-ao-longo-de-todo-o-mes\\\/\"]}]},{\"@type\":\"ImageObject\",\"inLanguage\":\"pt-PT\",\"@id\":\"https:\\\/\\\/www.altominho.tv\\\/site\\\/2026\\\/03\\\/16\\\/arcos-de-valdevez-assinala-dia-da-mulher-com-iniciativas-ao-longo-de-todo-o-mes\\\/#primaryimage\",\"url\":\"https:\\\/\\\/www.altominho.tv\\\/site\\\/wp-content\\\/uploads\\\/2026\\\/03\\\/DIA-DA-MULHER.png\",\"contentUrl\":\"https:\\\/\\\/www.altominho.tv\\\/site\\\/wp-content\\\/uploads\\\/2026\\\/03\\\/DIA-DA-MULHER.png\",\"width\":1200,\"height\":630},{\"@type\":\"BreadcrumbList\",\"@id\":\"https:\\\/\\\/www.altominho.tv\\\/site\\\/2026\\\/03\\\/16\\\/arcos-de-valdevez-assinala-dia-da-mulher-com-iniciativas-ao-longo-de-todo-o-mes\\\/#breadcrumb\",\"itemListElement\":[{\"@type\":\"ListItem\",\"position\":1,\"name\":\"In\u00edcio\",\"item\":\"https:\\\/\\\/www.altominho.tv\\\/site\\\/\"},{\"@type\":\"ListItem\",\"position\":2,\"name\":\"Arcos de Valdevez assinala Dia da Mulher com iniciativas ao longo de todo o m\u00eas\"}]},{\"@type\":\"WebSite\",\"@id\":\"https:\\\/\\\/www.altominho.tv\\\/site\\\/#website\",\"url\":\"https:\\\/\\\/www.altominho.tv\\\/site\\\/\",\"name\":\"Altominho.tv\",\"description\":\"A sua regi\u00e3o \u00e0 dist\u00e2ncia de um clique...\",\"potentialAction\":[{\"@type\":\"SearchAction\",\"target\":{\"@type\":\"EntryPoint\",\"urlTemplate\":\"https:\\\/\\\/www.altominho.tv\\\/site\\\/?s={search_term_string}\"},\"query-input\":{\"@type\":\"PropertyValueSpecification\",\"valueRequired\":true,\"valueName\":\"search_term_string\"}}],\"inLanguage\":\"pt-PT\"},{\"@type\":\"Person\",\"@id\":\"https:\\\/\\\/www.altominho.tv\\\/site\\\/#\\\/schema\\\/person\\\/c5570e5afb933b8d08c43373326ef1b1\",\"name\":\"Cesar Lopes\",\"image\":{\"@type\":\"ImageObject\",\"inLanguage\":\"pt-PT\",\"@id\":\"https:\\\/\\\/www.altominho.tv\\\/site\\\/wp-content\\\/uploads\\\/2022\\\/10\\\/Sem-Titulo-150x150.jpg\",\"url\":\"https:\\\/\\\/www.altominho.tv\\\/site\\\/wp-content\\\/uploads\\\/2022\\\/10\\\/Sem-Titulo-150x150.jpg\",\"contentUrl\":\"https:\\\/\\\/www.altominho.tv\\\/site\\\/wp-content\\\/uploads\\\/2022\\\/10\\\/Sem-Titulo-150x150.jpg\",\"caption\":\"Cesar Lopes\"},\"url\":\"https:\\\/\\\/www.altominho.tv\\\/site\\\/author\\\/cesarlopes\\\/\"}]}<\/script>\n<!-- \/ Yoast SEO Premium plugin. -->","yoast_head_json":{"title":"Arcos de Valdevez assinala Dia da Mulher com iniciativas ao longo de todo o m\u00eas","description":"O Munic\u00edpio de Arcos de Valdevez est\u00e1 a assinalar o Dia Internacional da Mulher, celebrado a 8 de mar\u00e7o, com um conjunto de iniciativas que se prolongam ao longo de todo o m\u00eas. A programa\u00e7\u00e3o pretende reconhecer o papel das mulheres na sociedade, destacando a sua resili\u00eancia, conquistas e contributo em diferentes \u00e1reas da comunidade.","robots":{"index":"index","follow":"follow","max-snippet":"max-snippet:-1","max-image-preview":"max-image-preview:large","max-video-preview":"max-video-preview:-1"},"canonical":"https:\/\/www.altominho.tv\/site\/2026\/03\/16\/arcos-de-valdevez-assinala-dia-da-mulher-com-iniciativas-ao-longo-de-todo-o-mes\/","og_locale":"pt_PT","og_type":"article","og_title":"Arcos de Valdevez assinala Dia da Mulher com iniciativas ao longo de todo o m\u00eas","og_description":"O Munic\u00edpio de Arcos de Valdevez est\u00e1 a assinalar o Dia Internacional da Mulher, celebrado a 8 de mar\u00e7o, com um conjunto de iniciativas que se prolongam ao longo de todo o m\u00eas. A programa\u00e7\u00e3o pretende reconhecer o papel das mulheres na sociedade, destacando a sua resili\u00eancia, conquistas e contributo em diferentes \u00e1reas da comunidade.","og_url":"https:\/\/www.altominho.tv\/site\/2026\/03\/16\/arcos-de-valdevez-assinala-dia-da-mulher-com-iniciativas-ao-longo-de-todo-o-mes\/","og_site_name":"Altominho.tv","article_publisher":"https:\/\/www.facebook.com\/altominhotv","article_published_time":"2026-03-16T13:05:47+00:00","article_modified_time":"2026-03-16T13:05:51+00:00","og_image":[{"width":1200,"height":630,"url":"https:\/\/www.altominho.tv\/site\/wp-content\/uploads\/2026\/03\/DIA-DA-MULHER.png","type":"image\/png"}],"author":"Cesar Lopes","twitter_card":"summary_large_image","twitter_creator":"@altominhoTV","twitter_site":"@altominhoTV","twitter_misc":{"Escrito por":"Cesar Lopes","Tempo estimado de leitura":"2 minutos"},"schema":{"@context":"https:\/\/schema.org","@graph":[{"@type":"Article","@id":"https:\/\/www.altominho.tv\/site\/2026\/03\/16\/arcos-de-valdevez-assinala-dia-da-mulher-com-iniciativas-ao-longo-de-todo-o-mes\/#article","isPartOf":{"@id":"https:\/\/www.altominho.tv\/site\/2026\/03\/16\/arcos-de-valdevez-assinala-dia-da-mulher-com-iniciativas-ao-longo-de-todo-o-mes\/"},"author":{"name":"Cesar Lopes","@id":"https:\/\/www.altominho.tv\/site\/#\/schema\/person\/c5570e5afb933b8d08c43373326ef1b1"},"headline":"Arcos de Valdevez assinala Dia da Mulher com iniciativas ao longo de todo o m\u00eas","datePublished":"2026-03-16T13:05:47+00:00","dateModified":"2026-03-16T13:05:51+00:00","mainEntityOfPage":{"@id":"https:\/\/www.altominho.tv\/site\/2026\/03\/16\/arcos-de-valdevez-assinala-dia-da-mulher-com-iniciativas-ao-longo-de-todo-o-mes\/"},"wordCount":329,"image":{"@id":"https:\/\/www.altominho.tv\/site\/2026\/03\/16\/arcos-de-valdevez-assinala-dia-da-mulher-com-iniciativas-ao-longo-de-todo-o-mes\/#primaryimage"},"thumbnailUrl":"https:\/\/www.altominho.tv\/site\/wp-content\/uploads\/2026\/03\/DIA-DA-MULHER.png","keywords":["Sociedade"],"articleSection":["Arcos de Valdevez"],"inLanguage":"pt-PT","copyrightYear":"2026","copyrightHolder":{"@id":"https:\/\/www.altominho.tv\/site\/#organization"}},{"@type":"WebPage","@id":"https:\/\/www.altominho.tv\/site\/2026\/03\/16\/arcos-de-valdevez-assinala-dia-da-mulher-com-iniciativas-ao-longo-de-todo-o-mes\/","url":"https:\/\/www.altominho.tv\/site\/2026\/03\/16\/arcos-de-valdevez-assinala-dia-da-mulher-com-iniciativas-ao-longo-de-todo-o-mes\/","name":"Arcos de Valdevez assinala Dia da Mulher com iniciativas ao longo de todo o m\u00eas","isPartOf":{"@id":"https:\/\/www.altominho.tv\/site\/#website"},"primaryImageOfPage":{"@id":"https:\/\/www.altominho.tv\/site\/2026\/03\/16\/arcos-de-valdevez-assinala-dia-da-mulher-com-iniciativas-ao-longo-de-todo-o-mes\/#primaryimage"},"image":{"@id":"https:\/\/www.altominho.tv\/site\/2026\/03\/16\/arcos-de-valdevez-assinala-dia-da-mulher-com-iniciativas-ao-longo-de-todo-o-mes\/#primaryimage"},"thumbnailUrl":"https:\/\/www.altominho.tv\/site\/wp-content\/uploads\/2026\/03\/DIA-DA-MULHER.png","datePublished":"2026-03-16T13:05:47+00:00","dateModified":"2026-03-16T13:05:51+00:00","author":{"@id":"https:\/\/www.altominho.tv\/site\/#\/schema\/person\/c5570e5afb933b8d08c43373326ef1b1"},"description":"O Munic\u00edpio de Arcos de Valdevez est\u00e1 a assinalar o Dia Internacional da Mulher, celebrado a 8 de mar\u00e7o, com um conjunto de iniciativas que se prolongam ao longo de todo o m\u00eas. A programa\u00e7\u00e3o pretende reconhecer o papel das mulheres na sociedade, destacando a sua resili\u00eancia, conquistas e contributo em diferentes \u00e1reas da comunidade.","breadcrumb":{"@id":"https:\/\/www.altominho.tv\/site\/2026\/03\/16\/arcos-de-valdevez-assinala-dia-da-mulher-com-iniciativas-ao-longo-de-todo-o-mes\/#breadcrumb"},"inLanguage":"pt-PT","potentialAction":[{"@type":"ReadAction","target":["https:\/\/www.altominho.tv\/site\/2026\/03\/16\/arcos-de-valdevez-assinala-dia-da-mulher-com-iniciativas-ao-longo-de-todo-o-mes\/"]}]},{"@type":"ImageObject","inLanguage":"pt-PT","@id":"https:\/\/www.altominho.tv\/site\/2026\/03\/16\/arcos-de-valdevez-assinala-dia-da-mulher-com-iniciativas-ao-longo-de-todo-o-mes\/#primaryimage","url":"https:\/\/www.altominho.tv\/site\/wp-content\/uploads\/2026\/03\/DIA-DA-MULHER.png","contentUrl":"https:\/\/www.altominho.tv\/site\/wp-content\/uploads\/2026\/03\/DIA-DA-MULHER.png","width":1200,"height":630},{"@type":"BreadcrumbList","@id":"https:\/\/www.altominho.tv\/site\/2026\/03\/16\/arcos-de-valdevez-assinala-dia-da-mulher-com-iniciativas-ao-longo-de-todo-o-mes\/#breadcrumb","itemListElement":[{"@type":"ListItem","position":1,"name":"In\u00edcio","item":"https:\/\/www.altominho.tv\/site\/"},{"@type":"ListItem","position":2,"name":"Arcos de Valdevez assinala Dia da Mulher com iniciativas ao longo de todo o m\u00eas"}]},{"@type":"WebSite","@id":"https:\/\/www.altominho.tv\/site\/#website","url":"https:\/\/www.altominho.tv\/site\/","name":"Altominho.tv","description":"A sua regi\u00e3o \u00e0 dist\u00e2ncia de um clique...","potentialAction":[{"@type":"SearchAction","target":{"@type":"EntryPoint","urlTemplate":"https:\/\/www.altominho.tv\/site\/?s={search_term_string}"},"query-input":{"@type":"PropertyValueSpecification","valueRequired":true,"valueName":"search_term_string"}}],"inLanguage":"pt-PT"},{"@type":"Person","@id":"https:\/\/www.altominho.tv\/site\/#\/schema\/person\/c5570e5afb933b8d08c43373326ef1b1","name":"Cesar Lopes","image":{"@type":"ImageObject","inLanguage":"pt-PT","@id":"https:\/\/www.altominho.tv\/site\/wp-content\/uploads\/2022\/10\/Sem-Titulo-150x150.jpg","url":"https:\/\/www.altominho.tv\/site\/wp-content\/uploads\/2022\/10\/Sem-Titulo-150x150.jpg","contentUrl":"https:\/\/www.altominho.tv\/site\/wp-content\/uploads\/2022\/10\/Sem-Titulo-150x150.jpg","caption":"Cesar Lopes"},"url":"https:\/\/www.altominho.tv\/site\/author\/cesarlopes\/"}]}},"_links":{"self":[{"href":"https:\/\/www.altominho.tv\/site\/wp-json\/wp\/v2\/posts\/129969","targetHints":{"allow":["GET"]}}],"collection":[{"href":"https:\/\/www.altominho.tv\/site\/wp-json\/wp\/v2\/posts"}],"about":[{"href":"https:\/\/www.altominho.tv\/site\/wp-json\/wp\/v2\/types\/post"}],"author":[{"embeddable":true,"href":"https:\/\/www.altominho.tv\/site\/wp-json\/wp\/v2\/users\/24"}],"replies":[{"embeddable":true,"href":"https:\/\/www.altominho.tv\/site\/wp-json\/wp\/v2\/comments?post=129969"}],"version-history":[{"count":1,"href":"https:\/\/www.altominho.tv\/site\/wp-json\/wp\/v2\/posts\/129969\/revisions"}],"predecessor-version":[{"id":129971,"href":"https:\/\/www.altominho.tv\/site\/wp-json\/wp\/v2\/posts\/129969\/revisions\/129971"}],"wp:featuredmedia":[{"embeddable":true,"href":"https:\/\/www.altominho.tv\/site\/wp-json\/wp\/v2\/media\/129970"}],"wp:attachment":[{"href":"https:\/\/www.altominho.tv\/site\/wp-json\/wp\/v2\/media?parent=129969"}],"wp:term":[{"taxonomy":"category","embeddable":true,"href":"https:\/\/www.altominho.tv\/site\/wp-json\/wp\/v2\/categories?post=129969"},{"taxonomy":"post_tag","embeddable":true,"href":"https:\/\/www.altominho.tv\/site\/wp-json\/wp\/v2\/tags?post=129969"}],"curies":[{"name":"wp","href":"https:\/\/api.w.org\/{rel}","templated":true}]}}