{"id":129945,"date":"2026-03-16T11:08:27","date_gmt":"2026-03-16T11:08:27","guid":{"rendered":"https:\/\/www.altominho.tv\/site\/?p=129945"},"modified":"2026-03-16T11:08:30","modified_gmt":"2026-03-16T11:08:30","slug":"valenca-promove-sessao-de-esclarecimento-dirigida-a-agricultores","status":"publish","type":"post","link":"https:\/\/www.altominho.tv\/site\/2026\/03\/16\/valenca-promove-sessao-de-esclarecimento-dirigida-a-agricultores\/","title":{"rendered":"Valen\u00e7a promove sess\u00e3o de esclarecimento dirigida a agricultores"},"content":{"rendered":"<p class=\"p1\">O munic\u00edpio de Valen\u00e7a promove, na pr\u00f3xima quarta-feira, 18 de mar\u00e7o, \u00e0s 17h00, na Biblioteca Municipal de Valen\u00e7a, uma sess\u00e3o de esclarecimento para agricultores dedicada ao Pedido \u00danico de Ajudas.<\/p>\n<p class=\"p1\">A iniciativa pretende ajudar os produtores agr\u00edcolas que pretendam candidatar-se aos diferentes incentivos dispon\u00edveis para o setor.<\/p>\n<p class=\"p1\">A sess\u00e3o contar\u00e1 com a participa\u00e7\u00e3o de t\u00e9cnicos da Confedera\u00e7\u00e3o Nacional das Cooperativas Agr\u00edcolas e do Cr\u00e9dito Agr\u00edcola de Portugal, que ir\u00e3o apresentar, de forma pr\u00e1tica, os procedimentos necess\u00e1rios para aceder aos apoios e esclarecer as principais d\u00favidas dos agricultores.<\/p>\n<p class=\"p1\">Durante o encontro ser\u00e3o abordados v\u00e1rios temas relevantes, entre os quais os pagamentos diretos dissociados; os ecorregimes para o clima; o ambiente e o bem-estar animal; os apoios associados \u00e0 produ\u00e7\u00e3o, bem como medidas de desenvolvimento rural. Ser\u00e1 ainda apresentado o programa de incentivo \u00e0 redu\u00e7\u00e3o da carga combust\u00edvel atrav\u00e9s do pastoreio.<\/p>\n<p class=\"p1\">A sess\u00e3o \u00e9 organizada pela associa\u00e7\u00e3o Valen\u00e7a Regenera +, em parceria com a C\u00e2mara Municipal de Valen\u00e7a e a Confedera\u00e7\u00e3o Nacional das Cooperativas Agr\u00edcolas e do Cr\u00e9dito Agr\u00edcola de Portugal.<\/p>\n","protected":false},"excerpt":{"rendered":"<p>O munic\u00edpio de Valen\u00e7a promove, na pr\u00f3xima quarta-feira, 18 de mar\u00e7o, \u00e0s 17h00, na Biblioteca Municipal de Valen\u00e7a, uma sess\u00e3o de esclarecimento para agricultores dedicada ao Pedido \u00danico de Ajudas. A iniciativa pretende ajudar os produtores agr\u00edcolas que pretendam candidatar-se aos diferentes incentivos dispon\u00edveis para o setor. A sess\u00e3o contar\u00e1 com a participa\u00e7\u00e3o de t\u00e9cnicos [&hellip;]<\/p>\n","protected":false},"author":30,"featured_media":129946,"comment_status":"closed","ping_status":"closed","sticky":false,"template":"","format":"standard","meta":{"_exactmetrics_skip_tracking":false,"_exactmetrics_sitenote_active":false,"_exactmetrics_sitenote_note":"","_exactmetrics_sitenote_category":0,"footnotes":""},"categories":[13],"tags":[27],"class_list":["post-129945","post","type-post","status-publish","format-standard","has-post-thumbnail","hentry","category-valenca","tag-sociedade"],"yoast_head":"<!-- This site is optimized with the Yoast SEO Premium plugin v27.5 (Yoast SEO v27.5) - https:\/\/yoast.com\/product\/yoast-seo-premium-wordpress\/ -->\n<title>Valen\u00e7a promove sess\u00e3o de esclarecimento dirigida a agricultores<\/title>\n<meta name=\"description\" content=\"O munic\u00edpio de Valen\u00e7a promove, na pr\u00f3xima quarta-feira, 18 de mar\u00e7o, \u00e0s 17h00, na Biblioteca Municipal de Valen\u00e7a, uma sess\u00e3o de esclarecimento para agricultores dedicada ao Pedido \u00danico de Ajudas.\" \/>\n<meta name=\"robots\" content=\"index, follow, max-snippet:-1, max-image-preview:large, max-video-preview:-1\" \/>\n<link rel=\"canonical\" href=\"https:\/\/www.altominho.tv\/site\/2026\/03\/16\/valenca-promove-sessao-de-esclarecimento-dirigida-a-agricultores\/\" \/>\n<meta property=\"og:locale\" content=\"pt_PT\" \/>\n<meta property=\"og:type\" content=\"article\" \/>\n<meta property=\"og:title\" content=\"Valen\u00e7a promove sess\u00e3o de esclarecimento dirigida a agricultores\" \/>\n<meta property=\"og:description\" content=\"O munic\u00edpio de Valen\u00e7a promove, na pr\u00f3xima quarta-feira, 18 de mar\u00e7o, \u00e0s 17h00, na Biblioteca Municipal de Valen\u00e7a, uma sess\u00e3o de esclarecimento para agricultores dedicada ao Pedido \u00danico de Ajudas.\" \/>\n<meta property=\"og:url\" content=\"https:\/\/www.altominho.tv\/site\/2026\/03\/16\/valenca-promove-sessao-de-esclarecimento-dirigida-a-agricultores\/\" \/>\n<meta property=\"og:site_name\" content=\"Altominho.tv\" \/>\n<meta property=\"article:publisher\" content=\"https:\/\/www.facebook.com\/altominhotv\" \/>\n<meta property=\"article:published_time\" content=\"2026-03-16T11:08:27+00:00\" \/>\n<meta property=\"article:modified_time\" content=\"2026-03-16T11:08:30+00:00\" \/>\n<meta property=\"og:image\" content=\"https:\/\/www.altominho.tv\/site\/wp-content\/uploads\/2026\/03\/agricultura-.jpg\" \/>\n\t<meta property=\"og:image:width\" content=\"1200\" \/>\n\t<meta property=\"og:image:height\" content=\"630\" \/>\n\t<meta property=\"og:image:type\" content=\"image\/jpeg\" \/>\n<meta name=\"author\" content=\"Eduarda Cardoso\" \/>\n<meta name=\"twitter:card\" content=\"summary_large_image\" \/>\n<meta name=\"twitter:creator\" content=\"@altominhoTV\" \/>\n<meta name=\"twitter:site\" content=\"@altominhoTV\" \/>\n<meta name=\"twitter:label1\" content=\"Escrito por\" \/>\n\t<meta name=\"twitter:data1\" content=\"Eduarda Cardoso\" \/>\n\t<meta name=\"twitter:label2\" content=\"Tempo estimado de leitura\" \/>\n\t<meta name=\"twitter:data2\" content=\"2 minutos\" \/>\n<script type=\"application\/ld+json\" class=\"yoast-schema-graph\">{\"@context\":\"https:\\\/\\\/schema.org\",\"@graph\":[{\"@type\":\"Article\",\"@id\":\"https:\\\/\\\/www.altominho.tv\\\/site\\\/2026\\\/03\\\/16\\\/valenca-promove-sessao-de-esclarecimento-dirigida-a-agricultores\\\/#article\",\"isPartOf\":{\"@id\":\"https:\\\/\\\/www.altominho.tv\\\/site\\\/2026\\\/03\\\/16\\\/valenca-promove-sessao-de-esclarecimento-dirigida-a-agricultores\\\/\"},\"author\":{\"name\":\"Eduarda Cardoso\",\"@id\":\"https:\\\/\\\/www.altominho.tv\\\/site\\\/#\\\/schema\\\/person\\\/9e351387b727413d005ccf1152c93539\"},\"headline\":\"Valen\u00e7a promove sess\u00e3o de esclarecimento dirigida a agricultores\",\"datePublished\":\"2026-03-16T11:08:27+00:00\",\"dateModified\":\"2026-03-16T11:08:30+00:00\",\"mainEntityOfPage\":{\"@id\":\"https:\\\/\\\/www.altominho.tv\\\/site\\\/2026\\\/03\\\/16\\\/valenca-promove-sessao-de-esclarecimento-dirigida-a-agricultores\\\/\"},\"wordCount\":208,\"image\":{\"@id\":\"https:\\\/\\\/www.altominho.tv\\\/site\\\/2026\\\/03\\\/16\\\/valenca-promove-sessao-de-esclarecimento-dirigida-a-agricultores\\\/#primaryimage\"},\"thumbnailUrl\":\"https:\\\/\\\/www.altominho.tv\\\/site\\\/wp-content\\\/uploads\\\/2026\\\/03\\\/agricultura-.jpg\",\"keywords\":[\"Sociedade\"],\"articleSection\":[\"Valen\u00e7a\"],\"inLanguage\":\"pt-PT\",\"copyrightYear\":\"2026\",\"copyrightHolder\":{\"@id\":\"https:\\\/\\\/www.altominho.tv\\\/site\\\/#organization\"}},{\"@type\":\"WebPage\",\"@id\":\"https:\\\/\\\/www.altominho.tv\\\/site\\\/2026\\\/03\\\/16\\\/valenca-promove-sessao-de-esclarecimento-dirigida-a-agricultores\\\/\",\"url\":\"https:\\\/\\\/www.altominho.tv\\\/site\\\/2026\\\/03\\\/16\\\/valenca-promove-sessao-de-esclarecimento-dirigida-a-agricultores\\\/\",\"name\":\"Valen\u00e7a promove sess\u00e3o de esclarecimento dirigida a agricultores\",\"isPartOf\":{\"@id\":\"https:\\\/\\\/www.altominho.tv\\\/site\\\/#website\"},\"primaryImageOfPage\":{\"@id\":\"https:\\\/\\\/www.altominho.tv\\\/site\\\/2026\\\/03\\\/16\\\/valenca-promove-sessao-de-esclarecimento-dirigida-a-agricultores\\\/#primaryimage\"},\"image\":{\"@id\":\"https:\\\/\\\/www.altominho.tv\\\/site\\\/2026\\\/03\\\/16\\\/valenca-promove-sessao-de-esclarecimento-dirigida-a-agricultores\\\/#primaryimage\"},\"thumbnailUrl\":\"https:\\\/\\\/www.altominho.tv\\\/site\\\/wp-content\\\/uploads\\\/2026\\\/03\\\/agricultura-.jpg\",\"datePublished\":\"2026-03-16T11:08:27+00:00\",\"dateModified\":\"2026-03-16T11:08:30+00:00\",\"author\":{\"@id\":\"https:\\\/\\\/www.altominho.tv\\\/site\\\/#\\\/schema\\\/person\\\/9e351387b727413d005ccf1152c93539\"},\"description\":\"O munic\u00edpio de Valen\u00e7a promove, na pr\u00f3xima quarta-feira, 18 de mar\u00e7o, \u00e0s 17h00, na Biblioteca Municipal de Valen\u00e7a, uma sess\u00e3o de esclarecimento para agricultores dedicada ao Pedido \u00danico de Ajudas.\",\"breadcrumb\":{\"@id\":\"https:\\\/\\\/www.altominho.tv\\\/site\\\/2026\\\/03\\\/16\\\/valenca-promove-sessao-de-esclarecimento-dirigida-a-agricultores\\\/#breadcrumb\"},\"inLanguage\":\"pt-PT\",\"potentialAction\":[{\"@type\":\"ReadAction\",\"target\":[\"https:\\\/\\\/www.altominho.tv\\\/site\\\/2026\\\/03\\\/16\\\/valenca-promove-sessao-de-esclarecimento-dirigida-a-agricultores\\\/\"]}]},{\"@type\":\"ImageObject\",\"inLanguage\":\"pt-PT\",\"@id\":\"https:\\\/\\\/www.altominho.tv\\\/site\\\/2026\\\/03\\\/16\\\/valenca-promove-sessao-de-esclarecimento-dirigida-a-agricultores\\\/#primaryimage\",\"url\":\"https:\\\/\\\/www.altominho.tv\\\/site\\\/wp-content\\\/uploads\\\/2026\\\/03\\\/agricultura-.jpg\",\"contentUrl\":\"https:\\\/\\\/www.altominho.tv\\\/site\\\/wp-content\\\/uploads\\\/2026\\\/03\\\/agricultura-.jpg\",\"width\":1200,\"height\":630},{\"@type\":\"BreadcrumbList\",\"@id\":\"https:\\\/\\\/www.altominho.tv\\\/site\\\/2026\\\/03\\\/16\\\/valenca-promove-sessao-de-esclarecimento-dirigida-a-agricultores\\\/#breadcrumb\",\"itemListElement\":[{\"@type\":\"ListItem\",\"position\":1,\"name\":\"In\u00edcio\",\"item\":\"https:\\\/\\\/www.altominho.tv\\\/site\\\/\"},{\"@type\":\"ListItem\",\"position\":2,\"name\":\"Valen\u00e7a promove sess\u00e3o de esclarecimento dirigida a agricultores\"}]},{\"@type\":\"WebSite\",\"@id\":\"https:\\\/\\\/www.altominho.tv\\\/site\\\/#website\",\"url\":\"https:\\\/\\\/www.altominho.tv\\\/site\\\/\",\"name\":\"Altominho.tv\",\"description\":\"A sua regi\u00e3o \u00e0 dist\u00e2ncia de um clique...\",\"potentialAction\":[{\"@type\":\"SearchAction\",\"target\":{\"@type\":\"EntryPoint\",\"urlTemplate\":\"https:\\\/\\\/www.altominho.tv\\\/site\\\/?s={search_term_string}\"},\"query-input\":{\"@type\":\"PropertyValueSpecification\",\"valueRequired\":true,\"valueName\":\"search_term_string\"}}],\"inLanguage\":\"pt-PT\"},{\"@type\":\"Person\",\"@id\":\"https:\\\/\\\/www.altominho.tv\\\/site\\\/#\\\/schema\\\/person\\\/9e351387b727413d005ccf1152c93539\",\"name\":\"Eduarda Cardoso\",\"image\":{\"@type\":\"ImageObject\",\"inLanguage\":\"pt-PT\",\"@id\":\"https:\\\/\\\/www.altominho.tv\\\/site\\\/wp-content\\\/uploads\\\/2021\\\/01\\\/cropped-Logo-ATV_WEB-150x150.png\",\"url\":\"https:\\\/\\\/www.altominho.tv\\\/site\\\/wp-content\\\/uploads\\\/2021\\\/01\\\/cropped-Logo-ATV_WEB-150x150.png\",\"contentUrl\":\"https:\\\/\\\/www.altominho.tv\\\/site\\\/wp-content\\\/uploads\\\/2021\\\/01\\\/cropped-Logo-ATV_WEB-150x150.png\",\"caption\":\"Eduarda Cardoso\"},\"url\":\"https:\\\/\\\/www.altominho.tv\\\/site\\\/author\\\/eduarda-cardoso\\\/\"}]}<\/script>\n<!-- \/ Yoast SEO Premium plugin. -->","yoast_head_json":{"title":"Valen\u00e7a promove sess\u00e3o de esclarecimento dirigida a agricultores","description":"O munic\u00edpio de Valen\u00e7a promove, na pr\u00f3xima quarta-feira, 18 de mar\u00e7o, \u00e0s 17h00, na Biblioteca Municipal de Valen\u00e7a, uma sess\u00e3o de esclarecimento para agricultores dedicada ao Pedido \u00danico de Ajudas.","robots":{"index":"index","follow":"follow","max-snippet":"max-snippet:-1","max-image-preview":"max-image-preview:large","max-video-preview":"max-video-preview:-1"},"canonical":"https:\/\/www.altominho.tv\/site\/2026\/03\/16\/valenca-promove-sessao-de-esclarecimento-dirigida-a-agricultores\/","og_locale":"pt_PT","og_type":"article","og_title":"Valen\u00e7a promove sess\u00e3o de esclarecimento dirigida a agricultores","og_description":"O munic\u00edpio de Valen\u00e7a promove, na pr\u00f3xima quarta-feira, 18 de mar\u00e7o, \u00e0s 17h00, na Biblioteca Municipal de Valen\u00e7a, uma sess\u00e3o de esclarecimento para agricultores dedicada ao Pedido \u00danico de Ajudas.","og_url":"https:\/\/www.altominho.tv\/site\/2026\/03\/16\/valenca-promove-sessao-de-esclarecimento-dirigida-a-agricultores\/","og_site_name":"Altominho.tv","article_publisher":"https:\/\/www.facebook.com\/altominhotv","article_published_time":"2026-03-16T11:08:27+00:00","article_modified_time":"2026-03-16T11:08:30+00:00","og_image":[{"width":1200,"height":630,"url":"https:\/\/www.altominho.tv\/site\/wp-content\/uploads\/2026\/03\/agricultura-.jpg","type":"image\/jpeg"}],"author":"Eduarda Cardoso","twitter_card":"summary_large_image","twitter_creator":"@altominhoTV","twitter_site":"@altominhoTV","twitter_misc":{"Escrito por":"Eduarda Cardoso","Tempo estimado de leitura":"2 minutos"},"schema":{"@context":"https:\/\/schema.org","@graph":[{"@type":"Article","@id":"https:\/\/www.altominho.tv\/site\/2026\/03\/16\/valenca-promove-sessao-de-esclarecimento-dirigida-a-agricultores\/#article","isPartOf":{"@id":"https:\/\/www.altominho.tv\/site\/2026\/03\/16\/valenca-promove-sessao-de-esclarecimento-dirigida-a-agricultores\/"},"author":{"name":"Eduarda Cardoso","@id":"https:\/\/www.altominho.tv\/site\/#\/schema\/person\/9e351387b727413d005ccf1152c93539"},"headline":"Valen\u00e7a promove sess\u00e3o de esclarecimento dirigida a agricultores","datePublished":"2026-03-16T11:08:27+00:00","dateModified":"2026-03-16T11:08:30+00:00","mainEntityOfPage":{"@id":"https:\/\/www.altominho.tv\/site\/2026\/03\/16\/valenca-promove-sessao-de-esclarecimento-dirigida-a-agricultores\/"},"wordCount":208,"image":{"@id":"https:\/\/www.altominho.tv\/site\/2026\/03\/16\/valenca-promove-sessao-de-esclarecimento-dirigida-a-agricultores\/#primaryimage"},"thumbnailUrl":"https:\/\/www.altominho.tv\/site\/wp-content\/uploads\/2026\/03\/agricultura-.jpg","keywords":["Sociedade"],"articleSection":["Valen\u00e7a"],"inLanguage":"pt-PT","copyrightYear":"2026","copyrightHolder":{"@id":"https:\/\/www.altominho.tv\/site\/#organization"}},{"@type":"WebPage","@id":"https:\/\/www.altominho.tv\/site\/2026\/03\/16\/valenca-promove-sessao-de-esclarecimento-dirigida-a-agricultores\/","url":"https:\/\/www.altominho.tv\/site\/2026\/03\/16\/valenca-promove-sessao-de-esclarecimento-dirigida-a-agricultores\/","name":"Valen\u00e7a promove sess\u00e3o de esclarecimento dirigida a agricultores","isPartOf":{"@id":"https:\/\/www.altominho.tv\/site\/#website"},"primaryImageOfPage":{"@id":"https:\/\/www.altominho.tv\/site\/2026\/03\/16\/valenca-promove-sessao-de-esclarecimento-dirigida-a-agricultores\/#primaryimage"},"image":{"@id":"https:\/\/www.altominho.tv\/site\/2026\/03\/16\/valenca-promove-sessao-de-esclarecimento-dirigida-a-agricultores\/#primaryimage"},"thumbnailUrl":"https:\/\/www.altominho.tv\/site\/wp-content\/uploads\/2026\/03\/agricultura-.jpg","datePublished":"2026-03-16T11:08:27+00:00","dateModified":"2026-03-16T11:08:30+00:00","author":{"@id":"https:\/\/www.altominho.tv\/site\/#\/schema\/person\/9e351387b727413d005ccf1152c93539"},"description":"O munic\u00edpio de Valen\u00e7a promove, na pr\u00f3xima quarta-feira, 18 de mar\u00e7o, \u00e0s 17h00, na Biblioteca Municipal de Valen\u00e7a, uma sess\u00e3o de esclarecimento para agricultores dedicada ao Pedido \u00danico de Ajudas.","breadcrumb":{"@id":"https:\/\/www.altominho.tv\/site\/2026\/03\/16\/valenca-promove-sessao-de-esclarecimento-dirigida-a-agricultores\/#breadcrumb"},"inLanguage":"pt-PT","potentialAction":[{"@type":"ReadAction","target":["https:\/\/www.altominho.tv\/site\/2026\/03\/16\/valenca-promove-sessao-de-esclarecimento-dirigida-a-agricultores\/"]}]},{"@type":"ImageObject","inLanguage":"pt-PT","@id":"https:\/\/www.altominho.tv\/site\/2026\/03\/16\/valenca-promove-sessao-de-esclarecimento-dirigida-a-agricultores\/#primaryimage","url":"https:\/\/www.altominho.tv\/site\/wp-content\/uploads\/2026\/03\/agricultura-.jpg","contentUrl":"https:\/\/www.altominho.tv\/site\/wp-content\/uploads\/2026\/03\/agricultura-.jpg","width":1200,"height":630},{"@type":"BreadcrumbList","@id":"https:\/\/www.altominho.tv\/site\/2026\/03\/16\/valenca-promove-sessao-de-esclarecimento-dirigida-a-agricultores\/#breadcrumb","itemListElement":[{"@type":"ListItem","position":1,"name":"In\u00edcio","item":"https:\/\/www.altominho.tv\/site\/"},{"@type":"ListItem","position":2,"name":"Valen\u00e7a promove sess\u00e3o de esclarecimento dirigida a agricultores"}]},{"@type":"WebSite","@id":"https:\/\/www.altominho.tv\/site\/#website","url":"https:\/\/www.altominho.tv\/site\/","name":"Altominho.tv","description":"A sua regi\u00e3o \u00e0 dist\u00e2ncia de um clique...","potentialAction":[{"@type":"SearchAction","target":{"@type":"EntryPoint","urlTemplate":"https:\/\/www.altominho.tv\/site\/?s={search_term_string}"},"query-input":{"@type":"PropertyValueSpecification","valueRequired":true,"valueName":"search_term_string"}}],"inLanguage":"pt-PT"},{"@type":"Person","@id":"https:\/\/www.altominho.tv\/site\/#\/schema\/person\/9e351387b727413d005ccf1152c93539","name":"Eduarda Cardoso","image":{"@type":"ImageObject","inLanguage":"pt-PT","@id":"https:\/\/www.altominho.tv\/site\/wp-content\/uploads\/2021\/01\/cropped-Logo-ATV_WEB-150x150.png","url":"https:\/\/www.altominho.tv\/site\/wp-content\/uploads\/2021\/01\/cropped-Logo-ATV_WEB-150x150.png","contentUrl":"https:\/\/www.altominho.tv\/site\/wp-content\/uploads\/2021\/01\/cropped-Logo-ATV_WEB-150x150.png","caption":"Eduarda Cardoso"},"url":"https:\/\/www.altominho.tv\/site\/author\/eduarda-cardoso\/"}]}},"_links":{"self":[{"href":"https:\/\/www.altominho.tv\/site\/wp-json\/wp\/v2\/posts\/129945","targetHints":{"allow":["GET"]}}],"collection":[{"href":"https:\/\/www.altominho.tv\/site\/wp-json\/wp\/v2\/posts"}],"about":[{"href":"https:\/\/www.altominho.tv\/site\/wp-json\/wp\/v2\/types\/post"}],"author":[{"embeddable":true,"href":"https:\/\/www.altominho.tv\/site\/wp-json\/wp\/v2\/users\/30"}],"replies":[{"embeddable":true,"href":"https:\/\/www.altominho.tv\/site\/wp-json\/wp\/v2\/comments?post=129945"}],"version-history":[{"count":1,"href":"https:\/\/www.altominho.tv\/site\/wp-json\/wp\/v2\/posts\/129945\/revisions"}],"predecessor-version":[{"id":129947,"href":"https:\/\/www.altominho.tv\/site\/wp-json\/wp\/v2\/posts\/129945\/revisions\/129947"}],"wp:featuredmedia":[{"embeddable":true,"href":"https:\/\/www.altominho.tv\/site\/wp-json\/wp\/v2\/media\/129946"}],"wp:attachment":[{"href":"https:\/\/www.altominho.tv\/site\/wp-json\/wp\/v2\/media?parent=129945"}],"wp:term":[{"taxonomy":"category","embeddable":true,"href":"https:\/\/www.altominho.tv\/site\/wp-json\/wp\/v2\/categories?post=129945"},{"taxonomy":"post_tag","embeddable":true,"href":"https:\/\/www.altominho.tv\/site\/wp-json\/wp\/v2\/tags?post=129945"}],"curies":[{"name":"wp","href":"https:\/\/api.w.org\/{rel}","templated":true}]}}