{"id":129845,"date":"2026-03-13T10:04:13","date_gmt":"2026-03-13T10:04:13","guid":{"rendered":"https:\/\/www.altominho.tv\/site\/?p=129845"},"modified":"2026-03-13T10:04:15","modified_gmt":"2026-03-13T10:04:15","slug":"regata-internacional-ponte-da-amizade-regressa-ao-rio-minho-a-28-de-marco","status":"publish","type":"post","link":"https:\/\/www.altominho.tv\/site\/2026\/03\/13\/regata-internacional-ponte-da-amizade-regressa-ao-rio-minho-a-28-de-marco\/","title":{"rendered":"Regata Internacional Ponte da Amizade regressa ao rio Minho a 28 de mar\u00e7o"},"content":{"rendered":"<p data-start=\"121\" data-end=\"495\">A 19.\u00aa edi\u00e7\u00e3o da Regata Internacional Ponte da Amizade realiza-se no pr\u00f3ximo dia 28 de mar\u00e7o, em Vila Nova de Cerveira, regressando ao rio Minho cerca de dois meses mais cedo do que o habitual. A altera\u00e7\u00e3o do calend\u00e1rio foi decidida pela organiza\u00e7\u00e3o devido \u00e0 elevada concentra\u00e7\u00e3o de competi\u00e7\u00f5es de remo em Portugal e Espanha.<\/p>\n<p data-start=\"497\" data-end=\"691\">Integrada no Calend\u00e1rio Nacional da Federa\u00e7\u00e3o Portuguesa de Remo, a competi\u00e7\u00e3o dever\u00e1 reunir cerca de 150 atletas de 11 clubes portugueses e espanh\u00f3is, refor\u00e7ando o seu car\u00e1ter transfronteiri\u00e7o.<\/p>\n<p data-start=\"693\" data-end=\"949\">O percurso mant\u00e9m-se entre a Ponte da Amizade e o Cais do Rio Minho e inclui provas para os escal\u00f5es benjamins, infantis, iniciados e juvenis. Entre os momentos mais aguardados est\u00e3o as provas rainha: o 4x Juvenil Feminino e o 8+ Juvenil Masculino.<\/p>\n<p data-start=\"951\" data-end=\"1265\">Promovida pela Associa\u00e7\u00e3o Desportiva e Cultural da Juventude de Cerveira, com o apoio da C\u00e2mara Municipal de Vila Nova de Cerveira, do Concello de Tomi\u00f1o e da Federa\u00e7\u00e3o Portuguesa de Remo, a iniciativa pretende tamb\u00e9m incentivar a pr\u00e1tica do remo entre os mais jovens e valorizar o patrim\u00f3nio natural do rio Minho.<\/p>\n<p data-start=\"1267\" data-end=\"1452\">\n","protected":false},"excerpt":{"rendered":"<p>A 19.\u00aa edi\u00e7\u00e3o da Regata Internacional Ponte da Amizade realiza-se no pr\u00f3ximo dia 28 de mar\u00e7o, em Vila Nova de Cerveira, regressando ao rio Minho cerca de dois meses mais cedo do que o habitual. A altera\u00e7\u00e3o do calend\u00e1rio foi decidida pela organiza\u00e7\u00e3o devido \u00e0 elevada concentra\u00e7\u00e3o de competi\u00e7\u00f5es de remo em Portugal e Espanha. [&hellip;]<\/p>\n","protected":false},"author":1,"featured_media":118585,"comment_status":"closed","ping_status":"closed","sticky":false,"template":"","format":"standard","meta":{"_exactmetrics_skip_tracking":false,"_exactmetrics_sitenote_active":false,"_exactmetrics_sitenote_note":"","_exactmetrics_sitenote_category":0,"footnotes":""},"categories":[15],"tags":[20],"class_list":["post-129845","post","type-post","status-publish","format-standard","has-post-thumbnail","hentry","category-vila-nova-de-cerveira","tag-desporto"],"yoast_head":"<!-- This site is optimized with the Yoast SEO Premium plugin v27.5 (Yoast SEO v27.5) - https:\/\/yoast.com\/product\/yoast-seo-premium-wordpress\/ -->\n<title>Regata Internacional Ponte da Amizade regressa ao rio Minho a 28 de mar\u00e7o<\/title>\n<meta name=\"robots\" content=\"index, follow, max-snippet:-1, max-image-preview:large, max-video-preview:-1\" \/>\n<link rel=\"canonical\" href=\"https:\/\/www.altominho.tv\/site\/2026\/03\/13\/regata-internacional-ponte-da-amizade-regressa-ao-rio-minho-a-28-de-marco\/\" \/>\n<meta property=\"og:locale\" content=\"pt_PT\" \/>\n<meta property=\"og:type\" content=\"article\" \/>\n<meta property=\"og:title\" content=\"Regata Internacional Ponte da Amizade regressa ao rio Minho a 28 de mar\u00e7o\" \/>\n<meta property=\"og:description\" content=\"A 19.\u00aa edi\u00e7\u00e3o da Regata Internacional Ponte da Amizade realiza-se no pr\u00f3ximo dia 28 de mar\u00e7o, em Vila Nova de Cerveira, regressando ao rio Minho cerca de dois meses mais cedo do que o habitual. A altera\u00e7\u00e3o do calend\u00e1rio foi decidida pela organiza\u00e7\u00e3o devido \u00e0 elevada concentra\u00e7\u00e3o de competi\u00e7\u00f5es de remo em Portugal e Espanha. [&hellip;]\" \/>\n<meta property=\"og:url\" content=\"https:\/\/www.altominho.tv\/site\/2026\/03\/13\/regata-internacional-ponte-da-amizade-regressa-ao-rio-minho-a-28-de-marco\/\" \/>\n<meta property=\"og:site_name\" content=\"Altominho.tv\" \/>\n<meta property=\"article:publisher\" content=\"https:\/\/www.facebook.com\/altominhotv\" \/>\n<meta property=\"article:published_time\" content=\"2026-03-13T10:04:13+00:00\" \/>\n<meta property=\"article:modified_time\" content=\"2026-03-13T10:04:15+00:00\" \/>\n<meta property=\"og:image\" content=\"https:\/\/www.altominho.tv\/site\/wp-content\/uploads\/2025\/05\/regata-cerveira.jpg\" \/>\n\t<meta property=\"og:image:width\" content=\"1200\" \/>\n\t<meta property=\"og:image:height\" content=\"630\" \/>\n\t<meta property=\"og:image:type\" content=\"image\/jpeg\" \/>\n<meta name=\"author\" content=\"Altominho.tv\" \/>\n<meta name=\"twitter:card\" content=\"summary_large_image\" \/>\n<meta name=\"twitter:creator\" content=\"@altominhoTV\" \/>\n<meta name=\"twitter:site\" content=\"@altominhoTV\" \/>\n<meta name=\"twitter:label1\" content=\"Escrito por\" \/>\n\t<meta name=\"twitter:data1\" content=\"Altominho.tv\" \/>\n\t<meta name=\"twitter:label2\" content=\"Tempo estimado de leitura\" \/>\n\t<meta name=\"twitter:data2\" content=\"2 minutos\" \/>\n<script type=\"application\/ld+json\" class=\"yoast-schema-graph\">{\"@context\":\"https:\\\/\\\/schema.org\",\"@graph\":[{\"@type\":\"Article\",\"@id\":\"https:\\\/\\\/www.altominho.tv\\\/site\\\/2026\\\/03\\\/13\\\/regata-internacional-ponte-da-amizade-regressa-ao-rio-minho-a-28-de-marco\\\/#article\",\"isPartOf\":{\"@id\":\"https:\\\/\\\/www.altominho.tv\\\/site\\\/2026\\\/03\\\/13\\\/regata-internacional-ponte-da-amizade-regressa-ao-rio-minho-a-28-de-marco\\\/\"},\"author\":{\"name\":\"Altominho.tv\",\"@id\":\"https:\\\/\\\/www.altominho.tv\\\/site\\\/#\\\/schema\\\/person\\\/4e536851627d7914baf3dac752b6af22\"},\"headline\":\"Regata Internacional Ponte da Amizade regressa ao rio Minho a 28 de mar\u00e7o\",\"datePublished\":\"2026-03-13T10:04:13+00:00\",\"dateModified\":\"2026-03-13T10:04:15+00:00\",\"mainEntityOfPage\":{\"@id\":\"https:\\\/\\\/www.altominho.tv\\\/site\\\/2026\\\/03\\\/13\\\/regata-internacional-ponte-da-amizade-regressa-ao-rio-minho-a-28-de-marco\\\/\"},\"wordCount\":210,\"image\":{\"@id\":\"https:\\\/\\\/www.altominho.tv\\\/site\\\/2026\\\/03\\\/13\\\/regata-internacional-ponte-da-amizade-regressa-ao-rio-minho-a-28-de-marco\\\/#primaryimage\"},\"thumbnailUrl\":\"https:\\\/\\\/www.altominho.tv\\\/site\\\/wp-content\\\/uploads\\\/2025\\\/05\\\/regata-cerveira.jpg\",\"keywords\":[\"Desporto\"],\"articleSection\":[\"Vila Nova de Cerveira\"],\"inLanguage\":\"pt-PT\",\"copyrightYear\":\"2026\",\"copyrightHolder\":{\"@id\":\"https:\\\/\\\/www.altominho.tv\\\/site\\\/#organization\"}},{\"@type\":\"WebPage\",\"@id\":\"https:\\\/\\\/www.altominho.tv\\\/site\\\/2026\\\/03\\\/13\\\/regata-internacional-ponte-da-amizade-regressa-ao-rio-minho-a-28-de-marco\\\/\",\"url\":\"https:\\\/\\\/www.altominho.tv\\\/site\\\/2026\\\/03\\\/13\\\/regata-internacional-ponte-da-amizade-regressa-ao-rio-minho-a-28-de-marco\\\/\",\"name\":\"Regata Internacional Ponte da Amizade regressa ao rio Minho a 28 de mar\u00e7o\",\"isPartOf\":{\"@id\":\"https:\\\/\\\/www.altominho.tv\\\/site\\\/#website\"},\"primaryImageOfPage\":{\"@id\":\"https:\\\/\\\/www.altominho.tv\\\/site\\\/2026\\\/03\\\/13\\\/regata-internacional-ponte-da-amizade-regressa-ao-rio-minho-a-28-de-marco\\\/#primaryimage\"},\"image\":{\"@id\":\"https:\\\/\\\/www.altominho.tv\\\/site\\\/2026\\\/03\\\/13\\\/regata-internacional-ponte-da-amizade-regressa-ao-rio-minho-a-28-de-marco\\\/#primaryimage\"},\"thumbnailUrl\":\"https:\\\/\\\/www.altominho.tv\\\/site\\\/wp-content\\\/uploads\\\/2025\\\/05\\\/regata-cerveira.jpg\",\"datePublished\":\"2026-03-13T10:04:13+00:00\",\"dateModified\":\"2026-03-13T10:04:15+00:00\",\"author\":{\"@id\":\"https:\\\/\\\/www.altominho.tv\\\/site\\\/#\\\/schema\\\/person\\\/4e536851627d7914baf3dac752b6af22\"},\"breadcrumb\":{\"@id\":\"https:\\\/\\\/www.altominho.tv\\\/site\\\/2026\\\/03\\\/13\\\/regata-internacional-ponte-da-amizade-regressa-ao-rio-minho-a-28-de-marco\\\/#breadcrumb\"},\"inLanguage\":\"pt-PT\",\"potentialAction\":[{\"@type\":\"ReadAction\",\"target\":[\"https:\\\/\\\/www.altominho.tv\\\/site\\\/2026\\\/03\\\/13\\\/regata-internacional-ponte-da-amizade-regressa-ao-rio-minho-a-28-de-marco\\\/\"]}]},{\"@type\":\"ImageObject\",\"inLanguage\":\"pt-PT\",\"@id\":\"https:\\\/\\\/www.altominho.tv\\\/site\\\/2026\\\/03\\\/13\\\/regata-internacional-ponte-da-amizade-regressa-ao-rio-minho-a-28-de-marco\\\/#primaryimage\",\"url\":\"https:\\\/\\\/www.altominho.tv\\\/site\\\/wp-content\\\/uploads\\\/2025\\\/05\\\/regata-cerveira.jpg\",\"contentUrl\":\"https:\\\/\\\/www.altominho.tv\\\/site\\\/wp-content\\\/uploads\\\/2025\\\/05\\\/regata-cerveira.jpg\",\"width\":1200,\"height\":630},{\"@type\":\"BreadcrumbList\",\"@id\":\"https:\\\/\\\/www.altominho.tv\\\/site\\\/2026\\\/03\\\/13\\\/regata-internacional-ponte-da-amizade-regressa-ao-rio-minho-a-28-de-marco\\\/#breadcrumb\",\"itemListElement\":[{\"@type\":\"ListItem\",\"position\":1,\"name\":\"In\u00edcio\",\"item\":\"https:\\\/\\\/www.altominho.tv\\\/site\\\/\"},{\"@type\":\"ListItem\",\"position\":2,\"name\":\"Regata Internacional Ponte da Amizade regressa ao rio Minho a 28 de mar\u00e7o\"}]},{\"@type\":\"WebSite\",\"@id\":\"https:\\\/\\\/www.altominho.tv\\\/site\\\/#website\",\"url\":\"https:\\\/\\\/www.altominho.tv\\\/site\\\/\",\"name\":\"Altominho.tv\",\"description\":\"A sua regi\u00e3o \u00e0 dist\u00e2ncia de um clique...\",\"potentialAction\":[{\"@type\":\"SearchAction\",\"target\":{\"@type\":\"EntryPoint\",\"urlTemplate\":\"https:\\\/\\\/www.altominho.tv\\\/site\\\/?s={search_term_string}\"},\"query-input\":{\"@type\":\"PropertyValueSpecification\",\"valueRequired\":true,\"valueName\":\"search_term_string\"}}],\"inLanguage\":\"pt-PT\"},{\"@type\":\"Person\",\"@id\":\"https:\\\/\\\/www.altominho.tv\\\/site\\\/#\\\/schema\\\/person\\\/4e536851627d7914baf3dac752b6af22\",\"name\":\"Altominho.tv\",\"image\":{\"@type\":\"ImageObject\",\"inLanguage\":\"pt-PT\",\"@id\":\"https:\\\/\\\/www.altominho.tv\\\/site\\\/wp-content\\\/uploads\\\/2019\\\/11\\\/Logo_Avatar_2-150x150.jpg\",\"url\":\"https:\\\/\\\/www.altominho.tv\\\/site\\\/wp-content\\\/uploads\\\/2019\\\/11\\\/Logo_Avatar_2-150x150.jpg\",\"contentUrl\":\"https:\\\/\\\/www.altominho.tv\\\/site\\\/wp-content\\\/uploads\\\/2019\\\/11\\\/Logo_Avatar_2-150x150.jpg\",\"caption\":\"Altominho.tv\"},\"url\":\"https:\\\/\\\/www.altominho.tv\\\/site\\\/author\\\/altominhotv-tecnico\\\/\"}]}<\/script>\n<!-- \/ Yoast SEO Premium plugin. -->","yoast_head_json":{"title":"Regata Internacional Ponte da Amizade regressa ao rio Minho a 28 de mar\u00e7o","robots":{"index":"index","follow":"follow","max-snippet":"max-snippet:-1","max-image-preview":"max-image-preview:large","max-video-preview":"max-video-preview:-1"},"canonical":"https:\/\/www.altominho.tv\/site\/2026\/03\/13\/regata-internacional-ponte-da-amizade-regressa-ao-rio-minho-a-28-de-marco\/","og_locale":"pt_PT","og_type":"article","og_title":"Regata Internacional Ponte da Amizade regressa ao rio Minho a 28 de mar\u00e7o","og_description":"A 19.\u00aa edi\u00e7\u00e3o da Regata Internacional Ponte da Amizade realiza-se no pr\u00f3ximo dia 28 de mar\u00e7o, em Vila Nova de Cerveira, regressando ao rio Minho cerca de dois meses mais cedo do que o habitual. A altera\u00e7\u00e3o do calend\u00e1rio foi decidida pela organiza\u00e7\u00e3o devido \u00e0 elevada concentra\u00e7\u00e3o de competi\u00e7\u00f5es de remo em Portugal e Espanha. [&hellip;]","og_url":"https:\/\/www.altominho.tv\/site\/2026\/03\/13\/regata-internacional-ponte-da-amizade-regressa-ao-rio-minho-a-28-de-marco\/","og_site_name":"Altominho.tv","article_publisher":"https:\/\/www.facebook.com\/altominhotv","article_published_time":"2026-03-13T10:04:13+00:00","article_modified_time":"2026-03-13T10:04:15+00:00","og_image":[{"width":1200,"height":630,"url":"https:\/\/www.altominho.tv\/site\/wp-content\/uploads\/2025\/05\/regata-cerveira.jpg","type":"image\/jpeg"}],"author":"Altominho.tv","twitter_card":"summary_large_image","twitter_creator":"@altominhoTV","twitter_site":"@altominhoTV","twitter_misc":{"Escrito por":"Altominho.tv","Tempo estimado de leitura":"2 minutos"},"schema":{"@context":"https:\/\/schema.org","@graph":[{"@type":"Article","@id":"https:\/\/www.altominho.tv\/site\/2026\/03\/13\/regata-internacional-ponte-da-amizade-regressa-ao-rio-minho-a-28-de-marco\/#article","isPartOf":{"@id":"https:\/\/www.altominho.tv\/site\/2026\/03\/13\/regata-internacional-ponte-da-amizade-regressa-ao-rio-minho-a-28-de-marco\/"},"author":{"name":"Altominho.tv","@id":"https:\/\/www.altominho.tv\/site\/#\/schema\/person\/4e536851627d7914baf3dac752b6af22"},"headline":"Regata Internacional Ponte da Amizade regressa ao rio Minho a 28 de mar\u00e7o","datePublished":"2026-03-13T10:04:13+00:00","dateModified":"2026-03-13T10:04:15+00:00","mainEntityOfPage":{"@id":"https:\/\/www.altominho.tv\/site\/2026\/03\/13\/regata-internacional-ponte-da-amizade-regressa-ao-rio-minho-a-28-de-marco\/"},"wordCount":210,"image":{"@id":"https:\/\/www.altominho.tv\/site\/2026\/03\/13\/regata-internacional-ponte-da-amizade-regressa-ao-rio-minho-a-28-de-marco\/#primaryimage"},"thumbnailUrl":"https:\/\/www.altominho.tv\/site\/wp-content\/uploads\/2025\/05\/regata-cerveira.jpg","keywords":["Desporto"],"articleSection":["Vila Nova de Cerveira"],"inLanguage":"pt-PT","copyrightYear":"2026","copyrightHolder":{"@id":"https:\/\/www.altominho.tv\/site\/#organization"}},{"@type":"WebPage","@id":"https:\/\/www.altominho.tv\/site\/2026\/03\/13\/regata-internacional-ponte-da-amizade-regressa-ao-rio-minho-a-28-de-marco\/","url":"https:\/\/www.altominho.tv\/site\/2026\/03\/13\/regata-internacional-ponte-da-amizade-regressa-ao-rio-minho-a-28-de-marco\/","name":"Regata Internacional Ponte da Amizade regressa ao rio Minho a 28 de mar\u00e7o","isPartOf":{"@id":"https:\/\/www.altominho.tv\/site\/#website"},"primaryImageOfPage":{"@id":"https:\/\/www.altominho.tv\/site\/2026\/03\/13\/regata-internacional-ponte-da-amizade-regressa-ao-rio-minho-a-28-de-marco\/#primaryimage"},"image":{"@id":"https:\/\/www.altominho.tv\/site\/2026\/03\/13\/regata-internacional-ponte-da-amizade-regressa-ao-rio-minho-a-28-de-marco\/#primaryimage"},"thumbnailUrl":"https:\/\/www.altominho.tv\/site\/wp-content\/uploads\/2025\/05\/regata-cerveira.jpg","datePublished":"2026-03-13T10:04:13+00:00","dateModified":"2026-03-13T10:04:15+00:00","author":{"@id":"https:\/\/www.altominho.tv\/site\/#\/schema\/person\/4e536851627d7914baf3dac752b6af22"},"breadcrumb":{"@id":"https:\/\/www.altominho.tv\/site\/2026\/03\/13\/regata-internacional-ponte-da-amizade-regressa-ao-rio-minho-a-28-de-marco\/#breadcrumb"},"inLanguage":"pt-PT","potentialAction":[{"@type":"ReadAction","target":["https:\/\/www.altominho.tv\/site\/2026\/03\/13\/regata-internacional-ponte-da-amizade-regressa-ao-rio-minho-a-28-de-marco\/"]}]},{"@type":"ImageObject","inLanguage":"pt-PT","@id":"https:\/\/www.altominho.tv\/site\/2026\/03\/13\/regata-internacional-ponte-da-amizade-regressa-ao-rio-minho-a-28-de-marco\/#primaryimage","url":"https:\/\/www.altominho.tv\/site\/wp-content\/uploads\/2025\/05\/regata-cerveira.jpg","contentUrl":"https:\/\/www.altominho.tv\/site\/wp-content\/uploads\/2025\/05\/regata-cerveira.jpg","width":1200,"height":630},{"@type":"BreadcrumbList","@id":"https:\/\/www.altominho.tv\/site\/2026\/03\/13\/regata-internacional-ponte-da-amizade-regressa-ao-rio-minho-a-28-de-marco\/#breadcrumb","itemListElement":[{"@type":"ListItem","position":1,"name":"In\u00edcio","item":"https:\/\/www.altominho.tv\/site\/"},{"@type":"ListItem","position":2,"name":"Regata Internacional Ponte da Amizade regressa ao rio Minho a 28 de mar\u00e7o"}]},{"@type":"WebSite","@id":"https:\/\/www.altominho.tv\/site\/#website","url":"https:\/\/www.altominho.tv\/site\/","name":"Altominho.tv","description":"A sua regi\u00e3o \u00e0 dist\u00e2ncia de um clique...","potentialAction":[{"@type":"SearchAction","target":{"@type":"EntryPoint","urlTemplate":"https:\/\/www.altominho.tv\/site\/?s={search_term_string}"},"query-input":{"@type":"PropertyValueSpecification","valueRequired":true,"valueName":"search_term_string"}}],"inLanguage":"pt-PT"},{"@type":"Person","@id":"https:\/\/www.altominho.tv\/site\/#\/schema\/person\/4e536851627d7914baf3dac752b6af22","name":"Altominho.tv","image":{"@type":"ImageObject","inLanguage":"pt-PT","@id":"https:\/\/www.altominho.tv\/site\/wp-content\/uploads\/2019\/11\/Logo_Avatar_2-150x150.jpg","url":"https:\/\/www.altominho.tv\/site\/wp-content\/uploads\/2019\/11\/Logo_Avatar_2-150x150.jpg","contentUrl":"https:\/\/www.altominho.tv\/site\/wp-content\/uploads\/2019\/11\/Logo_Avatar_2-150x150.jpg","caption":"Altominho.tv"},"url":"https:\/\/www.altominho.tv\/site\/author\/altominhotv-tecnico\/"}]}},"_links":{"self":[{"href":"https:\/\/www.altominho.tv\/site\/wp-json\/wp\/v2\/posts\/129845","targetHints":{"allow":["GET"]}}],"collection":[{"href":"https:\/\/www.altominho.tv\/site\/wp-json\/wp\/v2\/posts"}],"about":[{"href":"https:\/\/www.altominho.tv\/site\/wp-json\/wp\/v2\/types\/post"}],"author":[{"embeddable":true,"href":"https:\/\/www.altominho.tv\/site\/wp-json\/wp\/v2\/users\/1"}],"replies":[{"embeddable":true,"href":"https:\/\/www.altominho.tv\/site\/wp-json\/wp\/v2\/comments?post=129845"}],"version-history":[{"count":1,"href":"https:\/\/www.altominho.tv\/site\/wp-json\/wp\/v2\/posts\/129845\/revisions"}],"predecessor-version":[{"id":129847,"href":"https:\/\/www.altominho.tv\/site\/wp-json\/wp\/v2\/posts\/129845\/revisions\/129847"}],"wp:featuredmedia":[{"embeddable":true,"href":"https:\/\/www.altominho.tv\/site\/wp-json\/wp\/v2\/media\/118585"}],"wp:attachment":[{"href":"https:\/\/www.altominho.tv\/site\/wp-json\/wp\/v2\/media?parent=129845"}],"wp:term":[{"taxonomy":"category","embeddable":true,"href":"https:\/\/www.altominho.tv\/site\/wp-json\/wp\/v2\/categories?post=129845"},{"taxonomy":"post_tag","embeddable":true,"href":"https:\/\/www.altominho.tv\/site\/wp-json\/wp\/v2\/tags?post=129845"}],"curies":[{"name":"wp","href":"https:\/\/api.w.org\/{rel}","templated":true}]}}