{"id":129828,"date":"2026-03-12T17:06:11","date_gmt":"2026-03-12T17:06:11","guid":{"rendered":"https:\/\/www.altominho.tv\/site\/?p=129828"},"modified":"2026-03-12T17:06:15","modified_gmt":"2026-03-12T17:06:15","slug":"valenca-promove-acao-para-ajudar-apicultores-a-combater-a-vespa-velutina","status":"publish","type":"post","link":"https:\/\/www.altominho.tv\/site\/2026\/03\/12\/valenca-promove-acao-para-ajudar-apicultores-a-combater-a-vespa-velutina\/","title":{"rendered":"Valen\u00e7a promove a\u00e7\u00e3o para ajudar apicultores a combater a vespa velutina"},"content":{"rendered":"<p data-start=\"78\" data-end=\"399\">O <span class=\"hover:entity-accent entity-underline inline cursor-pointer align-baseline\"><span class=\"whitespace-normal\">Centro de Interpreta\u00e7\u00e3o do Mosteiro de Sanfins<\/span><\/span>, no concelho de <span class=\"hover:entity-accent entity-underline inline cursor-pointer align-baseline\"><span class=\"whitespace-normal\">Valen\u00e7a<\/span><\/span>, recebe amanh\u00e3, 13 de mar\u00e7o, pelas 16h30, uma a\u00e7\u00e3o de sensibiliza\u00e7\u00e3o dedicada ao combate \u00e0 v<span class=\"hover:entity-accent entity-underline inline cursor-pointer align-baseline\"><span class=\"whitespace-normal\">espa velutina<\/span><\/span>, esp\u00e9cie invasora que tem provocado preju\u00edzos significativos na atividade ap\u00edcola.<\/p>\n<p data-start=\"401\" data-end=\"750\">A iniciativa, intitulada \u201cA Apicultura e a Vespa Velutina\u201d, pretende alertar e capacitar os apicultores para lidar com este problema, respons\u00e1vel por perdas nas colmeias e impactos negativos nos ecossistemas locais. A sess\u00e3o ser\u00e1 conduzida por t\u00e9cnicos municipais, que abordar\u00e3o v\u00e1rios aspetos relacionados com a identifica\u00e7\u00e3o e controlo da esp\u00e9cie.<\/p>\n<p data-start=\"752\" data-end=\"1029\">Durante a componente te\u00f3rica ser\u00e3o apresentados conte\u00fados sobre a caracteriza\u00e7\u00e3o da vespa velutina, o seu ciclo reprodutivo, os efeitos na apicultura e na biodiversidade, bem como os principais tipos de armadilhas utilizadas no seu controlo e os predadores naturais da esp\u00e9cie.<\/p>\n<p data-start=\"1031\" data-end=\"1341\">A a\u00e7\u00e3o inclui ainda um workshop pr\u00e1tico de constru\u00e7\u00e3o de armadilhas artesanais, onde os participantes poder\u00e3o aprender a produzir dispositivos de captura com materiais acess\u00edveis. No final, ser\u00e3o distribu\u00eddas armadilhas aos participantes, com o objetivo de refor\u00e7ar os meios de combate \u00e0 esp\u00e9cie no territ\u00f3rio.<\/p>\n<p data-start=\"1343\" data-end=\"1621\" data-is-last-node=\"\" data-is-only-node=\"\">A iniciativa \u00e9 promovida pela C\u00e2mara Municipal de Valen\u00e7a, em colabora\u00e7\u00e3o com a <span class=\"hover:entity-accent entity-underline inline cursor-pointer align-baseline\"><span class=\"whitespace-normal\">APIMIL \u2013 Associa\u00e7\u00e3o dos Apicultores de Entre-Minho e Lima<\/span><\/span>, procurando mobilizar apicultores e comunidade para uma resposta conjunta a um problema que exige vigil\u00e2ncia cont\u00ednua e coopera\u00e7\u00e3o entre entidades e produtores.<\/p>\n<p data-start=\"1343\" data-end=\"1621\" data-is-last-node=\"\" data-is-only-node=\"\">Foto: <strong>DR<\/strong><\/p>\n","protected":false},"excerpt":{"rendered":"<p>O Centro de Interpreta\u00e7\u00e3o do Mosteiro de Sanfins, no concelho de Valen\u00e7a, recebe amanh\u00e3, 13 de mar\u00e7o, pelas 16h30, uma a\u00e7\u00e3o de sensibiliza\u00e7\u00e3o dedicada ao combate \u00e0 vespa velutina, esp\u00e9cie invasora que tem provocado preju\u00edzos significativos na atividade ap\u00edcola. A iniciativa, intitulada \u201cA Apicultura e a Vespa Velutina\u201d, pretende alertar e capacitar os apicultores para [&hellip;]<\/p>\n","protected":false},"author":24,"featured_media":129829,"comment_status":"closed","ping_status":"closed","sticky":false,"template":"","format":"standard","meta":{"_exactmetrics_skip_tracking":false,"_exactmetrics_sitenote_active":false,"_exactmetrics_sitenote_note":"","_exactmetrics_sitenote_category":0,"footnotes":""},"categories":[13],"tags":[27],"class_list":["post-129828","post","type-post","status-publish","format-standard","has-post-thumbnail","hentry","category-valenca","tag-sociedade"],"yoast_head":"<!-- This site is optimized with the Yoast SEO Premium plugin v27.5 (Yoast SEO v27.5) - https:\/\/yoast.com\/product\/yoast-seo-premium-wordpress\/ -->\n<title>Valen\u00e7a promove a\u00e7\u00e3o para ajudar apicultores a combater a vespa velutina<\/title>\n<meta name=\"description\" content=\"O Centro de Interpreta\u00e7\u00e3o do Mosteiro de Sanfins, no concelho de Valen\u00e7a, recebe amanh\u00e3, 13 de mar\u00e7o, pelas 16h30, uma a\u00e7\u00e3o de sensibiliza\u00e7\u00e3o dedicada ao combate \u00e0 Vespa velutina, esp\u00e9cie invasora que tem provocado preju\u00edzos significativos na atividade ap\u00edcola.\" \/>\n<meta name=\"robots\" content=\"index, follow, max-snippet:-1, max-image-preview:large, max-video-preview:-1\" \/>\n<link rel=\"canonical\" href=\"https:\/\/www.altominho.tv\/site\/2026\/03\/12\/valenca-promove-acao-para-ajudar-apicultores-a-combater-a-vespa-velutina\/\" \/>\n<meta property=\"og:locale\" content=\"pt_PT\" \/>\n<meta property=\"og:type\" content=\"article\" \/>\n<meta property=\"og:title\" content=\"Valen\u00e7a promove a\u00e7\u00e3o para ajudar apicultores a combater a vespa velutina\" \/>\n<meta property=\"og:description\" content=\"O Centro de Interpreta\u00e7\u00e3o do Mosteiro de Sanfins, no concelho de Valen\u00e7a, recebe amanh\u00e3, 13 de mar\u00e7o, pelas 16h30, uma a\u00e7\u00e3o de sensibiliza\u00e7\u00e3o dedicada ao combate \u00e0 Vespa velutina, esp\u00e9cie invasora que tem provocado preju\u00edzos significativos na atividade ap\u00edcola.\" \/>\n<meta property=\"og:url\" content=\"https:\/\/www.altominho.tv\/site\/2026\/03\/12\/valenca-promove-acao-para-ajudar-apicultores-a-combater-a-vespa-velutina\/\" \/>\n<meta property=\"og:site_name\" content=\"Altominho.tv\" \/>\n<meta property=\"article:publisher\" content=\"https:\/\/www.facebook.com\/altominhotv\" \/>\n<meta property=\"article:published_time\" content=\"2026-03-12T17:06:11+00:00\" \/>\n<meta property=\"article:modified_time\" content=\"2026-03-12T17:06:15+00:00\" \/>\n<meta property=\"og:image\" content=\"https:\/\/www.altominho.tv\/site\/wp-content\/uploads\/2026\/03\/vespa.png\" \/>\n\t<meta property=\"og:image:width\" content=\"1200\" \/>\n\t<meta property=\"og:image:height\" content=\"630\" \/>\n\t<meta property=\"og:image:type\" content=\"image\/png\" \/>\n<meta name=\"author\" content=\"Cesar Lopes\" \/>\n<meta name=\"twitter:card\" content=\"summary_large_image\" \/>\n<meta name=\"twitter:creator\" content=\"@altominhoTV\" \/>\n<meta name=\"twitter:site\" content=\"@altominhoTV\" \/>\n<meta name=\"twitter:label1\" content=\"Escrito por\" \/>\n\t<meta name=\"twitter:data1\" content=\"Cesar Lopes\" \/>\n\t<meta name=\"twitter:label2\" content=\"Tempo estimado de leitura\" \/>\n\t<meta name=\"twitter:data2\" content=\"2 minutos\" \/>\n<script type=\"application\/ld+json\" class=\"yoast-schema-graph\">{\"@context\":\"https:\\\/\\\/schema.org\",\"@graph\":[{\"@type\":\"Article\",\"@id\":\"https:\\\/\\\/www.altominho.tv\\\/site\\\/2026\\\/03\\\/12\\\/valenca-promove-acao-para-ajudar-apicultores-a-combater-a-vespa-velutina\\\/#article\",\"isPartOf\":{\"@id\":\"https:\\\/\\\/www.altominho.tv\\\/site\\\/2026\\\/03\\\/12\\\/valenca-promove-acao-para-ajudar-apicultores-a-combater-a-vespa-velutina\\\/\"},\"author\":{\"name\":\"Cesar Lopes\",\"@id\":\"https:\\\/\\\/www.altominho.tv\\\/site\\\/#\\\/schema\\\/person\\\/c5570e5afb933b8d08c43373326ef1b1\"},\"headline\":\"Valen\u00e7a promove a\u00e7\u00e3o para ajudar apicultores a combater a vespa velutina\",\"datePublished\":\"2026-03-12T17:06:11+00:00\",\"dateModified\":\"2026-03-12T17:06:15+00:00\",\"mainEntityOfPage\":{\"@id\":\"https:\\\/\\\/www.altominho.tv\\\/site\\\/2026\\\/03\\\/12\\\/valenca-promove-acao-para-ajudar-apicultores-a-combater-a-vespa-velutina\\\/\"},\"wordCount\":267,\"image\":{\"@id\":\"https:\\\/\\\/www.altominho.tv\\\/site\\\/2026\\\/03\\\/12\\\/valenca-promove-acao-para-ajudar-apicultores-a-combater-a-vespa-velutina\\\/#primaryimage\"},\"thumbnailUrl\":\"https:\\\/\\\/www.altominho.tv\\\/site\\\/wp-content\\\/uploads\\\/2026\\\/03\\\/vespa.png\",\"keywords\":[\"Sociedade\"],\"articleSection\":[\"Valen\u00e7a\"],\"inLanguage\":\"pt-PT\",\"copyrightYear\":\"2026\",\"copyrightHolder\":{\"@id\":\"https:\\\/\\\/www.altominho.tv\\\/site\\\/#organization\"}},{\"@type\":\"WebPage\",\"@id\":\"https:\\\/\\\/www.altominho.tv\\\/site\\\/2026\\\/03\\\/12\\\/valenca-promove-acao-para-ajudar-apicultores-a-combater-a-vespa-velutina\\\/\",\"url\":\"https:\\\/\\\/www.altominho.tv\\\/site\\\/2026\\\/03\\\/12\\\/valenca-promove-acao-para-ajudar-apicultores-a-combater-a-vespa-velutina\\\/\",\"name\":\"Valen\u00e7a promove a\u00e7\u00e3o para ajudar apicultores a combater a vespa velutina\",\"isPartOf\":{\"@id\":\"https:\\\/\\\/www.altominho.tv\\\/site\\\/#website\"},\"primaryImageOfPage\":{\"@id\":\"https:\\\/\\\/www.altominho.tv\\\/site\\\/2026\\\/03\\\/12\\\/valenca-promove-acao-para-ajudar-apicultores-a-combater-a-vespa-velutina\\\/#primaryimage\"},\"image\":{\"@id\":\"https:\\\/\\\/www.altominho.tv\\\/site\\\/2026\\\/03\\\/12\\\/valenca-promove-acao-para-ajudar-apicultores-a-combater-a-vespa-velutina\\\/#primaryimage\"},\"thumbnailUrl\":\"https:\\\/\\\/www.altominho.tv\\\/site\\\/wp-content\\\/uploads\\\/2026\\\/03\\\/vespa.png\",\"datePublished\":\"2026-03-12T17:06:11+00:00\",\"dateModified\":\"2026-03-12T17:06:15+00:00\",\"author\":{\"@id\":\"https:\\\/\\\/www.altominho.tv\\\/site\\\/#\\\/schema\\\/person\\\/c5570e5afb933b8d08c43373326ef1b1\"},\"description\":\"O Centro de Interpreta\u00e7\u00e3o do Mosteiro de Sanfins, no concelho de Valen\u00e7a, recebe amanh\u00e3, 13 de mar\u00e7o, pelas 16h30, uma a\u00e7\u00e3o de sensibiliza\u00e7\u00e3o dedicada ao combate \u00e0 Vespa velutina, esp\u00e9cie invasora que tem provocado preju\u00edzos significativos na atividade ap\u00edcola.\",\"breadcrumb\":{\"@id\":\"https:\\\/\\\/www.altominho.tv\\\/site\\\/2026\\\/03\\\/12\\\/valenca-promove-acao-para-ajudar-apicultores-a-combater-a-vespa-velutina\\\/#breadcrumb\"},\"inLanguage\":\"pt-PT\",\"potentialAction\":[{\"@type\":\"ReadAction\",\"target\":[\"https:\\\/\\\/www.altominho.tv\\\/site\\\/2026\\\/03\\\/12\\\/valenca-promove-acao-para-ajudar-apicultores-a-combater-a-vespa-velutina\\\/\"]}]},{\"@type\":\"ImageObject\",\"inLanguage\":\"pt-PT\",\"@id\":\"https:\\\/\\\/www.altominho.tv\\\/site\\\/2026\\\/03\\\/12\\\/valenca-promove-acao-para-ajudar-apicultores-a-combater-a-vespa-velutina\\\/#primaryimage\",\"url\":\"https:\\\/\\\/www.altominho.tv\\\/site\\\/wp-content\\\/uploads\\\/2026\\\/03\\\/vespa.png\",\"contentUrl\":\"https:\\\/\\\/www.altominho.tv\\\/site\\\/wp-content\\\/uploads\\\/2026\\\/03\\\/vespa.png\",\"width\":1200,\"height\":630},{\"@type\":\"BreadcrumbList\",\"@id\":\"https:\\\/\\\/www.altominho.tv\\\/site\\\/2026\\\/03\\\/12\\\/valenca-promove-acao-para-ajudar-apicultores-a-combater-a-vespa-velutina\\\/#breadcrumb\",\"itemListElement\":[{\"@type\":\"ListItem\",\"position\":1,\"name\":\"In\u00edcio\",\"item\":\"https:\\\/\\\/www.altominho.tv\\\/site\\\/\"},{\"@type\":\"ListItem\",\"position\":2,\"name\":\"Valen\u00e7a promove a\u00e7\u00e3o para ajudar apicultores a combater a vespa velutina\"}]},{\"@type\":\"WebSite\",\"@id\":\"https:\\\/\\\/www.altominho.tv\\\/site\\\/#website\",\"url\":\"https:\\\/\\\/www.altominho.tv\\\/site\\\/\",\"name\":\"Altominho.tv\",\"description\":\"A sua regi\u00e3o \u00e0 dist\u00e2ncia de um clique...\",\"potentialAction\":[{\"@type\":\"SearchAction\",\"target\":{\"@type\":\"EntryPoint\",\"urlTemplate\":\"https:\\\/\\\/www.altominho.tv\\\/site\\\/?s={search_term_string}\"},\"query-input\":{\"@type\":\"PropertyValueSpecification\",\"valueRequired\":true,\"valueName\":\"search_term_string\"}}],\"inLanguage\":\"pt-PT\"},{\"@type\":\"Person\",\"@id\":\"https:\\\/\\\/www.altominho.tv\\\/site\\\/#\\\/schema\\\/person\\\/c5570e5afb933b8d08c43373326ef1b1\",\"name\":\"Cesar Lopes\",\"image\":{\"@type\":\"ImageObject\",\"inLanguage\":\"pt-PT\",\"@id\":\"https:\\\/\\\/www.altominho.tv\\\/site\\\/wp-content\\\/uploads\\\/2022\\\/10\\\/Sem-Titulo-150x150.jpg\",\"url\":\"https:\\\/\\\/www.altominho.tv\\\/site\\\/wp-content\\\/uploads\\\/2022\\\/10\\\/Sem-Titulo-150x150.jpg\",\"contentUrl\":\"https:\\\/\\\/www.altominho.tv\\\/site\\\/wp-content\\\/uploads\\\/2022\\\/10\\\/Sem-Titulo-150x150.jpg\",\"caption\":\"Cesar Lopes\"},\"url\":\"https:\\\/\\\/www.altominho.tv\\\/site\\\/author\\\/cesarlopes\\\/\"}]}<\/script>\n<!-- \/ Yoast SEO Premium plugin. -->","yoast_head_json":{"title":"Valen\u00e7a promove a\u00e7\u00e3o para ajudar apicultores a combater a vespa velutina","description":"O Centro de Interpreta\u00e7\u00e3o do Mosteiro de Sanfins, no concelho de Valen\u00e7a, recebe amanh\u00e3, 13 de mar\u00e7o, pelas 16h30, uma a\u00e7\u00e3o de sensibiliza\u00e7\u00e3o dedicada ao combate \u00e0 Vespa velutina, esp\u00e9cie invasora que tem provocado preju\u00edzos significativos na atividade ap\u00edcola.","robots":{"index":"index","follow":"follow","max-snippet":"max-snippet:-1","max-image-preview":"max-image-preview:large","max-video-preview":"max-video-preview:-1"},"canonical":"https:\/\/www.altominho.tv\/site\/2026\/03\/12\/valenca-promove-acao-para-ajudar-apicultores-a-combater-a-vespa-velutina\/","og_locale":"pt_PT","og_type":"article","og_title":"Valen\u00e7a promove a\u00e7\u00e3o para ajudar apicultores a combater a vespa velutina","og_description":"O Centro de Interpreta\u00e7\u00e3o do Mosteiro de Sanfins, no concelho de Valen\u00e7a, recebe amanh\u00e3, 13 de mar\u00e7o, pelas 16h30, uma a\u00e7\u00e3o de sensibiliza\u00e7\u00e3o dedicada ao combate \u00e0 Vespa velutina, esp\u00e9cie invasora que tem provocado preju\u00edzos significativos na atividade ap\u00edcola.","og_url":"https:\/\/www.altominho.tv\/site\/2026\/03\/12\/valenca-promove-acao-para-ajudar-apicultores-a-combater-a-vespa-velutina\/","og_site_name":"Altominho.tv","article_publisher":"https:\/\/www.facebook.com\/altominhotv","article_published_time":"2026-03-12T17:06:11+00:00","article_modified_time":"2026-03-12T17:06:15+00:00","og_image":[{"width":1200,"height":630,"url":"https:\/\/www.altominho.tv\/site\/wp-content\/uploads\/2026\/03\/vespa.png","type":"image\/png"}],"author":"Cesar Lopes","twitter_card":"summary_large_image","twitter_creator":"@altominhoTV","twitter_site":"@altominhoTV","twitter_misc":{"Escrito por":"Cesar Lopes","Tempo estimado de leitura":"2 minutos"},"schema":{"@context":"https:\/\/schema.org","@graph":[{"@type":"Article","@id":"https:\/\/www.altominho.tv\/site\/2026\/03\/12\/valenca-promove-acao-para-ajudar-apicultores-a-combater-a-vespa-velutina\/#article","isPartOf":{"@id":"https:\/\/www.altominho.tv\/site\/2026\/03\/12\/valenca-promove-acao-para-ajudar-apicultores-a-combater-a-vespa-velutina\/"},"author":{"name":"Cesar Lopes","@id":"https:\/\/www.altominho.tv\/site\/#\/schema\/person\/c5570e5afb933b8d08c43373326ef1b1"},"headline":"Valen\u00e7a promove a\u00e7\u00e3o para ajudar apicultores a combater a vespa velutina","datePublished":"2026-03-12T17:06:11+00:00","dateModified":"2026-03-12T17:06:15+00:00","mainEntityOfPage":{"@id":"https:\/\/www.altominho.tv\/site\/2026\/03\/12\/valenca-promove-acao-para-ajudar-apicultores-a-combater-a-vespa-velutina\/"},"wordCount":267,"image":{"@id":"https:\/\/www.altominho.tv\/site\/2026\/03\/12\/valenca-promove-acao-para-ajudar-apicultores-a-combater-a-vespa-velutina\/#primaryimage"},"thumbnailUrl":"https:\/\/www.altominho.tv\/site\/wp-content\/uploads\/2026\/03\/vespa.png","keywords":["Sociedade"],"articleSection":["Valen\u00e7a"],"inLanguage":"pt-PT","copyrightYear":"2026","copyrightHolder":{"@id":"https:\/\/www.altominho.tv\/site\/#organization"}},{"@type":"WebPage","@id":"https:\/\/www.altominho.tv\/site\/2026\/03\/12\/valenca-promove-acao-para-ajudar-apicultores-a-combater-a-vespa-velutina\/","url":"https:\/\/www.altominho.tv\/site\/2026\/03\/12\/valenca-promove-acao-para-ajudar-apicultores-a-combater-a-vespa-velutina\/","name":"Valen\u00e7a promove a\u00e7\u00e3o para ajudar apicultores a combater a vespa velutina","isPartOf":{"@id":"https:\/\/www.altominho.tv\/site\/#website"},"primaryImageOfPage":{"@id":"https:\/\/www.altominho.tv\/site\/2026\/03\/12\/valenca-promove-acao-para-ajudar-apicultores-a-combater-a-vespa-velutina\/#primaryimage"},"image":{"@id":"https:\/\/www.altominho.tv\/site\/2026\/03\/12\/valenca-promove-acao-para-ajudar-apicultores-a-combater-a-vespa-velutina\/#primaryimage"},"thumbnailUrl":"https:\/\/www.altominho.tv\/site\/wp-content\/uploads\/2026\/03\/vespa.png","datePublished":"2026-03-12T17:06:11+00:00","dateModified":"2026-03-12T17:06:15+00:00","author":{"@id":"https:\/\/www.altominho.tv\/site\/#\/schema\/person\/c5570e5afb933b8d08c43373326ef1b1"},"description":"O Centro de Interpreta\u00e7\u00e3o do Mosteiro de Sanfins, no concelho de Valen\u00e7a, recebe amanh\u00e3, 13 de mar\u00e7o, pelas 16h30, uma a\u00e7\u00e3o de sensibiliza\u00e7\u00e3o dedicada ao combate \u00e0 Vespa velutina, esp\u00e9cie invasora que tem provocado preju\u00edzos significativos na atividade ap\u00edcola.","breadcrumb":{"@id":"https:\/\/www.altominho.tv\/site\/2026\/03\/12\/valenca-promove-acao-para-ajudar-apicultores-a-combater-a-vespa-velutina\/#breadcrumb"},"inLanguage":"pt-PT","potentialAction":[{"@type":"ReadAction","target":["https:\/\/www.altominho.tv\/site\/2026\/03\/12\/valenca-promove-acao-para-ajudar-apicultores-a-combater-a-vespa-velutina\/"]}]},{"@type":"ImageObject","inLanguage":"pt-PT","@id":"https:\/\/www.altominho.tv\/site\/2026\/03\/12\/valenca-promove-acao-para-ajudar-apicultores-a-combater-a-vespa-velutina\/#primaryimage","url":"https:\/\/www.altominho.tv\/site\/wp-content\/uploads\/2026\/03\/vespa.png","contentUrl":"https:\/\/www.altominho.tv\/site\/wp-content\/uploads\/2026\/03\/vespa.png","width":1200,"height":630},{"@type":"BreadcrumbList","@id":"https:\/\/www.altominho.tv\/site\/2026\/03\/12\/valenca-promove-acao-para-ajudar-apicultores-a-combater-a-vespa-velutina\/#breadcrumb","itemListElement":[{"@type":"ListItem","position":1,"name":"In\u00edcio","item":"https:\/\/www.altominho.tv\/site\/"},{"@type":"ListItem","position":2,"name":"Valen\u00e7a promove a\u00e7\u00e3o para ajudar apicultores a combater a vespa velutina"}]},{"@type":"WebSite","@id":"https:\/\/www.altominho.tv\/site\/#website","url":"https:\/\/www.altominho.tv\/site\/","name":"Altominho.tv","description":"A sua regi\u00e3o \u00e0 dist\u00e2ncia de um clique...","potentialAction":[{"@type":"SearchAction","target":{"@type":"EntryPoint","urlTemplate":"https:\/\/www.altominho.tv\/site\/?s={search_term_string}"},"query-input":{"@type":"PropertyValueSpecification","valueRequired":true,"valueName":"search_term_string"}}],"inLanguage":"pt-PT"},{"@type":"Person","@id":"https:\/\/www.altominho.tv\/site\/#\/schema\/person\/c5570e5afb933b8d08c43373326ef1b1","name":"Cesar Lopes","image":{"@type":"ImageObject","inLanguage":"pt-PT","@id":"https:\/\/www.altominho.tv\/site\/wp-content\/uploads\/2022\/10\/Sem-Titulo-150x150.jpg","url":"https:\/\/www.altominho.tv\/site\/wp-content\/uploads\/2022\/10\/Sem-Titulo-150x150.jpg","contentUrl":"https:\/\/www.altominho.tv\/site\/wp-content\/uploads\/2022\/10\/Sem-Titulo-150x150.jpg","caption":"Cesar Lopes"},"url":"https:\/\/www.altominho.tv\/site\/author\/cesarlopes\/"}]}},"_links":{"self":[{"href":"https:\/\/www.altominho.tv\/site\/wp-json\/wp\/v2\/posts\/129828","targetHints":{"allow":["GET"]}}],"collection":[{"href":"https:\/\/www.altominho.tv\/site\/wp-json\/wp\/v2\/posts"}],"about":[{"href":"https:\/\/www.altominho.tv\/site\/wp-json\/wp\/v2\/types\/post"}],"author":[{"embeddable":true,"href":"https:\/\/www.altominho.tv\/site\/wp-json\/wp\/v2\/users\/24"}],"replies":[{"embeddable":true,"href":"https:\/\/www.altominho.tv\/site\/wp-json\/wp\/v2\/comments?post=129828"}],"version-history":[{"count":1,"href":"https:\/\/www.altominho.tv\/site\/wp-json\/wp\/v2\/posts\/129828\/revisions"}],"predecessor-version":[{"id":129830,"href":"https:\/\/www.altominho.tv\/site\/wp-json\/wp\/v2\/posts\/129828\/revisions\/129830"}],"wp:featuredmedia":[{"embeddable":true,"href":"https:\/\/www.altominho.tv\/site\/wp-json\/wp\/v2\/media\/129829"}],"wp:attachment":[{"href":"https:\/\/www.altominho.tv\/site\/wp-json\/wp\/v2\/media?parent=129828"}],"wp:term":[{"taxonomy":"category","embeddable":true,"href":"https:\/\/www.altominho.tv\/site\/wp-json\/wp\/v2\/categories?post=129828"},{"taxonomy":"post_tag","embeddable":true,"href":"https:\/\/www.altominho.tv\/site\/wp-json\/wp\/v2\/tags?post=129828"}],"curies":[{"name":"wp","href":"https:\/\/api.w.org\/{rel}","templated":true}]}}