{"id":129800,"date":"2026-03-12T10:47:44","date_gmt":"2026-03-12T10:47:44","guid":{"rendered":"https:\/\/www.altominho.tv\/site\/?p=129800"},"modified":"2026-03-12T10:47:48","modified_gmt":"2026-03-12T10:47:48","slug":"grupo-avic-assume-transportes-no-alto-minho-apos-revogacao-de-licenca-da-auto-viacao-cura","status":"publish","type":"post","link":"https:\/\/www.altominho.tv\/site\/2026\/03\/12\/grupo-avic-assume-transportes-no-alto-minho-apos-revogacao-de-licenca-da-auto-viacao-cura\/","title":{"rendered":"Grupo AVIC assume transportes no Alto Minho ap\u00f3s revoga\u00e7\u00e3o de licen\u00e7a da Auto Via\u00e7\u00e3o Cura"},"content":{"rendered":"<p data-start=\"91\" data-end=\"461\">A revoga\u00e7\u00e3o da licen\u00e7a comunit\u00e1ria da empresa <span class=\"hover:entity-accent entity-underline inline cursor-pointer align-baseline\"><span class=\"whitespace-normal\">Auto Via\u00e7\u00e3o Cura<\/span><\/span> levou \u00e0 substitui\u00e7\u00e3o imediata do operador respons\u00e1vel por v\u00e1rias carreiras de transporte p\u00fablico no Alto Minho. A decis\u00e3o foi comunicada pelo <span class=\"hover:entity-accent entity-underline inline cursor-pointer align-baseline\"><span class=\"whitespace-normal\">Instituto da Mobilidade e dos Transportes<\/span><\/span> (IMT) \u00e0 <span class=\"hover:entity-accent entity-underline inline cursor-pointer align-baseline\"><span class=\"whitespace-normal\">Comunidade Intermunicipal do Alto Minho<\/span><\/span>, na sequ\u00eancia da Delibera\u00e7\u00e3o IMT-CD\/2026\/326, de 4 de mar\u00e7o.<\/p>\n<p data-start=\"463\" data-end=\"918\">Segundo a entidade intermunicipal, a revoga\u00e7\u00e3o da licen\u00e7a, requisito indispens\u00e1vel para o exerc\u00edcio da atividade de transporte p\u00fablico rodovi\u00e1rio de passageiros, impossibilitou a continuidade imediata da presta\u00e7\u00e3o de servi\u00e7os por parte daquele operador. Perante o risco de interrup\u00e7\u00e3o do servi\u00e7o p\u00fablico, o Conselho Intermunicipal da <span class=\"hover:entity-accent entity-underline inline cursor-pointer align-baseline\"><span class=\"whitespace-normal\">Comunidade Intermunicipal do Alto Minho<\/span><\/span> lan\u00e7ou um procedimento urgente para a aquisi\u00e7\u00e3o de servi\u00e7os de transporte coletivo.<\/p>\n<p data-start=\"920\" data-end=\"1296\">No \u00e2mbito desse processo, a opera\u00e7\u00e3o foi atribu\u00edda \u00e0 <span class=\"hover:entity-accent entity-underline inline cursor-pointer align-baseline\"><span class=\"whitespace-normal\">Empresa de Transportes Courense<\/span><\/span>, pertencente ao <span class=\"hover:entity-accent entity-underline inline cursor-pointer align-baseline\"><span class=\"whitespace-normal\">Grupo AVIC<\/span><\/span>, que assumiu as carreiras a partir de 10 de mar\u00e7o. A transfer\u00eancia do servi\u00e7o iniciou-se nesse dia sem registo de interrup\u00e7\u00f5es significativas, embora a CIM admita a possibilidade de ocorr\u00eancias pontuais durante a fase de transi\u00e7\u00e3o.<\/p>\n<p data-start=\"1298\" data-end=\"1588\">A entidade intermunicipal garante estar a desenvolver dilig\u00eancias para minimizar os impactos da mudan\u00e7a e restabelecer a normalidade do servi\u00e7o com a maior brevidade poss\u00edvel, destacando a prioridade dada \u00e0 continuidade das liga\u00e7\u00f5es essenciais \u00e0s popula\u00e7\u00f5es, incluindo o transporte escolar.<\/p>\n<p data-start=\"1590\" data-end=\"1983\" data-is-last-node=\"\" data-is-only-node=\"\">Entretanto, os passes mensais adquiridos junto do anterior operador mant\u00eam-se v\u00e1lidos, a t\u00edtulo transit\u00f3rio, durante o m\u00eas de mar\u00e7o. A partir de abril, os utilizadores dever\u00e3o solicitar um novo passe junto do operador que assegura agora o servi\u00e7o, sendo que os custos de emiss\u00e3o do cart\u00e3o f\u00edsico ser\u00e3o suportados pela <span class=\"hover:entity-accent entity-underline inline cursor-pointer align-baseline\"><span class=\"whitespace-normal\">Comunidade Intermunicipal do Alto Minho<\/span><\/span> no \u00e2mbito deste per\u00edodo de transi\u00e7\u00e3o.<\/p>\n<p data-start=\"1590\" data-end=\"1983\" data-is-last-node=\"\" data-is-only-node=\"\">\n<p data-start=\"1590\" data-end=\"1983\" data-is-last-node=\"\" data-is-only-node=\"\">Foto: DR<\/p>\n","protected":false},"excerpt":{"rendered":"<p>A revoga\u00e7\u00e3o da licen\u00e7a comunit\u00e1ria da empresa Auto Via\u00e7\u00e3o Cura levou \u00e0 substitui\u00e7\u00e3o imediata do operador respons\u00e1vel por v\u00e1rias carreiras de transporte p\u00fablico no Alto Minho. A decis\u00e3o foi comunicada pelo Instituto da Mobilidade e dos Transportes (IMT) \u00e0 Comunidade Intermunicipal do Alto Minho, na sequ\u00eancia da Delibera\u00e7\u00e3o IMT-CD\/2026\/326, de 4 de mar\u00e7o. Segundo a [&hellip;]<\/p>\n","protected":false},"author":1,"featured_media":129801,"comment_status":"closed","ping_status":"closed","sticky":false,"template":"","format":"standard","meta":{"_exactmetrics_skip_tracking":false,"_exactmetrics_sitenote_active":false,"_exactmetrics_sitenote_note":"","_exactmetrics_sitenote_category":0,"footnotes":""},"categories":[73],"tags":[27],"class_list":["post-129800","post","type-post","status-publish","format-standard","has-post-thumbnail","hentry","category-alto-minho","tag-sociedade"],"yoast_head":"<!-- This site is optimized with the Yoast SEO Premium plugin v27.4 (Yoast SEO v27.4) - https:\/\/yoast.com\/product\/yoast-seo-premium-wordpress\/ -->\n<title>Grupo AVIC assume transportes no Alto Minho ap\u00f3s revoga\u00e7\u00e3o de licen\u00e7a da Auto Via\u00e7\u00e3o Cura<\/title>\n<meta name=\"description\" content=\"A revoga\u00e7\u00e3o da licen\u00e7a comunit\u00e1ria da empresa Auto Via\u00e7\u00e3o Cura levou \u00e0 substitui\u00e7\u00e3o imediata do operador respons\u00e1vel por v\u00e1rias carreiras de transporte p\u00fablico no Alto Minho. A decis\u00e3o foi comunicada pelo Instituto da Mobilidade e dos Transportes (IMT) \u00e0 Comunidade Intermunicipal do Alto Minho, na sequ\u00eancia da Delibera\u00e7\u00e3o IMT-CD\/2026\/326, de 4 de mar\u00e7o.\" \/>\n<meta name=\"robots\" content=\"index, follow, max-snippet:-1, max-image-preview:large, max-video-preview:-1\" \/>\n<link rel=\"canonical\" href=\"https:\/\/www.altominho.tv\/site\/2026\/03\/12\/grupo-avic-assume-transportes-no-alto-minho-apos-revogacao-de-licenca-da-auto-viacao-cura\/\" \/>\n<meta property=\"og:locale\" content=\"pt_PT\" \/>\n<meta property=\"og:type\" content=\"article\" \/>\n<meta property=\"og:title\" content=\"Grupo AVIC assume transportes no Alto Minho ap\u00f3s revoga\u00e7\u00e3o de licen\u00e7a da Auto Via\u00e7\u00e3o Cura\" \/>\n<meta property=\"og:description\" content=\"A revoga\u00e7\u00e3o da licen\u00e7a comunit\u00e1ria da empresa Auto Via\u00e7\u00e3o Cura levou \u00e0 substitui\u00e7\u00e3o imediata do operador respons\u00e1vel por v\u00e1rias carreiras de transporte p\u00fablico no Alto Minho. A decis\u00e3o foi comunicada pelo Instituto da Mobilidade e dos Transportes (IMT) \u00e0 Comunidade Intermunicipal do Alto Minho, na sequ\u00eancia da Delibera\u00e7\u00e3o IMT-CD\/2026\/326, de 4 de mar\u00e7o.\" \/>\n<meta property=\"og:url\" content=\"https:\/\/www.altominho.tv\/site\/2026\/03\/12\/grupo-avic-assume-transportes-no-alto-minho-apos-revogacao-de-licenca-da-auto-viacao-cura\/\" \/>\n<meta property=\"og:site_name\" content=\"Altominho.tv\" \/>\n<meta property=\"article:publisher\" content=\"https:\/\/www.facebook.com\/altominhotv\" \/>\n<meta property=\"article:published_time\" content=\"2026-03-12T10:47:44+00:00\" \/>\n<meta property=\"article:modified_time\" content=\"2026-03-12T10:47:48+00:00\" \/>\n<meta property=\"og:image\" content=\"https:\/\/www.altominho.tv\/site\/wp-content\/uploads\/2026\/03\/avic.png\" \/>\n\t<meta property=\"og:image:width\" content=\"1200\" \/>\n\t<meta property=\"og:image:height\" content=\"630\" \/>\n\t<meta property=\"og:image:type\" content=\"image\/png\" \/>\n<meta name=\"author\" content=\"Altominho.tv\" \/>\n<meta name=\"twitter:card\" content=\"summary_large_image\" \/>\n<meta name=\"twitter:creator\" content=\"@altominhoTV\" \/>\n<meta name=\"twitter:site\" content=\"@altominhoTV\" \/>\n<meta name=\"twitter:label1\" content=\"Escrito por\" \/>\n\t<meta name=\"twitter:data1\" content=\"Altominho.tv\" \/>\n\t<meta name=\"twitter:label2\" content=\"Tempo estimado de leitura\" \/>\n\t<meta name=\"twitter:data2\" content=\"2 minutos\" \/>\n<script type=\"application\/ld+json\" class=\"yoast-schema-graph\">{\"@context\":\"https:\\\/\\\/schema.org\",\"@graph\":[{\"@type\":\"Article\",\"@id\":\"https:\\\/\\\/www.altominho.tv\\\/site\\\/2026\\\/03\\\/12\\\/grupo-avic-assume-transportes-no-alto-minho-apos-revogacao-de-licenca-da-auto-viacao-cura\\\/#article\",\"isPartOf\":{\"@id\":\"https:\\\/\\\/www.altominho.tv\\\/site\\\/2026\\\/03\\\/12\\\/grupo-avic-assume-transportes-no-alto-minho-apos-revogacao-de-licenca-da-auto-viacao-cura\\\/\"},\"author\":{\"name\":\"Altominho.tv\",\"@id\":\"https:\\\/\\\/www.altominho.tv\\\/site\\\/#\\\/schema\\\/person\\\/4e536851627d7914baf3dac752b6af22\"},\"headline\":\"Grupo AVIC assume transportes no Alto Minho ap\u00f3s revoga\u00e7\u00e3o de licen\u00e7a da Auto Via\u00e7\u00e3o Cura\",\"datePublished\":\"2026-03-12T10:47:44+00:00\",\"dateModified\":\"2026-03-12T10:47:48+00:00\",\"mainEntityOfPage\":{\"@id\":\"https:\\\/\\\/www.altominho.tv\\\/site\\\/2026\\\/03\\\/12\\\/grupo-avic-assume-transportes-no-alto-minho-apos-revogacao-de-licenca-da-auto-viacao-cura\\\/\"},\"wordCount\":338,\"image\":{\"@id\":\"https:\\\/\\\/www.altominho.tv\\\/site\\\/2026\\\/03\\\/12\\\/grupo-avic-assume-transportes-no-alto-minho-apos-revogacao-de-licenca-da-auto-viacao-cura\\\/#primaryimage\"},\"thumbnailUrl\":\"https:\\\/\\\/www.altominho.tv\\\/site\\\/wp-content\\\/uploads\\\/2026\\\/03\\\/avic.png\",\"keywords\":[\"Sociedade\"],\"articleSection\":[\"Alto Minho\"],\"inLanguage\":\"pt-PT\",\"copyrightYear\":\"2026\",\"copyrightHolder\":{\"@id\":\"https:\\\/\\\/www.altominho.tv\\\/site\\\/#organization\"}},{\"@type\":\"WebPage\",\"@id\":\"https:\\\/\\\/www.altominho.tv\\\/site\\\/2026\\\/03\\\/12\\\/grupo-avic-assume-transportes-no-alto-minho-apos-revogacao-de-licenca-da-auto-viacao-cura\\\/\",\"url\":\"https:\\\/\\\/www.altominho.tv\\\/site\\\/2026\\\/03\\\/12\\\/grupo-avic-assume-transportes-no-alto-minho-apos-revogacao-de-licenca-da-auto-viacao-cura\\\/\",\"name\":\"Grupo AVIC assume transportes no Alto Minho ap\u00f3s revoga\u00e7\u00e3o de licen\u00e7a da Auto Via\u00e7\u00e3o Cura\",\"isPartOf\":{\"@id\":\"https:\\\/\\\/www.altominho.tv\\\/site\\\/#website\"},\"primaryImageOfPage\":{\"@id\":\"https:\\\/\\\/www.altominho.tv\\\/site\\\/2026\\\/03\\\/12\\\/grupo-avic-assume-transportes-no-alto-minho-apos-revogacao-de-licenca-da-auto-viacao-cura\\\/#primaryimage\"},\"image\":{\"@id\":\"https:\\\/\\\/www.altominho.tv\\\/site\\\/2026\\\/03\\\/12\\\/grupo-avic-assume-transportes-no-alto-minho-apos-revogacao-de-licenca-da-auto-viacao-cura\\\/#primaryimage\"},\"thumbnailUrl\":\"https:\\\/\\\/www.altominho.tv\\\/site\\\/wp-content\\\/uploads\\\/2026\\\/03\\\/avic.png\",\"datePublished\":\"2026-03-12T10:47:44+00:00\",\"dateModified\":\"2026-03-12T10:47:48+00:00\",\"author\":{\"@id\":\"https:\\\/\\\/www.altominho.tv\\\/site\\\/#\\\/schema\\\/person\\\/4e536851627d7914baf3dac752b6af22\"},\"description\":\"A revoga\u00e7\u00e3o da licen\u00e7a comunit\u00e1ria da empresa Auto Via\u00e7\u00e3o Cura levou \u00e0 substitui\u00e7\u00e3o imediata do operador respons\u00e1vel por v\u00e1rias carreiras de transporte p\u00fablico no Alto Minho. A decis\u00e3o foi comunicada pelo Instituto da Mobilidade e dos Transportes (IMT) \u00e0 Comunidade Intermunicipal do Alto Minho, na sequ\u00eancia da Delibera\u00e7\u00e3o IMT-CD\\\/2026\\\/326, de 4 de mar\u00e7o.\",\"breadcrumb\":{\"@id\":\"https:\\\/\\\/www.altominho.tv\\\/site\\\/2026\\\/03\\\/12\\\/grupo-avic-assume-transportes-no-alto-minho-apos-revogacao-de-licenca-da-auto-viacao-cura\\\/#breadcrumb\"},\"inLanguage\":\"pt-PT\",\"potentialAction\":[{\"@type\":\"ReadAction\",\"target\":[\"https:\\\/\\\/www.altominho.tv\\\/site\\\/2026\\\/03\\\/12\\\/grupo-avic-assume-transportes-no-alto-minho-apos-revogacao-de-licenca-da-auto-viacao-cura\\\/\"]}]},{\"@type\":\"ImageObject\",\"inLanguage\":\"pt-PT\",\"@id\":\"https:\\\/\\\/www.altominho.tv\\\/site\\\/2026\\\/03\\\/12\\\/grupo-avic-assume-transportes-no-alto-minho-apos-revogacao-de-licenca-da-auto-viacao-cura\\\/#primaryimage\",\"url\":\"https:\\\/\\\/www.altominho.tv\\\/site\\\/wp-content\\\/uploads\\\/2026\\\/03\\\/avic.png\",\"contentUrl\":\"https:\\\/\\\/www.altominho.tv\\\/site\\\/wp-content\\\/uploads\\\/2026\\\/03\\\/avic.png\",\"width\":1200,\"height\":630},{\"@type\":\"BreadcrumbList\",\"@id\":\"https:\\\/\\\/www.altominho.tv\\\/site\\\/2026\\\/03\\\/12\\\/grupo-avic-assume-transportes-no-alto-minho-apos-revogacao-de-licenca-da-auto-viacao-cura\\\/#breadcrumb\",\"itemListElement\":[{\"@type\":\"ListItem\",\"position\":1,\"name\":\"In\u00edcio\",\"item\":\"https:\\\/\\\/www.altominho.tv\\\/site\\\/\"},{\"@type\":\"ListItem\",\"position\":2,\"name\":\"Grupo AVIC assume transportes no Alto Minho ap\u00f3s revoga\u00e7\u00e3o de licen\u00e7a da Auto Via\u00e7\u00e3o Cura\"}]},{\"@type\":\"WebSite\",\"@id\":\"https:\\\/\\\/www.altominho.tv\\\/site\\\/#website\",\"url\":\"https:\\\/\\\/www.altominho.tv\\\/site\\\/\",\"name\":\"Altominho.tv\",\"description\":\"A sua regi\u00e3o \u00e0 dist\u00e2ncia de um clique...\",\"potentialAction\":[{\"@type\":\"SearchAction\",\"target\":{\"@type\":\"EntryPoint\",\"urlTemplate\":\"https:\\\/\\\/www.altominho.tv\\\/site\\\/?s={search_term_string}\"},\"query-input\":{\"@type\":\"PropertyValueSpecification\",\"valueRequired\":true,\"valueName\":\"search_term_string\"}}],\"inLanguage\":\"pt-PT\"},{\"@type\":\"Person\",\"@id\":\"https:\\\/\\\/www.altominho.tv\\\/site\\\/#\\\/schema\\\/person\\\/4e536851627d7914baf3dac752b6af22\",\"name\":\"Altominho.tv\",\"image\":{\"@type\":\"ImageObject\",\"inLanguage\":\"pt-PT\",\"@id\":\"https:\\\/\\\/www.altominho.tv\\\/site\\\/wp-content\\\/uploads\\\/2019\\\/11\\\/Logo_Avatar_2-150x150.jpg\",\"url\":\"https:\\\/\\\/www.altominho.tv\\\/site\\\/wp-content\\\/uploads\\\/2019\\\/11\\\/Logo_Avatar_2-150x150.jpg\",\"contentUrl\":\"https:\\\/\\\/www.altominho.tv\\\/site\\\/wp-content\\\/uploads\\\/2019\\\/11\\\/Logo_Avatar_2-150x150.jpg\",\"caption\":\"Altominho.tv\"},\"url\":\"https:\\\/\\\/www.altominho.tv\\\/site\\\/author\\\/altominhotv-tecnico\\\/\"}]}<\/script>\n<!-- \/ Yoast SEO Premium plugin. -->","yoast_head_json":{"title":"Grupo AVIC assume transportes no Alto Minho ap\u00f3s revoga\u00e7\u00e3o de licen\u00e7a da Auto Via\u00e7\u00e3o Cura","description":"A revoga\u00e7\u00e3o da licen\u00e7a comunit\u00e1ria da empresa Auto Via\u00e7\u00e3o Cura levou \u00e0 substitui\u00e7\u00e3o imediata do operador respons\u00e1vel por v\u00e1rias carreiras de transporte p\u00fablico no Alto Minho. A decis\u00e3o foi comunicada pelo Instituto da Mobilidade e dos Transportes (IMT) \u00e0 Comunidade Intermunicipal do Alto Minho, na sequ\u00eancia da Delibera\u00e7\u00e3o IMT-CD\/2026\/326, de 4 de mar\u00e7o.","robots":{"index":"index","follow":"follow","max-snippet":"max-snippet:-1","max-image-preview":"max-image-preview:large","max-video-preview":"max-video-preview:-1"},"canonical":"https:\/\/www.altominho.tv\/site\/2026\/03\/12\/grupo-avic-assume-transportes-no-alto-minho-apos-revogacao-de-licenca-da-auto-viacao-cura\/","og_locale":"pt_PT","og_type":"article","og_title":"Grupo AVIC assume transportes no Alto Minho ap\u00f3s revoga\u00e7\u00e3o de licen\u00e7a da Auto Via\u00e7\u00e3o Cura","og_description":"A revoga\u00e7\u00e3o da licen\u00e7a comunit\u00e1ria da empresa Auto Via\u00e7\u00e3o Cura levou \u00e0 substitui\u00e7\u00e3o imediata do operador respons\u00e1vel por v\u00e1rias carreiras de transporte p\u00fablico no Alto Minho. A decis\u00e3o foi comunicada pelo Instituto da Mobilidade e dos Transportes (IMT) \u00e0 Comunidade Intermunicipal do Alto Minho, na sequ\u00eancia da Delibera\u00e7\u00e3o IMT-CD\/2026\/326, de 4 de mar\u00e7o.","og_url":"https:\/\/www.altominho.tv\/site\/2026\/03\/12\/grupo-avic-assume-transportes-no-alto-minho-apos-revogacao-de-licenca-da-auto-viacao-cura\/","og_site_name":"Altominho.tv","article_publisher":"https:\/\/www.facebook.com\/altominhotv","article_published_time":"2026-03-12T10:47:44+00:00","article_modified_time":"2026-03-12T10:47:48+00:00","og_image":[{"width":1200,"height":630,"url":"https:\/\/www.altominho.tv\/site\/wp-content\/uploads\/2026\/03\/avic.png","type":"image\/png"}],"author":"Altominho.tv","twitter_card":"summary_large_image","twitter_creator":"@altominhoTV","twitter_site":"@altominhoTV","twitter_misc":{"Escrito por":"Altominho.tv","Tempo estimado de leitura":"2 minutos"},"schema":{"@context":"https:\/\/schema.org","@graph":[{"@type":"Article","@id":"https:\/\/www.altominho.tv\/site\/2026\/03\/12\/grupo-avic-assume-transportes-no-alto-minho-apos-revogacao-de-licenca-da-auto-viacao-cura\/#article","isPartOf":{"@id":"https:\/\/www.altominho.tv\/site\/2026\/03\/12\/grupo-avic-assume-transportes-no-alto-minho-apos-revogacao-de-licenca-da-auto-viacao-cura\/"},"author":{"name":"Altominho.tv","@id":"https:\/\/www.altominho.tv\/site\/#\/schema\/person\/4e536851627d7914baf3dac752b6af22"},"headline":"Grupo AVIC assume transportes no Alto Minho ap\u00f3s revoga\u00e7\u00e3o de licen\u00e7a da Auto Via\u00e7\u00e3o Cura","datePublished":"2026-03-12T10:47:44+00:00","dateModified":"2026-03-12T10:47:48+00:00","mainEntityOfPage":{"@id":"https:\/\/www.altominho.tv\/site\/2026\/03\/12\/grupo-avic-assume-transportes-no-alto-minho-apos-revogacao-de-licenca-da-auto-viacao-cura\/"},"wordCount":338,"image":{"@id":"https:\/\/www.altominho.tv\/site\/2026\/03\/12\/grupo-avic-assume-transportes-no-alto-minho-apos-revogacao-de-licenca-da-auto-viacao-cura\/#primaryimage"},"thumbnailUrl":"https:\/\/www.altominho.tv\/site\/wp-content\/uploads\/2026\/03\/avic.png","keywords":["Sociedade"],"articleSection":["Alto Minho"],"inLanguage":"pt-PT","copyrightYear":"2026","copyrightHolder":{"@id":"https:\/\/www.altominho.tv\/site\/#organization"}},{"@type":"WebPage","@id":"https:\/\/www.altominho.tv\/site\/2026\/03\/12\/grupo-avic-assume-transportes-no-alto-minho-apos-revogacao-de-licenca-da-auto-viacao-cura\/","url":"https:\/\/www.altominho.tv\/site\/2026\/03\/12\/grupo-avic-assume-transportes-no-alto-minho-apos-revogacao-de-licenca-da-auto-viacao-cura\/","name":"Grupo AVIC assume transportes no Alto Minho ap\u00f3s revoga\u00e7\u00e3o de licen\u00e7a da Auto Via\u00e7\u00e3o Cura","isPartOf":{"@id":"https:\/\/www.altominho.tv\/site\/#website"},"primaryImageOfPage":{"@id":"https:\/\/www.altominho.tv\/site\/2026\/03\/12\/grupo-avic-assume-transportes-no-alto-minho-apos-revogacao-de-licenca-da-auto-viacao-cura\/#primaryimage"},"image":{"@id":"https:\/\/www.altominho.tv\/site\/2026\/03\/12\/grupo-avic-assume-transportes-no-alto-minho-apos-revogacao-de-licenca-da-auto-viacao-cura\/#primaryimage"},"thumbnailUrl":"https:\/\/www.altominho.tv\/site\/wp-content\/uploads\/2026\/03\/avic.png","datePublished":"2026-03-12T10:47:44+00:00","dateModified":"2026-03-12T10:47:48+00:00","author":{"@id":"https:\/\/www.altominho.tv\/site\/#\/schema\/person\/4e536851627d7914baf3dac752b6af22"},"description":"A revoga\u00e7\u00e3o da licen\u00e7a comunit\u00e1ria da empresa Auto Via\u00e7\u00e3o Cura levou \u00e0 substitui\u00e7\u00e3o imediata do operador respons\u00e1vel por v\u00e1rias carreiras de transporte p\u00fablico no Alto Minho. A decis\u00e3o foi comunicada pelo Instituto da Mobilidade e dos Transportes (IMT) \u00e0 Comunidade Intermunicipal do Alto Minho, na sequ\u00eancia da Delibera\u00e7\u00e3o IMT-CD\/2026\/326, de 4 de mar\u00e7o.","breadcrumb":{"@id":"https:\/\/www.altominho.tv\/site\/2026\/03\/12\/grupo-avic-assume-transportes-no-alto-minho-apos-revogacao-de-licenca-da-auto-viacao-cura\/#breadcrumb"},"inLanguage":"pt-PT","potentialAction":[{"@type":"ReadAction","target":["https:\/\/www.altominho.tv\/site\/2026\/03\/12\/grupo-avic-assume-transportes-no-alto-minho-apos-revogacao-de-licenca-da-auto-viacao-cura\/"]}]},{"@type":"ImageObject","inLanguage":"pt-PT","@id":"https:\/\/www.altominho.tv\/site\/2026\/03\/12\/grupo-avic-assume-transportes-no-alto-minho-apos-revogacao-de-licenca-da-auto-viacao-cura\/#primaryimage","url":"https:\/\/www.altominho.tv\/site\/wp-content\/uploads\/2026\/03\/avic.png","contentUrl":"https:\/\/www.altominho.tv\/site\/wp-content\/uploads\/2026\/03\/avic.png","width":1200,"height":630},{"@type":"BreadcrumbList","@id":"https:\/\/www.altominho.tv\/site\/2026\/03\/12\/grupo-avic-assume-transportes-no-alto-minho-apos-revogacao-de-licenca-da-auto-viacao-cura\/#breadcrumb","itemListElement":[{"@type":"ListItem","position":1,"name":"In\u00edcio","item":"https:\/\/www.altominho.tv\/site\/"},{"@type":"ListItem","position":2,"name":"Grupo AVIC assume transportes no Alto Minho ap\u00f3s revoga\u00e7\u00e3o de licen\u00e7a da Auto Via\u00e7\u00e3o Cura"}]},{"@type":"WebSite","@id":"https:\/\/www.altominho.tv\/site\/#website","url":"https:\/\/www.altominho.tv\/site\/","name":"Altominho.tv","description":"A sua regi\u00e3o \u00e0 dist\u00e2ncia de um clique...","potentialAction":[{"@type":"SearchAction","target":{"@type":"EntryPoint","urlTemplate":"https:\/\/www.altominho.tv\/site\/?s={search_term_string}"},"query-input":{"@type":"PropertyValueSpecification","valueRequired":true,"valueName":"search_term_string"}}],"inLanguage":"pt-PT"},{"@type":"Person","@id":"https:\/\/www.altominho.tv\/site\/#\/schema\/person\/4e536851627d7914baf3dac752b6af22","name":"Altominho.tv","image":{"@type":"ImageObject","inLanguage":"pt-PT","@id":"https:\/\/www.altominho.tv\/site\/wp-content\/uploads\/2019\/11\/Logo_Avatar_2-150x150.jpg","url":"https:\/\/www.altominho.tv\/site\/wp-content\/uploads\/2019\/11\/Logo_Avatar_2-150x150.jpg","contentUrl":"https:\/\/www.altominho.tv\/site\/wp-content\/uploads\/2019\/11\/Logo_Avatar_2-150x150.jpg","caption":"Altominho.tv"},"url":"https:\/\/www.altominho.tv\/site\/author\/altominhotv-tecnico\/"}]}},"_links":{"self":[{"href":"https:\/\/www.altominho.tv\/site\/wp-json\/wp\/v2\/posts\/129800","targetHints":{"allow":["GET"]}}],"collection":[{"href":"https:\/\/www.altominho.tv\/site\/wp-json\/wp\/v2\/posts"}],"about":[{"href":"https:\/\/www.altominho.tv\/site\/wp-json\/wp\/v2\/types\/post"}],"author":[{"embeddable":true,"href":"https:\/\/www.altominho.tv\/site\/wp-json\/wp\/v2\/users\/1"}],"replies":[{"embeddable":true,"href":"https:\/\/www.altominho.tv\/site\/wp-json\/wp\/v2\/comments?post=129800"}],"version-history":[{"count":1,"href":"https:\/\/www.altominho.tv\/site\/wp-json\/wp\/v2\/posts\/129800\/revisions"}],"predecessor-version":[{"id":129802,"href":"https:\/\/www.altominho.tv\/site\/wp-json\/wp\/v2\/posts\/129800\/revisions\/129802"}],"wp:featuredmedia":[{"embeddable":true,"href":"https:\/\/www.altominho.tv\/site\/wp-json\/wp\/v2\/media\/129801"}],"wp:attachment":[{"href":"https:\/\/www.altominho.tv\/site\/wp-json\/wp\/v2\/media?parent=129800"}],"wp:term":[{"taxonomy":"category","embeddable":true,"href":"https:\/\/www.altominho.tv\/site\/wp-json\/wp\/v2\/categories?post=129800"},{"taxonomy":"post_tag","embeddable":true,"href":"https:\/\/www.altominho.tv\/site\/wp-json\/wp\/v2\/tags?post=129800"}],"curies":[{"name":"wp","href":"https:\/\/api.w.org\/{rel}","templated":true}]}}