{"id":129791,"date":"2026-03-12T10:18:34","date_gmt":"2026-03-12T10:18:34","guid":{"rendered":"https:\/\/www.altominho.tv\/site\/?p=129791"},"modified":"2026-03-12T10:19:01","modified_gmt":"2026-03-12T10:19:01","slug":"funcionaria-suspeita-de-furtos-a-idosas-em-lar-apanhada-apos-investigacao-da-psp","status":"publish","type":"post","link":"https:\/\/www.altominho.tv\/site\/2026\/03\/12\/funcionaria-suspeita-de-furtos-a-idosas-em-lar-apanhada-apos-investigacao-da-psp\/","title":{"rendered":"Funcion\u00e1ria suspeita de furtos a idosas em lar apanhada ap\u00f3s investiga\u00e7\u00e3o da PSP"},"content":{"rendered":"<p data-start=\"92\" data-end=\"427\">A <span class=\"hover:entity-accent entity-underline inline cursor-pointer align-baseline\"><span class=\"whitespace-normal\">Pol\u00edcia de Seguran\u00e7a P\u00fablica<\/span><\/span> (PSP) identificou e constituiu arguida uma mulher de 50 anos suspeita da pr\u00e1tica de furtos no interior de um lar de terceira idade, na cidade de <span class=\"hover:entity-accent entity-underline inline cursor-pointer align-baseline\"><span class=\"whitespace-normal\">Viana do Castelo<\/span><\/span>. A a\u00e7\u00e3o resultou de uma opera\u00e7\u00e3o policial conduzida pela Esquadra de Investiga\u00e7\u00e3o Criminal do Comando Distrital.<\/p>\n<p data-start=\"429\" data-end=\"684\">De acordo com a PSP, a interven\u00e7\u00e3o decorreu no \u00e2mbito de uma investiga\u00e7\u00e3o que se prolongou durante cerca de tr\u00eas meses e que culminou, no passado dia 9 de mar\u00e7o, com a realiza\u00e7\u00e3o de uma busca domicili\u00e1ria e de uma busca n\u00e3o domicili\u00e1ria na \u00e1rea da cidade.<\/p>\n<p data-start=\"686\" data-end=\"952\">Durante a opera\u00e7\u00e3o, os agentes procederam \u00e0 apreens\u00e3o de v\u00e1rias pe\u00e7as de ourivesaria, bem como de documentos relacionados com a alegada pr\u00e1tica il\u00edcita. A mulher, residente em <span class=\"hover:entity-accent entity-underline inline cursor-pointer align-baseline\"><span class=\"whitespace-normal\">Viana do Castelo<\/span><\/span>, foi identificada e constitu\u00edda arguida no processo.<\/p>\n<p data-start=\"954\" data-end=\"1220\">Segundo a pol\u00edcia, a suspeita encontra-se referenciada pela pr\u00e1tica de dois crimes de furto a idosas. As autoridades indicam que a mulher se aproveitaria do facto de trabalhar em lares de terceira idade para, de forma considerada astuciosa, subtrair bens \u00e0s v\u00edtimas.<\/p>\n<p data-start=\"1222\" data-end=\"1326\" data-is-last-node=\"\" data-is-only-node=\"\">Os factos foram comunicados \u00e0s autoridades judici\u00e1rias, que prosseguem agora com a investiga\u00e7\u00e3o do caso.<\/p>\n<p data-start=\"1222\" data-end=\"1326\" data-is-last-node=\"\" data-is-only-node=\"\">Foto:<strong> PSP<\/strong><\/p>\n","protected":false},"excerpt":{"rendered":"<p>A Pol\u00edcia de Seguran\u00e7a P\u00fablica (PSP) identificou e constituiu arguida uma mulher de 50 anos suspeita da pr\u00e1tica de furtos no interior de um lar de terceira idade, na cidade de Viana do Castelo. A a\u00e7\u00e3o resultou de uma opera\u00e7\u00e3o policial conduzida pela Esquadra de Investiga\u00e7\u00e3o Criminal do Comando Distrital. De acordo com a PSP, [&hellip;]<\/p>\n","protected":false},"author":24,"featured_media":129792,"comment_status":"closed","ping_status":"closed","sticky":false,"template":"","format":"standard","meta":{"_exactmetrics_skip_tracking":false,"_exactmetrics_sitenote_active":false,"_exactmetrics_sitenote_note":"","_exactmetrics_sitenote_category":0,"footnotes":""},"categories":[14],"tags":[27],"class_list":["post-129791","post","type-post","status-publish","format-standard","has-post-thumbnail","hentry","category-viana-do-castelo","tag-sociedade"],"yoast_head":"<!-- This site is optimized with the Yoast SEO Premium plugin v27.4 (Yoast SEO v27.4) - https:\/\/yoast.com\/product\/yoast-seo-premium-wordpress\/ -->\n<title>Funcion\u00e1ria suspeita de furtos a idosas em lar apanhada ap\u00f3s investiga\u00e7\u00e3o da PSP<\/title>\n<meta name=\"description\" content=\"A Pol\u00edcia de Seguran\u00e7a P\u00fablica (PSP) identificou e constituiu arguida uma mulher de 50 anos suspeita da pr\u00e1tica de furtos no interior de um lar de terceira idade, na cidade de Viana do Castelo. A a\u00e7\u00e3o resultou de uma opera\u00e7\u00e3o policial conduzida pela Esquadra de Investiga\u00e7\u00e3o Criminal do Comando Distrital.\" \/>\n<meta name=\"robots\" content=\"index, follow, max-snippet:-1, max-image-preview:large, max-video-preview:-1\" \/>\n<link rel=\"canonical\" href=\"https:\/\/www.altominho.tv\/site\/2026\/03\/12\/funcionaria-suspeita-de-furtos-a-idosas-em-lar-apanhada-apos-investigacao-da-psp\/\" \/>\n<meta property=\"og:locale\" content=\"pt_PT\" \/>\n<meta property=\"og:type\" content=\"article\" \/>\n<meta property=\"og:title\" content=\"Funcion\u00e1ria suspeita de furtos a idosas em lar apanhada ap\u00f3s investiga\u00e7\u00e3o da PSP\" \/>\n<meta property=\"og:description\" content=\"A Pol\u00edcia de Seguran\u00e7a P\u00fablica (PSP) identificou e constituiu arguida uma mulher de 50 anos suspeita da pr\u00e1tica de furtos no interior de um lar de terceira idade, na cidade de Viana do Castelo. A a\u00e7\u00e3o resultou de uma opera\u00e7\u00e3o policial conduzida pela Esquadra de Investiga\u00e7\u00e3o Criminal do Comando Distrital.\" \/>\n<meta property=\"og:url\" content=\"https:\/\/www.altominho.tv\/site\/2026\/03\/12\/funcionaria-suspeita-de-furtos-a-idosas-em-lar-apanhada-apos-investigacao-da-psp\/\" \/>\n<meta property=\"og:site_name\" content=\"Altominho.tv\" \/>\n<meta property=\"article:publisher\" content=\"https:\/\/www.facebook.com\/altominhotv\" \/>\n<meta property=\"article:published_time\" content=\"2026-03-12T10:18:34+00:00\" \/>\n<meta property=\"article:modified_time\" content=\"2026-03-12T10:19:01+00:00\" \/>\n<meta property=\"og:image\" content=\"https:\/\/www.altominho.tv\/site\/wp-content\/uploads\/2026\/03\/ouro.png\" \/>\n\t<meta property=\"og:image:width\" content=\"1200\" \/>\n\t<meta property=\"og:image:height\" content=\"630\" \/>\n\t<meta property=\"og:image:type\" content=\"image\/png\" \/>\n<meta name=\"author\" content=\"Cesar Lopes\" \/>\n<meta name=\"twitter:card\" content=\"summary_large_image\" \/>\n<meta name=\"twitter:creator\" content=\"@altominhoTV\" \/>\n<meta name=\"twitter:site\" content=\"@altominhoTV\" \/>\n<meta name=\"twitter:label1\" content=\"Escrito por\" \/>\n\t<meta name=\"twitter:data1\" content=\"Cesar Lopes\" \/>\n\t<meta name=\"twitter:label2\" content=\"Tempo estimado de leitura\" \/>\n\t<meta name=\"twitter:data2\" content=\"2 minutos\" \/>\n<script type=\"application\/ld+json\" class=\"yoast-schema-graph\">{\"@context\":\"https:\\\/\\\/schema.org\",\"@graph\":[{\"@type\":\"Article\",\"@id\":\"https:\\\/\\\/www.altominho.tv\\\/site\\\/2026\\\/03\\\/12\\\/funcionaria-suspeita-de-furtos-a-idosas-em-lar-apanhada-apos-investigacao-da-psp\\\/#article\",\"isPartOf\":{\"@id\":\"https:\\\/\\\/www.altominho.tv\\\/site\\\/2026\\\/03\\\/12\\\/funcionaria-suspeita-de-furtos-a-idosas-em-lar-apanhada-apos-investigacao-da-psp\\\/\"},\"author\":{\"name\":\"Cesar Lopes\",\"@id\":\"https:\\\/\\\/www.altominho.tv\\\/site\\\/#\\\/schema\\\/person\\\/c5570e5afb933b8d08c43373326ef1b1\"},\"headline\":\"Funcion\u00e1ria suspeita de furtos a idosas em lar apanhada ap\u00f3s investiga\u00e7\u00e3o da PSP\",\"datePublished\":\"2026-03-12T10:18:34+00:00\",\"dateModified\":\"2026-03-12T10:19:01+00:00\",\"mainEntityOfPage\":{\"@id\":\"https:\\\/\\\/www.altominho.tv\\\/site\\\/2026\\\/03\\\/12\\\/funcionaria-suspeita-de-furtos-a-idosas-em-lar-apanhada-apos-investigacao-da-psp\\\/\"},\"wordCount\":233,\"image\":{\"@id\":\"https:\\\/\\\/www.altominho.tv\\\/site\\\/2026\\\/03\\\/12\\\/funcionaria-suspeita-de-furtos-a-idosas-em-lar-apanhada-apos-investigacao-da-psp\\\/#primaryimage\"},\"thumbnailUrl\":\"https:\\\/\\\/www.altominho.tv\\\/site\\\/wp-content\\\/uploads\\\/2026\\\/03\\\/ouro.png\",\"keywords\":[\"Sociedade\"],\"articleSection\":[\"Viana do Castelo\"],\"inLanguage\":\"pt-PT\",\"copyrightYear\":\"2026\",\"copyrightHolder\":{\"@id\":\"https:\\\/\\\/www.altominho.tv\\\/site\\\/#organization\"}},{\"@type\":\"WebPage\",\"@id\":\"https:\\\/\\\/www.altominho.tv\\\/site\\\/2026\\\/03\\\/12\\\/funcionaria-suspeita-de-furtos-a-idosas-em-lar-apanhada-apos-investigacao-da-psp\\\/\",\"url\":\"https:\\\/\\\/www.altominho.tv\\\/site\\\/2026\\\/03\\\/12\\\/funcionaria-suspeita-de-furtos-a-idosas-em-lar-apanhada-apos-investigacao-da-psp\\\/\",\"name\":\"Funcion\u00e1ria suspeita de furtos a idosas em lar apanhada ap\u00f3s investiga\u00e7\u00e3o da PSP\",\"isPartOf\":{\"@id\":\"https:\\\/\\\/www.altominho.tv\\\/site\\\/#website\"},\"primaryImageOfPage\":{\"@id\":\"https:\\\/\\\/www.altominho.tv\\\/site\\\/2026\\\/03\\\/12\\\/funcionaria-suspeita-de-furtos-a-idosas-em-lar-apanhada-apos-investigacao-da-psp\\\/#primaryimage\"},\"image\":{\"@id\":\"https:\\\/\\\/www.altominho.tv\\\/site\\\/2026\\\/03\\\/12\\\/funcionaria-suspeita-de-furtos-a-idosas-em-lar-apanhada-apos-investigacao-da-psp\\\/#primaryimage\"},\"thumbnailUrl\":\"https:\\\/\\\/www.altominho.tv\\\/site\\\/wp-content\\\/uploads\\\/2026\\\/03\\\/ouro.png\",\"datePublished\":\"2026-03-12T10:18:34+00:00\",\"dateModified\":\"2026-03-12T10:19:01+00:00\",\"author\":{\"@id\":\"https:\\\/\\\/www.altominho.tv\\\/site\\\/#\\\/schema\\\/person\\\/c5570e5afb933b8d08c43373326ef1b1\"},\"description\":\"A Pol\u00edcia de Seguran\u00e7a P\u00fablica (PSP) identificou e constituiu arguida uma mulher de 50 anos suspeita da pr\u00e1tica de furtos no interior de um lar de terceira idade, na cidade de Viana do Castelo. A a\u00e7\u00e3o resultou de uma opera\u00e7\u00e3o policial conduzida pela Esquadra de Investiga\u00e7\u00e3o Criminal do Comando Distrital.\",\"breadcrumb\":{\"@id\":\"https:\\\/\\\/www.altominho.tv\\\/site\\\/2026\\\/03\\\/12\\\/funcionaria-suspeita-de-furtos-a-idosas-em-lar-apanhada-apos-investigacao-da-psp\\\/#breadcrumb\"},\"inLanguage\":\"pt-PT\",\"potentialAction\":[{\"@type\":\"ReadAction\",\"target\":[\"https:\\\/\\\/www.altominho.tv\\\/site\\\/2026\\\/03\\\/12\\\/funcionaria-suspeita-de-furtos-a-idosas-em-lar-apanhada-apos-investigacao-da-psp\\\/\"]}]},{\"@type\":\"ImageObject\",\"inLanguage\":\"pt-PT\",\"@id\":\"https:\\\/\\\/www.altominho.tv\\\/site\\\/2026\\\/03\\\/12\\\/funcionaria-suspeita-de-furtos-a-idosas-em-lar-apanhada-apos-investigacao-da-psp\\\/#primaryimage\",\"url\":\"https:\\\/\\\/www.altominho.tv\\\/site\\\/wp-content\\\/uploads\\\/2026\\\/03\\\/ouro.png\",\"contentUrl\":\"https:\\\/\\\/www.altominho.tv\\\/site\\\/wp-content\\\/uploads\\\/2026\\\/03\\\/ouro.png\",\"width\":1200,\"height\":630},{\"@type\":\"BreadcrumbList\",\"@id\":\"https:\\\/\\\/www.altominho.tv\\\/site\\\/2026\\\/03\\\/12\\\/funcionaria-suspeita-de-furtos-a-idosas-em-lar-apanhada-apos-investigacao-da-psp\\\/#breadcrumb\",\"itemListElement\":[{\"@type\":\"ListItem\",\"position\":1,\"name\":\"In\u00edcio\",\"item\":\"https:\\\/\\\/www.altominho.tv\\\/site\\\/\"},{\"@type\":\"ListItem\",\"position\":2,\"name\":\"Funcion\u00e1ria suspeita de furtos a idosas em lar apanhada ap\u00f3s investiga\u00e7\u00e3o da PSP\"}]},{\"@type\":\"WebSite\",\"@id\":\"https:\\\/\\\/www.altominho.tv\\\/site\\\/#website\",\"url\":\"https:\\\/\\\/www.altominho.tv\\\/site\\\/\",\"name\":\"Altominho.tv\",\"description\":\"A sua regi\u00e3o \u00e0 dist\u00e2ncia de um clique...\",\"potentialAction\":[{\"@type\":\"SearchAction\",\"target\":{\"@type\":\"EntryPoint\",\"urlTemplate\":\"https:\\\/\\\/www.altominho.tv\\\/site\\\/?s={search_term_string}\"},\"query-input\":{\"@type\":\"PropertyValueSpecification\",\"valueRequired\":true,\"valueName\":\"search_term_string\"}}],\"inLanguage\":\"pt-PT\"},{\"@type\":\"Person\",\"@id\":\"https:\\\/\\\/www.altominho.tv\\\/site\\\/#\\\/schema\\\/person\\\/c5570e5afb933b8d08c43373326ef1b1\",\"name\":\"Cesar Lopes\",\"image\":{\"@type\":\"ImageObject\",\"inLanguage\":\"pt-PT\",\"@id\":\"https:\\\/\\\/www.altominho.tv\\\/site\\\/wp-content\\\/uploads\\\/2022\\\/10\\\/Sem-Titulo-150x150.jpg\",\"url\":\"https:\\\/\\\/www.altominho.tv\\\/site\\\/wp-content\\\/uploads\\\/2022\\\/10\\\/Sem-Titulo-150x150.jpg\",\"contentUrl\":\"https:\\\/\\\/www.altominho.tv\\\/site\\\/wp-content\\\/uploads\\\/2022\\\/10\\\/Sem-Titulo-150x150.jpg\",\"caption\":\"Cesar Lopes\"},\"url\":\"https:\\\/\\\/www.altominho.tv\\\/site\\\/author\\\/cesarlopes\\\/\"}]}<\/script>\n<!-- \/ Yoast SEO Premium plugin. -->","yoast_head_json":{"title":"Funcion\u00e1ria suspeita de furtos a idosas em lar apanhada ap\u00f3s investiga\u00e7\u00e3o da PSP","description":"A Pol\u00edcia de Seguran\u00e7a P\u00fablica (PSP) identificou e constituiu arguida uma mulher de 50 anos suspeita da pr\u00e1tica de furtos no interior de um lar de terceira idade, na cidade de Viana do Castelo. A a\u00e7\u00e3o resultou de uma opera\u00e7\u00e3o policial conduzida pela Esquadra de Investiga\u00e7\u00e3o Criminal do Comando Distrital.","robots":{"index":"index","follow":"follow","max-snippet":"max-snippet:-1","max-image-preview":"max-image-preview:large","max-video-preview":"max-video-preview:-1"},"canonical":"https:\/\/www.altominho.tv\/site\/2026\/03\/12\/funcionaria-suspeita-de-furtos-a-idosas-em-lar-apanhada-apos-investigacao-da-psp\/","og_locale":"pt_PT","og_type":"article","og_title":"Funcion\u00e1ria suspeita de furtos a idosas em lar apanhada ap\u00f3s investiga\u00e7\u00e3o da PSP","og_description":"A Pol\u00edcia de Seguran\u00e7a P\u00fablica (PSP) identificou e constituiu arguida uma mulher de 50 anos suspeita da pr\u00e1tica de furtos no interior de um lar de terceira idade, na cidade de Viana do Castelo. A a\u00e7\u00e3o resultou de uma opera\u00e7\u00e3o policial conduzida pela Esquadra de Investiga\u00e7\u00e3o Criminal do Comando Distrital.","og_url":"https:\/\/www.altominho.tv\/site\/2026\/03\/12\/funcionaria-suspeita-de-furtos-a-idosas-em-lar-apanhada-apos-investigacao-da-psp\/","og_site_name":"Altominho.tv","article_publisher":"https:\/\/www.facebook.com\/altominhotv","article_published_time":"2026-03-12T10:18:34+00:00","article_modified_time":"2026-03-12T10:19:01+00:00","og_image":[{"width":1200,"height":630,"url":"https:\/\/www.altominho.tv\/site\/wp-content\/uploads\/2026\/03\/ouro.png","type":"image\/png"}],"author":"Cesar Lopes","twitter_card":"summary_large_image","twitter_creator":"@altominhoTV","twitter_site":"@altominhoTV","twitter_misc":{"Escrito por":"Cesar Lopes","Tempo estimado de leitura":"2 minutos"},"schema":{"@context":"https:\/\/schema.org","@graph":[{"@type":"Article","@id":"https:\/\/www.altominho.tv\/site\/2026\/03\/12\/funcionaria-suspeita-de-furtos-a-idosas-em-lar-apanhada-apos-investigacao-da-psp\/#article","isPartOf":{"@id":"https:\/\/www.altominho.tv\/site\/2026\/03\/12\/funcionaria-suspeita-de-furtos-a-idosas-em-lar-apanhada-apos-investigacao-da-psp\/"},"author":{"name":"Cesar Lopes","@id":"https:\/\/www.altominho.tv\/site\/#\/schema\/person\/c5570e5afb933b8d08c43373326ef1b1"},"headline":"Funcion\u00e1ria suspeita de furtos a idosas em lar apanhada ap\u00f3s investiga\u00e7\u00e3o da PSP","datePublished":"2026-03-12T10:18:34+00:00","dateModified":"2026-03-12T10:19:01+00:00","mainEntityOfPage":{"@id":"https:\/\/www.altominho.tv\/site\/2026\/03\/12\/funcionaria-suspeita-de-furtos-a-idosas-em-lar-apanhada-apos-investigacao-da-psp\/"},"wordCount":233,"image":{"@id":"https:\/\/www.altominho.tv\/site\/2026\/03\/12\/funcionaria-suspeita-de-furtos-a-idosas-em-lar-apanhada-apos-investigacao-da-psp\/#primaryimage"},"thumbnailUrl":"https:\/\/www.altominho.tv\/site\/wp-content\/uploads\/2026\/03\/ouro.png","keywords":["Sociedade"],"articleSection":["Viana do Castelo"],"inLanguage":"pt-PT","copyrightYear":"2026","copyrightHolder":{"@id":"https:\/\/www.altominho.tv\/site\/#organization"}},{"@type":"WebPage","@id":"https:\/\/www.altominho.tv\/site\/2026\/03\/12\/funcionaria-suspeita-de-furtos-a-idosas-em-lar-apanhada-apos-investigacao-da-psp\/","url":"https:\/\/www.altominho.tv\/site\/2026\/03\/12\/funcionaria-suspeita-de-furtos-a-idosas-em-lar-apanhada-apos-investigacao-da-psp\/","name":"Funcion\u00e1ria suspeita de furtos a idosas em lar apanhada ap\u00f3s investiga\u00e7\u00e3o da PSP","isPartOf":{"@id":"https:\/\/www.altominho.tv\/site\/#website"},"primaryImageOfPage":{"@id":"https:\/\/www.altominho.tv\/site\/2026\/03\/12\/funcionaria-suspeita-de-furtos-a-idosas-em-lar-apanhada-apos-investigacao-da-psp\/#primaryimage"},"image":{"@id":"https:\/\/www.altominho.tv\/site\/2026\/03\/12\/funcionaria-suspeita-de-furtos-a-idosas-em-lar-apanhada-apos-investigacao-da-psp\/#primaryimage"},"thumbnailUrl":"https:\/\/www.altominho.tv\/site\/wp-content\/uploads\/2026\/03\/ouro.png","datePublished":"2026-03-12T10:18:34+00:00","dateModified":"2026-03-12T10:19:01+00:00","author":{"@id":"https:\/\/www.altominho.tv\/site\/#\/schema\/person\/c5570e5afb933b8d08c43373326ef1b1"},"description":"A Pol\u00edcia de Seguran\u00e7a P\u00fablica (PSP) identificou e constituiu arguida uma mulher de 50 anos suspeita da pr\u00e1tica de furtos no interior de um lar de terceira idade, na cidade de Viana do Castelo. A a\u00e7\u00e3o resultou de uma opera\u00e7\u00e3o policial conduzida pela Esquadra de Investiga\u00e7\u00e3o Criminal do Comando Distrital.","breadcrumb":{"@id":"https:\/\/www.altominho.tv\/site\/2026\/03\/12\/funcionaria-suspeita-de-furtos-a-idosas-em-lar-apanhada-apos-investigacao-da-psp\/#breadcrumb"},"inLanguage":"pt-PT","potentialAction":[{"@type":"ReadAction","target":["https:\/\/www.altominho.tv\/site\/2026\/03\/12\/funcionaria-suspeita-de-furtos-a-idosas-em-lar-apanhada-apos-investigacao-da-psp\/"]}]},{"@type":"ImageObject","inLanguage":"pt-PT","@id":"https:\/\/www.altominho.tv\/site\/2026\/03\/12\/funcionaria-suspeita-de-furtos-a-idosas-em-lar-apanhada-apos-investigacao-da-psp\/#primaryimage","url":"https:\/\/www.altominho.tv\/site\/wp-content\/uploads\/2026\/03\/ouro.png","contentUrl":"https:\/\/www.altominho.tv\/site\/wp-content\/uploads\/2026\/03\/ouro.png","width":1200,"height":630},{"@type":"BreadcrumbList","@id":"https:\/\/www.altominho.tv\/site\/2026\/03\/12\/funcionaria-suspeita-de-furtos-a-idosas-em-lar-apanhada-apos-investigacao-da-psp\/#breadcrumb","itemListElement":[{"@type":"ListItem","position":1,"name":"In\u00edcio","item":"https:\/\/www.altominho.tv\/site\/"},{"@type":"ListItem","position":2,"name":"Funcion\u00e1ria suspeita de furtos a idosas em lar apanhada ap\u00f3s investiga\u00e7\u00e3o da PSP"}]},{"@type":"WebSite","@id":"https:\/\/www.altominho.tv\/site\/#website","url":"https:\/\/www.altominho.tv\/site\/","name":"Altominho.tv","description":"A sua regi\u00e3o \u00e0 dist\u00e2ncia de um clique...","potentialAction":[{"@type":"SearchAction","target":{"@type":"EntryPoint","urlTemplate":"https:\/\/www.altominho.tv\/site\/?s={search_term_string}"},"query-input":{"@type":"PropertyValueSpecification","valueRequired":true,"valueName":"search_term_string"}}],"inLanguage":"pt-PT"},{"@type":"Person","@id":"https:\/\/www.altominho.tv\/site\/#\/schema\/person\/c5570e5afb933b8d08c43373326ef1b1","name":"Cesar Lopes","image":{"@type":"ImageObject","inLanguage":"pt-PT","@id":"https:\/\/www.altominho.tv\/site\/wp-content\/uploads\/2022\/10\/Sem-Titulo-150x150.jpg","url":"https:\/\/www.altominho.tv\/site\/wp-content\/uploads\/2022\/10\/Sem-Titulo-150x150.jpg","contentUrl":"https:\/\/www.altominho.tv\/site\/wp-content\/uploads\/2022\/10\/Sem-Titulo-150x150.jpg","caption":"Cesar Lopes"},"url":"https:\/\/www.altominho.tv\/site\/author\/cesarlopes\/"}]}},"_links":{"self":[{"href":"https:\/\/www.altominho.tv\/site\/wp-json\/wp\/v2\/posts\/129791","targetHints":{"allow":["GET"]}}],"collection":[{"href":"https:\/\/www.altominho.tv\/site\/wp-json\/wp\/v2\/posts"}],"about":[{"href":"https:\/\/www.altominho.tv\/site\/wp-json\/wp\/v2\/types\/post"}],"author":[{"embeddable":true,"href":"https:\/\/www.altominho.tv\/site\/wp-json\/wp\/v2\/users\/24"}],"replies":[{"embeddable":true,"href":"https:\/\/www.altominho.tv\/site\/wp-json\/wp\/v2\/comments?post=129791"}],"version-history":[{"count":2,"href":"https:\/\/www.altominho.tv\/site\/wp-json\/wp\/v2\/posts\/129791\/revisions"}],"predecessor-version":[{"id":129795,"href":"https:\/\/www.altominho.tv\/site\/wp-json\/wp\/v2\/posts\/129791\/revisions\/129795"}],"wp:featuredmedia":[{"embeddable":true,"href":"https:\/\/www.altominho.tv\/site\/wp-json\/wp\/v2\/media\/129792"}],"wp:attachment":[{"href":"https:\/\/www.altominho.tv\/site\/wp-json\/wp\/v2\/media?parent=129791"}],"wp:term":[{"taxonomy":"category","embeddable":true,"href":"https:\/\/www.altominho.tv\/site\/wp-json\/wp\/v2\/categories?post=129791"},{"taxonomy":"post_tag","embeddable":true,"href":"https:\/\/www.altominho.tv\/site\/wp-json\/wp\/v2\/tags?post=129791"}],"curies":[{"name":"wp","href":"https:\/\/api.w.org\/{rel}","templated":true}]}}