{"id":129784,"date":"2026-03-12T09:35:29","date_gmt":"2026-03-12T09:35:29","guid":{"rendered":"https:\/\/www.altominho.tv\/site\/?p=129784"},"modified":"2026-03-12T09:39:28","modified_gmt":"2026-03-12T09:39:28","slug":"concurso-pecuario-destaca-tradicao-rural-em-oliveira","status":"publish","type":"post","link":"https:\/\/www.altominho.tv\/site\/2026\/03\/12\/concurso-pecuario-destaca-tradicao-rural-em-oliveira\/","title":{"rendered":"Concurso Pecu\u00e1rio destaca tradi\u00e7\u00e3o rural em Oliveira"},"content":{"rendered":"<p data-start=\"101\" data-end=\"550\">A freguesia de <span class=\"hover:entity-accent entity-underline inline cursor-pointer align-baseline\"><span class=\"whitespace-normal\">Oliveira<\/span><\/span> recebeu um Concurso Pecu\u00e1rio integrado na <span class=\"hover:entity-accent entity-underline inline cursor-pointer align-baseline\"><span class=\"whitespace-normal\">Romaria de Nossa Senhora das Boas Novas<\/span><\/span>, iniciativa que reuniu dezenas de criadores e animais representativos das ra\u00e7as tradicionais da regi\u00e3o. A entrega dos pr\u00e9mios contou com a presen\u00e7a do presidente da C\u00e2mara Municipal de <span class=\"hover:entity-accent entity-underline inline cursor-pointer align-baseline\"><span class=\"whitespace-normal\">Arcos de Valdevez<\/span><\/span>, <span class=\"hover:entity-accent entity-underline inline cursor-pointer align-baseline\"><span class=\"whitespace-normal\">Oleg\u00e1rio Gon\u00e7alves<\/span><\/span>, e da vereadora <span class=\"hover:entity-accent entity-underline inline cursor-pointer align-baseline\"><span class=\"whitespace-normal\">Marlene Barros<\/span><\/span>.<\/p>\n<p data-start=\"552\" data-end=\"844\">Os vencedores foram escolhidos entre 76 cabe\u00e7as de gado, entre touros e vacas, pertencentes \u00e0s ra\u00e7as Cachena, Minhota e Barros\u00e3. O concurso destacou a qualidade dos animais apresentados e a import\u00e2ncia da atividade pecu\u00e1ria na preserva\u00e7\u00e3o das ra\u00e7as aut\u00f3ctones e na valoriza\u00e7\u00e3o do mundo rural.<\/p>\n<p data-start=\"846\" data-end=\"1212\">A romaria decorreu entre os dias 5 e 8 de mar\u00e7o, combinando celebra\u00e7\u00f5es religiosas, momentos de anima\u00e7\u00e3o musical e iniciativas ligadas \u00e0 tradi\u00e7\u00e3o agr\u00edcola, entre as quais o Concurso Pecu\u00e1rio. As festividades s\u00e3o consideradas um dos principais elementos da identidade cultural da freguesia, sendo organizadas de forma alternada pelos diferentes lugares da comunidade.<\/p>\n<p data-start=\"1214\" data-end=\"1453\" data-is-last-node=\"\" data-is-only-node=\"\">A <span class=\"hover:entity-accent entity-underline inline cursor-pointer align-baseline\"><span class=\"whitespace-normal\">Romaria de Nossa Senhora das Boas Novas<\/span><\/span> \u00e9 promovida pela <span class=\"hover:entity-accent entity-underline inline cursor-pointer align-baseline\"><span class=\"whitespace-normal\">Par\u00f3quia Santa Maria de Oliveira<\/span><\/span>, em colabora\u00e7\u00e3o com a popula\u00e7\u00e3o local, contando ainda com o apoio da junta de freguesia e do Munic\u00edpio de <span class=\"hover:entity-accent entity-underline inline cursor-pointer align-baseline\"><span class=\"whitespace-normal\">Arcos de Valdevez<\/span><\/span>.<\/p>\n<p>Foto: <strong>Munic\u00edpio de Arcos de Valdevez<\/strong><\/p>\n","protected":false},"excerpt":{"rendered":"<p>A freguesia de Oliveira recebeu um Concurso Pecu\u00e1rio integrado na Romaria de Nossa Senhora das Boas Novas, iniciativa que reuniu dezenas de criadores e animais representativos das ra\u00e7as tradicionais da regi\u00e3o. A entrega dos pr\u00e9mios contou com a presen\u00e7a do presidente da C\u00e2mara Municipal de Arcos de Valdevez, Oleg\u00e1rio Gon\u00e7alves, e da vereadora Marlene Barros. [&hellip;]<\/p>\n","protected":false},"author":24,"featured_media":129785,"comment_status":"closed","ping_status":"closed","sticky":false,"template":"","format":"standard","meta":{"_exactmetrics_skip_tracking":false,"_exactmetrics_sitenote_active":false,"_exactmetrics_sitenote_note":"","_exactmetrics_sitenote_category":0,"footnotes":""},"categories":[2],"tags":[19],"class_list":["post-129784","post","type-post","status-publish","format-standard","has-post-thumbnail","hentry","category-arcos-de-valdevez","tag-cultura"],"yoast_head":"<!-- This site is optimized with the Yoast SEO Premium plugin v27.5 (Yoast SEO v27.5) - https:\/\/yoast.com\/product\/yoast-seo-premium-wordpress\/ -->\n<title>Concurso Pecu\u00e1rio destaca tradi\u00e7\u00e3o rural em Oliveira<\/title>\n<meta name=\"description\" content=\"A freguesia de Oliveira recebeu um Concurso Pecu\u00e1rio integrado na Romaria de Nossa Senhora das Boas Novas, iniciativa que reuniu dezenas de criadores e animais representativos das ra\u00e7as tradicionais da regi\u00e3o. A entrega dos pr\u00e9mios contou com a presen\u00e7a do presidente da C\u00e2mara Municipal de Arcos de Valdevez, Oleg\u00e1rio Gon\u00e7alves, e da vereadora Marlene Barros.\" \/>\n<meta name=\"robots\" content=\"index, follow, max-snippet:-1, max-image-preview:large, max-video-preview:-1\" \/>\n<link rel=\"canonical\" href=\"https:\/\/www.altominho.tv\/site\/2026\/03\/12\/concurso-pecuario-destaca-tradicao-rural-em-oliveira\/\" \/>\n<meta property=\"og:locale\" content=\"pt_PT\" \/>\n<meta property=\"og:type\" content=\"article\" \/>\n<meta property=\"og:title\" content=\"Concurso Pecu\u00e1rio destaca tradi\u00e7\u00e3o rural em Oliveira\" \/>\n<meta property=\"og:description\" content=\"A freguesia de Oliveira recebeu um Concurso Pecu\u00e1rio integrado na Romaria de Nossa Senhora das Boas Novas, iniciativa que reuniu dezenas de criadores e animais representativos das ra\u00e7as tradicionais da regi\u00e3o. A entrega dos pr\u00e9mios contou com a presen\u00e7a do presidente da C\u00e2mara Municipal de Arcos de Valdevez, Oleg\u00e1rio Gon\u00e7alves, e da vereadora Marlene Barros.\" \/>\n<meta property=\"og:url\" content=\"https:\/\/www.altominho.tv\/site\/2026\/03\/12\/concurso-pecuario-destaca-tradicao-rural-em-oliveira\/\" \/>\n<meta property=\"og:site_name\" content=\"Altominho.tv\" \/>\n<meta property=\"article:publisher\" content=\"https:\/\/www.facebook.com\/altominhotv\" \/>\n<meta property=\"article:published_time\" content=\"2026-03-12T09:35:29+00:00\" \/>\n<meta property=\"article:modified_time\" content=\"2026-03-12T09:39:28+00:00\" \/>\n<meta property=\"og:image\" content=\"https:\/\/www.altominho.tv\/site\/wp-content\/uploads\/2026\/03\/gado-arcos.png\" \/>\n\t<meta property=\"og:image:width\" content=\"1200\" \/>\n\t<meta property=\"og:image:height\" content=\"630\" \/>\n\t<meta property=\"og:image:type\" content=\"image\/png\" \/>\n<meta name=\"author\" content=\"Cesar Lopes\" \/>\n<meta name=\"twitter:card\" content=\"summary_large_image\" \/>\n<meta name=\"twitter:creator\" content=\"@altominhoTV\" \/>\n<meta name=\"twitter:site\" content=\"@altominhoTV\" \/>\n<meta name=\"twitter:label1\" content=\"Escrito por\" \/>\n\t<meta name=\"twitter:data1\" content=\"Cesar Lopes\" \/>\n\t<meta name=\"twitter:label2\" content=\"Tempo estimado de leitura\" \/>\n\t<meta name=\"twitter:data2\" content=\"2 minutos\" \/>\n<script type=\"application\/ld+json\" class=\"yoast-schema-graph\">{\"@context\":\"https:\\\/\\\/schema.org\",\"@graph\":[{\"@type\":\"Article\",\"@id\":\"https:\\\/\\\/www.altominho.tv\\\/site\\\/2026\\\/03\\\/12\\\/concurso-pecuario-destaca-tradicao-rural-em-oliveira\\\/#article\",\"isPartOf\":{\"@id\":\"https:\\\/\\\/www.altominho.tv\\\/site\\\/2026\\\/03\\\/12\\\/concurso-pecuario-destaca-tradicao-rural-em-oliveira\\\/\"},\"author\":{\"name\":\"Cesar Lopes\",\"@id\":\"https:\\\/\\\/www.altominho.tv\\\/site\\\/#\\\/schema\\\/person\\\/c5570e5afb933b8d08c43373326ef1b1\"},\"headline\":\"Concurso Pecu\u00e1rio destaca tradi\u00e7\u00e3o rural em Oliveira\",\"datePublished\":\"2026-03-12T09:35:29+00:00\",\"dateModified\":\"2026-03-12T09:39:28+00:00\",\"mainEntityOfPage\":{\"@id\":\"https:\\\/\\\/www.altominho.tv\\\/site\\\/2026\\\/03\\\/12\\\/concurso-pecuario-destaca-tradicao-rural-em-oliveira\\\/\"},\"wordCount\":229,\"image\":{\"@id\":\"https:\\\/\\\/www.altominho.tv\\\/site\\\/2026\\\/03\\\/12\\\/concurso-pecuario-destaca-tradicao-rural-em-oliveira\\\/#primaryimage\"},\"thumbnailUrl\":\"https:\\\/\\\/www.altominho.tv\\\/site\\\/wp-content\\\/uploads\\\/2026\\\/03\\\/gado-arcos.png\",\"keywords\":[\"Cultura\"],\"articleSection\":[\"Arcos de Valdevez\"],\"inLanguage\":\"pt-PT\",\"copyrightYear\":\"2026\",\"copyrightHolder\":{\"@id\":\"https:\\\/\\\/www.altominho.tv\\\/site\\\/#organization\"}},{\"@type\":\"WebPage\",\"@id\":\"https:\\\/\\\/www.altominho.tv\\\/site\\\/2026\\\/03\\\/12\\\/concurso-pecuario-destaca-tradicao-rural-em-oliveira\\\/\",\"url\":\"https:\\\/\\\/www.altominho.tv\\\/site\\\/2026\\\/03\\\/12\\\/concurso-pecuario-destaca-tradicao-rural-em-oliveira\\\/\",\"name\":\"Concurso Pecu\u00e1rio destaca tradi\u00e7\u00e3o rural em Oliveira\",\"isPartOf\":{\"@id\":\"https:\\\/\\\/www.altominho.tv\\\/site\\\/#website\"},\"primaryImageOfPage\":{\"@id\":\"https:\\\/\\\/www.altominho.tv\\\/site\\\/2026\\\/03\\\/12\\\/concurso-pecuario-destaca-tradicao-rural-em-oliveira\\\/#primaryimage\"},\"image\":{\"@id\":\"https:\\\/\\\/www.altominho.tv\\\/site\\\/2026\\\/03\\\/12\\\/concurso-pecuario-destaca-tradicao-rural-em-oliveira\\\/#primaryimage\"},\"thumbnailUrl\":\"https:\\\/\\\/www.altominho.tv\\\/site\\\/wp-content\\\/uploads\\\/2026\\\/03\\\/gado-arcos.png\",\"datePublished\":\"2026-03-12T09:35:29+00:00\",\"dateModified\":\"2026-03-12T09:39:28+00:00\",\"author\":{\"@id\":\"https:\\\/\\\/www.altominho.tv\\\/site\\\/#\\\/schema\\\/person\\\/c5570e5afb933b8d08c43373326ef1b1\"},\"description\":\"A freguesia de Oliveira recebeu um Concurso Pecu\u00e1rio integrado na Romaria de Nossa Senhora das Boas Novas, iniciativa que reuniu dezenas de criadores e animais representativos das ra\u00e7as tradicionais da regi\u00e3o. A entrega dos pr\u00e9mios contou com a presen\u00e7a do presidente da C\u00e2mara Municipal de Arcos de Valdevez, Oleg\u00e1rio Gon\u00e7alves, e da vereadora Marlene Barros.\",\"breadcrumb\":{\"@id\":\"https:\\\/\\\/www.altominho.tv\\\/site\\\/2026\\\/03\\\/12\\\/concurso-pecuario-destaca-tradicao-rural-em-oliveira\\\/#breadcrumb\"},\"inLanguage\":\"pt-PT\",\"potentialAction\":[{\"@type\":\"ReadAction\",\"target\":[\"https:\\\/\\\/www.altominho.tv\\\/site\\\/2026\\\/03\\\/12\\\/concurso-pecuario-destaca-tradicao-rural-em-oliveira\\\/\"]}]},{\"@type\":\"ImageObject\",\"inLanguage\":\"pt-PT\",\"@id\":\"https:\\\/\\\/www.altominho.tv\\\/site\\\/2026\\\/03\\\/12\\\/concurso-pecuario-destaca-tradicao-rural-em-oliveira\\\/#primaryimage\",\"url\":\"https:\\\/\\\/www.altominho.tv\\\/site\\\/wp-content\\\/uploads\\\/2026\\\/03\\\/gado-arcos.png\",\"contentUrl\":\"https:\\\/\\\/www.altominho.tv\\\/site\\\/wp-content\\\/uploads\\\/2026\\\/03\\\/gado-arcos.png\",\"width\":1200,\"height\":630},{\"@type\":\"BreadcrumbList\",\"@id\":\"https:\\\/\\\/www.altominho.tv\\\/site\\\/2026\\\/03\\\/12\\\/concurso-pecuario-destaca-tradicao-rural-em-oliveira\\\/#breadcrumb\",\"itemListElement\":[{\"@type\":\"ListItem\",\"position\":1,\"name\":\"In\u00edcio\",\"item\":\"https:\\\/\\\/www.altominho.tv\\\/site\\\/\"},{\"@type\":\"ListItem\",\"position\":2,\"name\":\"Concurso Pecu\u00e1rio destaca tradi\u00e7\u00e3o rural em Oliveira\"}]},{\"@type\":\"WebSite\",\"@id\":\"https:\\\/\\\/www.altominho.tv\\\/site\\\/#website\",\"url\":\"https:\\\/\\\/www.altominho.tv\\\/site\\\/\",\"name\":\"Altominho.tv\",\"description\":\"A sua regi\u00e3o \u00e0 dist\u00e2ncia de um clique...\",\"potentialAction\":[{\"@type\":\"SearchAction\",\"target\":{\"@type\":\"EntryPoint\",\"urlTemplate\":\"https:\\\/\\\/www.altominho.tv\\\/site\\\/?s={search_term_string}\"},\"query-input\":{\"@type\":\"PropertyValueSpecification\",\"valueRequired\":true,\"valueName\":\"search_term_string\"}}],\"inLanguage\":\"pt-PT\"},{\"@type\":\"Person\",\"@id\":\"https:\\\/\\\/www.altominho.tv\\\/site\\\/#\\\/schema\\\/person\\\/c5570e5afb933b8d08c43373326ef1b1\",\"name\":\"Cesar Lopes\",\"image\":{\"@type\":\"ImageObject\",\"inLanguage\":\"pt-PT\",\"@id\":\"https:\\\/\\\/www.altominho.tv\\\/site\\\/wp-content\\\/uploads\\\/2022\\\/10\\\/Sem-Titulo-150x150.jpg\",\"url\":\"https:\\\/\\\/www.altominho.tv\\\/site\\\/wp-content\\\/uploads\\\/2022\\\/10\\\/Sem-Titulo-150x150.jpg\",\"contentUrl\":\"https:\\\/\\\/www.altominho.tv\\\/site\\\/wp-content\\\/uploads\\\/2022\\\/10\\\/Sem-Titulo-150x150.jpg\",\"caption\":\"Cesar Lopes\"},\"url\":\"https:\\\/\\\/www.altominho.tv\\\/site\\\/author\\\/cesarlopes\\\/\"}]}<\/script>\n<!-- \/ Yoast SEO Premium plugin. -->","yoast_head_json":{"title":"Concurso Pecu\u00e1rio destaca tradi\u00e7\u00e3o rural em Oliveira","description":"A freguesia de Oliveira recebeu um Concurso Pecu\u00e1rio integrado na Romaria de Nossa Senhora das Boas Novas, iniciativa que reuniu dezenas de criadores e animais representativos das ra\u00e7as tradicionais da regi\u00e3o. A entrega dos pr\u00e9mios contou com a presen\u00e7a do presidente da C\u00e2mara Municipal de Arcos de Valdevez, Oleg\u00e1rio Gon\u00e7alves, e da vereadora Marlene Barros.","robots":{"index":"index","follow":"follow","max-snippet":"max-snippet:-1","max-image-preview":"max-image-preview:large","max-video-preview":"max-video-preview:-1"},"canonical":"https:\/\/www.altominho.tv\/site\/2026\/03\/12\/concurso-pecuario-destaca-tradicao-rural-em-oliveira\/","og_locale":"pt_PT","og_type":"article","og_title":"Concurso Pecu\u00e1rio destaca tradi\u00e7\u00e3o rural em Oliveira","og_description":"A freguesia de Oliveira recebeu um Concurso Pecu\u00e1rio integrado na Romaria de Nossa Senhora das Boas Novas, iniciativa que reuniu dezenas de criadores e animais representativos das ra\u00e7as tradicionais da regi\u00e3o. A entrega dos pr\u00e9mios contou com a presen\u00e7a do presidente da C\u00e2mara Municipal de Arcos de Valdevez, Oleg\u00e1rio Gon\u00e7alves, e da vereadora Marlene Barros.","og_url":"https:\/\/www.altominho.tv\/site\/2026\/03\/12\/concurso-pecuario-destaca-tradicao-rural-em-oliveira\/","og_site_name":"Altominho.tv","article_publisher":"https:\/\/www.facebook.com\/altominhotv","article_published_time":"2026-03-12T09:35:29+00:00","article_modified_time":"2026-03-12T09:39:28+00:00","og_image":[{"width":1200,"height":630,"url":"https:\/\/www.altominho.tv\/site\/wp-content\/uploads\/2026\/03\/gado-arcos.png","type":"image\/png"}],"author":"Cesar Lopes","twitter_card":"summary_large_image","twitter_creator":"@altominhoTV","twitter_site":"@altominhoTV","twitter_misc":{"Escrito por":"Cesar Lopes","Tempo estimado de leitura":"2 minutos"},"schema":{"@context":"https:\/\/schema.org","@graph":[{"@type":"Article","@id":"https:\/\/www.altominho.tv\/site\/2026\/03\/12\/concurso-pecuario-destaca-tradicao-rural-em-oliveira\/#article","isPartOf":{"@id":"https:\/\/www.altominho.tv\/site\/2026\/03\/12\/concurso-pecuario-destaca-tradicao-rural-em-oliveira\/"},"author":{"name":"Cesar Lopes","@id":"https:\/\/www.altominho.tv\/site\/#\/schema\/person\/c5570e5afb933b8d08c43373326ef1b1"},"headline":"Concurso Pecu\u00e1rio destaca tradi\u00e7\u00e3o rural em Oliveira","datePublished":"2026-03-12T09:35:29+00:00","dateModified":"2026-03-12T09:39:28+00:00","mainEntityOfPage":{"@id":"https:\/\/www.altominho.tv\/site\/2026\/03\/12\/concurso-pecuario-destaca-tradicao-rural-em-oliveira\/"},"wordCount":229,"image":{"@id":"https:\/\/www.altominho.tv\/site\/2026\/03\/12\/concurso-pecuario-destaca-tradicao-rural-em-oliveira\/#primaryimage"},"thumbnailUrl":"https:\/\/www.altominho.tv\/site\/wp-content\/uploads\/2026\/03\/gado-arcos.png","keywords":["Cultura"],"articleSection":["Arcos de Valdevez"],"inLanguage":"pt-PT","copyrightYear":"2026","copyrightHolder":{"@id":"https:\/\/www.altominho.tv\/site\/#organization"}},{"@type":"WebPage","@id":"https:\/\/www.altominho.tv\/site\/2026\/03\/12\/concurso-pecuario-destaca-tradicao-rural-em-oliveira\/","url":"https:\/\/www.altominho.tv\/site\/2026\/03\/12\/concurso-pecuario-destaca-tradicao-rural-em-oliveira\/","name":"Concurso Pecu\u00e1rio destaca tradi\u00e7\u00e3o rural em Oliveira","isPartOf":{"@id":"https:\/\/www.altominho.tv\/site\/#website"},"primaryImageOfPage":{"@id":"https:\/\/www.altominho.tv\/site\/2026\/03\/12\/concurso-pecuario-destaca-tradicao-rural-em-oliveira\/#primaryimage"},"image":{"@id":"https:\/\/www.altominho.tv\/site\/2026\/03\/12\/concurso-pecuario-destaca-tradicao-rural-em-oliveira\/#primaryimage"},"thumbnailUrl":"https:\/\/www.altominho.tv\/site\/wp-content\/uploads\/2026\/03\/gado-arcos.png","datePublished":"2026-03-12T09:35:29+00:00","dateModified":"2026-03-12T09:39:28+00:00","author":{"@id":"https:\/\/www.altominho.tv\/site\/#\/schema\/person\/c5570e5afb933b8d08c43373326ef1b1"},"description":"A freguesia de Oliveira recebeu um Concurso Pecu\u00e1rio integrado na Romaria de Nossa Senhora das Boas Novas, iniciativa que reuniu dezenas de criadores e animais representativos das ra\u00e7as tradicionais da regi\u00e3o. A entrega dos pr\u00e9mios contou com a presen\u00e7a do presidente da C\u00e2mara Municipal de Arcos de Valdevez, Oleg\u00e1rio Gon\u00e7alves, e da vereadora Marlene Barros.","breadcrumb":{"@id":"https:\/\/www.altominho.tv\/site\/2026\/03\/12\/concurso-pecuario-destaca-tradicao-rural-em-oliveira\/#breadcrumb"},"inLanguage":"pt-PT","potentialAction":[{"@type":"ReadAction","target":["https:\/\/www.altominho.tv\/site\/2026\/03\/12\/concurso-pecuario-destaca-tradicao-rural-em-oliveira\/"]}]},{"@type":"ImageObject","inLanguage":"pt-PT","@id":"https:\/\/www.altominho.tv\/site\/2026\/03\/12\/concurso-pecuario-destaca-tradicao-rural-em-oliveira\/#primaryimage","url":"https:\/\/www.altominho.tv\/site\/wp-content\/uploads\/2026\/03\/gado-arcos.png","contentUrl":"https:\/\/www.altominho.tv\/site\/wp-content\/uploads\/2026\/03\/gado-arcos.png","width":1200,"height":630},{"@type":"BreadcrumbList","@id":"https:\/\/www.altominho.tv\/site\/2026\/03\/12\/concurso-pecuario-destaca-tradicao-rural-em-oliveira\/#breadcrumb","itemListElement":[{"@type":"ListItem","position":1,"name":"In\u00edcio","item":"https:\/\/www.altominho.tv\/site\/"},{"@type":"ListItem","position":2,"name":"Concurso Pecu\u00e1rio destaca tradi\u00e7\u00e3o rural em Oliveira"}]},{"@type":"WebSite","@id":"https:\/\/www.altominho.tv\/site\/#website","url":"https:\/\/www.altominho.tv\/site\/","name":"Altominho.tv","description":"A sua regi\u00e3o \u00e0 dist\u00e2ncia de um clique...","potentialAction":[{"@type":"SearchAction","target":{"@type":"EntryPoint","urlTemplate":"https:\/\/www.altominho.tv\/site\/?s={search_term_string}"},"query-input":{"@type":"PropertyValueSpecification","valueRequired":true,"valueName":"search_term_string"}}],"inLanguage":"pt-PT"},{"@type":"Person","@id":"https:\/\/www.altominho.tv\/site\/#\/schema\/person\/c5570e5afb933b8d08c43373326ef1b1","name":"Cesar Lopes","image":{"@type":"ImageObject","inLanguage":"pt-PT","@id":"https:\/\/www.altominho.tv\/site\/wp-content\/uploads\/2022\/10\/Sem-Titulo-150x150.jpg","url":"https:\/\/www.altominho.tv\/site\/wp-content\/uploads\/2022\/10\/Sem-Titulo-150x150.jpg","contentUrl":"https:\/\/www.altominho.tv\/site\/wp-content\/uploads\/2022\/10\/Sem-Titulo-150x150.jpg","caption":"Cesar Lopes"},"url":"https:\/\/www.altominho.tv\/site\/author\/cesarlopes\/"}]}},"_links":{"self":[{"href":"https:\/\/www.altominho.tv\/site\/wp-json\/wp\/v2\/posts\/129784","targetHints":{"allow":["GET"]}}],"collection":[{"href":"https:\/\/www.altominho.tv\/site\/wp-json\/wp\/v2\/posts"}],"about":[{"href":"https:\/\/www.altominho.tv\/site\/wp-json\/wp\/v2\/types\/post"}],"author":[{"embeddable":true,"href":"https:\/\/www.altominho.tv\/site\/wp-json\/wp\/v2\/users\/24"}],"replies":[{"embeddable":true,"href":"https:\/\/www.altominho.tv\/site\/wp-json\/wp\/v2\/comments?post=129784"}],"version-history":[{"count":2,"href":"https:\/\/www.altominho.tv\/site\/wp-json\/wp\/v2\/posts\/129784\/revisions"}],"predecessor-version":[{"id":129787,"href":"https:\/\/www.altominho.tv\/site\/wp-json\/wp\/v2\/posts\/129784\/revisions\/129787"}],"wp:featuredmedia":[{"embeddable":true,"href":"https:\/\/www.altominho.tv\/site\/wp-json\/wp\/v2\/media\/129785"}],"wp:attachment":[{"href":"https:\/\/www.altominho.tv\/site\/wp-json\/wp\/v2\/media?parent=129784"}],"wp:term":[{"taxonomy":"category","embeddable":true,"href":"https:\/\/www.altominho.tv\/site\/wp-json\/wp\/v2\/categories?post=129784"},{"taxonomy":"post_tag","embeddable":true,"href":"https:\/\/www.altominho.tv\/site\/wp-json\/wp\/v2\/tags?post=129784"}],"curies":[{"name":"wp","href":"https:\/\/api.w.org\/{rel}","templated":true}]}}