{"id":129764,"date":"2026-03-11T17:27:37","date_gmt":"2026-03-11T17:27:37","guid":{"rendered":"https:\/\/www.altominho.tv\/site\/?p=129764"},"modified":"2026-03-11T17:28:39","modified_gmt":"2026-03-11T17:28:39","slug":"cim-do-alto-minho-substitui-auto-viacao-cura-apos-perda-de-licenca-do-imt","status":"publish","type":"post","link":"https:\/\/www.altominho.tv\/site\/2026\/03\/11\/cim-do-alto-minho-substitui-auto-viacao-cura-apos-perda-de-licenca-do-imt\/","title":{"rendered":"CIM do Alto Minho substitui Auto Via\u00e7\u00e3o Cura ap\u00f3s perda de licen\u00e7a do IMT"},"content":{"rendered":"\n<p>A Comunidade Intermunicipal do Alto Minho retirou ao grupo Auto Via\u00e7\u00e3o Cura o servi\u00e7o de transportes p\u00fablicos em alguns concelhos da regi\u00e3o, ap\u00f3s ter sido informada pelo Instituto da Mobilidade e Transportes da cessa\u00e7\u00e3o da licen\u00e7a atribu\u00edda \u00e0 transportadora.<\/p>\n\n\n\n<p>Contactado hoje pela ag\u00eancia Lusa, o presidente da Comunidade Intermunicipal (CIM) do Alto Minho adiantou que a decis\u00e3o foi tomada na segunda-feira e que \u201ca partir de ter\u00e7a-feira o servi\u00e7o p\u00fablico de transportes passou a ser assegurado por outra empresa\u201d.<\/p>\n\n\n\n<p>Ant\u00f3nio Barbosa adiantou que o Instituto da Mobilidade e Transportes (IMT) \u201cenviou um e-mail para a CIM do Alto Minho, enquanto Autoridade de Transportes (AT), da cessa\u00e7\u00e3o das licen\u00e7as\u201d concedidas ao grupo Auto Via\u00e7\u00e3o Cura.<\/p>\n\n\n\n<p>A Lusa contactou a Auto Via\u00e7\u00e3o Cura, mas ainda sem sucesso.<br>Segundo Ant\u00f3nio Barbosa, que \u00e9 tamb\u00e9m presidente da C\u00e2mara de Mon\u00e7\u00e3o, no distrito de Viana do Castelo, a CIM do Alto Minho avan\u00e7ou com um ajuste direto, com car\u00e1ter de urg\u00eancia, a outro operador, para garantir o servi\u00e7o de transportes p\u00fablicos nos concelhos onde a transportadora operava\u201d.<\/p>\n\n\n\n<p>\u201cUm ajuste direto, por urg\u00eancia, \u00e9 daquelas situa\u00e7\u00f5es que a lei permite, para que n\u00e3o seja colocado em causa o transporte de utentes e, no caso particular, dos pr\u00f3prios alunos que utilizam estas linhas p\u00fablicas para irem at\u00e9 as sedes de concelho, para as escolas onde estudam\u201d, explicou.<\/p>\n\n\n\n<p>Em abril de 2022, um ex-motorista da empresa de transportes coletivos Transcolvia, do grupo Auto Via\u00e7\u00e3o Cura, com sede em Viana do Castelo, requereu a insolv\u00eancia da transportadora por uma d\u00edvida 22.898,02 euros, relativa a sal\u00e1rios em atraso.<\/p>\n\n\n\n<p>Na altura, o departamento de contencioso do Sindicato dos Trabalhadores de Transportes Rodovi\u00e1rios e Urbanos do Norte (STRUN) explicou que, em 2021, o trabalhador que a requereu a insolv\u00eancia da Transcolvia pediu a rescis\u00e3o do contrato de trabalho com a empresa, alegando justa causa.<\/p>\n\n\n\n<p>\u201cAvan\u00e7ou para a rescis\u00e3o porque, depois de tr\u00eas meses sem receber, decidiu n\u00e3o tolerar mais aquela situa\u00e7\u00e3o. O caso foi levado a tribunal. O trabalhador ganhou a a\u00e7\u00e3o e, at\u00e9 agora, a empresa nada pagou. Por esse motivo, o trabalhador decidiu acionar o mecanismo de insolv\u00eancia para tentar recuperar os cr\u00e9ditos reconhecidos\u201d, explicou a fonte.<\/p>\n\n\n\n<p>Aquela fonte referiu que \u201ch\u00e1 outros credores [trabalhadores], tamb\u00e9m s\u00f3cios do sindicato que, em 2020, ao abrigo de um plano de recupera\u00e7\u00e3o apresentado pela Transcolvia e aprovado pelo tribunal declararam os seus cr\u00e9ditos, mas que at\u00e9 agora n\u00e3o foram pagos\u201d.<\/p>\n\n\n\n<p>Na altura, o pedido de insolv\u00eancia da mesma transportadora fundada em 1960 foi requerido pelo Minist\u00e9rio P\u00fablico (MP), por uma d\u00edvida \u00e0s Finan\u00e7as no valor de 15.142.705,05 euros.<\/p>\n\n\n\n<p>O Ju\u00edzo de Com\u00e9rcio do Tribunal Judicial da Comarca de Viana do Castelo nomeou ent\u00e3o como administrador da insolv\u00eancia Ricardo Joel Passagem Rodrigues.<\/p>\n\n\n\n<p>Na ocasi\u00e3o, contactada pela Lusa, fonte do gabinete do administrador adiantou que o \u201cprocesso de insolv\u00eancia envolvia 23 credores que reclamavam d\u00edvidas de 17 milh\u00f5es de euros&#8221;.<\/p>\n\n\n\n<p>Ap\u00f3s v\u00e1rias greves e paralisa\u00e7\u00f5es dos trabalhos, em mar\u00e7o de 2022, o presidente da C\u00e2mara de Viana do Castelo informou ter trocado de operadora para garantir transporte escolar de qualidade aos alunos do agrupamento de escolas de Arga e Lima, em Lanheses, face \u00e0s queixas frequentes dos pais.<\/p>\n\n\n\n<p><strong>Fotografia: Transportes &amp; Neg\u00f3cios<\/strong><\/p>\n","protected":false},"excerpt":{"rendered":"<p>A Comunidade Intermunicipal do Alto Minho retirou ao grupo Auto Via\u00e7\u00e3o Cura o servi\u00e7o de transportes p\u00fablicos em alguns concelhos da regi\u00e3o, ap\u00f3s ter sido informada pelo Instituto da Mobilidade e Transportes da cessa\u00e7\u00e3o da licen\u00e7a atribu\u00edda \u00e0 transportadora. Contactado hoje pela ag\u00eancia Lusa, o presidente da Comunidade Intermunicipal (CIM) do Alto Minho adiantou que [&hellip;]<\/p>\n","protected":false},"author":13,"featured_media":129765,"comment_status":"closed","ping_status":"closed","sticky":false,"template":"","format":"standard","meta":{"_exactmetrics_skip_tracking":false,"_exactmetrics_sitenote_active":false,"_exactmetrics_sitenote_note":"","_exactmetrics_sitenote_category":0,"footnotes":""},"categories":[73],"tags":[27],"class_list":["post-129764","post","type-post","status-publish","format-standard","has-post-thumbnail","hentry","category-alto-minho","tag-sociedade"],"yoast_head":"<!-- This site is optimized with the Yoast SEO Premium plugin v27.4 (Yoast SEO v27.4) - https:\/\/yoast.com\/product\/yoast-seo-premium-wordpress\/ -->\n<title>CIM do Alto Minho substitui Auto Via\u00e7\u00e3o Cura ap\u00f3s perda de licen\u00e7a do IMT<\/title>\n<meta name=\"robots\" content=\"index, follow, max-snippet:-1, max-image-preview:large, max-video-preview:-1\" \/>\n<link rel=\"canonical\" href=\"https:\/\/www.altominho.tv\/site\/2026\/03\/11\/cim-do-alto-minho-substitui-auto-viacao-cura-apos-perda-de-licenca-do-imt\/\" \/>\n<meta property=\"og:locale\" content=\"pt_PT\" \/>\n<meta property=\"og:type\" content=\"article\" \/>\n<meta property=\"og:title\" content=\"CIM do Alto Minho substitui Auto Via\u00e7\u00e3o Cura ap\u00f3s perda de licen\u00e7a do IMT\" \/>\n<meta property=\"og:description\" content=\"A Comunidade Intermunicipal do Alto Minho retirou ao grupo Auto Via\u00e7\u00e3o Cura o servi\u00e7o de transportes p\u00fablicos em alguns concelhos da regi\u00e3o, ap\u00f3s ter sido informada pelo Instituto da Mobilidade e Transportes da cessa\u00e7\u00e3o da licen\u00e7a atribu\u00edda \u00e0 transportadora. Contactado hoje pela ag\u00eancia Lusa, o presidente da Comunidade Intermunicipal (CIM) do Alto Minho adiantou que [&hellip;]\" \/>\n<meta property=\"og:url\" content=\"https:\/\/www.altominho.tv\/site\/2026\/03\/11\/cim-do-alto-minho-substitui-auto-viacao-cura-apos-perda-de-licenca-do-imt\/\" \/>\n<meta property=\"og:site_name\" content=\"Altominho.tv\" \/>\n<meta property=\"article:publisher\" content=\"https:\/\/www.facebook.com\/altominhotv\" \/>\n<meta property=\"article:published_time\" content=\"2026-03-11T17:27:37+00:00\" \/>\n<meta property=\"article:modified_time\" content=\"2026-03-11T17:28:39+00:00\" \/>\n<meta property=\"og:image\" content=\"https:\/\/www.altominho.tv\/site\/wp-content\/uploads\/2026\/03\/Copia-de-BASE-FB-logo-Branco-1200-x-630-px-1-copia.png\" \/>\n\t<meta property=\"og:image:width\" content=\"1200\" \/>\n\t<meta property=\"og:image:height\" content=\"630\" \/>\n\t<meta property=\"og:image:type\" content=\"image\/png\" \/>\n<meta name=\"author\" content=\"Lusa\" \/>\n<meta name=\"twitter:card\" content=\"summary_large_image\" \/>\n<meta name=\"twitter:creator\" content=\"@altominhoTV\" \/>\n<meta name=\"twitter:site\" content=\"@altominhoTV\" \/>\n<meta name=\"twitter:label1\" content=\"Escrito por\" \/>\n\t<meta name=\"twitter:data1\" content=\"Lusa\" \/>\n\t<meta name=\"twitter:label2\" content=\"Tempo estimado de leitura\" \/>\n\t<meta name=\"twitter:data2\" content=\"4 minutos\" \/>\n<script type=\"application\/ld+json\" class=\"yoast-schema-graph\">{\"@context\":\"https:\\\/\\\/schema.org\",\"@graph\":[{\"@type\":\"Article\",\"@id\":\"https:\\\/\\\/www.altominho.tv\\\/site\\\/2026\\\/03\\\/11\\\/cim-do-alto-minho-substitui-auto-viacao-cura-apos-perda-de-licenca-do-imt\\\/#article\",\"isPartOf\":{\"@id\":\"https:\\\/\\\/www.altominho.tv\\\/site\\\/2026\\\/03\\\/11\\\/cim-do-alto-minho-substitui-auto-viacao-cura-apos-perda-de-licenca-do-imt\\\/\"},\"author\":{\"name\":\"Lusa\",\"@id\":\"https:\\\/\\\/www.altominho.tv\\\/site\\\/#\\\/schema\\\/person\\\/63f693da3e1899361cbe955c46f3232e\"},\"headline\":\"CIM do Alto Minho substitui Auto Via\u00e7\u00e3o Cura ap\u00f3s perda de licen\u00e7a do IMT\",\"datePublished\":\"2026-03-11T17:27:37+00:00\",\"dateModified\":\"2026-03-11T17:28:39+00:00\",\"mainEntityOfPage\":{\"@id\":\"https:\\\/\\\/www.altominho.tv\\\/site\\\/2026\\\/03\\\/11\\\/cim-do-alto-minho-substitui-auto-viacao-cura-apos-perda-de-licenca-do-imt\\\/\"},\"wordCount\":603,\"image\":{\"@id\":\"https:\\\/\\\/www.altominho.tv\\\/site\\\/2026\\\/03\\\/11\\\/cim-do-alto-minho-substitui-auto-viacao-cura-apos-perda-de-licenca-do-imt\\\/#primaryimage\"},\"thumbnailUrl\":\"https:\\\/\\\/www.altominho.tv\\\/site\\\/wp-content\\\/uploads\\\/2026\\\/03\\\/Copia-de-BASE-FB-logo-Branco-1200-x-630-px-1-copia.png\",\"keywords\":[\"Sociedade\"],\"articleSection\":[\"Alto Minho\"],\"inLanguage\":\"pt-PT\",\"copyrightYear\":\"2026\",\"copyrightHolder\":{\"@id\":\"https:\\\/\\\/www.altominho.tv\\\/site\\\/#organization\"}},{\"@type\":\"WebPage\",\"@id\":\"https:\\\/\\\/www.altominho.tv\\\/site\\\/2026\\\/03\\\/11\\\/cim-do-alto-minho-substitui-auto-viacao-cura-apos-perda-de-licenca-do-imt\\\/\",\"url\":\"https:\\\/\\\/www.altominho.tv\\\/site\\\/2026\\\/03\\\/11\\\/cim-do-alto-minho-substitui-auto-viacao-cura-apos-perda-de-licenca-do-imt\\\/\",\"name\":\"CIM do Alto Minho substitui Auto Via\u00e7\u00e3o Cura ap\u00f3s perda de licen\u00e7a do IMT\",\"isPartOf\":{\"@id\":\"https:\\\/\\\/www.altominho.tv\\\/site\\\/#website\"},\"primaryImageOfPage\":{\"@id\":\"https:\\\/\\\/www.altominho.tv\\\/site\\\/2026\\\/03\\\/11\\\/cim-do-alto-minho-substitui-auto-viacao-cura-apos-perda-de-licenca-do-imt\\\/#primaryimage\"},\"image\":{\"@id\":\"https:\\\/\\\/www.altominho.tv\\\/site\\\/2026\\\/03\\\/11\\\/cim-do-alto-minho-substitui-auto-viacao-cura-apos-perda-de-licenca-do-imt\\\/#primaryimage\"},\"thumbnailUrl\":\"https:\\\/\\\/www.altominho.tv\\\/site\\\/wp-content\\\/uploads\\\/2026\\\/03\\\/Copia-de-BASE-FB-logo-Branco-1200-x-630-px-1-copia.png\",\"datePublished\":\"2026-03-11T17:27:37+00:00\",\"dateModified\":\"2026-03-11T17:28:39+00:00\",\"author\":{\"@id\":\"https:\\\/\\\/www.altominho.tv\\\/site\\\/#\\\/schema\\\/person\\\/63f693da3e1899361cbe955c46f3232e\"},\"breadcrumb\":{\"@id\":\"https:\\\/\\\/www.altominho.tv\\\/site\\\/2026\\\/03\\\/11\\\/cim-do-alto-minho-substitui-auto-viacao-cura-apos-perda-de-licenca-do-imt\\\/#breadcrumb\"},\"inLanguage\":\"pt-PT\",\"potentialAction\":[{\"@type\":\"ReadAction\",\"target\":[\"https:\\\/\\\/www.altominho.tv\\\/site\\\/2026\\\/03\\\/11\\\/cim-do-alto-minho-substitui-auto-viacao-cura-apos-perda-de-licenca-do-imt\\\/\"]}]},{\"@type\":\"ImageObject\",\"inLanguage\":\"pt-PT\",\"@id\":\"https:\\\/\\\/www.altominho.tv\\\/site\\\/2026\\\/03\\\/11\\\/cim-do-alto-minho-substitui-auto-viacao-cura-apos-perda-de-licenca-do-imt\\\/#primaryimage\",\"url\":\"https:\\\/\\\/www.altominho.tv\\\/site\\\/wp-content\\\/uploads\\\/2026\\\/03\\\/Copia-de-BASE-FB-logo-Branco-1200-x-630-px-1-copia.png\",\"contentUrl\":\"https:\\\/\\\/www.altominho.tv\\\/site\\\/wp-content\\\/uploads\\\/2026\\\/03\\\/Copia-de-BASE-FB-logo-Branco-1200-x-630-px-1-copia.png\",\"width\":1200,\"height\":630},{\"@type\":\"BreadcrumbList\",\"@id\":\"https:\\\/\\\/www.altominho.tv\\\/site\\\/2026\\\/03\\\/11\\\/cim-do-alto-minho-substitui-auto-viacao-cura-apos-perda-de-licenca-do-imt\\\/#breadcrumb\",\"itemListElement\":[{\"@type\":\"ListItem\",\"position\":1,\"name\":\"In\u00edcio\",\"item\":\"https:\\\/\\\/www.altominho.tv\\\/site\\\/\"},{\"@type\":\"ListItem\",\"position\":2,\"name\":\"CIM do Alto Minho substitui Auto Via\u00e7\u00e3o Cura ap\u00f3s perda de licen\u00e7a do IMT\"}]},{\"@type\":\"WebSite\",\"@id\":\"https:\\\/\\\/www.altominho.tv\\\/site\\\/#website\",\"url\":\"https:\\\/\\\/www.altominho.tv\\\/site\\\/\",\"name\":\"Altominho.tv\",\"description\":\"A sua regi\u00e3o \u00e0 dist\u00e2ncia de um clique...\",\"potentialAction\":[{\"@type\":\"SearchAction\",\"target\":{\"@type\":\"EntryPoint\",\"urlTemplate\":\"https:\\\/\\\/www.altominho.tv\\\/site\\\/?s={search_term_string}\"},\"query-input\":{\"@type\":\"PropertyValueSpecification\",\"valueRequired\":true,\"valueName\":\"search_term_string\"}}],\"inLanguage\":\"pt-PT\"},{\"@type\":\"Person\",\"@id\":\"https:\\\/\\\/www.altominho.tv\\\/site\\\/#\\\/schema\\\/person\\\/63f693da3e1899361cbe955c46f3232e\",\"name\":\"Lusa\",\"image\":{\"@type\":\"ImageObject\",\"inLanguage\":\"pt-PT\",\"@id\":\"https:\\\/\\\/www.altominho.tv\\\/site\\\/wp-content\\\/uploads\\\/2019\\\/08\\\/LUSA_Logo.gif\",\"url\":\"https:\\\/\\\/www.altominho.tv\\\/site\\\/wp-content\\\/uploads\\\/2019\\\/08\\\/LUSA_Logo.gif\",\"contentUrl\":\"https:\\\/\\\/www.altominho.tv\\\/site\\\/wp-content\\\/uploads\\\/2019\\\/08\\\/LUSA_Logo.gif\",\"caption\":\"Lusa\"},\"sameAs\":[\"http:\\\/\\\/\\\/\\\/www.altominho.tv\\\/site\"],\"url\":\"https:\\\/\\\/www.altominho.tv\\\/site\\\/author\\\/lusa\\\/\"}]}<\/script>\n<!-- \/ Yoast SEO Premium plugin. -->","yoast_head_json":{"title":"CIM do Alto Minho substitui Auto Via\u00e7\u00e3o Cura ap\u00f3s perda de licen\u00e7a do IMT","robots":{"index":"index","follow":"follow","max-snippet":"max-snippet:-1","max-image-preview":"max-image-preview:large","max-video-preview":"max-video-preview:-1"},"canonical":"https:\/\/www.altominho.tv\/site\/2026\/03\/11\/cim-do-alto-minho-substitui-auto-viacao-cura-apos-perda-de-licenca-do-imt\/","og_locale":"pt_PT","og_type":"article","og_title":"CIM do Alto Minho substitui Auto Via\u00e7\u00e3o Cura ap\u00f3s perda de licen\u00e7a do IMT","og_description":"A Comunidade Intermunicipal do Alto Minho retirou ao grupo Auto Via\u00e7\u00e3o Cura o servi\u00e7o de transportes p\u00fablicos em alguns concelhos da regi\u00e3o, ap\u00f3s ter sido informada pelo Instituto da Mobilidade e Transportes da cessa\u00e7\u00e3o da licen\u00e7a atribu\u00edda \u00e0 transportadora. Contactado hoje pela ag\u00eancia Lusa, o presidente da Comunidade Intermunicipal (CIM) do Alto Minho adiantou que [&hellip;]","og_url":"https:\/\/www.altominho.tv\/site\/2026\/03\/11\/cim-do-alto-minho-substitui-auto-viacao-cura-apos-perda-de-licenca-do-imt\/","og_site_name":"Altominho.tv","article_publisher":"https:\/\/www.facebook.com\/altominhotv","article_published_time":"2026-03-11T17:27:37+00:00","article_modified_time":"2026-03-11T17:28:39+00:00","og_image":[{"width":1200,"height":630,"url":"https:\/\/www.altominho.tv\/site\/wp-content\/uploads\/2026\/03\/Copia-de-BASE-FB-logo-Branco-1200-x-630-px-1-copia.png","type":"image\/png"}],"author":"Lusa","twitter_card":"summary_large_image","twitter_creator":"@altominhoTV","twitter_site":"@altominhoTV","twitter_misc":{"Escrito por":"Lusa","Tempo estimado de leitura":"4 minutos"},"schema":{"@context":"https:\/\/schema.org","@graph":[{"@type":"Article","@id":"https:\/\/www.altominho.tv\/site\/2026\/03\/11\/cim-do-alto-minho-substitui-auto-viacao-cura-apos-perda-de-licenca-do-imt\/#article","isPartOf":{"@id":"https:\/\/www.altominho.tv\/site\/2026\/03\/11\/cim-do-alto-minho-substitui-auto-viacao-cura-apos-perda-de-licenca-do-imt\/"},"author":{"name":"Lusa","@id":"https:\/\/www.altominho.tv\/site\/#\/schema\/person\/63f693da3e1899361cbe955c46f3232e"},"headline":"CIM do Alto Minho substitui Auto Via\u00e7\u00e3o Cura ap\u00f3s perda de licen\u00e7a do IMT","datePublished":"2026-03-11T17:27:37+00:00","dateModified":"2026-03-11T17:28:39+00:00","mainEntityOfPage":{"@id":"https:\/\/www.altominho.tv\/site\/2026\/03\/11\/cim-do-alto-minho-substitui-auto-viacao-cura-apos-perda-de-licenca-do-imt\/"},"wordCount":603,"image":{"@id":"https:\/\/www.altominho.tv\/site\/2026\/03\/11\/cim-do-alto-minho-substitui-auto-viacao-cura-apos-perda-de-licenca-do-imt\/#primaryimage"},"thumbnailUrl":"https:\/\/www.altominho.tv\/site\/wp-content\/uploads\/2026\/03\/Copia-de-BASE-FB-logo-Branco-1200-x-630-px-1-copia.png","keywords":["Sociedade"],"articleSection":["Alto Minho"],"inLanguage":"pt-PT","copyrightYear":"2026","copyrightHolder":{"@id":"https:\/\/www.altominho.tv\/site\/#organization"}},{"@type":"WebPage","@id":"https:\/\/www.altominho.tv\/site\/2026\/03\/11\/cim-do-alto-minho-substitui-auto-viacao-cura-apos-perda-de-licenca-do-imt\/","url":"https:\/\/www.altominho.tv\/site\/2026\/03\/11\/cim-do-alto-minho-substitui-auto-viacao-cura-apos-perda-de-licenca-do-imt\/","name":"CIM do Alto Minho substitui Auto Via\u00e7\u00e3o Cura ap\u00f3s perda de licen\u00e7a do IMT","isPartOf":{"@id":"https:\/\/www.altominho.tv\/site\/#website"},"primaryImageOfPage":{"@id":"https:\/\/www.altominho.tv\/site\/2026\/03\/11\/cim-do-alto-minho-substitui-auto-viacao-cura-apos-perda-de-licenca-do-imt\/#primaryimage"},"image":{"@id":"https:\/\/www.altominho.tv\/site\/2026\/03\/11\/cim-do-alto-minho-substitui-auto-viacao-cura-apos-perda-de-licenca-do-imt\/#primaryimage"},"thumbnailUrl":"https:\/\/www.altominho.tv\/site\/wp-content\/uploads\/2026\/03\/Copia-de-BASE-FB-logo-Branco-1200-x-630-px-1-copia.png","datePublished":"2026-03-11T17:27:37+00:00","dateModified":"2026-03-11T17:28:39+00:00","author":{"@id":"https:\/\/www.altominho.tv\/site\/#\/schema\/person\/63f693da3e1899361cbe955c46f3232e"},"breadcrumb":{"@id":"https:\/\/www.altominho.tv\/site\/2026\/03\/11\/cim-do-alto-minho-substitui-auto-viacao-cura-apos-perda-de-licenca-do-imt\/#breadcrumb"},"inLanguage":"pt-PT","potentialAction":[{"@type":"ReadAction","target":["https:\/\/www.altominho.tv\/site\/2026\/03\/11\/cim-do-alto-minho-substitui-auto-viacao-cura-apos-perda-de-licenca-do-imt\/"]}]},{"@type":"ImageObject","inLanguage":"pt-PT","@id":"https:\/\/www.altominho.tv\/site\/2026\/03\/11\/cim-do-alto-minho-substitui-auto-viacao-cura-apos-perda-de-licenca-do-imt\/#primaryimage","url":"https:\/\/www.altominho.tv\/site\/wp-content\/uploads\/2026\/03\/Copia-de-BASE-FB-logo-Branco-1200-x-630-px-1-copia.png","contentUrl":"https:\/\/www.altominho.tv\/site\/wp-content\/uploads\/2026\/03\/Copia-de-BASE-FB-logo-Branco-1200-x-630-px-1-copia.png","width":1200,"height":630},{"@type":"BreadcrumbList","@id":"https:\/\/www.altominho.tv\/site\/2026\/03\/11\/cim-do-alto-minho-substitui-auto-viacao-cura-apos-perda-de-licenca-do-imt\/#breadcrumb","itemListElement":[{"@type":"ListItem","position":1,"name":"In\u00edcio","item":"https:\/\/www.altominho.tv\/site\/"},{"@type":"ListItem","position":2,"name":"CIM do Alto Minho substitui Auto Via\u00e7\u00e3o Cura ap\u00f3s perda de licen\u00e7a do IMT"}]},{"@type":"WebSite","@id":"https:\/\/www.altominho.tv\/site\/#website","url":"https:\/\/www.altominho.tv\/site\/","name":"Altominho.tv","description":"A sua regi\u00e3o \u00e0 dist\u00e2ncia de um clique...","potentialAction":[{"@type":"SearchAction","target":{"@type":"EntryPoint","urlTemplate":"https:\/\/www.altominho.tv\/site\/?s={search_term_string}"},"query-input":{"@type":"PropertyValueSpecification","valueRequired":true,"valueName":"search_term_string"}}],"inLanguage":"pt-PT"},{"@type":"Person","@id":"https:\/\/www.altominho.tv\/site\/#\/schema\/person\/63f693da3e1899361cbe955c46f3232e","name":"Lusa","image":{"@type":"ImageObject","inLanguage":"pt-PT","@id":"https:\/\/www.altominho.tv\/site\/wp-content\/uploads\/2019\/08\/LUSA_Logo.gif","url":"https:\/\/www.altominho.tv\/site\/wp-content\/uploads\/2019\/08\/LUSA_Logo.gif","contentUrl":"https:\/\/www.altominho.tv\/site\/wp-content\/uploads\/2019\/08\/LUSA_Logo.gif","caption":"Lusa"},"sameAs":["http:\/\/\/\/www.altominho.tv\/site"],"url":"https:\/\/www.altominho.tv\/site\/author\/lusa\/"}]}},"_links":{"self":[{"href":"https:\/\/www.altominho.tv\/site\/wp-json\/wp\/v2\/posts\/129764","targetHints":{"allow":["GET"]}}],"collection":[{"href":"https:\/\/www.altominho.tv\/site\/wp-json\/wp\/v2\/posts"}],"about":[{"href":"https:\/\/www.altominho.tv\/site\/wp-json\/wp\/v2\/types\/post"}],"author":[{"embeddable":true,"href":"https:\/\/www.altominho.tv\/site\/wp-json\/wp\/v2\/users\/13"}],"replies":[{"embeddable":true,"href":"https:\/\/www.altominho.tv\/site\/wp-json\/wp\/v2\/comments?post=129764"}],"version-history":[{"count":2,"href":"https:\/\/www.altominho.tv\/site\/wp-json\/wp\/v2\/posts\/129764\/revisions"}],"predecessor-version":[{"id":129768,"href":"https:\/\/www.altominho.tv\/site\/wp-json\/wp\/v2\/posts\/129764\/revisions\/129768"}],"wp:featuredmedia":[{"embeddable":true,"href":"https:\/\/www.altominho.tv\/site\/wp-json\/wp\/v2\/media\/129765"}],"wp:attachment":[{"href":"https:\/\/www.altominho.tv\/site\/wp-json\/wp\/v2\/media?parent=129764"}],"wp:term":[{"taxonomy":"category","embeddable":true,"href":"https:\/\/www.altominho.tv\/site\/wp-json\/wp\/v2\/categories?post=129764"},{"taxonomy":"post_tag","embeddable":true,"href":"https:\/\/www.altominho.tv\/site\/wp-json\/wp\/v2\/tags?post=129764"}],"curies":[{"name":"wp","href":"https:\/\/api.w.org\/{rel}","templated":true}]}}